{"id":9983,"date":"2024-06-17T01:27:00","date_gmt":"2024-06-17T06:27:00","guid":{"rendered":"https:\/\/noticias.sunrisecargo.com\/?p=9983"},"modified":"2024-06-16T10:31:32","modified_gmt":"2024-06-16T15:31:32","slug":"el-primer-boeing-777-300er-convertido-a-carguero-ya-luce-el-esquema-de-kalitta-air","status":"publish","type":"post","link":"https:\/\/noticias.sunrisecargo.com\/?p=9983","title":{"rendered":"El primer Boeing 777-300ER convertido a carguero ya luce el esquema de Kalitta Air"},"content":{"rendered":"\n<figure class=\"wp-block-image size-large\"><img loading=\"lazy\" decoding=\"async\" width=\"1024\" height=\"576\" src=\"https:\/\/noticias.sunrisecargo.com\/wp-content\/uploads\/2024\/06\/image-14-1024x576.png\" alt=\"\" class=\"wp-image-9985\" srcset=\"https:\/\/noticias.sunrisecargo.com\/wp-content\/uploads\/2024\/06\/image-14-1024x576.png 1024w, https:\/\/noticias.sunrisecargo.com\/wp-content\/uploads\/2024\/06\/image-14-300x169.png 300w, https:\/\/noticias.sunrisecargo.com\/wp-content\/uploads\/2024\/06\/image-14-768x432.png 768w, https:\/\/noticias.sunrisecargo.com\/wp-content\/uploads\/2024\/06\/image-14-1536x864.png 1536w, https:\/\/noticias.sunrisecargo.com\/wp-content\/uploads\/2024\/06\/image-14.png 1920w\" sizes=\"auto, (max-width: 1024px) 100vw, 1024px\" \/><\/figure>\n\n\n\n<p><strong>El primer\u00a0<a href=\"https:\/\/www.aviacionline.com\/2023\/12\/turkmenistan-airlines-recibe-su-primer-boeing-777-300er\/\" target=\"_blank\" rel=\"noreferrer noopener\">Boeing 777-300ER<\/a>\u00a0convertido a carguero sali\u00f3 del hangar de pintura luciendo los colores de su nuevo operador<\/strong>. La aeronave fue convertida por\u00a0<strong>Israel Aerospace Industries (IAI)<\/strong>\u00a0y la aerol\u00ednea lanzamiento ser\u00e1\u00a0<a href=\"https:\/\/www.aviacionline.com\/2022\/09\/ecuador-choice-cargo-comienza-operaciones-de-kalitta-air-en-quito\/\" target=\"_blank\" rel=\"noreferrer noopener\"><strong>Kalitta<\/strong>\u00a0<strong>Air<\/strong>.<\/a><\/p>\n\n\n\n<p>El triple siete con registro\u00a0<strong>N779CK<\/strong>\u00a0tiene una antig\u00fcedad de 18 a\u00f1os, y anteriormente perteneci\u00f3 a\u00a0<strong>Emirates<\/strong>. En 2020 fue configurado como \u201c<strong>Preighter\u201d,<\/strong>\u00a0y en septiembre de 2022 comenzaron los trabajos para convertirlo a carguero definitivo.<\/p>\n\n\n\n<p>El proceso de conversi\u00f3n culmin\u00f3 en noviembre de 2023 y la aeronave realiz\u00f3 varios vuelos operando para\u00a0<strong>Kalitta<\/strong>\u00a0<strong>Air.<\/strong>\u00a0Durante el per\u00edodo de prueba, la aeronave luci\u00f3 un esquema especial: en el tim\u00f3n la inscripci\u00f3n \u201cBig Twin\u201d, en el fuselaje los t\u00edtulos de Kalitta Air y stickers de AerCap y IAI.<\/p>\n\n\n\n<p>Seg\u00fan informa nuestro sitio asociado\u00a0<a href=\"https:\/\/aeroin.net\/primeiro-boeing-777-300er-cargueiro-acaba-de-ser-pintado-nas-cores-de-seu-futuro-operador\/\" target=\"_blank\" rel=\"noreferrer noopener\"><em>AEROIN<\/em><\/a>, el avi\u00f3n sali\u00f3 de los hangares de\u00a0<strong>Ethiopian<\/strong>\u00a0<strong>Airlines<\/strong>\u00a0en\u00a0<strong>Ad\u00eds<\/strong>\u00a0<strong>Abeba<\/strong>,\u00a0<strong>Etiop\u00eda<\/strong>, donde se encontraba desde finales de abril. Finalmente, el\u00a0<strong>777-300ERSF (Extended Range Special Freighter)<\/strong>\u00a0luce el esquema tradicional de\u00a0<strong>Kalitta<\/strong>\u00a0<strong>Air<\/strong>\u00a0y se encuentra a poco tiempo de ser introducido oficialmente al mercado.<\/p>\n\n\n\n<p>Este es el primer\u00a0<strong>Boeing 777-300ERSF<\/strong>\u00a0de seis que tiene encomendados\u00a0<strong>Kalitta<\/strong>\u00a0<strong>Air<\/strong>. Adem\u00e1s, el nuevo modelo convertido a carguero acumula una cartera de<strong>\u00a060 pedidos en firme.<\/strong><\/p>\n\n\n\n<p>Gracias a la gran reputaci\u00f3n del&nbsp;<strong>Boeing 777-300ER<\/strong>&nbsp;en el transporte de pasajeros, el nuevo modelo convertido a carga ha captado la mirada de muchos operadores de carga. Esto lo convierte en el avi\u00f3n que podr\u00eda reemplazar definitivamente al&nbsp;<strong>747<\/strong>\u2013<strong>8F<\/strong>, el cual ya ha cerrado su cadena de producci\u00f3n.<\/p>\n\n\n\n<p>El\u00a0<strong>777-300ERSF<\/strong>\u00a0tiene un 25% m\u00e1s de capacidad de carga con respecto al\u00a0<strong>777F<\/strong>, el cual est\u00e1 construido sobre la base del\u00a0<strong>777-200LR<\/strong>. El avi\u00f3n puede<strong>\u00a0transportar 101,6 toneladas<\/strong>\u00a0de carga \u00fatil, consumiendo un 21% menos de combustible que\u00a0<strong>747F<\/strong>.<\/p>\n\n\n\n<p><\/p>\n\n\n\n<p>Fuente: <a href=\"https:\/\/www.aviacionline.com\/2024\/06\/el-primer-boeing-777-300er-convertido-a-carguero-ya-luce-el-esquema-de-kalitta-air\/\">https:\/\/www.aviacionline.com\/2024\/06\/el-primer-boeing-777-300er-convertido-a-carguero-ya-luce-el-esquema-de-kalitta-air\/<\/a><\/p>\n","protected":false},"excerpt":{"rendered":"<p>El primer\u00a0Boeing 777-300ER\u00a0convertido a carguero sali\u00f3 del hangar de pintura luciendo los colores de su nuevo operador. La aeronave fue convertida por\u00a0Israel Aerospace Industries (IAI)\u00a0y la aerol\u00ednea lanzamiento ser\u00e1\u00a0Kalitta\u00a0Air. El&hellip; <\/p>\n","protected":false},"author":4,"featured_media":9987,"comment_status":"closed","ping_status":"open","sticky":false,"template":"","format":"standard","meta":{"_monsterinsights_skip_tracking":false,"_monsterinsights_sitenote_active":false,"_monsterinsights_sitenote_note":"","_monsterinsights_sitenote_category":0,"footnotes":""},"categories":[17],"tags":[],"class_list":["post-9983","post","type-post","status-publish","format-standard","has-post-thumbnail","hentry","category-comercial"],"yoast_head":"<!-- This site is optimized with the Yoast SEO plugin v16.1.1 - https:\/\/yoast.com\/wordpress\/plugins\/seo\/ -->\n<title>El primer Boeing 777-300ER convertido a carguero ya luce el esquema de Kalitta Air - Noticias Sunrise Cargo<\/title>\n<link rel=\"canonical\" href=\"https:\/\/noticias.sunrisecargo.com\/?p=9983\" \/>\n<meta property=\"og:locale\" content=\"es_ES\" \/>\n<meta property=\"og:type\" content=\"article\" \/>\n<meta property=\"og:title\" content=\"El primer Boeing 777-300ER convertido a carguero ya luce el esquema de Kalitta Air - Noticias Sunrise Cargo\" \/>\n<meta property=\"og:description\" content=\"El primer\u00a0Boeing 777-300ER\u00a0convertido a carguero sali\u00f3 del hangar de pintura luciendo los colores de su nuevo operador. La aeronave fue convertida por\u00a0Israel Aerospace Industries (IAI)\u00a0y la aerol\u00ednea lanzamiento ser\u00e1\u00a0Kalitta\u00a0Air. El&hellip;\" \/>\n<meta property=\"og:url\" content=\"https:\/\/noticias.sunrisecargo.com\/?p=9983\" \/>\n<meta property=\"og:site_name\" content=\"Noticias Sunrise Cargo\" \/>\n<meta property=\"article:published_time\" content=\"2024-06-17T06:27:00+00:00\" \/>\n<meta property=\"article:modified_time\" content=\"2024-06-16T15:31:32+00:00\" \/>\n<meta property=\"og:image\" content=\"https:\/\/noticias.sunrisecargo.com\/wp-content\/uploads\/2024\/06\/04-3.png\" \/>\n\t<meta property=\"og:image:width\" content=\"800\" \/>\n\t<meta property=\"og:image:height\" content=\"480\" \/>\n<meta name=\"twitter:card\" content=\"summary_large_image\" \/>\n<meta name=\"twitter:label1\" content=\"Est. reading time\">\n\t<meta name=\"twitter:data1\" content=\"2 minutos\">\n<script type=\"application\/ld+json\" class=\"yoast-schema-graph\">{\"@context\":\"https:\/\/schema.org\",\"@graph\":[{\"@type\":\"Organization\",\"@id\":\"https:\/\/noticias.sunrisecargo.com\/#organization\",\"name\":\"Sunrise Cargo SAS\",\"url\":\"https:\/\/noticias.sunrisecargo.com\/\",\"sameAs\":[],\"logo\":{\"@type\":\"ImageObject\",\"@id\":\"https:\/\/noticias.sunrisecargo.com\/#logo\",\"inLanguage\":\"es-CO\",\"url\":\"https:\/\/noticias.sunrisecargo.com\/wp-content\/uploads\/2021\/04\/ICONO-NOTI-SUNRISE.png\",\"contentUrl\":\"https:\/\/noticias.sunrisecargo.com\/wp-content\/uploads\/2021\/04\/ICONO-NOTI-SUNRISE.png\",\"width\":37,\"height\":37,\"caption\":\"Sunrise Cargo SAS\"},\"image\":{\"@id\":\"https:\/\/noticias.sunrisecargo.com\/#logo\"}},{\"@type\":\"WebSite\",\"@id\":\"https:\/\/noticias.sunrisecargo.com\/#website\",\"url\":\"https:\/\/noticias.sunrisecargo.com\/\",\"name\":\"Noticias Sunrise Cargo\",\"description\":\"Noticias de Inter\\u00e9s\",\"publisher\":{\"@id\":\"https:\/\/noticias.sunrisecargo.com\/#organization\"},\"potentialAction\":[{\"@type\":\"SearchAction\",\"target\":\"https:\/\/noticias.sunrisecargo.com\/?s={search_term_string}\",\"query-input\":\"required name=search_term_string\"}],\"inLanguage\":\"es-CO\"},{\"@type\":\"ImageObject\",\"@id\":\"https:\/\/noticias.sunrisecargo.com\/?p=9983#primaryimage\",\"inLanguage\":\"es-CO\",\"url\":\"https:\/\/noticias.sunrisecargo.com\/wp-content\/uploads\/2024\/06\/04-3.png\",\"contentUrl\":\"https:\/\/noticias.sunrisecargo.com\/wp-content\/uploads\/2024\/06\/04-3.png\",\"width\":800,\"height\":480},{\"@type\":\"WebPage\",\"@id\":\"https:\/\/noticias.sunrisecargo.com\/?p=9983#webpage\",\"url\":\"https:\/\/noticias.sunrisecargo.com\/?p=9983\",\"name\":\"El primer Boeing 777-300ER convertido a carguero ya luce el esquema de Kalitta Air - Noticias Sunrise Cargo\",\"isPartOf\":{\"@id\":\"https:\/\/noticias.sunrisecargo.com\/#website\"},\"primaryImageOfPage\":{\"@id\":\"https:\/\/noticias.sunrisecargo.com\/?p=9983#primaryimage\"},\"datePublished\":\"2024-06-17T06:27:00+00:00\",\"dateModified\":\"2024-06-16T15:31:32+00:00\",\"breadcrumb\":{\"@id\":\"https:\/\/noticias.sunrisecargo.com\/?p=9983#breadcrumb\"},\"inLanguage\":\"es-CO\",\"potentialAction\":[{\"@type\":\"ReadAction\",\"target\":[\"https:\/\/noticias.sunrisecargo.com\/?p=9983\"]}]},{\"@type\":\"BreadcrumbList\",\"@id\":\"https:\/\/noticias.sunrisecargo.com\/?p=9983#breadcrumb\",\"itemListElement\":[{\"@type\":\"ListItem\",\"position\":1,\"item\":{\"@type\":\"WebPage\",\"@id\":\"https:\/\/noticias.sunrisecargo.com\/\",\"url\":\"https:\/\/noticias.sunrisecargo.com\/\",\"name\":\"Home\"}},{\"@type\":\"ListItem\",\"position\":2,\"item\":{\"@type\":\"WebPage\",\"@id\":\"https:\/\/noticias.sunrisecargo.com\/?p=9983\",\"url\":\"https:\/\/noticias.sunrisecargo.com\/?p=9983\",\"name\":\"El primer Boeing 777-300ER convertido a carguero ya luce el esquema de Kalitta Air\"}}]},{\"@type\":\"Article\",\"@id\":\"https:\/\/noticias.sunrisecargo.com\/?p=9983#article\",\"isPartOf\":{\"@id\":\"https:\/\/noticias.sunrisecargo.com\/?p=9983#webpage\"},\"author\":{\"@id\":\"https:\/\/noticias.sunrisecargo.com\/#\/schema\/person\/6dc68534970689383af81dce59c92bbc\"},\"headline\":\"El primer Boeing 777-300ER convertido a carguero ya luce el esquema de Kalitta Air\",\"datePublished\":\"2024-06-17T06:27:00+00:00\",\"dateModified\":\"2024-06-16T15:31:32+00:00\",\"mainEntityOfPage\":{\"@id\":\"https:\/\/noticias.sunrisecargo.com\/?p=9983#webpage\"},\"publisher\":{\"@id\":\"https:\/\/noticias.sunrisecargo.com\/#organization\"},\"image\":{\"@id\":\"https:\/\/noticias.sunrisecargo.com\/?p=9983#primaryimage\"},\"articleSection\":\"Comercial\",\"inLanguage\":\"es-CO\"},{\"@type\":\"Person\",\"@id\":\"https:\/\/noticias.sunrisecargo.com\/#\/schema\/person\/6dc68534970689383af81dce59c92bbc\",\"name\":\"Sunrise Cargo\",\"image\":{\"@type\":\"ImageObject\",\"@id\":\"https:\/\/noticias.sunrisecargo.com\/#personlogo\",\"inLanguage\":\"es-CO\",\"url\":\"https:\/\/secure.gravatar.com\/avatar\/064fc68894aee252e3d51c81d7d0798bc56bf526018995fa222e730d9052fdd8?s=96&d=mm&r=g\",\"contentUrl\":\"https:\/\/secure.gravatar.com\/avatar\/064fc68894aee252e3d51c81d7d0798bc56bf526018995fa222e730d9052fdd8?s=96&d=mm&r=g\",\"caption\":\"Sunrise Cargo\"},\"sameAs\":[\"http:\/\/noticias.sunrisecargo.com\"]}]}<\/script>\n<!-- \/ Yoast SEO plugin. -->","_links":{"self":[{"href":"https:\/\/noticias.sunrisecargo.com\/index.php?rest_route=\/wp\/v2\/posts\/9983","targetHints":{"allow":["GET"]}}],"collection":[{"href":"https:\/\/noticias.sunrisecargo.com\/index.php?rest_route=\/wp\/v2\/posts"}],"about":[{"href":"https:\/\/noticias.sunrisecargo.com\/index.php?rest_route=\/wp\/v2\/types\/post"}],"author":[{"embeddable":true,"href":"https:\/\/noticias.sunrisecargo.com\/index.php?rest_route=\/wp\/v2\/users\/4"}],"replies":[{"embeddable":true,"href":"https:\/\/noticias.sunrisecargo.com\/index.php?rest_route=%2Fwp%2Fv2%2Fcomments&post=9983"}],"version-history":[{"count":1,"href":"https:\/\/noticias.sunrisecargo.com\/index.php?rest_route=\/wp\/v2\/posts\/9983\/revisions"}],"predecessor-version":[{"id":9988,"href":"https:\/\/noticias.sunrisecargo.com\/index.php?rest_route=\/wp\/v2\/posts\/9983\/revisions\/9988"}],"wp:featuredmedia":[{"embeddable":true,"href":"https:\/\/noticias.sunrisecargo.com\/index.php?rest_route=\/wp\/v2\/media\/9987"}],"wp:attachment":[{"href":"https:\/\/noticias.sunrisecargo.com\/index.php?rest_route=%2Fwp%2Fv2%2Fmedia&parent=9983"}],"wp:term":[{"taxonomy":"category","embeddable":true,"href":"https:\/\/noticias.sunrisecargo.com\/index.php?rest_route=%2Fwp%2Fv2%2Fcategories&post=9983"},{"taxonomy":"post_tag","embeddable":true,"href":"https:\/\/noticias.sunrisecargo.com\/index.php?rest_route=%2Fwp%2Fv2%2Ftags&post=9983"}],"curies":[{"name":"wp","href":"https:\/\/api.w.org\/{rel}","templated":true}]}}