{"id":9899,"date":"2024-06-04T02:20:00","date_gmt":"2024-06-04T07:20:00","guid":{"rendered":"https:\/\/noticias.sunrisecargo.com\/?p=9899"},"modified":"2024-05-31T14:27:53","modified_gmt":"2024-05-31T19:27:53","slug":"lanzan-guia-para-impulsar-comercio-internacional-de-productos-avicolas-latinoamericanos","status":"publish","type":"post","link":"https:\/\/noticias.sunrisecargo.com\/?p=9899","title":{"rendered":"Lanzan gu\u00eda para impulsar comercio internacional de productos av\u00edcolas latinoamericanos"},"content":{"rendered":"\n<figure class=\"wp-block-image size-full\"><img loading=\"lazy\" decoding=\"async\" width=\"1024\" height=\"688\" src=\"https:\/\/noticias.sunrisecargo.com\/wp-content\/uploads\/2024\/05\/image-36.png\" alt=\"\" class=\"wp-image-9907\" srcset=\"https:\/\/noticias.sunrisecargo.com\/wp-content\/uploads\/2024\/05\/image-36.png 1024w, https:\/\/noticias.sunrisecargo.com\/wp-content\/uploads\/2024\/05\/image-36-300x202.png 300w, https:\/\/noticias.sunrisecargo.com\/wp-content\/uploads\/2024\/05\/image-36-768x516.png 768w\" sizes=\"auto, (max-width: 1024px) 100vw, 1024px\" \/><\/figure>\n\n\n\n<p>La gu\u00eda est\u00e1 disponible en las p\u00e1ginas web del IICA y de ALA<\/p>\n\n\n\n<p>El Instituto Interamericano de Cooperaci\u00f3n para la Agricultura (IICA) y la Asociaci\u00f3n Latinoamericana de Avicultura (ALA) lanzaron una gu\u00eda que pretende impulsar el comercio internacional de los productos del sector de la regi\u00f3n.<\/p>\n\n\n\n<p>La &#8216;<strong>Gu\u00eda de Identificaci\u00f3n y Sistematizaci\u00f3n de Informaci\u00f3n sobre las Regulaciones de Comercio Internacional para el Sector Av\u00edcola<\/strong>&#8216;, identifica y recopila regulaciones nacionales y pone a disposici\u00f3n del p\u00fablico informaci\u00f3n relevante para la comercializaci\u00f3n de estos productos.<\/p>\n\n\n\n<p>\u201cEl potencial de exportar carne de pollo en la regi\u00f3n de Am\u00e9rica Latina es importante para su desarrollo econ\u00f3mico y garantizar la alimentaci\u00f3n de los habitantes del mundo. El trabajo de sistematizar las reglas de comercio y trabajar basados en ciencia es la premisa para garantizar el \u00e9xito\u201d, expres\u00f3 el subdirector del IICA, Lloyd Day.<\/p>\n\n\n\n<p>El presidente de ALA, Joaqu\u00edn Fern\u00e1ndez, dijo que existe un futuro prometedor para Am\u00e9rica Latina en el mercado de la\u00a0<strong>producci\u00f3n y comercializaci\u00f3n de pollo<\/strong>, raz\u00f3n por la que la organizaci\u00f3n impulsa la calidad y sostenibilidad en los productos av\u00edcolas regionales.<\/p>\n\n\n\n<h2 class=\"wp-block-heading\" id=\"h-acceso-a-productos-avicolas\">Acceso a productos av\u00edcolas<\/h2>\n\n\n\n<p>\u201cTrabajamos para garantizar el acceso a productos av\u00edcolas de la regi\u00f3n en el resto del planeta. Con esta gu\u00eda difundimos conocimientos, procuramos la salud animal y la bioseguridad en las granjas. Estamos comprometidos en apoyar a los productores\u201d, a\u00f1adi\u00f3.<\/p>\n\n\n\n<p>La gu\u00eda, que est\u00e1 disponible en las p\u00e1ginas web del IICA y de ALA, tiene como fin apoyar el desarrollo del sector av\u00edcola de Am\u00e9rica Latina y el Caribe y proporciona a los exportadores un acceso f\u00e1cil y organizado a la normativa nacional y multilateral relevante para la comercializaci\u00f3n efectiva de los productos.<\/p>\n\n\n\n<p>La gu\u00eda fue presentada durante el evento virtual &#8216;<em>Comercio global de carne de pollo: el desaf\u00edo de exportar, tendencias y herramientas para desarrollar presencia internacional&#8217;.<\/em><\/p>\n\n\n\n<p>El encuentro virtual cont\u00f3 con la participaci\u00f3n de expertos en comercio internacional y regulaciones av\u00edcolas, quienes discutieron los desaf\u00edos actuales, las\u00a0<strong>tendencias del mercado<\/strong>\u00a0y las herramientas estrat\u00e9gicas que los productores pueden utilizar para ampliar su presencia en los mercados internacionales.<\/p>\n\n\n\n<p>Espa\u00f1a apoya indicar el origen en el etiquetado de productos como arroz o las legumbres<br>Bruselas (EFE). El ministro de Agricultura, Pesca y Alimentaci\u00f3n, Luis Planas, dijo este lunes que Espa\u00f1a apoya la iniciativa de Alemania de indicar el origen en el etiquetado de los alimentos, algo que consider\u00f3 necesario en productos como&nbsp;<strong>el arroz o las legumbres<\/strong>.<\/p>\n\n\n\n<p>Del asunto hablar\u00e1n hoy los ministros de Agricultura de la UE, que est\u00e1n reunidos en un Consejo en Bruselas.<\/p>\n\n\n\n<p>&#8220;Apoyaremos la iniciativa alemana en materia de etiquetado del origen de los alimentos&#8221;, dijo Planas.<\/p>\n\n\n\n<p>Consider\u00f3 que &#8220;ser\u00eda necesario introducirla pronto en productos tales como el arroz o las legumbres&#8221; y record\u00f3 que, de hecho, ya ha sido introducida a nivel nacional en relaci\u00f3n con el tema de la leche y los&nbsp;<strong>productos l\u00e1cteos<\/strong>&nbsp;como los yogures o los quesos.<\/p>\n\n\n\n<p>El pol\u00edtico espa\u00f1ol record\u00f3 que la UE adopt\u00f3 recientemente la Directiva Desayuno, con normas que establecen cu\u00e1l es el origen de la miel y que prev\u00e9 tambi\u00e9n la posibilidad de desarrollarlo &#8220;en cuanto a las frutas utilizadas para las mermeladas o para los zumos&#8221;.<\/p>\n\n\n\n<p>&#8220;Nos parece que es un elemento de identificaci\u00f3n de los ciudadanos que merecen la transparencia del etiquetado alimentario&#8221;, se\u00f1al\u00f3 Planas.<\/p>\n\n\n\n<p><\/p>\n\n\n\n<p>Fuente: <a href=\"https:\/\/thefoodtech.com\/industria-alimentaria-hoy\/lanzan-guia-para-impulsar-comercio-internacional-de-productos-avicolas-latinoamericanos\/\" target=\"_blank\" rel=\"noreferrer noopener\">https:\/\/thefoodtech.com\/industria-alimentaria-hoy\/lanzan-guia-para-impulsar-comercio-internacional-de-productos-avicolas-latinoamericanos\/<\/a><\/p>\n","protected":false},"excerpt":{"rendered":"<p>La gu\u00eda est\u00e1 disponible en las p\u00e1ginas web del IICA y de ALA El Instituto Interamericano de Cooperaci\u00f3n para la Agricultura (IICA) y la Asociaci\u00f3n Latinoamericana de Avicultura (ALA) lanzaron&hellip; <\/p>\n","protected":false},"author":4,"featured_media":9908,"comment_status":"closed","ping_status":"open","sticky":false,"template":"","format":"standard","meta":{"_monsterinsights_skip_tracking":false,"_monsterinsights_sitenote_active":false,"_monsterinsights_sitenote_note":"","_monsterinsights_sitenote_category":0,"footnotes":""},"categories":[17],"tags":[],"class_list":["post-9899","post","type-post","status-publish","format-standard","has-post-thumbnail","hentry","category-comercial"],"yoast_head":"<!-- This site is optimized with the Yoast SEO plugin v16.1.1 - https:\/\/yoast.com\/wordpress\/plugins\/seo\/ -->\n<title>Lanzan gu\u00eda para impulsar comercio internacional de productos av\u00edcolas latinoamericanos - Noticias Sunrise Cargo<\/title>\n<link rel=\"canonical\" href=\"https:\/\/noticias.sunrisecargo.com\/?p=9899\" \/>\n<meta property=\"og:locale\" content=\"es_ES\" \/>\n<meta property=\"og:type\" content=\"article\" \/>\n<meta property=\"og:title\" content=\"Lanzan gu\u00eda para impulsar comercio internacional de productos av\u00edcolas latinoamericanos - Noticias Sunrise Cargo\" \/>\n<meta property=\"og:description\" content=\"La gu\u00eda est\u00e1 disponible en las p\u00e1ginas web del IICA y de ALA El Instituto Interamericano de Cooperaci\u00f3n para la Agricultura (IICA) y la Asociaci\u00f3n Latinoamericana de Avicultura (ALA) lanzaron&hellip;\" \/>\n<meta property=\"og:url\" content=\"https:\/\/noticias.sunrisecargo.com\/?p=9899\" \/>\n<meta property=\"og:site_name\" content=\"Noticias Sunrise Cargo\" \/>\n<meta property=\"article:published_time\" content=\"2024-06-04T07:20:00+00:00\" \/>\n<meta property=\"article:modified_time\" content=\"2024-05-31T19:27:53+00:00\" \/>\n<meta property=\"og:image\" content=\"https:\/\/noticias.sunrisecargo.com\/wp-content\/uploads\/2024\/05\/04-9.png\" \/>\n\t<meta property=\"og:image:width\" content=\"800\" \/>\n\t<meta property=\"og:image:height\" content=\"480\" \/>\n<meta name=\"twitter:card\" content=\"summary_large_image\" \/>\n<meta name=\"twitter:label1\" content=\"Est. reading time\">\n\t<meta name=\"twitter:data1\" content=\"3 minutos\">\n<script type=\"application\/ld+json\" class=\"yoast-schema-graph\">{\"@context\":\"https:\/\/schema.org\",\"@graph\":[{\"@type\":\"Organization\",\"@id\":\"https:\/\/noticias.sunrisecargo.com\/#organization\",\"name\":\"Sunrise Cargo SAS\",\"url\":\"https:\/\/noticias.sunrisecargo.com\/\",\"sameAs\":[],\"logo\":{\"@type\":\"ImageObject\",\"@id\":\"https:\/\/noticias.sunrisecargo.com\/#logo\",\"inLanguage\":\"es-CO\",\"url\":\"https:\/\/noticias.sunrisecargo.com\/wp-content\/uploads\/2021\/04\/ICONO-NOTI-SUNRISE.png\",\"contentUrl\":\"https:\/\/noticias.sunrisecargo.com\/wp-content\/uploads\/2021\/04\/ICONO-NOTI-SUNRISE.png\",\"width\":37,\"height\":37,\"caption\":\"Sunrise Cargo SAS\"},\"image\":{\"@id\":\"https:\/\/noticias.sunrisecargo.com\/#logo\"}},{\"@type\":\"WebSite\",\"@id\":\"https:\/\/noticias.sunrisecargo.com\/#website\",\"url\":\"https:\/\/noticias.sunrisecargo.com\/\",\"name\":\"Noticias Sunrise Cargo\",\"description\":\"Noticias de Inter\\u00e9s\",\"publisher\":{\"@id\":\"https:\/\/noticias.sunrisecargo.com\/#organization\"},\"potentialAction\":[{\"@type\":\"SearchAction\",\"target\":\"https:\/\/noticias.sunrisecargo.com\/?s={search_term_string}\",\"query-input\":\"required name=search_term_string\"}],\"inLanguage\":\"es-CO\"},{\"@type\":\"ImageObject\",\"@id\":\"https:\/\/noticias.sunrisecargo.com\/?p=9899#primaryimage\",\"inLanguage\":\"es-CO\",\"url\":\"https:\/\/noticias.sunrisecargo.com\/wp-content\/uploads\/2024\/05\/04-9.png\",\"contentUrl\":\"https:\/\/noticias.sunrisecargo.com\/wp-content\/uploads\/2024\/05\/04-9.png\",\"width\":800,\"height\":480},{\"@type\":\"WebPage\",\"@id\":\"https:\/\/noticias.sunrisecargo.com\/?p=9899#webpage\",\"url\":\"https:\/\/noticias.sunrisecargo.com\/?p=9899\",\"name\":\"Lanzan gu\\u00eda para impulsar comercio internacional de productos av\\u00edcolas latinoamericanos - Noticias Sunrise Cargo\",\"isPartOf\":{\"@id\":\"https:\/\/noticias.sunrisecargo.com\/#website\"},\"primaryImageOfPage\":{\"@id\":\"https:\/\/noticias.sunrisecargo.com\/?p=9899#primaryimage\"},\"datePublished\":\"2024-06-04T07:20:00+00:00\",\"dateModified\":\"2024-05-31T19:27:53+00:00\",\"breadcrumb\":{\"@id\":\"https:\/\/noticias.sunrisecargo.com\/?p=9899#breadcrumb\"},\"inLanguage\":\"es-CO\",\"potentialAction\":[{\"@type\":\"ReadAction\",\"target\":[\"https:\/\/noticias.sunrisecargo.com\/?p=9899\"]}]},{\"@type\":\"BreadcrumbList\",\"@id\":\"https:\/\/noticias.sunrisecargo.com\/?p=9899#breadcrumb\",\"itemListElement\":[{\"@type\":\"ListItem\",\"position\":1,\"item\":{\"@type\":\"WebPage\",\"@id\":\"https:\/\/noticias.sunrisecargo.com\/\",\"url\":\"https:\/\/noticias.sunrisecargo.com\/\",\"name\":\"Home\"}},{\"@type\":\"ListItem\",\"position\":2,\"item\":{\"@type\":\"WebPage\",\"@id\":\"https:\/\/noticias.sunrisecargo.com\/?p=9899\",\"url\":\"https:\/\/noticias.sunrisecargo.com\/?p=9899\",\"name\":\"Lanzan gu\\u00eda para impulsar comercio internacional de productos av\\u00edcolas latinoamericanos\"}}]},{\"@type\":\"Article\",\"@id\":\"https:\/\/noticias.sunrisecargo.com\/?p=9899#article\",\"isPartOf\":{\"@id\":\"https:\/\/noticias.sunrisecargo.com\/?p=9899#webpage\"},\"author\":{\"@id\":\"https:\/\/noticias.sunrisecargo.com\/#\/schema\/person\/6dc68534970689383af81dce59c92bbc\"},\"headline\":\"Lanzan gu\\u00eda para impulsar comercio internacional de productos av\\u00edcolas latinoamericanos\",\"datePublished\":\"2024-06-04T07:20:00+00:00\",\"dateModified\":\"2024-05-31T19:27:53+00:00\",\"mainEntityOfPage\":{\"@id\":\"https:\/\/noticias.sunrisecargo.com\/?p=9899#webpage\"},\"publisher\":{\"@id\":\"https:\/\/noticias.sunrisecargo.com\/#organization\"},\"image\":{\"@id\":\"https:\/\/noticias.sunrisecargo.com\/?p=9899#primaryimage\"},\"articleSection\":\"Comercial\",\"inLanguage\":\"es-CO\"},{\"@type\":\"Person\",\"@id\":\"https:\/\/noticias.sunrisecargo.com\/#\/schema\/person\/6dc68534970689383af81dce59c92bbc\",\"name\":\"Sunrise Cargo\",\"image\":{\"@type\":\"ImageObject\",\"@id\":\"https:\/\/noticias.sunrisecargo.com\/#personlogo\",\"inLanguage\":\"es-CO\",\"url\":\"https:\/\/secure.gravatar.com\/avatar\/064fc68894aee252e3d51c81d7d0798bc56bf526018995fa222e730d9052fdd8?s=96&d=mm&r=g\",\"contentUrl\":\"https:\/\/secure.gravatar.com\/avatar\/064fc68894aee252e3d51c81d7d0798bc56bf526018995fa222e730d9052fdd8?s=96&d=mm&r=g\",\"caption\":\"Sunrise Cargo\"},\"sameAs\":[\"http:\/\/noticias.sunrisecargo.com\"]}]}<\/script>\n<!-- \/ Yoast SEO plugin. -->","_links":{"self":[{"href":"https:\/\/noticias.sunrisecargo.com\/index.php?rest_route=\/wp\/v2\/posts\/9899","targetHints":{"allow":["GET"]}}],"collection":[{"href":"https:\/\/noticias.sunrisecargo.com\/index.php?rest_route=\/wp\/v2\/posts"}],"about":[{"href":"https:\/\/noticias.sunrisecargo.com\/index.php?rest_route=\/wp\/v2\/types\/post"}],"author":[{"embeddable":true,"href":"https:\/\/noticias.sunrisecargo.com\/index.php?rest_route=\/wp\/v2\/users\/4"}],"replies":[{"embeddable":true,"href":"https:\/\/noticias.sunrisecargo.com\/index.php?rest_route=%2Fwp%2Fv2%2Fcomments&post=9899"}],"version-history":[{"count":1,"href":"https:\/\/noticias.sunrisecargo.com\/index.php?rest_route=\/wp\/v2\/posts\/9899\/revisions"}],"predecessor-version":[{"id":9909,"href":"https:\/\/noticias.sunrisecargo.com\/index.php?rest_route=\/wp\/v2\/posts\/9899\/revisions\/9909"}],"wp:featuredmedia":[{"embeddable":true,"href":"https:\/\/noticias.sunrisecargo.com\/index.php?rest_route=\/wp\/v2\/media\/9908"}],"wp:attachment":[{"href":"https:\/\/noticias.sunrisecargo.com\/index.php?rest_route=%2Fwp%2Fv2%2Fmedia&parent=9899"}],"wp:term":[{"taxonomy":"category","embeddable":true,"href":"https:\/\/noticias.sunrisecargo.com\/index.php?rest_route=%2Fwp%2Fv2%2Fcategories&post=9899"},{"taxonomy":"post_tag","embeddable":true,"href":"https:\/\/noticias.sunrisecargo.com\/index.php?rest_route=%2Fwp%2Fv2%2Ftags&post=9899"}],"curies":[{"name":"wp","href":"https:\/\/api.w.org\/{rel}","templated":true}]}}