{"id":9898,"date":"2024-06-04T02:20:00","date_gmt":"2024-06-04T07:20:00","guid":{"rendered":"https:\/\/noticias.sunrisecargo.com\/?p=9898"},"modified":"2024-05-31T14:24:41","modified_gmt":"2024-05-31T19:24:41","slug":"comercio-exterior-expectativa-de-recuperacion-que-no-llega","status":"publish","type":"post","link":"https:\/\/noticias.sunrisecargo.com\/?p=9898","title":{"rendered":"Comercio exterior: expectativa de recuperaci\u00f3n que no llega"},"content":{"rendered":"\n<figure class=\"wp-block-image size-full\"><img loading=\"lazy\" decoding=\"async\" width=\"1000\" height=\"562\" src=\"https:\/\/noticias.sunrisecargo.com\/wp-content\/uploads\/2024\/05\/image-35.png\" alt=\"\" class=\"wp-image-9903\" srcset=\"https:\/\/noticias.sunrisecargo.com\/wp-content\/uploads\/2024\/05\/image-35.png 1000w, https:\/\/noticias.sunrisecargo.com\/wp-content\/uploads\/2024\/05\/image-35-300x169.png 300w, https:\/\/noticias.sunrisecargo.com\/wp-content\/uploads\/2024\/05\/image-35-768x432.png 768w\" sizes=\"auto, (max-width: 1000px) 100vw, 1000px\" \/><\/figure>\n\n\n\n<p>El proceso esperado de recuperaci\u00f3n de la demanda externa e interna, en respuesta a la reducci\u00f3n de la inflaci\u00f3n y la consecuente pol\u00edtica monetaria menos contractiva, sentaba las bases para un mejor desempe\u00f1o en materia de comercio exterior en 2024. Si bien esta mejor din\u00e1mica se proyecta principalmente para el segundo semestre del a\u00f1o, los resultados de los tres primeros meses exponen un contexto muy distinto al esperado.<\/p>\n\n\n\n<p>Por el lado de las exportaciones, \u00e9stas alcanzaron un valor de US$3.831 millones en marzo, lo que represent\u00f3 una ca\u00edda de 14,2% anual, completando 13 meses consecutivos de contracciones. Aunque la ca\u00edda se dio de forma generalizada en todos los grupos de productos de la clasificaci\u00f3n de la OMC, la reducci\u00f3n en las ventas de combustibles y productos de las industrias extractivas fue la que m\u00e1s contribuy\u00f3 al mal desempe\u00f1o del mes, restando 7,8 puntos porcentuales (pp) al crecimiento.<\/p>\n\n\n\n<p>Este resultado del grupo responde principalmente a la ca\u00edda en las exportaciones de hulla, coque y briquetas de carb\u00f3n, que se han mantenido en terreno negativo los \u00faltimos meses y contribuyeron con -9,9pp al crecimiento (variaci\u00f3n anual de -46,1%). En t\u00e9rminos de volumen exportado, este grupo tambi\u00e9n registr\u00f3 una contracci\u00f3n en marzo (-2,1% anual), la primera contracci\u00f3n en seis meses.<\/p>\n\n\n\n<figure class=\"wp-block-image size-large\"><img loading=\"lazy\" decoding=\"async\" width=\"1024\" height=\"853\" src=\"https:\/\/noticias.sunrisecargo.com\/wp-content\/uploads\/2024\/05\/image-33-1024x853.png\" alt=\"\" class=\"wp-image-9901\" srcset=\"https:\/\/noticias.sunrisecargo.com\/wp-content\/uploads\/2024\/05\/image-33-1024x853.png 1024w, https:\/\/noticias.sunrisecargo.com\/wp-content\/uploads\/2024\/05\/image-33-300x250.png 300w, https:\/\/noticias.sunrisecargo.com\/wp-content\/uploads\/2024\/05\/image-33-768x640.png 768w, https:\/\/noticias.sunrisecargo.com\/wp-content\/uploads\/2024\/05\/image-33.png 1080w\" sizes=\"auto, (max-width: 1024px) 100vw, 1024px\" \/><\/figure>\n\n\n\n<p>De esta forma, durante el primer trimestre de 2024 las exportaciones acumularon US$11.263 millones, equivalentes a una variaci\u00f3n negativa de 9,4%. En este per\u00edodo tambi\u00e9n fueron los combustibles y los productos de las industrias extractivas lo que explic\u00f3 en mayor medida esta ca\u00edda, con una contribuci\u00f3n negativa de 9,1pp ante una disminuci\u00f3n en sus ventas externas de -16,8% anual.<\/p>\n\n\n\n<p>En l\u00ednea con lo observado en el mes, el carb\u00f3n fue el producto del peor registro en este grupo, con una contribuci\u00f3n de -8,5pp de la hulla, el coque y las briquetas (ca\u00edda de 37,1% en el valor de exportaci\u00f3n). Las exportaciones de petr\u00f3leo y sus derivados tambi\u00e9n se ubicaron en terreno negativo en el acumulado del primer trimestre de 2024, con una ca\u00edda de 1,8% en el valor y una contribuci\u00f3n al crecimiento de -0,5pp. Esta ca\u00edda se explica principalmente por los menores vol\u00famenes de ventas asociados a la disminuci\u00f3n en la demanda internacional y a la mayor necesidad de cargas en las refiner\u00edas nacionales.<\/p>\n\n\n\n<p>Aunque el panorama de las ventas externas no luce muy alentador, la recomposici\u00f3n de la canasta exportadora sigue tomando fuerza. Las exportaciones tradicionales vienen perdiendo terreno desde 2022 y en lo corrido de 2024 han disminuido su participaci\u00f3n en 5pp respecto al mismo periodo de 2023 (gr\u00e1fico 1). De esta forma, las no tradicionales alcanzaron en los tres primeros meses del a\u00f1o una participaci\u00f3n de 46% en el total, impulsadas por los buenos resultados de las ventas agr\u00edcolas, especialmente de bananas, y de maquinaria y equipos de transporte.<\/p>\n\n\n\n<figure class=\"wp-block-image size-large\"><img loading=\"lazy\" decoding=\"async\" width=\"1024\" height=\"601\" src=\"https:\/\/noticias.sunrisecargo.com\/wp-content\/uploads\/2024\/05\/image-34-1024x601.png\" alt=\"\" class=\"wp-image-9902\" srcset=\"https:\/\/noticias.sunrisecargo.com\/wp-content\/uploads\/2024\/05\/image-34-1024x601.png 1024w, https:\/\/noticias.sunrisecargo.com\/wp-content\/uploads\/2024\/05\/image-34-300x176.png 300w, https:\/\/noticias.sunrisecargo.com\/wp-content\/uploads\/2024\/05\/image-34-768x451.png 768w, https:\/\/noticias.sunrisecargo.com\/wp-content\/uploads\/2024\/05\/image-34.png 1200w\" sizes=\"auto, (max-width: 1024px) 100vw, 1024px\" \/><\/figure>\n\n\n\n<p>Continuar fortaleciendo este grupo de exportaciones es fundamental para avanzar en la penetraci\u00f3n del pa\u00eds en los mercados internacionales. La diversificaci\u00f3n de la canasta exportadora no solo representa m\u00e1s ingresos y una menor vulnerabilidad ante choques y cambios en la demanda, tambi\u00e9n representa transmisi\u00f3n de conocimiento y tecnolog\u00eda, as\u00ed como mayores niveles de competitividad y productividad.<\/p>\n\n\n\n<p>En cuanto a las importaciones, \u00e9stas registraron un valor de US$4.757 millones en marzo, lo que represent\u00f3 una contracci\u00f3n de 18,8% anual, manteniendo la tendencia decreciente observada desde finales de 2022. Las manufacturas explican, en gran parte, el desempe\u00f1o de las compras realizadas en el exterior, pues registraron una variaci\u00f3n negativa de 22,1% que, dada su participaci\u00f3n en la canasta importadora, signific\u00f3 una contribuci\u00f3n de -16,4pp al resultado del mes. De igual forma, la disminuci\u00f3n de las importaciones agropecuarias, de alimentos y bebidas contribuy\u00f3 a la contracci\u00f3n del mes (-4,1pp). Este mal desempe\u00f1o estuvo parcialmente contrarrestado por el dinamismo de los combustibles y productos de las industrias extractivas, que se incrementaron 21% y aportaron 1,7pp al crecimiento total de las importaciones.<\/p>\n\n\n\n<p>En el primer trimestre de 2024 las importaciones acumularon US$14.537 millones, lo que represent\u00f3 una contracci\u00f3n de 11,6%, nuevamente explicadas en su mayor\u00eda por el desempe\u00f1o de las manufacturas (-6,6pp). Al mal comportamiento del trimestre tambi\u00e9n contribuyeron los combustibles y productos de las industrias extractivas (-2,7pp) y las compras agropecuarias, de alimentos y bebidas (-2,3pp). Por uso o destino econ\u00f3mico, las importaciones se contrajeron tanto en el grupo de las materias primas y productos intermedios (-13,8%, con una contribuci\u00f3n de -6,8pp) como en los de bienes de capital y material de construcci\u00f3n (-13%, contribuci\u00f3n de -3,8pp) y bienes de consumo (-4,8%, contribuci\u00f3n de -1,1pp) (gr\u00e1fico 2).<\/p>\n\n\n\n<p>Lo anterior estar\u00eda muy relacionado con el comportamiento que la econom\u00eda registr\u00f3 en los primeros tres meses del a\u00f1o, donde se observaron ca\u00eddas de 6,0% en la producci\u00f3n manufacturera y de 4,7% en las ventas del comercio minorista.<\/p>\n\n\n\n<p>Las mejores perspectivas sobre el crecimiento de la econom\u00eda para 2024, asociadas a la paulatina pero progresiva disminuci\u00f3n de la tasa de pol\u00edtica monetaria, motivan las expectativas sobre una mayor demanda de bienes finales e intermedios en lo que resta del a\u00f1o.<\/p>\n\n\n\n<p>Como se mencion\u00f3 en el Comentario Econ\u00f3mico del 21 de mayo, los recortes a la tasa de inter\u00e9s por parte del Banco de la Rep\u00fablica han sido activos. No obstante, se espera que la transferencia de la pol\u00edtica monetaria cobre efecto hacia la segunda mitad del a\u00f1o. Esta din\u00e1mica parece reflejarse en el comportamiento de las importaciones.<\/p>\n\n\n\n<p><\/p>\n\n\n\n<p>Fuente: <a href=\"https:\/\/www.larepublica.co\/analisis\/anif-3478852\/comercio-exterior-expectativa-de-recuperacion-que-no-llega-3869435\" target=\"_blank\" rel=\"noreferrer noopener\">https:\/\/www.larepublica.co\/analisis\/anif-3478852\/comercio-exterior-expectativa-de-recuperacion-que-no-llega-3869435<\/a><\/p>\n","protected":false},"excerpt":{"rendered":"<p>El proceso esperado de recuperaci\u00f3n de la demanda externa e interna, en respuesta a la reducci\u00f3n de la inflaci\u00f3n y la consecuente pol\u00edtica monetaria menos contractiva, sentaba las bases para&hellip; <\/p>\n","protected":false},"author":4,"featured_media":9904,"comment_status":"closed","ping_status":"open","sticky":false,"template":"","format":"standard","meta":{"_monsterinsights_skip_tracking":false,"_monsterinsights_sitenote_active":false,"_monsterinsights_sitenote_note":"","_monsterinsights_sitenote_category":0,"footnotes":""},"categories":[17],"tags":[],"class_list":["post-9898","post","type-post","status-publish","format-standard","has-post-thumbnail","hentry","category-comercial"],"yoast_head":"<!-- This site is optimized with the Yoast SEO plugin v16.1.1 - https:\/\/yoast.com\/wordpress\/plugins\/seo\/ -->\n<title>Comercio exterior: expectativa de recuperaci\u00f3n que no llega - Noticias Sunrise Cargo<\/title>\n<link rel=\"canonical\" href=\"https:\/\/noticias.sunrisecargo.com\/?p=9898\" \/>\n<meta property=\"og:locale\" content=\"es_ES\" \/>\n<meta property=\"og:type\" content=\"article\" \/>\n<meta property=\"og:title\" content=\"Comercio exterior: expectativa de recuperaci\u00f3n que no llega - Noticias Sunrise Cargo\" \/>\n<meta property=\"og:description\" content=\"El proceso esperado de recuperaci\u00f3n de la demanda externa e interna, en respuesta a la reducci\u00f3n de la inflaci\u00f3n y la consecuente pol\u00edtica monetaria menos contractiva, sentaba las bases para&hellip;\" \/>\n<meta property=\"og:url\" content=\"https:\/\/noticias.sunrisecargo.com\/?p=9898\" \/>\n<meta property=\"og:site_name\" content=\"Noticias Sunrise Cargo\" \/>\n<meta property=\"article:published_time\" content=\"2024-06-04T07:20:00+00:00\" \/>\n<meta property=\"article:modified_time\" content=\"2024-05-31T19:24:41+00:00\" \/>\n<meta property=\"og:image\" content=\"https:\/\/noticias.sunrisecargo.com\/wp-content\/uploads\/2024\/05\/03-7.png\" \/>\n\t<meta property=\"og:image:width\" content=\"800\" \/>\n\t<meta property=\"og:image:height\" content=\"480\" \/>\n<meta name=\"twitter:card\" content=\"summary_large_image\" \/>\n<meta name=\"twitter:label1\" content=\"Est. reading time\">\n\t<meta name=\"twitter:data1\" content=\"5 minutos\">\n<script type=\"application\/ld+json\" class=\"yoast-schema-graph\">{\"@context\":\"https:\/\/schema.org\",\"@graph\":[{\"@type\":\"Organization\",\"@id\":\"https:\/\/noticias.sunrisecargo.com\/#organization\",\"name\":\"Sunrise Cargo SAS\",\"url\":\"https:\/\/noticias.sunrisecargo.com\/\",\"sameAs\":[],\"logo\":{\"@type\":\"ImageObject\",\"@id\":\"https:\/\/noticias.sunrisecargo.com\/#logo\",\"inLanguage\":\"es-CO\",\"url\":\"https:\/\/noticias.sunrisecargo.com\/wp-content\/uploads\/2021\/04\/ICONO-NOTI-SUNRISE.png\",\"contentUrl\":\"https:\/\/noticias.sunrisecargo.com\/wp-content\/uploads\/2021\/04\/ICONO-NOTI-SUNRISE.png\",\"width\":37,\"height\":37,\"caption\":\"Sunrise Cargo SAS\"},\"image\":{\"@id\":\"https:\/\/noticias.sunrisecargo.com\/#logo\"}},{\"@type\":\"WebSite\",\"@id\":\"https:\/\/noticias.sunrisecargo.com\/#website\",\"url\":\"https:\/\/noticias.sunrisecargo.com\/\",\"name\":\"Noticias Sunrise Cargo\",\"description\":\"Noticias de Inter\\u00e9s\",\"publisher\":{\"@id\":\"https:\/\/noticias.sunrisecargo.com\/#organization\"},\"potentialAction\":[{\"@type\":\"SearchAction\",\"target\":\"https:\/\/noticias.sunrisecargo.com\/?s={search_term_string}\",\"query-input\":\"required name=search_term_string\"}],\"inLanguage\":\"es-CO\"},{\"@type\":\"ImageObject\",\"@id\":\"https:\/\/noticias.sunrisecargo.com\/?p=9898#primaryimage\",\"inLanguage\":\"es-CO\",\"url\":\"https:\/\/noticias.sunrisecargo.com\/wp-content\/uploads\/2024\/05\/03-7.png\",\"contentUrl\":\"https:\/\/noticias.sunrisecargo.com\/wp-content\/uploads\/2024\/05\/03-7.png\",\"width\":800,\"height\":480},{\"@type\":\"WebPage\",\"@id\":\"https:\/\/noticias.sunrisecargo.com\/?p=9898#webpage\",\"url\":\"https:\/\/noticias.sunrisecargo.com\/?p=9898\",\"name\":\"Comercio exterior: expectativa de recuperaci\\u00f3n que no llega - Noticias Sunrise Cargo\",\"isPartOf\":{\"@id\":\"https:\/\/noticias.sunrisecargo.com\/#website\"},\"primaryImageOfPage\":{\"@id\":\"https:\/\/noticias.sunrisecargo.com\/?p=9898#primaryimage\"},\"datePublished\":\"2024-06-04T07:20:00+00:00\",\"dateModified\":\"2024-05-31T19:24:41+00:00\",\"breadcrumb\":{\"@id\":\"https:\/\/noticias.sunrisecargo.com\/?p=9898#breadcrumb\"},\"inLanguage\":\"es-CO\",\"potentialAction\":[{\"@type\":\"ReadAction\",\"target\":[\"https:\/\/noticias.sunrisecargo.com\/?p=9898\"]}]},{\"@type\":\"BreadcrumbList\",\"@id\":\"https:\/\/noticias.sunrisecargo.com\/?p=9898#breadcrumb\",\"itemListElement\":[{\"@type\":\"ListItem\",\"position\":1,\"item\":{\"@type\":\"WebPage\",\"@id\":\"https:\/\/noticias.sunrisecargo.com\/\",\"url\":\"https:\/\/noticias.sunrisecargo.com\/\",\"name\":\"Home\"}},{\"@type\":\"ListItem\",\"position\":2,\"item\":{\"@type\":\"WebPage\",\"@id\":\"https:\/\/noticias.sunrisecargo.com\/?p=9898\",\"url\":\"https:\/\/noticias.sunrisecargo.com\/?p=9898\",\"name\":\"Comercio exterior: expectativa de recuperaci\\u00f3n que no llega\"}}]},{\"@type\":\"Article\",\"@id\":\"https:\/\/noticias.sunrisecargo.com\/?p=9898#article\",\"isPartOf\":{\"@id\":\"https:\/\/noticias.sunrisecargo.com\/?p=9898#webpage\"},\"author\":{\"@id\":\"https:\/\/noticias.sunrisecargo.com\/#\/schema\/person\/6dc68534970689383af81dce59c92bbc\"},\"headline\":\"Comercio exterior: expectativa de recuperaci\\u00f3n que no llega\",\"datePublished\":\"2024-06-04T07:20:00+00:00\",\"dateModified\":\"2024-05-31T19:24:41+00:00\",\"mainEntityOfPage\":{\"@id\":\"https:\/\/noticias.sunrisecargo.com\/?p=9898#webpage\"},\"publisher\":{\"@id\":\"https:\/\/noticias.sunrisecargo.com\/#organization\"},\"image\":{\"@id\":\"https:\/\/noticias.sunrisecargo.com\/?p=9898#primaryimage\"},\"articleSection\":\"Comercial\",\"inLanguage\":\"es-CO\"},{\"@type\":\"Person\",\"@id\":\"https:\/\/noticias.sunrisecargo.com\/#\/schema\/person\/6dc68534970689383af81dce59c92bbc\",\"name\":\"Sunrise Cargo\",\"image\":{\"@type\":\"ImageObject\",\"@id\":\"https:\/\/noticias.sunrisecargo.com\/#personlogo\",\"inLanguage\":\"es-CO\",\"url\":\"https:\/\/secure.gravatar.com\/avatar\/064fc68894aee252e3d51c81d7d0798bc56bf526018995fa222e730d9052fdd8?s=96&d=mm&r=g\",\"contentUrl\":\"https:\/\/secure.gravatar.com\/avatar\/064fc68894aee252e3d51c81d7d0798bc56bf526018995fa222e730d9052fdd8?s=96&d=mm&r=g\",\"caption\":\"Sunrise Cargo\"},\"sameAs\":[\"http:\/\/noticias.sunrisecargo.com\"]}]}<\/script>\n<!-- \/ Yoast SEO plugin. -->","_links":{"self":[{"href":"https:\/\/noticias.sunrisecargo.com\/index.php?rest_route=\/wp\/v2\/posts\/9898","targetHints":{"allow":["GET"]}}],"collection":[{"href":"https:\/\/noticias.sunrisecargo.com\/index.php?rest_route=\/wp\/v2\/posts"}],"about":[{"href":"https:\/\/noticias.sunrisecargo.com\/index.php?rest_route=\/wp\/v2\/types\/post"}],"author":[{"embeddable":true,"href":"https:\/\/noticias.sunrisecargo.com\/index.php?rest_route=\/wp\/v2\/users\/4"}],"replies":[{"embeddable":true,"href":"https:\/\/noticias.sunrisecargo.com\/index.php?rest_route=%2Fwp%2Fv2%2Fcomments&post=9898"}],"version-history":[{"count":1,"href":"https:\/\/noticias.sunrisecargo.com\/index.php?rest_route=\/wp\/v2\/posts\/9898\/revisions"}],"predecessor-version":[{"id":9906,"href":"https:\/\/noticias.sunrisecargo.com\/index.php?rest_route=\/wp\/v2\/posts\/9898\/revisions\/9906"}],"wp:featuredmedia":[{"embeddable":true,"href":"https:\/\/noticias.sunrisecargo.com\/index.php?rest_route=\/wp\/v2\/media\/9904"}],"wp:attachment":[{"href":"https:\/\/noticias.sunrisecargo.com\/index.php?rest_route=%2Fwp%2Fv2%2Fmedia&parent=9898"}],"wp:term":[{"taxonomy":"category","embeddable":true,"href":"https:\/\/noticias.sunrisecargo.com\/index.php?rest_route=%2Fwp%2Fv2%2Fcategories&post=9898"},{"taxonomy":"post_tag","embeddable":true,"href":"https:\/\/noticias.sunrisecargo.com\/index.php?rest_route=%2Fwp%2Fv2%2Ftags&post=9898"}],"curies":[{"name":"wp","href":"https:\/\/api.w.org\/{rel}","templated":true}]}}