{"id":9887,"date":"2024-06-04T02:13:00","date_gmt":"2024-06-04T07:13:00","guid":{"rendered":"https:\/\/noticias.sunrisecargo.com\/?p=9887"},"modified":"2024-05-31T14:18:11","modified_gmt":"2024-05-31T19:18:11","slug":"demanda-de-carga-aerea-aumento-en-abril-en-el-mundo-america-latina-crecio-a-doble-digito","status":"publish","type":"post","link":"https:\/\/noticias.sunrisecargo.com\/?p=9887","title":{"rendered":"Demanda de carga a\u00e9rea aument\u00f3 en abril en el mundo; Am\u00e9rica Latina creci\u00f3 a doble d\u00edgito"},"content":{"rendered":"\n<figure class=\"wp-block-image size-large\"><img loading=\"lazy\" decoding=\"async\" width=\"1024\" height=\"577\" src=\"https:\/\/noticias.sunrisecargo.com\/wp-content\/uploads\/2024\/05\/image-31-1024x577.png\" alt=\"\" class=\"wp-image-9890\" srcset=\"https:\/\/noticias.sunrisecargo.com\/wp-content\/uploads\/2024\/05\/image-31-1024x577.png 1024w, https:\/\/noticias.sunrisecargo.com\/wp-content\/uploads\/2024\/05\/image-31-300x169.png 300w, https:\/\/noticias.sunrisecargo.com\/wp-content\/uploads\/2024\/05\/image-31-768x432.png 768w, https:\/\/noticias.sunrisecargo.com\/wp-content\/uploads\/2024\/05\/image-31-1536x865.png 1536w, https:\/\/noticias.sunrisecargo.com\/wp-content\/uploads\/2024\/05\/image-31.png 2048w\" sizes=\"auto, (max-width: 1024px) 100vw, 1024px\" \/><\/figure>\n\n\n\n<p>La Asociaci\u00f3n Internacional de Transporte A\u00e9reo (IATA) public\u00f3 los datos de abril sobre los mercados mundiales de carga a\u00e9rea.<\/p>\n\n\n\n<p>La&nbsp;<a href=\"https:\/\/www.valoraanalitik.com\/tag\/iata\/%7d\">Asociaci\u00f3n Internacional de Transporte A\u00e9reo (IATA)<\/a>&nbsp;public\u00f3 los datos de abril sobre los mercados mundiales de carga a\u00e9rea, l<strong>os cuales mostraron un fuerte crecimiento.<\/strong><\/p>\n\n\n\n<p>Por quinto mes consecutivo,\u00a0<strong>en abril aument\u00f3 la demanda (medida en toneladas de carga-kil\u00f3metro \u2013 CTK) un 11,1 % en comparaci\u00f3n con el mismo periodo de 2023<\/strong>; mientras que la capacidad, medida en toneladas de carga-kil\u00f3metro disponibles (ACTK) creci\u00f3 7,1 %.<\/p>\n\n\n\n<figure class=\"wp-block-image size-full\"><img loading=\"lazy\" decoding=\"async\" width=\"700\" height=\"407\" src=\"https:\/\/noticias.sunrisecargo.com\/wp-content\/uploads\/2024\/05\/image-30.png\" alt=\"\" class=\"wp-image-9889\" srcset=\"https:\/\/noticias.sunrisecargo.com\/wp-content\/uploads\/2024\/05\/image-30.png 700w, https:\/\/noticias.sunrisecargo.com\/wp-content\/uploads\/2024\/05\/image-30-300x174.png 300w\" sizes=\"auto, (max-width: 700px) 100vw, 700px\" \/><\/figure>\n\n\n\n<p>\u201cLa demanda de carga a\u00e9rea comenz\u00f3 el segundo trimestre con un s\u00f3lido incremento. Si bien persisten muchas incertidumbres econ\u00f3micas, parece que las ra\u00edces del s\u00f3lido desempe\u00f1o de la carga a\u00e9rea se est\u00e1n profundizando (\u2026).&nbsp;<strong>Las perspectivas de una demanda fuerte y continua son a\u00fan m\u00e1s s\u00f3lidas\u201d<\/strong>, dijo Willie Walsh, director general de la IATA.<\/p>\n\n\n\n<h2 class=\"wp-block-heading\" id=\"h-transporte-de-carga-aerea\">Transporte de carga a\u00e9rea<\/h2>\n\n\n\n<p><strong>De acuerdo con el reporte de la IATA, las aerol\u00edneas de Asia-Pac\u00edfico<\/strong>&nbsp;experimentaron un crecimiento interanual de la demanda de carga a\u00e9rea del 14 % en abril, el cual se consolid\u00f3 como el m\u00e1s fuerte de todas las regiones. La demanda dentro del mercado asi\u00e1tico creci\u00f3 un 13,2 % respecto a abril de 2023, y la ruta Asia-Europa creci\u00f3 un 17,7 %.<\/p>\n\n\n\n<p>Los transportistas latinoamericanos sorprendieron al terminar el mes con un auge de 11,7 % en la demanda; y 9,8 % en capacidad.<\/p>\n\n\n\n<p>Las empresas a\u00e9reas de Norteam\u00e9rica tambi\u00e9n elevaron\u00a0<strong>el transporte de carga consolidado para el cuarto mes del a\u00f1o con un alza de 7 %.<\/strong>\u00a0All\u00ed, la demanda en la ruta comercial Asia-Am\u00e9rica del Norte creci\u00f3 un 7,3 % interanual, mientras que la ruta Am\u00e9rica del Norte-Europa experiment\u00f3 un aumento del 5,6 %.<\/p>\n\n\n\n<p>\u201cLa s\u00f3lida tendencia al alza en los CTK de la industria est\u00e1 impulsada por el tr\u00e1fico en rutas internacionales,&nbsp;<strong>que crece un 11,6 % interanual en abril, probablemente respaldado por el auge del comercio electr\u00f3nico<\/strong>&nbsp;y limitaciones de capacidad en el transporte mar\u00edtimo mundial\u201d, afirm\u00f3 el gremio en su informe.<\/p>\n\n\n\n<p>En el caso de las aerol\u00edneas europeas, el aumento en transporte de carga a\u00e9rea fue de 12,7 % para abril. Las aerol\u00edneas de Medio Oriente se elevaron 9,4 % en el indicador y las aerol\u00edneas africanas, 10,6 %.<\/p>\n\n\n\n<p><\/p>\n\n\n\n<p><\/p>\n\n\n\n<p>Fuente: <a href=\"https:\/\/www.valoraanalitik.com\/demanda-de-carga-aerea-aumento-en-abril-en-el-mundo\/\" target=\"_blank\" rel=\"noreferrer noopener\">https:\/\/www.valoraanalitik.com\/demanda-de-carga-aerea-aumento-en-abril-en-el-mundo\/<\/a><\/p>\n","protected":false},"excerpt":{"rendered":"<p>La Asociaci\u00f3n Internacional de Transporte A\u00e9reo (IATA) public\u00f3 los datos de abril sobre los mercados mundiales de carga a\u00e9rea. La&nbsp;Asociaci\u00f3n Internacional de Transporte A\u00e9reo (IATA)&nbsp;public\u00f3 los datos de abril sobre&hellip; <\/p>\n","protected":false},"author":4,"featured_media":9891,"comment_status":"closed","ping_status":"open","sticky":false,"template":"","format":"standard","meta":{"_monsterinsights_skip_tracking":false,"_monsterinsights_sitenote_active":false,"_monsterinsights_sitenote_note":"","_monsterinsights_sitenote_category":0,"footnotes":""},"categories":[18],"tags":[],"class_list":["post-9887","post","type-post","status-publish","format-standard","has-post-thumbnail","hentry","category-pricing"],"yoast_head":"<!-- This site is optimized with the Yoast SEO plugin v16.1.1 - https:\/\/yoast.com\/wordpress\/plugins\/seo\/ -->\n<title>Demanda de carga a\u00e9rea aument\u00f3 en abril en el mundo; Am\u00e9rica Latina creci\u00f3 a doble d\u00edgito - Noticias Sunrise Cargo<\/title>\n<link rel=\"canonical\" href=\"https:\/\/noticias.sunrisecargo.com\/?p=9887\" \/>\n<meta property=\"og:locale\" content=\"es_ES\" \/>\n<meta property=\"og:type\" content=\"article\" \/>\n<meta property=\"og:title\" content=\"Demanda de carga a\u00e9rea aument\u00f3 en abril en el mundo; Am\u00e9rica Latina creci\u00f3 a doble d\u00edgito - Noticias Sunrise Cargo\" \/>\n<meta property=\"og:description\" content=\"La Asociaci\u00f3n Internacional de Transporte A\u00e9reo (IATA) public\u00f3 los datos de abril sobre los mercados mundiales de carga a\u00e9rea. La&nbsp;Asociaci\u00f3n Internacional de Transporte A\u00e9reo (IATA)&nbsp;public\u00f3 los datos de abril sobre&hellip;\" \/>\n<meta property=\"og:url\" content=\"https:\/\/noticias.sunrisecargo.com\/?p=9887\" \/>\n<meta property=\"og:site_name\" content=\"Noticias Sunrise Cargo\" \/>\n<meta property=\"article:published_time\" content=\"2024-06-04T07:13:00+00:00\" \/>\n<meta property=\"article:modified_time\" content=\"2024-05-31T19:18:11+00:00\" \/>\n<meta property=\"og:image\" content=\"https:\/\/noticias.sunrisecargo.com\/wp-content\/uploads\/2024\/05\/01-7.png\" \/>\n\t<meta property=\"og:image:width\" content=\"800\" \/>\n\t<meta property=\"og:image:height\" content=\"480\" \/>\n<meta name=\"twitter:card\" content=\"summary_large_image\" \/>\n<meta name=\"twitter:label1\" content=\"Est. reading time\">\n\t<meta name=\"twitter:data1\" content=\"3 minutos\">\n<script type=\"application\/ld+json\" class=\"yoast-schema-graph\">{\"@context\":\"https:\/\/schema.org\",\"@graph\":[{\"@type\":\"Organization\",\"@id\":\"https:\/\/noticias.sunrisecargo.com\/#organization\",\"name\":\"Sunrise Cargo SAS\",\"url\":\"https:\/\/noticias.sunrisecargo.com\/\",\"sameAs\":[],\"logo\":{\"@type\":\"ImageObject\",\"@id\":\"https:\/\/noticias.sunrisecargo.com\/#logo\",\"inLanguage\":\"es-CO\",\"url\":\"https:\/\/noticias.sunrisecargo.com\/wp-content\/uploads\/2021\/04\/ICONO-NOTI-SUNRISE.png\",\"contentUrl\":\"https:\/\/noticias.sunrisecargo.com\/wp-content\/uploads\/2021\/04\/ICONO-NOTI-SUNRISE.png\",\"width\":37,\"height\":37,\"caption\":\"Sunrise Cargo SAS\"},\"image\":{\"@id\":\"https:\/\/noticias.sunrisecargo.com\/#logo\"}},{\"@type\":\"WebSite\",\"@id\":\"https:\/\/noticias.sunrisecargo.com\/#website\",\"url\":\"https:\/\/noticias.sunrisecargo.com\/\",\"name\":\"Noticias Sunrise Cargo\",\"description\":\"Noticias de Inter\\u00e9s\",\"publisher\":{\"@id\":\"https:\/\/noticias.sunrisecargo.com\/#organization\"},\"potentialAction\":[{\"@type\":\"SearchAction\",\"target\":\"https:\/\/noticias.sunrisecargo.com\/?s={search_term_string}\",\"query-input\":\"required name=search_term_string\"}],\"inLanguage\":\"es-CO\"},{\"@type\":\"ImageObject\",\"@id\":\"https:\/\/noticias.sunrisecargo.com\/?p=9887#primaryimage\",\"inLanguage\":\"es-CO\",\"url\":\"https:\/\/noticias.sunrisecargo.com\/wp-content\/uploads\/2024\/05\/01-7.png\",\"contentUrl\":\"https:\/\/noticias.sunrisecargo.com\/wp-content\/uploads\/2024\/05\/01-7.png\",\"width\":800,\"height\":480},{\"@type\":\"WebPage\",\"@id\":\"https:\/\/noticias.sunrisecargo.com\/?p=9887#webpage\",\"url\":\"https:\/\/noticias.sunrisecargo.com\/?p=9887\",\"name\":\"Demanda de carga a\\u00e9rea aument\\u00f3 en abril en el mundo; Am\\u00e9rica Latina creci\\u00f3 a doble d\\u00edgito - Noticias Sunrise Cargo\",\"isPartOf\":{\"@id\":\"https:\/\/noticias.sunrisecargo.com\/#website\"},\"primaryImageOfPage\":{\"@id\":\"https:\/\/noticias.sunrisecargo.com\/?p=9887#primaryimage\"},\"datePublished\":\"2024-06-04T07:13:00+00:00\",\"dateModified\":\"2024-05-31T19:18:11+00:00\",\"breadcrumb\":{\"@id\":\"https:\/\/noticias.sunrisecargo.com\/?p=9887#breadcrumb\"},\"inLanguage\":\"es-CO\",\"potentialAction\":[{\"@type\":\"ReadAction\",\"target\":[\"https:\/\/noticias.sunrisecargo.com\/?p=9887\"]}]},{\"@type\":\"BreadcrumbList\",\"@id\":\"https:\/\/noticias.sunrisecargo.com\/?p=9887#breadcrumb\",\"itemListElement\":[{\"@type\":\"ListItem\",\"position\":1,\"item\":{\"@type\":\"WebPage\",\"@id\":\"https:\/\/noticias.sunrisecargo.com\/\",\"url\":\"https:\/\/noticias.sunrisecargo.com\/\",\"name\":\"Home\"}},{\"@type\":\"ListItem\",\"position\":2,\"item\":{\"@type\":\"WebPage\",\"@id\":\"https:\/\/noticias.sunrisecargo.com\/?p=9887\",\"url\":\"https:\/\/noticias.sunrisecargo.com\/?p=9887\",\"name\":\"Demanda de carga a\\u00e9rea aument\\u00f3 en abril en el mundo; Am\\u00e9rica Latina creci\\u00f3 a doble d\\u00edgito\"}}]},{\"@type\":\"Article\",\"@id\":\"https:\/\/noticias.sunrisecargo.com\/?p=9887#article\",\"isPartOf\":{\"@id\":\"https:\/\/noticias.sunrisecargo.com\/?p=9887#webpage\"},\"author\":{\"@id\":\"https:\/\/noticias.sunrisecargo.com\/#\/schema\/person\/6dc68534970689383af81dce59c92bbc\"},\"headline\":\"Demanda de carga a\\u00e9rea aument\\u00f3 en abril en el mundo; Am\\u00e9rica Latina creci\\u00f3 a doble d\\u00edgito\",\"datePublished\":\"2024-06-04T07:13:00+00:00\",\"dateModified\":\"2024-05-31T19:18:11+00:00\",\"mainEntityOfPage\":{\"@id\":\"https:\/\/noticias.sunrisecargo.com\/?p=9887#webpage\"},\"publisher\":{\"@id\":\"https:\/\/noticias.sunrisecargo.com\/#organization\"},\"image\":{\"@id\":\"https:\/\/noticias.sunrisecargo.com\/?p=9887#primaryimage\"},\"articleSection\":\"Pricing\",\"inLanguage\":\"es-CO\"},{\"@type\":\"Person\",\"@id\":\"https:\/\/noticias.sunrisecargo.com\/#\/schema\/person\/6dc68534970689383af81dce59c92bbc\",\"name\":\"Sunrise Cargo\",\"image\":{\"@type\":\"ImageObject\",\"@id\":\"https:\/\/noticias.sunrisecargo.com\/#personlogo\",\"inLanguage\":\"es-CO\",\"url\":\"https:\/\/secure.gravatar.com\/avatar\/064fc68894aee252e3d51c81d7d0798bc56bf526018995fa222e730d9052fdd8?s=96&d=mm&r=g\",\"contentUrl\":\"https:\/\/secure.gravatar.com\/avatar\/064fc68894aee252e3d51c81d7d0798bc56bf526018995fa222e730d9052fdd8?s=96&d=mm&r=g\",\"caption\":\"Sunrise Cargo\"},\"sameAs\":[\"http:\/\/noticias.sunrisecargo.com\"]}]}<\/script>\n<!-- \/ Yoast SEO plugin. -->","_links":{"self":[{"href":"https:\/\/noticias.sunrisecargo.com\/index.php?rest_route=\/wp\/v2\/posts\/9887","targetHints":{"allow":["GET"]}}],"collection":[{"href":"https:\/\/noticias.sunrisecargo.com\/index.php?rest_route=\/wp\/v2\/posts"}],"about":[{"href":"https:\/\/noticias.sunrisecargo.com\/index.php?rest_route=\/wp\/v2\/types\/post"}],"author":[{"embeddable":true,"href":"https:\/\/noticias.sunrisecargo.com\/index.php?rest_route=\/wp\/v2\/users\/4"}],"replies":[{"embeddable":true,"href":"https:\/\/noticias.sunrisecargo.com\/index.php?rest_route=%2Fwp%2Fv2%2Fcomments&post=9887"}],"version-history":[{"count":1,"href":"https:\/\/noticias.sunrisecargo.com\/index.php?rest_route=\/wp\/v2\/posts\/9887\/revisions"}],"predecessor-version":[{"id":9892,"href":"https:\/\/noticias.sunrisecargo.com\/index.php?rest_route=\/wp\/v2\/posts\/9887\/revisions\/9892"}],"wp:featuredmedia":[{"embeddable":true,"href":"https:\/\/noticias.sunrisecargo.com\/index.php?rest_route=\/wp\/v2\/media\/9891"}],"wp:attachment":[{"href":"https:\/\/noticias.sunrisecargo.com\/index.php?rest_route=%2Fwp%2Fv2%2Fmedia&parent=9887"}],"wp:term":[{"taxonomy":"category","embeddable":true,"href":"https:\/\/noticias.sunrisecargo.com\/index.php?rest_route=%2Fwp%2Fv2%2Fcategories&post=9887"},{"taxonomy":"post_tag","embeddable":true,"href":"https:\/\/noticias.sunrisecargo.com\/index.php?rest_route=%2Fwp%2Fv2%2Ftags&post=9887"}],"curies":[{"name":"wp","href":"https:\/\/api.w.org\/{rel}","templated":true}]}}