{"id":9868,"date":"2024-05-27T05:09:00","date_gmt":"2024-05-27T10:09:00","guid":{"rendered":"https:\/\/noticias.sunrisecargo.com\/?p=9868"},"modified":"2024-05-26T08:13:15","modified_gmt":"2024-05-26T13:13:15","slug":"colombia-continua-el-crecimiento-del-transporte-de-pasajeros-y-carga","status":"publish","type":"post","link":"https:\/\/noticias.sunrisecargo.com\/?p=9868","title":{"rendered":"Colombia: contin\u00faa el crecimiento del transporte de pasajeros y carga"},"content":{"rendered":"\n<figure class=\"wp-block-image size-large\"><img loading=\"lazy\" decoding=\"async\" width=\"1024\" height=\"681\" src=\"https:\/\/noticias.sunrisecargo.com\/wp-content\/uploads\/2024\/05\/image-28-1024x681.png\" alt=\"\" class=\"wp-image-9869\" srcset=\"https:\/\/noticias.sunrisecargo.com\/wp-content\/uploads\/2024\/05\/image-28-1024x681.png 1024w, https:\/\/noticias.sunrisecargo.com\/wp-content\/uploads\/2024\/05\/image-28-300x200.png 300w, https:\/\/noticias.sunrisecargo.com\/wp-content\/uploads\/2024\/05\/image-28-768x511.png 768w, https:\/\/noticias.sunrisecargo.com\/wp-content\/uploads\/2024\/05\/image-28-1536x1022.png 1536w, https:\/\/noticias.sunrisecargo.com\/wp-content\/uploads\/2024\/05\/image-28.png 2000w\" sizes=\"auto, (max-width: 1024px) 100vw, 1024px\" \/><\/figure>\n\n\n\n<p>Colombia ha registrado un notable crecimiento en el\u00a0<strong>transporte a\u00e9reo de pasajeros<\/strong>\u00a0y\u00a0<strong>transporte de carga<\/strong>\u00a0durante los primeros cuatro meses de 2024. Seg\u00fan los datos consolidados por la\u00a0<strong>Oficina de Anal\u00edtica de la Aeron\u00e1utica Civil<\/strong>, el n\u00famero de pasajeros movilizados aument\u00f3 un 15,7% en comparaci\u00f3n con el mismo periodo de 2023, alcanzando los 17.457.000.<\/p>\n\n\n\n<h2 class=\"wp-block-heading\">Aumento en el transporte de pasajeros<\/h2>\n\n\n\n<p>El crecimiento en el transporte de pasajeros se debe, entre otras razones, a una mejor oferta de sillas y la reducci\u00f3n de tarifas por parte de las aerol\u00edneas.\u00a0 La Aerocivil destac\u00f3 un incremento del 31,6% en la movilizaci\u00f3n de pasajeros internacionales y un crecimiento del 6,6% en el transporte de pasajeros dentro del pa\u00eds.<\/p>\n\n\n\n<figure class=\"wp-block-table\"><table><thead><tr><th>PASAJEROS (Cifras en miles)<\/th><th>2023<\/th><th>2024<\/th><th>VAR. ABSOLUTA<\/th><th>VARIACI\u00d3N %<\/th><\/tr><\/thead><tbody><tr><td>Total, Periodo (ene-abr)<\/td><td>15.082<\/td><td>17.457<\/td><td>2.375<\/td><td>15,7%<\/td><\/tr><tr><td>Internacionales<\/td><td>5.509<\/td><td>7.249<\/td><td>1.740<\/td><td>31,6%<\/td><\/tr><tr><td>Dom\u00e9sticos<\/td><td>9.573<\/td><td>10.208<\/td><td>635<\/td><td>6,6%<\/td><\/tr><\/tbody><\/table><\/figure>\n\n\n\n<h2 class=\"wp-block-heading\">Crecimiento en el transporte de carga<\/h2>\n\n\n\n<p>En cuanto al\u00a0<strong>transporte de carga y correo<\/strong>, se reportaron 315.936 toneladas movilizadas por v\u00eda a\u00e9rea durante el primer cuatrimestre, lo que representa una variaci\u00f3n positiva del 9% frente al mismo periodo del a\u00f1o anterior, con 26.060 toneladas adicionales. Solo en abril, se transportaron 8.565 toneladas m\u00e1s que en 2023.<\/p>\n\n\n\n<figure class=\"wp-block-table\"><table><thead><tr><th>CARGA Y CORREO (Cifras en toneladas)<\/th><th>2023<\/th><th>2024<\/th><th>VAR. ABSOLUTA<\/th><th>VARIACI\u00d3N %<\/th><\/tr><\/thead><tbody><tr><td>Total, Periodo (ene-abr)<\/td><td>289.876<\/td><td>315.936<\/td><td>26.060<\/td><td>9,0%<\/td><\/tr><tr><td>Internacionales<\/td><td>247.135<\/td><td>273.093<\/td><td>25.959<\/td><td>10,5%<\/td><\/tr><tr><td>Dom\u00e9sticos<\/td><td>42.741<\/td><td>42.842<\/td><td>101<\/td><td>0,2%<\/td><\/tr><\/tbody><\/table><\/figure>\n\n\n\n<p><\/p>\n\n\n\n<p>Fuente: <a href=\"https:\/\/www.aviacionline.com\/2024\/05\/colombia-continua-el-crecimiento-del-transporte-de-pasajeros-y-carga\/\" target=\"_blank\" rel=\"noreferrer noopener\">https:\/\/www.aviacionline.com\/2024\/05\/colombia-continua-el-crecimiento-del-transporte-de-pasajeros-y-carga\/<\/a><\/p>\n","protected":false},"excerpt":{"rendered":"<p>Colombia ha registrado un notable crecimiento en el\u00a0transporte a\u00e9reo de pasajeros\u00a0y\u00a0transporte de carga\u00a0durante los primeros cuatro meses de 2024. Seg\u00fan los datos consolidados por la\u00a0Oficina de Anal\u00edtica de la Aeron\u00e1utica&hellip; <\/p>\n","protected":false},"author":4,"featured_media":9870,"comment_status":"closed","ping_status":"open","sticky":false,"template":"","format":"standard","meta":{"_monsterinsights_skip_tracking":false,"_monsterinsights_sitenote_active":false,"_monsterinsights_sitenote_note":"","_monsterinsights_sitenote_category":0,"footnotes":""},"categories":[18],"tags":[],"class_list":["post-9868","post","type-post","status-publish","format-standard","has-post-thumbnail","hentry","category-pricing"],"yoast_head":"<!-- This site is optimized with the Yoast SEO plugin v16.1.1 - https:\/\/yoast.com\/wordpress\/plugins\/seo\/ -->\n<title>Colombia: contin\u00faa el crecimiento del transporte de pasajeros y carga - Noticias Sunrise Cargo<\/title>\n<link rel=\"canonical\" href=\"https:\/\/noticias.sunrisecargo.com\/?p=9868\" \/>\n<meta property=\"og:locale\" content=\"es_ES\" \/>\n<meta property=\"og:type\" content=\"article\" \/>\n<meta property=\"og:title\" content=\"Colombia: contin\u00faa el crecimiento del transporte de pasajeros y carga - Noticias Sunrise Cargo\" \/>\n<meta property=\"og:description\" content=\"Colombia ha registrado un notable crecimiento en el\u00a0transporte a\u00e9reo de pasajeros\u00a0y\u00a0transporte de carga\u00a0durante los primeros cuatro meses de 2024. Seg\u00fan los datos consolidados por la\u00a0Oficina de Anal\u00edtica de la Aeron\u00e1utica&hellip;\" \/>\n<meta property=\"og:url\" content=\"https:\/\/noticias.sunrisecargo.com\/?p=9868\" \/>\n<meta property=\"og:site_name\" content=\"Noticias Sunrise Cargo\" \/>\n<meta property=\"article:published_time\" content=\"2024-05-27T10:09:00+00:00\" \/>\n<meta property=\"article:modified_time\" content=\"2024-05-26T13:13:15+00:00\" \/>\n<meta property=\"og:image\" content=\"https:\/\/noticias.sunrisecargo.com\/wp-content\/uploads\/2024\/05\/05-5.png\" \/>\n\t<meta property=\"og:image:width\" content=\"800\" \/>\n\t<meta property=\"og:image:height\" content=\"480\" \/>\n<meta name=\"twitter:card\" content=\"summary_large_image\" \/>\n<meta name=\"twitter:label1\" content=\"Est. reading time\">\n\t<meta name=\"twitter:data1\" content=\"2 minutos\">\n<script type=\"application\/ld+json\" class=\"yoast-schema-graph\">{\"@context\":\"https:\/\/schema.org\",\"@graph\":[{\"@type\":\"Organization\",\"@id\":\"https:\/\/noticias.sunrisecargo.com\/#organization\",\"name\":\"Sunrise Cargo SAS\",\"url\":\"https:\/\/noticias.sunrisecargo.com\/\",\"sameAs\":[],\"logo\":{\"@type\":\"ImageObject\",\"@id\":\"https:\/\/noticias.sunrisecargo.com\/#logo\",\"inLanguage\":\"es-CO\",\"url\":\"https:\/\/noticias.sunrisecargo.com\/wp-content\/uploads\/2021\/04\/ICONO-NOTI-SUNRISE.png\",\"contentUrl\":\"https:\/\/noticias.sunrisecargo.com\/wp-content\/uploads\/2021\/04\/ICONO-NOTI-SUNRISE.png\",\"width\":37,\"height\":37,\"caption\":\"Sunrise Cargo SAS\"},\"image\":{\"@id\":\"https:\/\/noticias.sunrisecargo.com\/#logo\"}},{\"@type\":\"WebSite\",\"@id\":\"https:\/\/noticias.sunrisecargo.com\/#website\",\"url\":\"https:\/\/noticias.sunrisecargo.com\/\",\"name\":\"Noticias Sunrise Cargo\",\"description\":\"Noticias de Inter\\u00e9s\",\"publisher\":{\"@id\":\"https:\/\/noticias.sunrisecargo.com\/#organization\"},\"potentialAction\":[{\"@type\":\"SearchAction\",\"target\":\"https:\/\/noticias.sunrisecargo.com\/?s={search_term_string}\",\"query-input\":\"required name=search_term_string\"}],\"inLanguage\":\"es-CO\"},{\"@type\":\"ImageObject\",\"@id\":\"https:\/\/noticias.sunrisecargo.com\/?p=9868#primaryimage\",\"inLanguage\":\"es-CO\",\"url\":\"https:\/\/noticias.sunrisecargo.com\/wp-content\/uploads\/2024\/05\/05-5.png\",\"contentUrl\":\"https:\/\/noticias.sunrisecargo.com\/wp-content\/uploads\/2024\/05\/05-5.png\",\"width\":800,\"height\":480},{\"@type\":\"WebPage\",\"@id\":\"https:\/\/noticias.sunrisecargo.com\/?p=9868#webpage\",\"url\":\"https:\/\/noticias.sunrisecargo.com\/?p=9868\",\"name\":\"Colombia: contin\\u00faa el crecimiento del transporte de pasajeros y carga - Noticias Sunrise Cargo\",\"isPartOf\":{\"@id\":\"https:\/\/noticias.sunrisecargo.com\/#website\"},\"primaryImageOfPage\":{\"@id\":\"https:\/\/noticias.sunrisecargo.com\/?p=9868#primaryimage\"},\"datePublished\":\"2024-05-27T10:09:00+00:00\",\"dateModified\":\"2024-05-26T13:13:15+00:00\",\"breadcrumb\":{\"@id\":\"https:\/\/noticias.sunrisecargo.com\/?p=9868#breadcrumb\"},\"inLanguage\":\"es-CO\",\"potentialAction\":[{\"@type\":\"ReadAction\",\"target\":[\"https:\/\/noticias.sunrisecargo.com\/?p=9868\"]}]},{\"@type\":\"BreadcrumbList\",\"@id\":\"https:\/\/noticias.sunrisecargo.com\/?p=9868#breadcrumb\",\"itemListElement\":[{\"@type\":\"ListItem\",\"position\":1,\"item\":{\"@type\":\"WebPage\",\"@id\":\"https:\/\/noticias.sunrisecargo.com\/\",\"url\":\"https:\/\/noticias.sunrisecargo.com\/\",\"name\":\"Home\"}},{\"@type\":\"ListItem\",\"position\":2,\"item\":{\"@type\":\"WebPage\",\"@id\":\"https:\/\/noticias.sunrisecargo.com\/?p=9868\",\"url\":\"https:\/\/noticias.sunrisecargo.com\/?p=9868\",\"name\":\"Colombia: contin\\u00faa el crecimiento del transporte de pasajeros y carga\"}}]},{\"@type\":\"Article\",\"@id\":\"https:\/\/noticias.sunrisecargo.com\/?p=9868#article\",\"isPartOf\":{\"@id\":\"https:\/\/noticias.sunrisecargo.com\/?p=9868#webpage\"},\"author\":{\"@id\":\"https:\/\/noticias.sunrisecargo.com\/#\/schema\/person\/6dc68534970689383af81dce59c92bbc\"},\"headline\":\"Colombia: contin\\u00faa el crecimiento del transporte de pasajeros y carga\",\"datePublished\":\"2024-05-27T10:09:00+00:00\",\"dateModified\":\"2024-05-26T13:13:15+00:00\",\"mainEntityOfPage\":{\"@id\":\"https:\/\/noticias.sunrisecargo.com\/?p=9868#webpage\"},\"publisher\":{\"@id\":\"https:\/\/noticias.sunrisecargo.com\/#organization\"},\"image\":{\"@id\":\"https:\/\/noticias.sunrisecargo.com\/?p=9868#primaryimage\"},\"articleSection\":\"Pricing\",\"inLanguage\":\"es-CO\"},{\"@type\":\"Person\",\"@id\":\"https:\/\/noticias.sunrisecargo.com\/#\/schema\/person\/6dc68534970689383af81dce59c92bbc\",\"name\":\"Sunrise Cargo\",\"image\":{\"@type\":\"ImageObject\",\"@id\":\"https:\/\/noticias.sunrisecargo.com\/#personlogo\",\"inLanguage\":\"es-CO\",\"url\":\"https:\/\/secure.gravatar.com\/avatar\/064fc68894aee252e3d51c81d7d0798bc56bf526018995fa222e730d9052fdd8?s=96&d=mm&r=g\",\"contentUrl\":\"https:\/\/secure.gravatar.com\/avatar\/064fc68894aee252e3d51c81d7d0798bc56bf526018995fa222e730d9052fdd8?s=96&d=mm&r=g\",\"caption\":\"Sunrise Cargo\"},\"sameAs\":[\"http:\/\/noticias.sunrisecargo.com\"]}]}<\/script>\n<!-- \/ Yoast SEO plugin. -->","_links":{"self":[{"href":"https:\/\/noticias.sunrisecargo.com\/index.php?rest_route=\/wp\/v2\/posts\/9868","targetHints":{"allow":["GET"]}}],"collection":[{"href":"https:\/\/noticias.sunrisecargo.com\/index.php?rest_route=\/wp\/v2\/posts"}],"about":[{"href":"https:\/\/noticias.sunrisecargo.com\/index.php?rest_route=\/wp\/v2\/types\/post"}],"author":[{"embeddable":true,"href":"https:\/\/noticias.sunrisecargo.com\/index.php?rest_route=\/wp\/v2\/users\/4"}],"replies":[{"embeddable":true,"href":"https:\/\/noticias.sunrisecargo.com\/index.php?rest_route=%2Fwp%2Fv2%2Fcomments&post=9868"}],"version-history":[{"count":1,"href":"https:\/\/noticias.sunrisecargo.com\/index.php?rest_route=\/wp\/v2\/posts\/9868\/revisions"}],"predecessor-version":[{"id":9871,"href":"https:\/\/noticias.sunrisecargo.com\/index.php?rest_route=\/wp\/v2\/posts\/9868\/revisions\/9871"}],"wp:featuredmedia":[{"embeddable":true,"href":"https:\/\/noticias.sunrisecargo.com\/index.php?rest_route=\/wp\/v2\/media\/9870"}],"wp:attachment":[{"href":"https:\/\/noticias.sunrisecargo.com\/index.php?rest_route=%2Fwp%2Fv2%2Fmedia&parent=9868"}],"wp:term":[{"taxonomy":"category","embeddable":true,"href":"https:\/\/noticias.sunrisecargo.com\/index.php?rest_route=%2Fwp%2Fv2%2Fcategories&post=9868"},{"taxonomy":"post_tag","embeddable":true,"href":"https:\/\/noticias.sunrisecargo.com\/index.php?rest_route=%2Fwp%2Fv2%2Ftags&post=9868"}],"curies":[{"name":"wp","href":"https:\/\/api.w.org\/{rel}","templated":true}]}}