{"id":9848,"date":"2024-05-27T05:47:00","date_gmt":"2024-05-27T10:47:00","guid":{"rendered":"https:\/\/noticias.sunrisecargo.com\/?p=9848"},"modified":"2024-05-27T06:40:54","modified_gmt":"2024-05-27T11:40:54","slug":"el-a321-carguero-debuta-en-latinoamerica-con-levu-air-cargo","status":"publish","type":"post","link":"https:\/\/noticias.sunrisecargo.com\/?p=9848","title":{"rendered":"El A321 carguero debuta en Latinoam\u00e9rica con Levu Air Cargo"},"content":{"rendered":"\n<figure class=\"wp-block-image size-large\"><img loading=\"lazy\" decoding=\"async\" width=\"1024\" height=\"683\" src=\"https:\/\/noticias.sunrisecargo.com\/wp-content\/uploads\/2024\/05\/image-29-1024x683.png\" alt=\"\" class=\"wp-image-9874\" srcset=\"https:\/\/noticias.sunrisecargo.com\/wp-content\/uploads\/2024\/05\/image-29-1024x683.png 1024w, https:\/\/noticias.sunrisecargo.com\/wp-content\/uploads\/2024\/05\/image-29-300x200.png 300w, https:\/\/noticias.sunrisecargo.com\/wp-content\/uploads\/2024\/05\/image-29-768x512.png 768w, https:\/\/noticias.sunrisecargo.com\/wp-content\/uploads\/2024\/05\/image-29.png 1500w\" sizes=\"auto, (max-width: 1024px) 100vw, 1024px\" \/><\/figure>\n\n\n\n<p>La semana pasada arrib\u00f3 al aeropuerto de Recife, en Brasil, el Airbus A321F n\u00famero de serie 775, el cual operar\u00e1 para Levu Air Cargo, marcando el debut de ese modelo en versi\u00f3n carguera en Latinoam\u00e9rica.<\/p>\n\n\n\n<p>Esta aeronave llega bajo un acuerdo dry-lease entre SmartLynx Airlines y Levu Air Cargo, empresa que tiene su hub en el aeropuerto de Campinas y bases en Recife, Belem y Manaus.<\/p>\n\n\n\n<p>\u201cNuestra asociaci\u00f3n con Levu marca un hito significativo, no solo para el mercado de la aviaci\u00f3n brasile\u00f1a con la introducci\u00f3n del primer A321F registrado en el pa\u00eds y la regi\u00f3n, sino tambi\u00e9n para SmartLynx, ya que extendemos nuestros servicios de gesti\u00f3n de capacidad de carga a Am\u00e9rica Latina. Este paso importante es parte de nuestros esfuerzos estrat\u00e9gicos para expandir nuestra geograf\u00eda y vemos mucho potencial en esta regi\u00f3n\u201d, dijo Edvinas Demenius, CEO de SmartLynx Airlines.<\/p>\n\n\n\n<p>Por su parte, Rodrigo Pacheco, CEO de Levu Air Cargo, dijo que buscaron \u201cespec\u00edficamente a SmartLynx debido a su amplio conocimiento de la aeronave, ya que hoy son el mayor operador de A321F en el mundo\u201d.<\/p>\n\n\n\n<p>\u201cSu asociaci\u00f3n con DHL en Europa hace que la curva de aprendizaje sea mucho m\u00e1s eficiente para nosotros, ya que operaremos para la cadena de suministro de DHL aqu\u00ed en Brasil. Esta decisi\u00f3n estrat\u00e9gica nos ayuda a ofrecer un rendimiento de primer nivel y garantiza los mejores resultados para nuestros valiosos clientes\u201d, agreg\u00f3.<\/p>\n\n\n\n<p>El primer A321F para un operador latinoamericano se encuentra en proceso de certificaci\u00f3n ante la Agencia Nacional de Aviaci\u00f3n Civil de Brasil, pa\u00eds en el que ser\u00e1 rematriculado como PS-LVU.<\/p>\n\n\n\n<p>Levu Air Cargo est\u00e1 en el punto final para obtener el certificado de operador a\u00e9reo parte 121 en junio de 2024, lo que la habilitar\u00e1 a transportar bienes de todo tipo. Una vez logrado eso, avanzar\u00e1n a la fase 2 de su alianza estrat\u00e9gica con SmartLynx Airlines para iniciar el proceso de certificaci\u00f3n ante EASA, la FAA y el DoT para operar vuelos internacionales hacia esos mercados en 2025.<\/p>\n\n\n\n<p><\/p>\n\n\n\n<p>Fuente: <a href=\"https:\/\/www.aviacionline.com\/2024\/05\/el-a321-carguero-debuta-en-latinoamerica-con-levu-air-cargo\/\" target=\"_blank\" rel=\"noreferrer noopener\">https:\/\/www.aviacionline.com\/2024\/05\/el-a321-carguero-debuta-en-latinoamerica-con-levu-air-cargo\/<\/a><\/p>\n","protected":false},"excerpt":{"rendered":"<p>La semana pasada arrib\u00f3 al aeropuerto de Recife, en Brasil, el Airbus A321F n\u00famero de serie 775, el cual operar\u00e1 para Levu Air Cargo, marcando el debut de ese modelo&hellip; <\/p>\n","protected":false},"author":4,"featured_media":9875,"comment_status":"closed","ping_status":"open","sticky":false,"template":"","format":"standard","meta":{"_monsterinsights_skip_tracking":false,"_monsterinsights_sitenote_active":false,"_monsterinsights_sitenote_note":"","_monsterinsights_sitenote_category":0,"footnotes":""},"categories":[18],"tags":[],"class_list":["post-9848","post","type-post","status-publish","format-standard","has-post-thumbnail","hentry","category-pricing"],"yoast_head":"<!-- This site is optimized with the Yoast SEO plugin v16.1.1 - https:\/\/yoast.com\/wordpress\/plugins\/seo\/ -->\n<title>El A321 carguero debuta en Latinoam\u00e9rica con Levu Air Cargo - Noticias Sunrise Cargo<\/title>\n<link rel=\"canonical\" href=\"https:\/\/noticias.sunrisecargo.com\/?p=9848\" \/>\n<meta property=\"og:locale\" content=\"es_ES\" \/>\n<meta property=\"og:type\" content=\"article\" \/>\n<meta property=\"og:title\" content=\"El A321 carguero debuta en Latinoam\u00e9rica con Levu Air Cargo - Noticias Sunrise Cargo\" \/>\n<meta property=\"og:description\" content=\"La semana pasada arrib\u00f3 al aeropuerto de Recife, en Brasil, el Airbus A321F n\u00famero de serie 775, el cual operar\u00e1 para Levu Air Cargo, marcando el debut de ese modelo&hellip;\" \/>\n<meta property=\"og:url\" content=\"https:\/\/noticias.sunrisecargo.com\/?p=9848\" \/>\n<meta property=\"og:site_name\" content=\"Noticias Sunrise Cargo\" \/>\n<meta property=\"article:published_time\" content=\"2024-05-27T10:47:00+00:00\" \/>\n<meta property=\"article:modified_time\" content=\"2024-05-27T11:40:54+00:00\" \/>\n<meta property=\"og:image\" content=\"https:\/\/noticias.sunrisecargo.com\/wp-content\/uploads\/2024\/05\/06-8.png\" \/>\n\t<meta property=\"og:image:width\" content=\"800\" \/>\n\t<meta property=\"og:image:height\" content=\"480\" \/>\n<meta name=\"twitter:card\" content=\"summary_large_image\" \/>\n<meta name=\"twitter:label1\" content=\"Est. reading time\">\n\t<meta name=\"twitter:data1\" content=\"2 minutos\">\n<script type=\"application\/ld+json\" class=\"yoast-schema-graph\">{\"@context\":\"https:\/\/schema.org\",\"@graph\":[{\"@type\":\"Organization\",\"@id\":\"https:\/\/noticias.sunrisecargo.com\/#organization\",\"name\":\"Sunrise Cargo SAS\",\"url\":\"https:\/\/noticias.sunrisecargo.com\/\",\"sameAs\":[],\"logo\":{\"@type\":\"ImageObject\",\"@id\":\"https:\/\/noticias.sunrisecargo.com\/#logo\",\"inLanguage\":\"es-CO\",\"url\":\"https:\/\/noticias.sunrisecargo.com\/wp-content\/uploads\/2021\/04\/ICONO-NOTI-SUNRISE.png\",\"contentUrl\":\"https:\/\/noticias.sunrisecargo.com\/wp-content\/uploads\/2021\/04\/ICONO-NOTI-SUNRISE.png\",\"width\":37,\"height\":37,\"caption\":\"Sunrise Cargo SAS\"},\"image\":{\"@id\":\"https:\/\/noticias.sunrisecargo.com\/#logo\"}},{\"@type\":\"WebSite\",\"@id\":\"https:\/\/noticias.sunrisecargo.com\/#website\",\"url\":\"https:\/\/noticias.sunrisecargo.com\/\",\"name\":\"Noticias Sunrise Cargo\",\"description\":\"Noticias de Inter\\u00e9s\",\"publisher\":{\"@id\":\"https:\/\/noticias.sunrisecargo.com\/#organization\"},\"potentialAction\":[{\"@type\":\"SearchAction\",\"target\":\"https:\/\/noticias.sunrisecargo.com\/?s={search_term_string}\",\"query-input\":\"required name=search_term_string\"}],\"inLanguage\":\"es-CO\"},{\"@type\":\"ImageObject\",\"@id\":\"https:\/\/noticias.sunrisecargo.com\/?p=9848#primaryimage\",\"inLanguage\":\"es-CO\",\"url\":\"https:\/\/noticias.sunrisecargo.com\/wp-content\/uploads\/2024\/05\/06-8.png\",\"contentUrl\":\"https:\/\/noticias.sunrisecargo.com\/wp-content\/uploads\/2024\/05\/06-8.png\",\"width\":800,\"height\":480},{\"@type\":\"WebPage\",\"@id\":\"https:\/\/noticias.sunrisecargo.com\/?p=9848#webpage\",\"url\":\"https:\/\/noticias.sunrisecargo.com\/?p=9848\",\"name\":\"El A321 carguero debuta en Latinoam\\u00e9rica con Levu Air Cargo - Noticias Sunrise Cargo\",\"isPartOf\":{\"@id\":\"https:\/\/noticias.sunrisecargo.com\/#website\"},\"primaryImageOfPage\":{\"@id\":\"https:\/\/noticias.sunrisecargo.com\/?p=9848#primaryimage\"},\"datePublished\":\"2024-05-27T10:47:00+00:00\",\"dateModified\":\"2024-05-27T11:40:54+00:00\",\"breadcrumb\":{\"@id\":\"https:\/\/noticias.sunrisecargo.com\/?p=9848#breadcrumb\"},\"inLanguage\":\"es-CO\",\"potentialAction\":[{\"@type\":\"ReadAction\",\"target\":[\"https:\/\/noticias.sunrisecargo.com\/?p=9848\"]}]},{\"@type\":\"BreadcrumbList\",\"@id\":\"https:\/\/noticias.sunrisecargo.com\/?p=9848#breadcrumb\",\"itemListElement\":[{\"@type\":\"ListItem\",\"position\":1,\"item\":{\"@type\":\"WebPage\",\"@id\":\"https:\/\/noticias.sunrisecargo.com\/\",\"url\":\"https:\/\/noticias.sunrisecargo.com\/\",\"name\":\"Home\"}},{\"@type\":\"ListItem\",\"position\":2,\"item\":{\"@type\":\"WebPage\",\"@id\":\"https:\/\/noticias.sunrisecargo.com\/?p=9848\",\"url\":\"https:\/\/noticias.sunrisecargo.com\/?p=9848\",\"name\":\"El A321 carguero debuta en Latinoam\\u00e9rica con Levu Air Cargo\"}}]},{\"@type\":\"Article\",\"@id\":\"https:\/\/noticias.sunrisecargo.com\/?p=9848#article\",\"isPartOf\":{\"@id\":\"https:\/\/noticias.sunrisecargo.com\/?p=9848#webpage\"},\"author\":{\"@id\":\"https:\/\/noticias.sunrisecargo.com\/#\/schema\/person\/6dc68534970689383af81dce59c92bbc\"},\"headline\":\"El A321 carguero debuta en Latinoam\\u00e9rica con Levu Air Cargo\",\"datePublished\":\"2024-05-27T10:47:00+00:00\",\"dateModified\":\"2024-05-27T11:40:54+00:00\",\"mainEntityOfPage\":{\"@id\":\"https:\/\/noticias.sunrisecargo.com\/?p=9848#webpage\"},\"publisher\":{\"@id\":\"https:\/\/noticias.sunrisecargo.com\/#organization\"},\"image\":{\"@id\":\"https:\/\/noticias.sunrisecargo.com\/?p=9848#primaryimage\"},\"articleSection\":\"Pricing\",\"inLanguage\":\"es-CO\"},{\"@type\":\"Person\",\"@id\":\"https:\/\/noticias.sunrisecargo.com\/#\/schema\/person\/6dc68534970689383af81dce59c92bbc\",\"name\":\"Sunrise Cargo\",\"image\":{\"@type\":\"ImageObject\",\"@id\":\"https:\/\/noticias.sunrisecargo.com\/#personlogo\",\"inLanguage\":\"es-CO\",\"url\":\"https:\/\/secure.gravatar.com\/avatar\/064fc68894aee252e3d51c81d7d0798bc56bf526018995fa222e730d9052fdd8?s=96&d=mm&r=g\",\"contentUrl\":\"https:\/\/secure.gravatar.com\/avatar\/064fc68894aee252e3d51c81d7d0798bc56bf526018995fa222e730d9052fdd8?s=96&d=mm&r=g\",\"caption\":\"Sunrise Cargo\"},\"sameAs\":[\"http:\/\/noticias.sunrisecargo.com\"]}]}<\/script>\n<!-- \/ Yoast SEO plugin. -->","_links":{"self":[{"href":"https:\/\/noticias.sunrisecargo.com\/index.php?rest_route=\/wp\/v2\/posts\/9848","targetHints":{"allow":["GET"]}}],"collection":[{"href":"https:\/\/noticias.sunrisecargo.com\/index.php?rest_route=\/wp\/v2\/posts"}],"about":[{"href":"https:\/\/noticias.sunrisecargo.com\/index.php?rest_route=\/wp\/v2\/types\/post"}],"author":[{"embeddable":true,"href":"https:\/\/noticias.sunrisecargo.com\/index.php?rest_route=\/wp\/v2\/users\/4"}],"replies":[{"embeddable":true,"href":"https:\/\/noticias.sunrisecargo.com\/index.php?rest_route=%2Fwp%2Fv2%2Fcomments&post=9848"}],"version-history":[{"count":1,"href":"https:\/\/noticias.sunrisecargo.com\/index.php?rest_route=\/wp\/v2\/posts\/9848\/revisions"}],"predecessor-version":[{"id":9876,"href":"https:\/\/noticias.sunrisecargo.com\/index.php?rest_route=\/wp\/v2\/posts\/9848\/revisions\/9876"}],"wp:featuredmedia":[{"embeddable":true,"href":"https:\/\/noticias.sunrisecargo.com\/index.php?rest_route=\/wp\/v2\/media\/9875"}],"wp:attachment":[{"href":"https:\/\/noticias.sunrisecargo.com\/index.php?rest_route=%2Fwp%2Fv2%2Fmedia&parent=9848"}],"wp:term":[{"taxonomy":"category","embeddable":true,"href":"https:\/\/noticias.sunrisecargo.com\/index.php?rest_route=%2Fwp%2Fv2%2Fcategories&post=9848"},{"taxonomy":"post_tag","embeddable":true,"href":"https:\/\/noticias.sunrisecargo.com\/index.php?rest_route=%2Fwp%2Fv2%2Ftags&post=9848"}],"curies":[{"name":"wp","href":"https:\/\/api.w.org\/{rel}","templated":true}]}}