{"id":9845,"date":"2024-05-27T05:47:00","date_gmt":"2024-05-27T10:47:00","guid":{"rendered":"https:\/\/noticias.sunrisecargo.com\/?p=9845"},"modified":"2024-05-26T07:51:46","modified_gmt":"2024-05-26T12:51:46","slug":"exportaciones-e-importaciones-desde-zonas-francas-bajaron-mas-de-27-en-marzo","status":"publish","type":"post","link":"https:\/\/noticias.sunrisecargo.com\/?p=9845","title":{"rendered":"Exportaciones e importaciones desde zonas francas bajaron m\u00e1s de 27% en marzo"},"content":{"rendered":"\n<figure class=\"wp-block-image size-large\"><img loading=\"lazy\" decoding=\"async\" width=\"1024\" height=\"535\" src=\"https:\/\/noticias.sunrisecargo.com\/wp-content\/uploads\/2024\/05\/image-25-1024x535.png\" alt=\"\" class=\"wp-image-9851\" srcset=\"https:\/\/noticias.sunrisecargo.com\/wp-content\/uploads\/2024\/05\/image-25-1024x535.png 1024w, https:\/\/noticias.sunrisecargo.com\/wp-content\/uploads\/2024\/05\/image-25-300x157.png 300w, https:\/\/noticias.sunrisecargo.com\/wp-content\/uploads\/2024\/05\/image-25-768x401.png 768w, https:\/\/noticias.sunrisecargo.com\/wp-content\/uploads\/2024\/05\/image-25.png 1200w\" sizes=\"auto, (max-width: 1024px) 100vw, 1024px\" \/><\/figure>\n\n\n\n<p>Seg\u00fan el Dane, las cifras bajaron en comparaci\u00f3n con 2023, debido a la salida de bienes procesados y el ingreso de materias primas<\/p>\n\n\n\n<p>Desde 2021 el Dane incluye en el bolet\u00edn t\u00e9cnico la desagregaci\u00f3n de los flujos comerciales de comercio exterior de mercanc\u00edas en zonas francas, seg\u00fan bolsas del arancel de aduanas.<\/p>\n\n\n\n<p>Para marzo del presente a\u00f1o,<strong>\u00a0la entidad registr\u00f3 que las exportaciones e importaciones disminuyeron m\u00e1s de 27% frente al mismo periodo de 2023, con bajas de 28,4% y 27,1%<\/strong>, respectivamente.<\/p>\n\n\n\n<h2 class=\"wp-block-heading\">Las exportaciones<\/h2>\n\n\n\n<p>De acuerdo con el Dane,\u00a0<strong>las exportaciones desde las zonas francas cayeron 28,4% con una cifra en ventas de US$236,4 millones FOB, mientras que en 2023 la cifra super\u00f3 los US$329,9 millones<\/strong>.<\/p>\n\n\n\n<p><strong>La entidad explic\u00f3 que este comportamiento se dio a causa de las salidas al resto del mundo de bienes procesados o transformados por un usuario industrial de zona franca<\/strong>, las cuales aportaron 29,5 puntos porcentuales negativos a la variaci\u00f3n total del registro.<\/p>\n\n\n\n<p>Por otro lado, estas cifras negativas tambi\u00e9n se reflejaron en las Zonas Francas Permanentes Especiales, Zfpe,\u00a0<strong>ya que presentaron una disminuci\u00f3n de 43,4%.<\/strong><\/p>\n\n\n\n<figure class=\"wp-block-image size-large\"><img loading=\"lazy\" decoding=\"async\" width=\"600\" height=\"1024\" src=\"https:\/\/noticias.sunrisecargo.com\/wp-content\/uploads\/2024\/05\/image-24-600x1024.png\" alt=\"\" class=\"wp-image-9850\" srcset=\"https:\/\/noticias.sunrisecargo.com\/wp-content\/uploads\/2024\/05\/image-24-600x1024.png 600w, https:\/\/noticias.sunrisecargo.com\/wp-content\/uploads\/2024\/05\/image-24-176x300.png 176w, https:\/\/noticias.sunrisecargo.com\/wp-content\/uploads\/2024\/05\/image-24-768x1311.png 768w, https:\/\/noticias.sunrisecargo.com\/wp-content\/uploads\/2024\/05\/image-24-900x1536.png 900w, https:\/\/noticias.sunrisecargo.com\/wp-content\/uploads\/2024\/05\/image-24.png 1200w\" sizes=\"auto, (max-width: 600px) 100vw, 600px\" \/><\/figure>\n\n\n\n<p>Las exportaciones desde las Zonas Francas Permanentes, ZFP,\u00a0<strong>registraron una ca\u00edda de 9%<\/strong>, mientras que las ZFP de Rionegro y Barranquilla, en conjunto, contribuyeron negativamente con 7,2 puntos en los resultados finales.<\/p>\n\n\n\n<p>Sin embargo, la ZFP de la Cayena y la Internacional del Atl\u00e1ntico aportaron, en conjunto,<strong>\u00a02,2 puntos porcentuales positivos a la variaci\u00f3n total de las exportaciones en marzo.<\/strong><\/p>\n\n\n\n<p><strong>El aumento de las ventas hacia Estados Unidos aport\u00f3 negativamente 21,4 puntos porcentuales a la variaci\u00f3n de las exportaciones.<\/strong>&nbsp;La comercializaci\u00f3n hacia Puerto Rico y Egipto contribuyeron con 7,4 puntos porcentuales negativos a la variaci\u00f3n total. Pero, las operaciones hacia Per\u00fa y Pa\u00edses Bajos aportaron cinco puntos porcentuales positivos a la variaci\u00f3n de las ventas totales a marzo.<\/p>\n\n\n\n<h2 class=\"wp-block-heading\">Las importaciones<\/h2>\n\n\n\n<p>El Departamento Administrativo Nacional de Estad\u00edstica inform\u00f3 que las importaciones, al igual que las exportaciones desde las zonas francas, tuvieron un comportamiento negativo,<strong>&nbsp;debido a que estas reflejaron una disminuci\u00f3n de 27,1%, al pasar de US$178,5 millones CIF en marzo del a\u00f1o pasado a US$130,2 millones CIF en el mismo periodo de 2024.<\/strong><\/p>\n\n\n\n<p>La organizaci\u00f3n explic\u00f3 que este comportamiento se ocasion\u00f3 porque las Zfpe (-44%), contribuyeron con 25,1 puntos porcentuales negativos y las ZFP (-4,5%),<strong>&nbsp;aportaron 1,9 puntos porcentuales negativos a la variaci\u00f3n total de las importaciones, -27,1%.<\/strong><\/p>\n\n\n\n<p>Las ZFP Quind\u00edo Zona Franca S.A y ZFP Barranquilla aportaron 6,4 puntos porcentuales a la baja. Por otro lado,&nbsp;<strong>las ZFP de Tocancip\u00e1 y ZFP Internacional de Pereira representaron un aporte de 6,4 puntos porcentuales positivos a la variaci\u00f3n de las importaciones.<\/strong><\/p>\n\n\n\n<p>El Dane inform\u00f3 que la ca\u00edda de las importaciones se dio a causa, principalmente, del lento ingreso de materias primas, insumos, bienes intermedios, partes y piezas para ser transformadas,&nbsp;<strong>que aport\u00f3 23,9 puntos porcentuales negativos a la variaci\u00f3n.<\/strong><\/p>\n\n\n\n<p>Debido al retroceso en las compras externas a Trinidad y Tobago, estas reflejaron 18,7 puntos porcentuales negativos a la variaci\u00f3n total de las importaciones. Adem\u00e1s,&nbsp;<strong>las mercanc\u00edas originarias de Alemania y Brasil contribuyeron 6,1 puntos porcentuales negativos a la variaci\u00f3n total.<\/strong><\/p>\n\n\n\n<p>Las importaciones de origen tailand\u00e9s y de Suecia aportaron 2,4 puntos porcentuales positivos a la variaci\u00f3n de las ventas internas totales.<\/p>\n\n\n\n<h2 class=\"wp-block-heading\">La balanza comercial<\/h2>\n\n\n\n<p>En el acumulado de 2024,<strong>&nbsp;las balanzas comerciales de las zonas francas presentaron, en el caso de las Zfpe, un super\u00e1vit de US$200,9 millones FOB y las ZFP de US$139,0 millones FOB.<\/strong><\/p>\n\n\n\n<p>Los mayores super\u00e1vits se registraron en la ZFP Palmaseca, con US$37,7 millones, seguida de la ZFP Rionegro con US$35,1 millones,&nbsp;<strong>mientras que los d\u00e9ficits se dieron en la Internacional de Pereira y Tocancip\u00e1.<\/strong><\/p>\n\n\n\n<h2 class=\"wp-block-heading\">Los ingresos totales de mercanc\u00edas a las zonas francas colombianas<\/h2>\n\n\n\n<p><strong>Seg\u00fan el Dane, los ingresos totales de mercanc\u00edas a las zonas francas colombianas disminuyeron 6,6%, al pasar de US$2.644 millones CIF, en marzo de 2023, a US$2.469,5 millones CIF en el mismo periodo de este a\u00f1o.<\/strong>\u00a0Adem\u00e1s, los ingresos desde el resto del mundo diminuyeron 22,1% y los del territorio aduanero nacional contribuyeron con 7,1 puntos porcentuales positivos. Cuando se miran las salidas de las mercanc\u00edas, estas aumentaron 0,4%, al pasar de US$2.797,1 millones en 2023 a US$2.807 millones este a\u00f1o.<\/p>\n\n\n\n<p><\/p>\n\n\n\n<p>Fuente: <a href=\"https:\/\/www.larepublica.co\/economia\/exportaciones-e-importaciones-marzo-2024-3864395\" target=\"_blank\" rel=\"noreferrer noopener\">https:\/\/www.larepublica.co\/economia\/exportaciones-e-importaciones-marzo-2024-3864395<\/a><\/p>\n","protected":false},"excerpt":{"rendered":"<p>Seg\u00fan el Dane, las cifras bajaron en comparaci\u00f3n con 2023, debido a la salida de bienes procesados y el ingreso de materias primas Desde 2021 el Dane incluye en el&hellip; <\/p>\n","protected":false},"author":4,"featured_media":9852,"comment_status":"closed","ping_status":"open","sticky":false,"template":"","format":"standard","meta":{"_monsterinsights_skip_tracking":false,"_monsterinsights_sitenote_active":false,"_monsterinsights_sitenote_note":"","_monsterinsights_sitenote_category":0,"footnotes":""},"categories":[19],"tags":[],"class_list":["post-9845","post","type-post","status-publish","format-standard","has-post-thumbnail","hentry","category-operaciones"],"yoast_head":"<!-- This site is optimized with the Yoast SEO plugin v16.1.1 - https:\/\/yoast.com\/wordpress\/plugins\/seo\/ -->\n<title>Exportaciones e importaciones desde zonas francas bajaron m\u00e1s de 27% en marzo - Noticias Sunrise Cargo<\/title>\n<link rel=\"canonical\" href=\"https:\/\/noticias.sunrisecargo.com\/?p=9845\" \/>\n<meta property=\"og:locale\" content=\"es_ES\" \/>\n<meta property=\"og:type\" content=\"article\" \/>\n<meta property=\"og:title\" content=\"Exportaciones e importaciones desde zonas francas bajaron m\u00e1s de 27% en marzo - Noticias Sunrise Cargo\" \/>\n<meta property=\"og:description\" content=\"Seg\u00fan el Dane, las cifras bajaron en comparaci\u00f3n con 2023, debido a la salida de bienes procesados y el ingreso de materias primas Desde 2021 el Dane incluye en el&hellip;\" \/>\n<meta property=\"og:url\" content=\"https:\/\/noticias.sunrisecargo.com\/?p=9845\" \/>\n<meta property=\"og:site_name\" content=\"Noticias Sunrise Cargo\" \/>\n<meta property=\"article:published_time\" content=\"2024-05-27T10:47:00+00:00\" \/>\n<meta property=\"article:modified_time\" content=\"2024-05-26T12:51:46+00:00\" \/>\n<meta property=\"og:image\" content=\"https:\/\/noticias.sunrisecargo.com\/wp-content\/uploads\/2024\/05\/01-5.png\" \/>\n\t<meta property=\"og:image:width\" content=\"800\" \/>\n\t<meta property=\"og:image:height\" content=\"480\" \/>\n<meta name=\"twitter:card\" content=\"summary_large_image\" \/>\n<meta name=\"twitter:label1\" content=\"Est. reading time\">\n\t<meta name=\"twitter:data1\" content=\"4 minutos\">\n<script type=\"application\/ld+json\" class=\"yoast-schema-graph\">{\"@context\":\"https:\/\/schema.org\",\"@graph\":[{\"@type\":\"Organization\",\"@id\":\"https:\/\/noticias.sunrisecargo.com\/#organization\",\"name\":\"Sunrise Cargo SAS\",\"url\":\"https:\/\/noticias.sunrisecargo.com\/\",\"sameAs\":[],\"logo\":{\"@type\":\"ImageObject\",\"@id\":\"https:\/\/noticias.sunrisecargo.com\/#logo\",\"inLanguage\":\"es-CO\",\"url\":\"https:\/\/noticias.sunrisecargo.com\/wp-content\/uploads\/2021\/04\/ICONO-NOTI-SUNRISE.png\",\"contentUrl\":\"https:\/\/noticias.sunrisecargo.com\/wp-content\/uploads\/2021\/04\/ICONO-NOTI-SUNRISE.png\",\"width\":37,\"height\":37,\"caption\":\"Sunrise Cargo SAS\"},\"image\":{\"@id\":\"https:\/\/noticias.sunrisecargo.com\/#logo\"}},{\"@type\":\"WebSite\",\"@id\":\"https:\/\/noticias.sunrisecargo.com\/#website\",\"url\":\"https:\/\/noticias.sunrisecargo.com\/\",\"name\":\"Noticias Sunrise Cargo\",\"description\":\"Noticias de Inter\\u00e9s\",\"publisher\":{\"@id\":\"https:\/\/noticias.sunrisecargo.com\/#organization\"},\"potentialAction\":[{\"@type\":\"SearchAction\",\"target\":\"https:\/\/noticias.sunrisecargo.com\/?s={search_term_string}\",\"query-input\":\"required name=search_term_string\"}],\"inLanguage\":\"es-CO\"},{\"@type\":\"ImageObject\",\"@id\":\"https:\/\/noticias.sunrisecargo.com\/?p=9845#primaryimage\",\"inLanguage\":\"es-CO\",\"url\":\"https:\/\/noticias.sunrisecargo.com\/wp-content\/uploads\/2024\/05\/01-5.png\",\"contentUrl\":\"https:\/\/noticias.sunrisecargo.com\/wp-content\/uploads\/2024\/05\/01-5.png\",\"width\":800,\"height\":480},{\"@type\":\"WebPage\",\"@id\":\"https:\/\/noticias.sunrisecargo.com\/?p=9845#webpage\",\"url\":\"https:\/\/noticias.sunrisecargo.com\/?p=9845\",\"name\":\"Exportaciones e importaciones desde zonas francas bajaron m\\u00e1s de 27% en marzo - Noticias Sunrise Cargo\",\"isPartOf\":{\"@id\":\"https:\/\/noticias.sunrisecargo.com\/#website\"},\"primaryImageOfPage\":{\"@id\":\"https:\/\/noticias.sunrisecargo.com\/?p=9845#primaryimage\"},\"datePublished\":\"2024-05-27T10:47:00+00:00\",\"dateModified\":\"2024-05-26T12:51:46+00:00\",\"breadcrumb\":{\"@id\":\"https:\/\/noticias.sunrisecargo.com\/?p=9845#breadcrumb\"},\"inLanguage\":\"es-CO\",\"potentialAction\":[{\"@type\":\"ReadAction\",\"target\":[\"https:\/\/noticias.sunrisecargo.com\/?p=9845\"]}]},{\"@type\":\"BreadcrumbList\",\"@id\":\"https:\/\/noticias.sunrisecargo.com\/?p=9845#breadcrumb\",\"itemListElement\":[{\"@type\":\"ListItem\",\"position\":1,\"item\":{\"@type\":\"WebPage\",\"@id\":\"https:\/\/noticias.sunrisecargo.com\/\",\"url\":\"https:\/\/noticias.sunrisecargo.com\/\",\"name\":\"Home\"}},{\"@type\":\"ListItem\",\"position\":2,\"item\":{\"@type\":\"WebPage\",\"@id\":\"https:\/\/noticias.sunrisecargo.com\/?p=9845\",\"url\":\"https:\/\/noticias.sunrisecargo.com\/?p=9845\",\"name\":\"Exportaciones e importaciones desde zonas francas bajaron m\\u00e1s de 27% en marzo\"}}]},{\"@type\":\"Article\",\"@id\":\"https:\/\/noticias.sunrisecargo.com\/?p=9845#article\",\"isPartOf\":{\"@id\":\"https:\/\/noticias.sunrisecargo.com\/?p=9845#webpage\"},\"author\":{\"@id\":\"https:\/\/noticias.sunrisecargo.com\/#\/schema\/person\/6dc68534970689383af81dce59c92bbc\"},\"headline\":\"Exportaciones e importaciones desde zonas francas bajaron m\\u00e1s de 27% en marzo\",\"datePublished\":\"2024-05-27T10:47:00+00:00\",\"dateModified\":\"2024-05-26T12:51:46+00:00\",\"mainEntityOfPage\":{\"@id\":\"https:\/\/noticias.sunrisecargo.com\/?p=9845#webpage\"},\"publisher\":{\"@id\":\"https:\/\/noticias.sunrisecargo.com\/#organization\"},\"image\":{\"@id\":\"https:\/\/noticias.sunrisecargo.com\/?p=9845#primaryimage\"},\"articleSection\":\"Operaciones\",\"inLanguage\":\"es-CO\"},{\"@type\":\"Person\",\"@id\":\"https:\/\/noticias.sunrisecargo.com\/#\/schema\/person\/6dc68534970689383af81dce59c92bbc\",\"name\":\"Sunrise Cargo\",\"image\":{\"@type\":\"ImageObject\",\"@id\":\"https:\/\/noticias.sunrisecargo.com\/#personlogo\",\"inLanguage\":\"es-CO\",\"url\":\"https:\/\/secure.gravatar.com\/avatar\/064fc68894aee252e3d51c81d7d0798bc56bf526018995fa222e730d9052fdd8?s=96&d=mm&r=g\",\"contentUrl\":\"https:\/\/secure.gravatar.com\/avatar\/064fc68894aee252e3d51c81d7d0798bc56bf526018995fa222e730d9052fdd8?s=96&d=mm&r=g\",\"caption\":\"Sunrise Cargo\"},\"sameAs\":[\"http:\/\/noticias.sunrisecargo.com\"]}]}<\/script>\n<!-- \/ Yoast SEO plugin. -->","_links":{"self":[{"href":"https:\/\/noticias.sunrisecargo.com\/index.php?rest_route=\/wp\/v2\/posts\/9845","targetHints":{"allow":["GET"]}}],"collection":[{"href":"https:\/\/noticias.sunrisecargo.com\/index.php?rest_route=\/wp\/v2\/posts"}],"about":[{"href":"https:\/\/noticias.sunrisecargo.com\/index.php?rest_route=\/wp\/v2\/types\/post"}],"author":[{"embeddable":true,"href":"https:\/\/noticias.sunrisecargo.com\/index.php?rest_route=\/wp\/v2\/users\/4"}],"replies":[{"embeddable":true,"href":"https:\/\/noticias.sunrisecargo.com\/index.php?rest_route=%2Fwp%2Fv2%2Fcomments&post=9845"}],"version-history":[{"count":1,"href":"https:\/\/noticias.sunrisecargo.com\/index.php?rest_route=\/wp\/v2\/posts\/9845\/revisions"}],"predecessor-version":[{"id":9853,"href":"https:\/\/noticias.sunrisecargo.com\/index.php?rest_route=\/wp\/v2\/posts\/9845\/revisions\/9853"}],"wp:featuredmedia":[{"embeddable":true,"href":"https:\/\/noticias.sunrisecargo.com\/index.php?rest_route=\/wp\/v2\/media\/9852"}],"wp:attachment":[{"href":"https:\/\/noticias.sunrisecargo.com\/index.php?rest_route=%2Fwp%2Fv2%2Fmedia&parent=9845"}],"wp:term":[{"taxonomy":"category","embeddable":true,"href":"https:\/\/noticias.sunrisecargo.com\/index.php?rest_route=%2Fwp%2Fv2%2Fcategories&post=9845"},{"taxonomy":"post_tag","embeddable":true,"href":"https:\/\/noticias.sunrisecargo.com\/index.php?rest_route=%2Fwp%2Fv2%2Ftags&post=9845"}],"curies":[{"name":"wp","href":"https:\/\/api.w.org\/{rel}","templated":true}]}}