{"id":9785,"date":"2024-05-14T07:55:28","date_gmt":"2024-05-14T12:55:28","guid":{"rendered":"https:\/\/noticias.sunrisecargo.com\/?p=9785"},"modified":"2024-05-14T07:55:31","modified_gmt":"2024-05-14T12:55:31","slug":"empresas-agricolas-argentinas-iniciaran-acciones-legales-contra-puerto-coronel-por-paro","status":"publish","type":"post","link":"https:\/\/noticias.sunrisecargo.com\/?p=9785","title":{"rendered":"Empresas agr\u00edcolas argentinas iniciar\u00e1n acciones legales contra Puerto Coronel por paro"},"content":{"rendered":"\n<figure class=\"wp-block-image size-large\"><img loading=\"lazy\" decoding=\"async\" width=\"1024\" height=\"576\" src=\"https:\/\/noticias.sunrisecargo.com\/wp-content\/uploads\/2024\/05\/image-15-1024x576.png\" alt=\"\" class=\"wp-image-9794\" srcset=\"https:\/\/noticias.sunrisecargo.com\/wp-content\/uploads\/2024\/05\/image-15-1024x576.png 1024w, https:\/\/noticias.sunrisecargo.com\/wp-content\/uploads\/2024\/05\/image-15-300x169.png 300w, https:\/\/noticias.sunrisecargo.com\/wp-content\/uploads\/2024\/05\/image-15-768x432.png 768w, https:\/\/noticias.sunrisecargo.com\/wp-content\/uploads\/2024\/05\/image-15-1536x864.png 1536w, https:\/\/noticias.sunrisecargo.com\/wp-content\/uploads\/2024\/05\/image-15.png 2048w\" sizes=\"auto, (max-width: 1024px) 100vw, 1024px\" \/><\/figure>\n\n\n\n<p><\/p>\n\n\n\n<p>Empresas agr\u00edcolas de Argentina iniciar\u00e1n acciones legales contra&nbsp;<strong>Puerto Coronel<\/strong>&nbsp;por la detenci\u00f3n de faenas que comenz\u00f3 el&nbsp;<a href=\"https:\/\/portalportuario.cl\/protestas-obligan-a-paro-de-dos-turnos-en-puerto-de-coronel\/\" target=\"_blank\" rel=\"noreferrer noopener\">pasado 26 de marzo<\/a>, tras desaveniencias con los trabajadores portuarios eventuales respecto de la implementaci\u00f3n de una pol\u00edtica de alcohol y drogas que, seg\u00fan el operador, rechazaron con el mecanismo de ruedas cuadradas, obligando -debido a la baja productividad- a cerrar las instalaciones.<\/p>\n\n\n\n<p>Seg\u00fan el medio argentino<a href=\"https:\/\/masp.lmneuquen.com\/\" target=\"_blank\" rel=\"noreferrer noopener\"><strong>&nbsp;M\u00e1s Producci\u00f3n,<\/strong><\/a>&nbsp;los empresarios frut\u00edcolas del Valle de R\u00edo Negro y Neuqu\u00e9n iniciar\u00e1n acciones legales contra la terminal del Puerto de Coronel, Chile, por los millonarios da\u00f1os que est\u00e1 generando la protesta de trabajadores que bloquean la salida de fruta argentina hacia los mercados de la costa oeste de Estados Unidos y de Per\u00fa.<\/p>\n\n\n\n<p>\u201cEstamos sumamente preocupados por lo que ocurre en Puerto Coronel. Tenemos paralizados hace ya unas semanas alrededor de 120 contenedores con peras y manzanas listas para partir a los mercados, y la terminal no nos esta dando ninguna respuesta\u201d, destac\u00f3 el presidente de la<strong>&nbsp;C\u00e1mara Argentina de Fruticultores Integrados (CAFI), Nicol\u00e1s S\u00e1nchez,<\/strong>&nbsp;en di\u00e1logo con +P.<\/p>\n\n\n\n<p>El ejecutivo se\u00f1al\u00f3 que se est\u00e1n iniciando acciones legales contra la terminal por la falta de respuesta y los da\u00f1os y perjuicios que est\u00e1 ocacionando este bloqueo. Seg\u00fan datos preliminares las p\u00e9rdidas se ubicar\u00edan en otorno a los 3 millones de d\u00f3lares, teniendo en cuenta que existen en juego cerca de 2,5 millones de de kilos fruta.<\/p>\n\n\n\n<p>\u201cNos ofrecieron el servicio e inclusive se acercaron a nuestras oficinas del Valle para mostrarnos las cualidades que ten\u00eda la terminal. Esto nunca nos pas\u00f3\u2026ni siquiera en la Argentina que es un pa\u00eds, de por s\u00ed, conflictivo\u201d, protest\u00f3 S\u00e1nchez.<\/p>\n\n\n\n<p>El principal problema es que, de volverse operativo el puerto, no se sabe a ciencia cierta como est\u00e1 la fruta en los contenedores y de que forma llegar\u00e1 a destino.<\/p>\n\n\n\n<p>\u201cSeguramente tendremos problemas con nuestros operadores en destino, ya que la fruta no presentar\u00e1 la calidad con la que sali\u00f3 del el Valle\u201d, remarc\u00f3 el titular de CAFI.<\/p>\n\n\n\n<p>Cabe se\u00f1alar que la mayor parte de la fruta del Valle de R\u00edo Negro y Neuqu\u00e9n que se orienta a destinos del Pac\u00edfico salen por los\u00a0<strong>puertos del sur de Chile<\/strong>\u00a0entre los que se encuentra San Vicente, Puerto Coronel y Lirqu\u00e9n, adem\u00e1s de San Antonio en la zona central.<\/p>\n\n\n\n<p><\/p>\n\n\n\n<p>Fuente: <a href=\"https:\/\/portalportuario.cl\/empresas-agricolas-argentinas-iniciaran-acciones-legales-contra-puerto-coronel-por-paro\/\" target=\"_blank\" rel=\"noreferrer noopener\">https:\/\/portalportuario.cl\/empresas-agricolas-argentinas-iniciaran-acciones-legales-contra-puerto-coronel-por-paro\/<\/a><\/p>\n\n\n\n<p><a href=\"https:\/\/portalportuario.cl\/empresas-agricolas-argentinas-iniciaran-acciones-legales-contra-puerto-coronel-por-paro\/\"><\/a><\/p>\n","protected":false},"excerpt":{"rendered":"<p>Empresas agr\u00edcolas de Argentina iniciar\u00e1n acciones legales contra&nbsp;Puerto Coronel&nbsp;por la detenci\u00f3n de faenas que comenz\u00f3 el&nbsp;pasado 26 de marzo, tras desaveniencias con los trabajadores portuarios eventuales respecto de la implementaci\u00f3n&hellip; <\/p>\n","protected":false},"author":4,"featured_media":0,"comment_status":"closed","ping_status":"open","sticky":false,"template":"","format":"standard","meta":{"_monsterinsights_skip_tracking":false,"_monsterinsights_sitenote_active":false,"_monsterinsights_sitenote_note":"","_monsterinsights_sitenote_category":0,"footnotes":""},"categories":[18],"tags":[],"class_list":["post-9785","post","type-post","status-publish","format-standard","hentry","category-pricing"],"yoast_head":"<!-- This site is optimized with the Yoast SEO plugin v16.1.1 - https:\/\/yoast.com\/wordpress\/plugins\/seo\/ -->\n<title>Empresas agr\u00edcolas argentinas iniciar\u00e1n acciones legales contra Puerto Coronel por paro - Noticias Sunrise Cargo<\/title>\n<link rel=\"canonical\" href=\"https:\/\/noticias.sunrisecargo.com\/?p=9785\" \/>\n<meta property=\"og:locale\" content=\"es_ES\" \/>\n<meta property=\"og:type\" content=\"article\" \/>\n<meta property=\"og:title\" content=\"Empresas agr\u00edcolas argentinas iniciar\u00e1n acciones legales contra Puerto Coronel por paro - Noticias Sunrise Cargo\" \/>\n<meta property=\"og:description\" content=\"Empresas agr\u00edcolas de Argentina iniciar\u00e1n acciones legales contra&nbsp;Puerto Coronel&nbsp;por la detenci\u00f3n de faenas que comenz\u00f3 el&nbsp;pasado 26 de marzo, tras desaveniencias con los trabajadores portuarios eventuales respecto de la implementaci\u00f3n&hellip;\" \/>\n<meta property=\"og:url\" content=\"https:\/\/noticias.sunrisecargo.com\/?p=9785\" \/>\n<meta property=\"og:site_name\" content=\"Noticias Sunrise Cargo\" \/>\n<meta property=\"article:published_time\" content=\"2024-05-14T12:55:28+00:00\" \/>\n<meta property=\"article:modified_time\" content=\"2024-05-14T12:55:31+00:00\" \/>\n<meta property=\"og:image\" content=\"https:\/\/noticias.sunrisecargo.com\/wp-content\/uploads\/2024\/05\/image-15-1024x576.png\" \/>\n<meta name=\"twitter:card\" content=\"summary_large_image\" \/>\n<meta name=\"twitter:label1\" content=\"Est. reading time\">\n\t<meta name=\"twitter:data1\" content=\"2 minutos\">\n<script type=\"application\/ld+json\" class=\"yoast-schema-graph\">{\"@context\":\"https:\/\/schema.org\",\"@graph\":[{\"@type\":\"Organization\",\"@id\":\"https:\/\/noticias.sunrisecargo.com\/#organization\",\"name\":\"Sunrise Cargo SAS\",\"url\":\"https:\/\/noticias.sunrisecargo.com\/\",\"sameAs\":[],\"logo\":{\"@type\":\"ImageObject\",\"@id\":\"https:\/\/noticias.sunrisecargo.com\/#logo\",\"inLanguage\":\"es-CO\",\"url\":\"https:\/\/noticias.sunrisecargo.com\/wp-content\/uploads\/2021\/04\/ICONO-NOTI-SUNRISE.png\",\"contentUrl\":\"https:\/\/noticias.sunrisecargo.com\/wp-content\/uploads\/2021\/04\/ICONO-NOTI-SUNRISE.png\",\"width\":37,\"height\":37,\"caption\":\"Sunrise Cargo SAS\"},\"image\":{\"@id\":\"https:\/\/noticias.sunrisecargo.com\/#logo\"}},{\"@type\":\"WebSite\",\"@id\":\"https:\/\/noticias.sunrisecargo.com\/#website\",\"url\":\"https:\/\/noticias.sunrisecargo.com\/\",\"name\":\"Noticias Sunrise Cargo\",\"description\":\"Noticias de Inter\\u00e9s\",\"publisher\":{\"@id\":\"https:\/\/noticias.sunrisecargo.com\/#organization\"},\"potentialAction\":[{\"@type\":\"SearchAction\",\"target\":\"https:\/\/noticias.sunrisecargo.com\/?s={search_term_string}\",\"query-input\":\"required name=search_term_string\"}],\"inLanguage\":\"es-CO\"},{\"@type\":\"ImageObject\",\"@id\":\"https:\/\/noticias.sunrisecargo.com\/?p=9785#primaryimage\",\"inLanguage\":\"es-CO\",\"url\":\"https:\/\/noticias.sunrisecargo.com\/wp-content\/uploads\/2024\/05\/image-15.png\",\"contentUrl\":\"https:\/\/noticias.sunrisecargo.com\/wp-content\/uploads\/2024\/05\/image-15.png\",\"width\":2048,\"height\":1152},{\"@type\":\"WebPage\",\"@id\":\"https:\/\/noticias.sunrisecargo.com\/?p=9785#webpage\",\"url\":\"https:\/\/noticias.sunrisecargo.com\/?p=9785\",\"name\":\"Empresas agr\\u00edcolas argentinas iniciar\\u00e1n acciones legales contra Puerto Coronel por paro - Noticias Sunrise Cargo\",\"isPartOf\":{\"@id\":\"https:\/\/noticias.sunrisecargo.com\/#website\"},\"primaryImageOfPage\":{\"@id\":\"https:\/\/noticias.sunrisecargo.com\/?p=9785#primaryimage\"},\"datePublished\":\"2024-05-14T12:55:28+00:00\",\"dateModified\":\"2024-05-14T12:55:31+00:00\",\"breadcrumb\":{\"@id\":\"https:\/\/noticias.sunrisecargo.com\/?p=9785#breadcrumb\"},\"inLanguage\":\"es-CO\",\"potentialAction\":[{\"@type\":\"ReadAction\",\"target\":[\"https:\/\/noticias.sunrisecargo.com\/?p=9785\"]}]},{\"@type\":\"BreadcrumbList\",\"@id\":\"https:\/\/noticias.sunrisecargo.com\/?p=9785#breadcrumb\",\"itemListElement\":[{\"@type\":\"ListItem\",\"position\":1,\"item\":{\"@type\":\"WebPage\",\"@id\":\"https:\/\/noticias.sunrisecargo.com\/\",\"url\":\"https:\/\/noticias.sunrisecargo.com\/\",\"name\":\"Home\"}},{\"@type\":\"ListItem\",\"position\":2,\"item\":{\"@type\":\"WebPage\",\"@id\":\"https:\/\/noticias.sunrisecargo.com\/?p=9785\",\"url\":\"https:\/\/noticias.sunrisecargo.com\/?p=9785\",\"name\":\"Empresas agr\\u00edcolas argentinas iniciar\\u00e1n acciones legales contra Puerto Coronel por paro\"}}]},{\"@type\":\"Article\",\"@id\":\"https:\/\/noticias.sunrisecargo.com\/?p=9785#article\",\"isPartOf\":{\"@id\":\"https:\/\/noticias.sunrisecargo.com\/?p=9785#webpage\"},\"author\":{\"@id\":\"https:\/\/noticias.sunrisecargo.com\/#\/schema\/person\/6dc68534970689383af81dce59c92bbc\"},\"headline\":\"Empresas agr\\u00edcolas argentinas iniciar\\u00e1n acciones legales contra Puerto Coronel por paro\",\"datePublished\":\"2024-05-14T12:55:28+00:00\",\"dateModified\":\"2024-05-14T12:55:31+00:00\",\"mainEntityOfPage\":{\"@id\":\"https:\/\/noticias.sunrisecargo.com\/?p=9785#webpage\"},\"publisher\":{\"@id\":\"https:\/\/noticias.sunrisecargo.com\/#organization\"},\"image\":{\"@id\":\"https:\/\/noticias.sunrisecargo.com\/?p=9785#primaryimage\"},\"articleSection\":\"Pricing\",\"inLanguage\":\"es-CO\"},{\"@type\":\"Person\",\"@id\":\"https:\/\/noticias.sunrisecargo.com\/#\/schema\/person\/6dc68534970689383af81dce59c92bbc\",\"name\":\"Sunrise Cargo\",\"image\":{\"@type\":\"ImageObject\",\"@id\":\"https:\/\/noticias.sunrisecargo.com\/#personlogo\",\"inLanguage\":\"es-CO\",\"url\":\"https:\/\/secure.gravatar.com\/avatar\/064fc68894aee252e3d51c81d7d0798bc56bf526018995fa222e730d9052fdd8?s=96&d=mm&r=g\",\"contentUrl\":\"https:\/\/secure.gravatar.com\/avatar\/064fc68894aee252e3d51c81d7d0798bc56bf526018995fa222e730d9052fdd8?s=96&d=mm&r=g\",\"caption\":\"Sunrise Cargo\"},\"sameAs\":[\"http:\/\/noticias.sunrisecargo.com\"]}]}<\/script>\n<!-- \/ Yoast SEO plugin. -->","_links":{"self":[{"href":"https:\/\/noticias.sunrisecargo.com\/index.php?rest_route=\/wp\/v2\/posts\/9785","targetHints":{"allow":["GET"]}}],"collection":[{"href":"https:\/\/noticias.sunrisecargo.com\/index.php?rest_route=\/wp\/v2\/posts"}],"about":[{"href":"https:\/\/noticias.sunrisecargo.com\/index.php?rest_route=\/wp\/v2\/types\/post"}],"author":[{"embeddable":true,"href":"https:\/\/noticias.sunrisecargo.com\/index.php?rest_route=\/wp\/v2\/users\/4"}],"replies":[{"embeddable":true,"href":"https:\/\/noticias.sunrisecargo.com\/index.php?rest_route=%2Fwp%2Fv2%2Fcomments&post=9785"}],"version-history":[{"count":1,"href":"https:\/\/noticias.sunrisecargo.com\/index.php?rest_route=\/wp\/v2\/posts\/9785\/revisions"}],"predecessor-version":[{"id":9795,"href":"https:\/\/noticias.sunrisecargo.com\/index.php?rest_route=\/wp\/v2\/posts\/9785\/revisions\/9795"}],"wp:attachment":[{"href":"https:\/\/noticias.sunrisecargo.com\/index.php?rest_route=%2Fwp%2Fv2%2Fmedia&parent=9785"}],"wp:term":[{"taxonomy":"category","embeddable":true,"href":"https:\/\/noticias.sunrisecargo.com\/index.php?rest_route=%2Fwp%2Fv2%2Fcategories&post=9785"},{"taxonomy":"post_tag","embeddable":true,"href":"https:\/\/noticias.sunrisecargo.com\/index.php?rest_route=%2Fwp%2Fv2%2Ftags&post=9785"}],"curies":[{"name":"wp","href":"https:\/\/api.w.org\/{rel}","templated":true}]}}