{"id":9784,"date":"2024-05-14T07:53:05","date_gmt":"2024-05-14T12:53:05","guid":{"rendered":"https:\/\/noticias.sunrisecargo.com\/?p=9784"},"modified":"2024-05-14T07:53:08","modified_gmt":"2024-05-14T12:53:08","slug":"cuanto-depende-del-canal-la-economia-de-panama-y-que-otras-industrias-explican-la-riqueza-del-pais-que-mas-crecio-en-america-latina-en-las-ultimas-decadas","status":"publish","type":"post","link":"https:\/\/noticias.sunrisecargo.com\/?p=9784","title":{"rendered":"Cu\u00e1nto depende del Canal la econom\u00eda de Panam\u00e1 y qu\u00e9 otras industrias explican la riqueza del pa\u00eds que m\u00e1s creci\u00f3 en Am\u00e9rica Latina en las \u00faltimas d\u00e9cadas"},"content":{"rendered":"\n<figure class=\"wp-block-image size-large\"><img loading=\"lazy\" decoding=\"async\" width=\"1024\" height=\"576\" src=\"https:\/\/noticias.sunrisecargo.com\/wp-content\/uploads\/2024\/05\/image-14-1024x576.png\" alt=\"\" class=\"wp-image-9791\" srcset=\"https:\/\/noticias.sunrisecargo.com\/wp-content\/uploads\/2024\/05\/image-14-1024x576.png 1024w, https:\/\/noticias.sunrisecargo.com\/wp-content\/uploads\/2024\/05\/image-14-300x169.png 300w, https:\/\/noticias.sunrisecargo.com\/wp-content\/uploads\/2024\/05\/image-14-768x432.png 768w, https:\/\/noticias.sunrisecargo.com\/wp-content\/uploads\/2024\/05\/image-14.png 1280w\" sizes=\"auto, (max-width: 1024px) 100vw, 1024px\" \/><\/figure>\n\n\n\n<p><strong>Los n\u00fameros no mienten: el Canal de Panam\u00e1 es una fuente de riquezas vital para le econom\u00eda paname\u00f1a.<\/strong><\/p>\n\n\n\n<p>Por esta v\u00eda de apenas 80 kil\u00f3metros de largo transita el 3% de todo el comercio mar\u00edtimo global y se conectan 180 rutas de 170 pa\u00edses a trav\u00e9s de 1.920 puertos en el mundo.<\/p>\n\n\n\n<p>En 2023, uno de los a\u00f1os m\u00e1s dif\u00edciles de la historia del Canal por una sequ\u00eda sin precedentes, esta infraestructura aport\u00f3&nbsp;<strong>US$2.500 millones<\/strong>&nbsp;al Estado paname\u00f1o y&nbsp;<strong>US$3.630 millones<\/strong>&nbsp;a la econom\u00eda nacional, seg\u00fan datos de la Autoridad del Canal.<\/p>\n\n\n\n<p>Son cifras que explican el buen desempe\u00f1o de la econom\u00eda de Panam\u00e1, cuyo Producto Interior Bruto (PIB) ha estado entre los m\u00e1s din\u00e1micos de Am\u00e9rica Latina durante d\u00e9cadas, incluido el a\u00f1o pasado, cuando lider\u00f3 la regi\u00f3n con un crecimiento del PIB del 6,1%, seg\u00fan la Cepal.<\/p>\n\n\n\n<p>Pero Panam\u00e1 es mucho m\u00e1s que su Canal y, al mirar con lupa sus finanzas, su dependencia de esta infraestructura es notable, aunque no definitiva.<\/p>\n\n\n\n<p>Como le explica a BBC Mundo el economista paname\u00f1o Carlos Ara\u00faz, la econom\u00eda de Panam\u00e1 &#8220;tiene otros pilares importantes&#8221;.<\/p>\n\n\n\n<p>Sin embargo, el modelo econ\u00f3mico paname\u00f1o estuvo bajo especial escrutinio en el contexto de las elecciones presidenciales que se celebraron este domingo 5 de mayo y que gan\u00f3 Jos\u00e9 Ra\u00fal Mulino, candidato de la alianza Salvar Panam\u00e1, con la promesa de impulsar la econom\u00eda del pa\u00eds.<\/p>\n\n\n\n<p>A pesar del buen estado macro de la econom\u00eda, expertos como Ara\u00faz y otros entrevistados por BBC Mundo se\u00f1alan que el pa\u00eds no ha sido capaz en 25 a\u00f1os, desde que EE.UU. devolvi\u00f3 la gesti\u00f3n del Canal a Panam\u00e1, de transformar su riqueza en m\u00e1s empleo formal, fortaleza institucional e igualdad.<\/p>\n\n\n\n<p>Dichos problemas de fondo se evidenciaron con las masivas protestas en oto\u00f1o de 2023, cuando miles de paname\u00f1os salieron a las calles demandando cambios en un modelo pol\u00edtico y econ\u00f3mico que no se ha traducido en beneficio para todos.<\/p>\n\n\n\n<p>En este sentido, seg\u00fan analistas pol\u00edticos, la victoria de Mulino se sustent\u00f3 en parte en prometer a los votantes que recuperar\u00e1 la bonanza econ\u00f3mica y los altos niveles de creaci\u00f3n de empleo que caracterizaron al gobierno de Ricardo Martinelli (2009 \u2013 2014).<\/p>\n\n\n\n<p>Mulino reemplaz\u00f3 hace un par de meses la candidatura del propio Martinelli, quien buscaba una segunda etapa al frente del pa\u00eds pero fue inhabilitado para postularse tras una condena por blanqueo de capitales.<\/p>\n\n\n\n<h2 class=\"wp-block-heading\" id=\"Una-rama-dentro-del-complejo-log\u00edstico\">Una rama dentro del complejo log\u00edstico<\/h2>\n\n\n\n<figure class=\"wp-block-image size-full\"><img loading=\"lazy\" decoding=\"async\" width=\"800\" height=\"533\" src=\"https:\/\/noticias.sunrisecargo.com\/wp-content\/uploads\/2024\/05\/image-12.png\" alt=\"\" class=\"wp-image-9789\" srcset=\"https:\/\/noticias.sunrisecargo.com\/wp-content\/uploads\/2024\/05\/image-12.png 800w, https:\/\/noticias.sunrisecargo.com\/wp-content\/uploads\/2024\/05\/image-12-300x200.png 300w, https:\/\/noticias.sunrisecargo.com\/wp-content\/uploads\/2024\/05\/image-12-768x512.png 768w\" sizes=\"auto, (max-width: 800px) 100vw, 800px\" \/><\/figure>\n\n\n\n<p>Seg\u00fan el m\u00e1s reciente Informe Anual de la Autoridad del Canal de Panam\u00e1,&nbsp;<strong>el aporte directo de esta infraestructura al PIB en 2023 fue de 3,1%.<\/strong><\/p>\n\n\n\n<p>Sin tener en cuenta los percances de la sequ\u00eda,&nbsp;<strong>Ara\u00faz<\/strong>, director ejecutivo de la asesor\u00eda financiera Fidinem en Panam\u00e1, y&nbsp;<strong>Felipe Argote<\/strong>, profesor de econom\u00eda en la Universidad Interamericana de Panam\u00e1, coinciden en que&nbsp;<strong>el aporte del Canal al PIB suele rondar &#8220;entre el 6 y el 8%&#8221;.<\/strong><\/p>\n\n\n\n<p>&#8220;Pero cuando sumas todo el escaparate de log\u00edstica, que incluye la actividad de puertos y ferrocarriles y la Zona Libre de Col\u00f3n, se convierte en un pilar mucho m\u00e1s importante, de hasta el 30% aproximadamente&#8221;, argumenta Ara\u00faz.<\/p>\n\n\n\n<p>Es decir, que el Canal es una rama m\u00e1s dentro de un complejo log\u00edstico que desarroll\u00f3 este pa\u00eds por su privilegiada posici\u00f3n geogr\u00e1fica, donde se puede atravesar un continente en pocas horas.<\/p>\n\n\n\n<p>Entonces, \u00bfde qu\u00e9 m\u00e1s vive Panam\u00e1?<\/p>\n\n\n\n<p><strong>El Canal de Panam\u00e1, en 2023<\/strong><\/p>\n\n\n\n<ul class=\"wp-block-list\">\n<li><strong>3%<\/strong>Tr\u00e1nsito del comercio mar\u00edtimo global<\/li>\n\n\n\n<li><strong>180<\/strong>Rutas en 170 pa\u00edses<\/li>\n<\/ul>\n\n\n\n<ul class=\"wp-block-list\">\n<li><strong>3,1%<\/strong>Aporte directo e indirecto al PIB<\/li>\n\n\n\n<li><strong>US$2.545 millones<\/strong>Aporte directo al Estado<\/li>\n<\/ul>\n\n\n\n<h2 class=\"wp-block-heading\" id=\"El-comercio-la-mayor-fuente-de-riqueza\">El comercio, la mayor fuente de riqueza<\/h2>\n\n\n\n<p>El pa\u00eds centroamericano tiene &#8220;una econom\u00eda de servicios&#8221;, resumi\u00f3 la Oficina Econ\u00f3mica y Comercial de Espa\u00f1a en Panam\u00e1 en su \u00faltimo informe.<\/p>\n\n\n\n<p>El sector terciarioes con diferencia el de mayor peso: aporta casi un 68% del total del PIB paname\u00f1o<strong>.<\/strong><\/p>\n\n\n\n<p>Sus tres pilares son el comercio, el sector log\u00edstico -que catapulta el Canal- y el sector bancario y financiero.<\/p>\n\n\n\n<p><strong>El comercio mayorista y minorista es la actividad que m\u00e1s aporta a la riqueza del pa\u00eds (con cerca de un 18% del PIB)<\/strong>, y que m\u00e1s empleo genera: alrededor de un18% de poblaci\u00f3n ocupada.<\/p>\n\n\n\n<p>\u00bfY cu\u00e1l es el pilar fundamental del comercio pname\u00f1o?:&nbsp;<strong>la Zona Libre de Col\u00f3n (ZLC).<\/strong><\/p>\n\n\n\n<p>Se trata de una zona franca localizada en la provincia de Col\u00f3n, que opera como una instituci\u00f3n aut\u00f3noma desde 1953 y que se erige como la m\u00e1s grande en Am\u00e9rica y la segunda del mundo despu\u00e9s de Hong Kong.<\/p>\n\n\n\n<p>En la ZLC funcionan centros de importaci\u00f3n, almacenaje, embalaje y reexportaci\u00f3n de productos provenientes de distintos pa\u00edses.<\/p>\n\n\n\n<p>Panam\u00e1 importa mercanc\u00edas como tel\u00e9fonos m\u00f3viles, calzados, medicamentos, perfumes, cigarrillos, textiles, joyer\u00eda, computadores, televisores y licores.<\/p>\n\n\n\n<p>Primero los recibe de pa\u00edses de todo el mundo, sobre todo desde China, Estados Unidos y Hong Kong, para luego<strong>&nbsp;reexportarlos al resto de Am\u00e9rica Latina.<\/strong><\/p>\n\n\n\n<p>&#8220;Es el principal comercio de Panam\u00e1, porque en materia exportadora de producto nacional, apenas destacamos en caf\u00e9 de especialidad y banano&#8221;, dice Ara\u00faz.<\/p>\n\n\n\n<p>El sector financiero y de seguros, que aport\u00f3 7,5% del PIB y es uno de los m\u00e1s din\u00e1micos de Am\u00e9rica Latina, tambi\u00e9n destaca a pesar de la p\u00e9rdida de reputaci\u00f3n de los \u00faltimos a\u00f1os, con el varapalo que supone que la Uni\u00f3n Europea incluyera al pa\u00eds en su&nbsp;<strong>lista de para\u00edsos fiscales.<\/strong><\/p>\n\n\n\n<p>&#8220;Los bancos, servicios legales y fiduciarios, aseguradoras e inmobiliarias son important\u00edsimos para la econom\u00eda paname\u00f1a&#8221;, describe Ara\u00faz.<\/p>\n\n\n\n<p>&#8220;El pa\u00eds se ha beneficiado por la alta inestabilidad de Sudam\u00e9rica. Muchos dep\u00f3sitos bancarios en Panam\u00e1 vienen de colombianos, ecuatorianos y peruanos que han salvaguardado sus ahorros aqu\u00ed por la sofisticaci\u00f3n del sistema bancario&#8221;.<\/p>\n\n\n\n<h2 class=\"wp-block-heading\" id=\"El-poderoso-sector-de-la-construcci\u00f3n\">El poderoso sector de la construcci\u00f3n<\/h2>\n\n\n\n<figure class=\"wp-block-image size-full\"><img loading=\"lazy\" decoding=\"async\" width=\"800\" height=\"450\" src=\"https:\/\/noticias.sunrisecargo.com\/wp-content\/uploads\/2024\/05\/image-11.png\" alt=\"\" class=\"wp-image-9788\" srcset=\"https:\/\/noticias.sunrisecargo.com\/wp-content\/uploads\/2024\/05\/image-11.png 800w, https:\/\/noticias.sunrisecargo.com\/wp-content\/uploads\/2024\/05\/image-11-300x169.png 300w, https:\/\/noticias.sunrisecargo.com\/wp-content\/uploads\/2024\/05\/image-11-768x432.png 768w\" sizes=\"auto, (max-width: 800px) 100vw, 800px\" \/><\/figure>\n\n\n\n<p>Al pensar en Ciudad de Panam\u00e1, la capital del pa\u00eds, seguramente te vengan a la mente las imponentes vistas de su&nbsp;<em>skyline.<\/em><\/p>\n\n\n\n<p><strong>La construcci\u00f3n, con un aporte al PIB de 13% en 2022, es otro de los s\u00edmbolos del crecimiento paname\u00f1o.&nbsp;<\/strong>Antes de la pandemia, en 2018, lleg\u00f3 incluso a representar un 18% del PIB.<\/p>\n\n\n\n<p>&#8220;Desde el despertar democr\u00e1tico en los 90, en Panam\u00e1 se promovieron leyes para aplacar el d\u00e9ficit de viviendas, incentivando que bancos otorguen cr\u00e9ditos con dichos fines e impulsando la actividad de las constructoras&#8221;, cuenta Ara\u00faz.<\/p>\n\n\n\n<p>Esto se uni\u00f3, dice el investigador, a<strong>&nbsp;la conversi\u00f3n de Panam\u00e1 en destino de especuladores<\/strong>,&nbsp;<strong>extranjeros jubilados y segunda residencia para nacionales de pa\u00edses inestables.<\/strong><\/p>\n\n\n\n<p>&#8220;Como mismo sucede con la banca y las aseguradoras, nacionales de Ecuador, Venezuela o Colombia han invertido en inmuebles en Panam\u00e1 por seguridad, de la misma forma que estadounidenses, europeos y canadienses invierten en residencias de jubilaci\u00f3n&#8221;, explica Ara\u00faz.<\/p>\n\n\n\n<p>El experto tambi\u00e9n cuenta c\u00f3mo las leyes que otorgan residencia a quien invierta en propiedades a\u00fapan la construcci\u00f3n, aunque tambi\u00e9n han servido &#8220;para que personas se aprovechen del sistema e ilegalmente traigan inversiones a este pa\u00eds&#8221;.<\/p>\n\n\n\n<h2 class=\"wp-block-heading\" id=\"Cu\u00e1les-son-las-debilidades-de-la-econom\u00eda-de-Panam\u00e1\">\u00bfCu\u00e1les son las debilidades de la econom\u00eda de Panam\u00e1?<\/h2>\n\n\n\n<p>La miner\u00eda era otro sector pujante. Sum\u00f3 5% del PIB en 2021, pero se tambale\u00f3 con fuerza en oto\u00f1o de 2023, cuando Panam\u00e1 vivi\u00f3 manifestaciones hist\u00f3ricas contra la aprobaci\u00f3n expr\u00e9s de un contrato entre el Estado y la subsidiaria canadiense Minera Panam\u00e1 para explotar la mayor mina de cobre a cielo abierto de Centroam\u00e9rica.<\/p>\n\n\n\n<p>Esa ola de descontento social result\u00f3 en que la Corte Suprema declarara inconstitucional el acuerdo y expuso varias debilidades del modelo paname\u00f1o.<\/p>\n\n\n\n<p>Los expertos consultados por BBC Mundo las enumeran:&nbsp;<strong>la desigualdad y la &#8220;inhabilidad del Estado para trasladar su riqueza en mayor bienestar y empleo&#8221;.<\/strong><\/p>\n\n\n\n<p>&#8220;Veinticinco a\u00f1os despu\u00e9s de la devoluci\u00f3n del Canal, aunque se han hecho importantes reducciones de pobreza,&nbsp;<strong>la promesa de bienestar para toda la poblaci\u00f3n no ha sido cumplida<\/strong>. Es un pa\u00eds muy desigual con rezagos importantes en provisi\u00f3n de servicios b\u00e1sicos para todos&#8221;, resalta para BBC Mundo Harry Brown Ara\u00faz, director del Centro Internacional de Estudios Pol\u00edticos y Sociales de Panam\u00e1.<\/p>\n\n\n\n<p>Seg\u00fan el coeficiente Gini, referente para medir la distribuci\u00f3n de ingresos en pa\u00edses,&nbsp;<strong>Panam\u00e1 figura junto a Brasil y Colombia como las econom\u00edas m\u00e1s inequitativas de Am\u00e9rica Latina<\/strong>, la regi\u00f3n m\u00e1s desigual del mundo.<\/p>\n\n\n\n<p>El pa\u00eds centroamericano tampoco destaca en empleo. De acuerdo a la Organizaci\u00f3n Internacional del Trabajo, en el \u00faltimo trimestre de 2023 ten\u00eda una tasa de desocupaci\u00f3n del&nbsp;<strong>7,4%.<\/strong><\/p>\n\n\n\n<p>Ese valor es mejor al de otros pa\u00edses latinoamericanos como Colombia (10,2%) o Costa Rica (9,6%), pero por encima del promedio de la regi\u00f3n (6,5%) y muy lejos de M\u00e9xico (2,8%).<\/p>\n\n\n\n<figure class=\"wp-block-image size-full\"><img loading=\"lazy\" decoding=\"async\" width=\"800\" height=\"507\" src=\"https:\/\/noticias.sunrisecargo.com\/wp-content\/uploads\/2024\/05\/image-10.png\" alt=\"\" class=\"wp-image-9787\" srcset=\"https:\/\/noticias.sunrisecargo.com\/wp-content\/uploads\/2024\/05\/image-10.png 800w, https:\/\/noticias.sunrisecargo.com\/wp-content\/uploads\/2024\/05\/image-10-300x190.png 300w, https:\/\/noticias.sunrisecargo.com\/wp-content\/uploads\/2024\/05\/image-10-768x487.png 768w\" sizes=\"auto, (max-width: 800px) 100vw, 800px\" \/><\/figure>\n\n\n\n<p>Para Carlos Ara\u00faz, la incapacidad para crear m\u00e1s empleo formal es uno de los grandes debes del modelo paname\u00f1o, seguido de una necesidad de crear mayor conocimiento y competitivad humana.<\/p>\n\n\n\n<p>Son grietas que tambi\u00e9n advierte Argote y a las que atribuye la &#8220;promoci\u00f3n de exclusiones sociales, escasez de mano de obra cualificada y reducci\u00f3n de la demanda por p\u00e9rdida de poder adquisitivo&#8221;.<\/p>\n\n\n\n<p>Sin embargo, para los analistas&nbsp;<strong>el gran problema de fondo con implicaciones en toda la sociedad es la corrupci\u00f3n.<\/strong><\/p>\n\n\n\n<p>El pa\u00eds se ha visto salpicado por diferentes esc\u00e1ndalos en tiempos recientes. Uno de los \u00faltimos implic\u00f3 a&nbsp;<strong>Ricardo Martinelli<\/strong>, el expresidente paname\u00f1o que hasta su inhabilitaci\u00f3n por una condena de casi 11 a\u00f1os por lavado de dinero figuraba como favorito para las elecciones del domingo.<\/p>\n\n\n\n<p>&#8220;A nivel pol\u00edtico, los principales problemas son la corrupci\u00f3n, la corrupci\u00f3n y luego la corrupci\u00f3n&#8221;, enfatiza Argote.<\/p>\n\n\n\n<p>&#8220;Si no acabamos con esto y no fortalecemos la instituciones, perderemos confianza y es posible que nuestra bonanza se acabe&#8221;, remata Ara\u00faz.<\/p>\n\n\n\n<p>Todo esto en el contexto en que la sequ\u00eda del Canal y el frenazo al proyecto minero arrojan sombras sobre el halagado y constante crecimiento econ\u00f3mico paname\u00f1o.<\/p>\n\n\n\n<p>Retos abismales para Mulino, que centr\u00f3 gran parte de su campa\u00f1a en prometer volver a la bonanza econ\u00f3mica del gobierno de Martinelli.<\/p>\n\n\n\n<p>Las promesas tambi\u00e9n incluyeron crear empleo, mejorar la seguridad p\u00fablica y el acceso a servicios como agua potable o electricidad, que escasean sobre todo en zonas rurales e ind\u00edgenas del pa\u00eds.<\/p>\n\n\n\n<p>&#8220;No nos podemos olvidar de los que tienen hambre, de los que quieren un empleo y los que necesitan agua potable en el pa\u00eds todos los d\u00edas&#8221;, enfatiz\u00f3 Mulino en la celebraci\u00f3n de su victoria electoral.<\/p>\n\n\n\n<p>Sin embargo, el presidente electo ha ofrecido pocos detalles sobre c\u00f3mo piensa lograr algunas de sus promesas.<\/p>\n\n\n\n<p>Adem\u00e1s, Juan Diego Alvarado, un polit\u00f3logo e investigador paname\u00f1o, advierte que &#8220;las condiciones econ\u00f3micas no est\u00e1n dadas para regresar a ese crecimiento&#8221; del gobierno de Martinelli, que respond\u00eda en buena medida a factores ex\u00f3genos.<\/p>\n\n\n\n<p><\/p>\n\n\n\n<p>Fuente: <a href=\"https:\/\/www.bbc.com\/mundo\/articles\/cnekk1984nzo\" target=\"_blank\" rel=\"noreferrer noopener\">https:\/\/www.bbc.com\/mundo\/articles\/cnekk1984nzo<\/a><\/p>\n","protected":false},"excerpt":{"rendered":"<p>Los n\u00fameros no mienten: el Canal de Panam\u00e1 es una fuente de riquezas vital para le econom\u00eda paname\u00f1a. Por esta v\u00eda de apenas 80 kil\u00f3metros de largo transita el 3%&hellip; <\/p>\n","protected":false},"author":4,"featured_media":9792,"comment_status":"closed","ping_status":"open","sticky":false,"template":"","format":"standard","meta":{"_monsterinsights_skip_tracking":false,"_monsterinsights_sitenote_active":false,"_monsterinsights_sitenote_note":"","_monsterinsights_sitenote_category":0,"footnotes":""},"categories":[17],"tags":[],"class_list":["post-9784","post","type-post","status-publish","format-standard","has-post-thumbnail","hentry","category-comercial"],"yoast_head":"<!-- This site is optimized with the Yoast SEO plugin v16.1.1 - https:\/\/yoast.com\/wordpress\/plugins\/seo\/ -->\n<title>Cu\u00e1nto depende del Canal la econom\u00eda de Panam\u00e1 y qu\u00e9 otras industrias explican la riqueza del pa\u00eds que m\u00e1s creci\u00f3 en Am\u00e9rica Latina en las \u00faltimas d\u00e9cadas - Noticias Sunrise Cargo<\/title>\n<link rel=\"canonical\" href=\"https:\/\/noticias.sunrisecargo.com\/?p=9784\" \/>\n<meta property=\"og:locale\" content=\"es_ES\" \/>\n<meta property=\"og:type\" content=\"article\" \/>\n<meta property=\"og:title\" content=\"Cu\u00e1nto depende del Canal la econom\u00eda de Panam\u00e1 y qu\u00e9 otras industrias explican la riqueza del pa\u00eds que m\u00e1s creci\u00f3 en Am\u00e9rica Latina en las \u00faltimas d\u00e9cadas - Noticias Sunrise Cargo\" \/>\n<meta property=\"og:description\" content=\"Los n\u00fameros no mienten: el Canal de Panam\u00e1 es una fuente de riquezas vital para le econom\u00eda paname\u00f1a. Por esta v\u00eda de apenas 80 kil\u00f3metros de largo transita el 3%&hellip;\" \/>\n<meta property=\"og:url\" content=\"https:\/\/noticias.sunrisecargo.com\/?p=9784\" \/>\n<meta property=\"og:site_name\" content=\"Noticias Sunrise Cargo\" \/>\n<meta property=\"article:published_time\" content=\"2024-05-14T12:53:05+00:00\" \/>\n<meta property=\"article:modified_time\" content=\"2024-05-14T12:53:08+00:00\" \/>\n<meta property=\"og:image\" content=\"https:\/\/noticias.sunrisecargo.com\/wp-content\/uploads\/2024\/05\/04-2.png\" \/>\n\t<meta property=\"og:image:width\" content=\"800\" \/>\n\t<meta property=\"og:image:height\" content=\"480\" \/>\n<meta name=\"twitter:card\" content=\"summary_large_image\" \/>\n<meta name=\"twitter:label1\" content=\"Est. reading time\">\n\t<meta name=\"twitter:data1\" content=\"9 minutos\">\n<script type=\"application\/ld+json\" class=\"yoast-schema-graph\">{\"@context\":\"https:\/\/schema.org\",\"@graph\":[{\"@type\":\"Organization\",\"@id\":\"https:\/\/noticias.sunrisecargo.com\/#organization\",\"name\":\"Sunrise Cargo SAS\",\"url\":\"https:\/\/noticias.sunrisecargo.com\/\",\"sameAs\":[],\"logo\":{\"@type\":\"ImageObject\",\"@id\":\"https:\/\/noticias.sunrisecargo.com\/#logo\",\"inLanguage\":\"es-CO\",\"url\":\"https:\/\/noticias.sunrisecargo.com\/wp-content\/uploads\/2021\/04\/ICONO-NOTI-SUNRISE.png\",\"contentUrl\":\"https:\/\/noticias.sunrisecargo.com\/wp-content\/uploads\/2021\/04\/ICONO-NOTI-SUNRISE.png\",\"width\":37,\"height\":37,\"caption\":\"Sunrise Cargo SAS\"},\"image\":{\"@id\":\"https:\/\/noticias.sunrisecargo.com\/#logo\"}},{\"@type\":\"WebSite\",\"@id\":\"https:\/\/noticias.sunrisecargo.com\/#website\",\"url\":\"https:\/\/noticias.sunrisecargo.com\/\",\"name\":\"Noticias Sunrise Cargo\",\"description\":\"Noticias de Inter\\u00e9s\",\"publisher\":{\"@id\":\"https:\/\/noticias.sunrisecargo.com\/#organization\"},\"potentialAction\":[{\"@type\":\"SearchAction\",\"target\":\"https:\/\/noticias.sunrisecargo.com\/?s={search_term_string}\",\"query-input\":\"required name=search_term_string\"}],\"inLanguage\":\"es-CO\"},{\"@type\":\"ImageObject\",\"@id\":\"https:\/\/noticias.sunrisecargo.com\/?p=9784#primaryimage\",\"inLanguage\":\"es-CO\",\"url\":\"https:\/\/noticias.sunrisecargo.com\/wp-content\/uploads\/2024\/05\/04-2.png\",\"contentUrl\":\"https:\/\/noticias.sunrisecargo.com\/wp-content\/uploads\/2024\/05\/04-2.png\",\"width\":800,\"height\":480},{\"@type\":\"WebPage\",\"@id\":\"https:\/\/noticias.sunrisecargo.com\/?p=9784#webpage\",\"url\":\"https:\/\/noticias.sunrisecargo.com\/?p=9784\",\"name\":\"Cu\\u00e1nto depende del Canal la econom\\u00eda de Panam\\u00e1 y qu\\u00e9 otras industrias explican la riqueza del pa\\u00eds que m\\u00e1s creci\\u00f3 en Am\\u00e9rica Latina en las \\u00faltimas d\\u00e9cadas - Noticias Sunrise Cargo\",\"isPartOf\":{\"@id\":\"https:\/\/noticias.sunrisecargo.com\/#website\"},\"primaryImageOfPage\":{\"@id\":\"https:\/\/noticias.sunrisecargo.com\/?p=9784#primaryimage\"},\"datePublished\":\"2024-05-14T12:53:05+00:00\",\"dateModified\":\"2024-05-14T12:53:08+00:00\",\"breadcrumb\":{\"@id\":\"https:\/\/noticias.sunrisecargo.com\/?p=9784#breadcrumb\"},\"inLanguage\":\"es-CO\",\"potentialAction\":[{\"@type\":\"ReadAction\",\"target\":[\"https:\/\/noticias.sunrisecargo.com\/?p=9784\"]}]},{\"@type\":\"BreadcrumbList\",\"@id\":\"https:\/\/noticias.sunrisecargo.com\/?p=9784#breadcrumb\",\"itemListElement\":[{\"@type\":\"ListItem\",\"position\":1,\"item\":{\"@type\":\"WebPage\",\"@id\":\"https:\/\/noticias.sunrisecargo.com\/\",\"url\":\"https:\/\/noticias.sunrisecargo.com\/\",\"name\":\"Home\"}},{\"@type\":\"ListItem\",\"position\":2,\"item\":{\"@type\":\"WebPage\",\"@id\":\"https:\/\/noticias.sunrisecargo.com\/?p=9784\",\"url\":\"https:\/\/noticias.sunrisecargo.com\/?p=9784\",\"name\":\"Cu\\u00e1nto depende del Canal la econom\\u00eda de Panam\\u00e1 y qu\\u00e9 otras industrias explican la riqueza del pa\\u00eds que m\\u00e1s creci\\u00f3 en Am\\u00e9rica Latina en las \\u00faltimas d\\u00e9cadas\"}}]},{\"@type\":\"Article\",\"@id\":\"https:\/\/noticias.sunrisecargo.com\/?p=9784#article\",\"isPartOf\":{\"@id\":\"https:\/\/noticias.sunrisecargo.com\/?p=9784#webpage\"},\"author\":{\"@id\":\"https:\/\/noticias.sunrisecargo.com\/#\/schema\/person\/6dc68534970689383af81dce59c92bbc\"},\"headline\":\"Cu\\u00e1nto depende del Canal la econom\\u00eda de Panam\\u00e1 y qu\\u00e9 otras industrias explican la riqueza del pa\\u00eds que m\\u00e1s creci\\u00f3 en Am\\u00e9rica Latina en las \\u00faltimas d\\u00e9cadas\",\"datePublished\":\"2024-05-14T12:53:05+00:00\",\"dateModified\":\"2024-05-14T12:53:08+00:00\",\"mainEntityOfPage\":{\"@id\":\"https:\/\/noticias.sunrisecargo.com\/?p=9784#webpage\"},\"publisher\":{\"@id\":\"https:\/\/noticias.sunrisecargo.com\/#organization\"},\"image\":{\"@id\":\"https:\/\/noticias.sunrisecargo.com\/?p=9784#primaryimage\"},\"articleSection\":\"Comercial\",\"inLanguage\":\"es-CO\"},{\"@type\":\"Person\",\"@id\":\"https:\/\/noticias.sunrisecargo.com\/#\/schema\/person\/6dc68534970689383af81dce59c92bbc\",\"name\":\"Sunrise Cargo\",\"image\":{\"@type\":\"ImageObject\",\"@id\":\"https:\/\/noticias.sunrisecargo.com\/#personlogo\",\"inLanguage\":\"es-CO\",\"url\":\"https:\/\/secure.gravatar.com\/avatar\/064fc68894aee252e3d51c81d7d0798bc56bf526018995fa222e730d9052fdd8?s=96&d=mm&r=g\",\"contentUrl\":\"https:\/\/secure.gravatar.com\/avatar\/064fc68894aee252e3d51c81d7d0798bc56bf526018995fa222e730d9052fdd8?s=96&d=mm&r=g\",\"caption\":\"Sunrise Cargo\"},\"sameAs\":[\"http:\/\/noticias.sunrisecargo.com\"]}]}<\/script>\n<!-- \/ Yoast SEO plugin. -->","_links":{"self":[{"href":"https:\/\/noticias.sunrisecargo.com\/index.php?rest_route=\/wp\/v2\/posts\/9784","targetHints":{"allow":["GET"]}}],"collection":[{"href":"https:\/\/noticias.sunrisecargo.com\/index.php?rest_route=\/wp\/v2\/posts"}],"about":[{"href":"https:\/\/noticias.sunrisecargo.com\/index.php?rest_route=\/wp\/v2\/types\/post"}],"author":[{"embeddable":true,"href":"https:\/\/noticias.sunrisecargo.com\/index.php?rest_route=\/wp\/v2\/users\/4"}],"replies":[{"embeddable":true,"href":"https:\/\/noticias.sunrisecargo.com\/index.php?rest_route=%2Fwp%2Fv2%2Fcomments&post=9784"}],"version-history":[{"count":1,"href":"https:\/\/noticias.sunrisecargo.com\/index.php?rest_route=\/wp\/v2\/posts\/9784\/revisions"}],"predecessor-version":[{"id":9793,"href":"https:\/\/noticias.sunrisecargo.com\/index.php?rest_route=\/wp\/v2\/posts\/9784\/revisions\/9793"}],"wp:featuredmedia":[{"embeddable":true,"href":"https:\/\/noticias.sunrisecargo.com\/index.php?rest_route=\/wp\/v2\/media\/9792"}],"wp:attachment":[{"href":"https:\/\/noticias.sunrisecargo.com\/index.php?rest_route=%2Fwp%2Fv2%2Fmedia&parent=9784"}],"wp:term":[{"taxonomy":"category","embeddable":true,"href":"https:\/\/noticias.sunrisecargo.com\/index.php?rest_route=%2Fwp%2Fv2%2Fcategories&post=9784"},{"taxonomy":"post_tag","embeddable":true,"href":"https:\/\/noticias.sunrisecargo.com\/index.php?rest_route=%2Fwp%2Fv2%2Ftags&post=9784"}],"curies":[{"name":"wp","href":"https:\/\/api.w.org\/{rel}","templated":true}]}}