{"id":9749,"date":"2024-05-06T00:49:00","date_gmt":"2024-05-06T05:49:00","guid":{"rendered":"https:\/\/noticias.sunrisecargo.com\/?p=9749"},"modified":"2024-05-03T12:54:45","modified_gmt":"2024-05-03T17:54:45","slug":"la-demanda-global-de-carga-aerea-crecio-en-marzo-un-103-respecto-al-mismo-mes-del-2023","status":"publish","type":"post","link":"https:\/\/noticias.sunrisecargo.com\/?p=9749","title":{"rendered":"La demanda global de carga a\u00e9rea creci\u00f3 en marzo un 10,3 % respecto al mismo mes del 2023"},"content":{"rendered":"\n<figure class=\"wp-block-image size-large\"><img loading=\"lazy\" decoding=\"async\" width=\"1024\" height=\"682\" src=\"https:\/\/noticias.sunrisecargo.com\/wp-content\/uploads\/2024\/05\/image-5-1024x682.png\" alt=\"\" class=\"wp-image-9754\" srcset=\"https:\/\/noticias.sunrisecargo.com\/wp-content\/uploads\/2024\/05\/image-5-1024x682.png 1024w, https:\/\/noticias.sunrisecargo.com\/wp-content\/uploads\/2024\/05\/image-5-300x200.png 300w, https:\/\/noticias.sunrisecargo.com\/wp-content\/uploads\/2024\/05\/image-5-768x512.png 768w, https:\/\/noticias.sunrisecargo.com\/wp-content\/uploads\/2024\/05\/image-5.png 1280w\" sizes=\"auto, (max-width: 1024px) 100vw, 1024px\" \/><\/figure>\n\n\n\n<p><strong>La demanda total de carga a\u00e9rea transportada en el mes de marzo, a nivel global, medida en toneladas de carga-kil\u00f3metro (CTK*), aument\u00f3 un 10,3% en comparaci\u00f3n con los niveles de marzo de 2023, constituy\u00e9ndose en el cuarto mes consecutivo de crecimiento interanual de dos d\u00edgitos, seg\u00fan los datos suministrados por la Asociaci\u00f3n de Transporte A\u00e9reo Internacional (IATA).<\/strong><\/p>\n\n\n\n<p>La capacidad, medida en toneladas de carga-kil\u00f3metro disponibles (ACTK), aument\u00f3 a su vez, un 7,3% en comparaci\u00f3n con marzo de 2023 (10,5% para operaciones internacionales).<\/p>\n\n\n\n<p><em>\u201cLa demanda de carga a\u00e9rea creci\u00f3 un 10,3% con respecto al mes de marzo anterior. Esto contribuy\u00f3 a un s\u00f3lido desempe\u00f1o en el primer trimestre que super\u00f3 ligeramente incluso el desempe\u00f1o excepcionalmente s\u00f3lido del primer trimestre de 2021 durante la crisis de COVID. Dado que el comercio transfronterizo mundial y la producci\u00f3n industrial contin\u00faan mostrando un Con una tendencia al alza moderada, 2024 se perfila como un a\u00f1o s\u00f3lido para la carga a\u00e9rea\u201d,<\/em>\u00a0dijo Willie Walsh, Director General de la IATA.<\/p>\n\n\n\n<p>Para este incremento, se deben tener en cuenta varios factores en el entorno operativo:<\/p>\n\n\n\n<ul class=\"wp-block-list\">\n<li><strong>El comercio transfronterizo mundial y la producci\u00f3n industrial aumentaron un 1,2% y un 1,6% respectivamente en febrero.<\/strong><\/li>\n\n\n\n<li><strong>En marzo, el \u00edndice de gerentes de compras (PMI) de producci\u00f3n manufacturera subi\u00f3 a 51,9, lo que indica expansi\u00f3n. El PMI de nuevos pedidos de exportaci\u00f3n tambi\u00e9n subi\u00f3 a 49,5, manteni\u00e9ndose ligeramente por debajo del umbral de 50 que indicar\u00eda expectativas de crecimiento.<\/strong><\/li>\n\n\n\n<li><strong>La inflaci\u00f3n tuvo un panorama mixto en marzo. En la UE y Jap\u00f3n, las tasas de inflaci\u00f3n cayeron al 2,6% y 2,7% respectivamente, mientras que en Estados Unidos aumentaron al 3,5%. Por el contrario, China experiment\u00f3 una ligera deflaci\u00f3n del -0,01%. Esta \u00faltima cifra marca un regreso a la deflaci\u00f3n despu\u00e9s del breve per\u00edodo de inflaci\u00f3n de febrero.<\/strong><\/li>\n<\/ul>\n\n\n\n<p>Las aerol\u00edneas de Asia-Pac\u00edfico experimentaron un crecimiento interanual de la demanda de carga a\u00e9rea del 14,3% en marzo. La demanda en la ruta Asia-Europa creci\u00f3 2,7 ppt hasta el 17,0% y el mercado dentro de Asia creci\u00f3 6,7 ppt hasta el 11,8%. La capacidad aument\u00f3 un 14,3% interanual.<\/p>\n\n\n\n<p>Las compa\u00f1\u00edas norteamericanas, en tanto, crecieron un 0,9% en marzo, el m\u00e1s d\u00e9bil entre todas las regiones. La demanda en la ruta comercial entre Am\u00e9rica del Norte y Europa creci\u00f3 un 2,9% interanual, mientras que Asia-Am\u00e9rica del Norte creci\u00f3 un 4,7% interanual. La capacidad de marzo disminuy\u00f3 un -1,9% interanual.<\/p>\n\n\n\n<p>Las empresas europeas registraron un crecimiento del 10,0% en marzo. La carga a\u00e9rea intraeuropea aument\u00f3 un 24,7% interanual. Las rutas Europa-Oriente Medio experimentaron un crecimiento interanual de la demanda del 38,3%, mientras que Europa-Am\u00e9rica del Norte se expandi\u00f3 un 2,9% interanual. La capacidad de marzo aument\u00f3 un 8,0% interanual.<\/p>\n\n\n\n<p>Las aerol\u00edneas de Medio Oriente, por su parte, mostraron un crecimiento interanual de la demanda de carga a\u00e9rea del 19,9% en marzo, el m\u00e1s fuerte de todas las regiones. El mercado de Medio Oriente-Europa tuvo el mejor desempe\u00f1o con un crecimiento del 38,3%, por delante del Medio Oriente-Asia, que creci\u00f3 un 19,6% interanual. La capacidad de marzo aument\u00f3 un 10,6% interanual.<\/p>\n\n\n\n<p><strong>Los transportistas latinoamericanos experimentaron un crecimiento interanual de la demanda de carga a\u00e9rea del 9,2% en marzo. La capacidad aument\u00f3 un 7,0% interanual.<\/strong><\/p>\n\n\n\n<p>Finalmente, las aerol\u00edneas africanas registraron un crecimiento interanual del 14,2% en marzo. La demanda en el mercado \u00c1frica-Asia aument\u00f3 al 22,9%; sin embargo, esto represent\u00f3 una disminuci\u00f3n de 19,8 puntos porcentuales en comparaci\u00f3n con el desempe\u00f1o de febrero y la mayor contracci\u00f3n en las principales \u00e1reas de ruta. La capacidad de marzo aument\u00f3 un 17,3% interanual.<\/p>\n\n\n\n<p><\/p>\n\n\n\n<p>Fuente: <a href=\"https:\/\/www.aviacionline.com\/2024\/04\/la-demanda-global-de-carga-aerea-crecio-en-marzo-un-103-respecto-al-mismo-mes-del-2023\/\" target=\"_blank\" rel=\"noreferrer noopener\">https:\/\/www.aviacionline.com\/2024\/04\/la-demanda-global-de-carga-aerea-crecio-en-marzo-un-103-respecto-al-mismo-mes-del-2023\/<\/a><\/p>\n","protected":false},"excerpt":{"rendered":"<p>La demanda total de carga a\u00e9rea transportada en el mes de marzo, a nivel global, medida en toneladas de carga-kil\u00f3metro (CTK*), aument\u00f3 un 10,3% en comparaci\u00f3n con los niveles de&hellip; <\/p>\n","protected":false},"author":4,"featured_media":9755,"comment_status":"closed","ping_status":"open","sticky":false,"template":"","format":"standard","meta":{"_monsterinsights_skip_tracking":false,"_monsterinsights_sitenote_active":false,"_monsterinsights_sitenote_note":"","_monsterinsights_sitenote_category":0,"footnotes":""},"categories":[18],"tags":[],"class_list":["post-9749","post","type-post","status-publish","format-standard","has-post-thumbnail","hentry","category-pricing"],"yoast_head":"<!-- This site is optimized with the Yoast SEO plugin v16.1.1 - https:\/\/yoast.com\/wordpress\/plugins\/seo\/ -->\n<title>La demanda global de carga a\u00e9rea creci\u00f3 en marzo un 10,3 % respecto al mismo mes del 2023 - Noticias Sunrise Cargo<\/title>\n<link rel=\"canonical\" href=\"https:\/\/noticias.sunrisecargo.com\/?p=9749\" \/>\n<meta property=\"og:locale\" content=\"es_ES\" \/>\n<meta property=\"og:type\" content=\"article\" \/>\n<meta property=\"og:title\" content=\"La demanda global de carga a\u00e9rea creci\u00f3 en marzo un 10,3 % respecto al mismo mes del 2023 - Noticias Sunrise Cargo\" \/>\n<meta property=\"og:description\" content=\"La demanda total de carga a\u00e9rea transportada en el mes de marzo, a nivel global, medida en toneladas de carga-kil\u00f3metro (CTK*), aument\u00f3 un 10,3% en comparaci\u00f3n con los niveles de&hellip;\" \/>\n<meta property=\"og:url\" content=\"https:\/\/noticias.sunrisecargo.com\/?p=9749\" \/>\n<meta property=\"og:site_name\" content=\"Noticias Sunrise Cargo\" \/>\n<meta property=\"article:published_time\" content=\"2024-05-06T05:49:00+00:00\" \/>\n<meta property=\"article:modified_time\" content=\"2024-05-03T17:54:45+00:00\" \/>\n<meta property=\"og:image\" content=\"https:\/\/noticias.sunrisecargo.com\/wp-content\/uploads\/2024\/05\/06.png\" \/>\n\t<meta property=\"og:image:width\" content=\"800\" \/>\n\t<meta property=\"og:image:height\" content=\"480\" \/>\n<meta name=\"twitter:card\" content=\"summary_large_image\" \/>\n<meta name=\"twitter:label1\" content=\"Est. reading time\">\n\t<meta name=\"twitter:data1\" content=\"3 minutos\">\n<script type=\"application\/ld+json\" class=\"yoast-schema-graph\">{\"@context\":\"https:\/\/schema.org\",\"@graph\":[{\"@type\":\"Organization\",\"@id\":\"https:\/\/noticias.sunrisecargo.com\/#organization\",\"name\":\"Sunrise Cargo SAS\",\"url\":\"https:\/\/noticias.sunrisecargo.com\/\",\"sameAs\":[],\"logo\":{\"@type\":\"ImageObject\",\"@id\":\"https:\/\/noticias.sunrisecargo.com\/#logo\",\"inLanguage\":\"es-CO\",\"url\":\"https:\/\/noticias.sunrisecargo.com\/wp-content\/uploads\/2021\/04\/ICONO-NOTI-SUNRISE.png\",\"contentUrl\":\"https:\/\/noticias.sunrisecargo.com\/wp-content\/uploads\/2021\/04\/ICONO-NOTI-SUNRISE.png\",\"width\":37,\"height\":37,\"caption\":\"Sunrise Cargo SAS\"},\"image\":{\"@id\":\"https:\/\/noticias.sunrisecargo.com\/#logo\"}},{\"@type\":\"WebSite\",\"@id\":\"https:\/\/noticias.sunrisecargo.com\/#website\",\"url\":\"https:\/\/noticias.sunrisecargo.com\/\",\"name\":\"Noticias Sunrise Cargo\",\"description\":\"Noticias de Inter\\u00e9s\",\"publisher\":{\"@id\":\"https:\/\/noticias.sunrisecargo.com\/#organization\"},\"potentialAction\":[{\"@type\":\"SearchAction\",\"target\":\"https:\/\/noticias.sunrisecargo.com\/?s={search_term_string}\",\"query-input\":\"required name=search_term_string\"}],\"inLanguage\":\"es-CO\"},{\"@type\":\"ImageObject\",\"@id\":\"https:\/\/noticias.sunrisecargo.com\/?p=9749#primaryimage\",\"inLanguage\":\"es-CO\",\"url\":\"https:\/\/noticias.sunrisecargo.com\/wp-content\/uploads\/2024\/05\/06.png\",\"contentUrl\":\"https:\/\/noticias.sunrisecargo.com\/wp-content\/uploads\/2024\/05\/06.png\",\"width\":800,\"height\":480},{\"@type\":\"WebPage\",\"@id\":\"https:\/\/noticias.sunrisecargo.com\/?p=9749#webpage\",\"url\":\"https:\/\/noticias.sunrisecargo.com\/?p=9749\",\"name\":\"La demanda global de carga a\\u00e9rea creci\\u00f3 en marzo un 10,3 % respecto al mismo mes del 2023 - Noticias Sunrise Cargo\",\"isPartOf\":{\"@id\":\"https:\/\/noticias.sunrisecargo.com\/#website\"},\"primaryImageOfPage\":{\"@id\":\"https:\/\/noticias.sunrisecargo.com\/?p=9749#primaryimage\"},\"datePublished\":\"2024-05-06T05:49:00+00:00\",\"dateModified\":\"2024-05-03T17:54:45+00:00\",\"breadcrumb\":{\"@id\":\"https:\/\/noticias.sunrisecargo.com\/?p=9749#breadcrumb\"},\"inLanguage\":\"es-CO\",\"potentialAction\":[{\"@type\":\"ReadAction\",\"target\":[\"https:\/\/noticias.sunrisecargo.com\/?p=9749\"]}]},{\"@type\":\"BreadcrumbList\",\"@id\":\"https:\/\/noticias.sunrisecargo.com\/?p=9749#breadcrumb\",\"itemListElement\":[{\"@type\":\"ListItem\",\"position\":1,\"item\":{\"@type\":\"WebPage\",\"@id\":\"https:\/\/noticias.sunrisecargo.com\/\",\"url\":\"https:\/\/noticias.sunrisecargo.com\/\",\"name\":\"Home\"}},{\"@type\":\"ListItem\",\"position\":2,\"item\":{\"@type\":\"WebPage\",\"@id\":\"https:\/\/noticias.sunrisecargo.com\/?p=9749\",\"url\":\"https:\/\/noticias.sunrisecargo.com\/?p=9749\",\"name\":\"La demanda global de carga a\\u00e9rea creci\\u00f3 en marzo un 10,3 % respecto al mismo mes del 2023\"}}]},{\"@type\":\"Article\",\"@id\":\"https:\/\/noticias.sunrisecargo.com\/?p=9749#article\",\"isPartOf\":{\"@id\":\"https:\/\/noticias.sunrisecargo.com\/?p=9749#webpage\"},\"author\":{\"@id\":\"https:\/\/noticias.sunrisecargo.com\/#\/schema\/person\/6dc68534970689383af81dce59c92bbc\"},\"headline\":\"La demanda global de carga a\\u00e9rea creci\\u00f3 en marzo un 10,3 % respecto al mismo mes del 2023\",\"datePublished\":\"2024-05-06T05:49:00+00:00\",\"dateModified\":\"2024-05-03T17:54:45+00:00\",\"mainEntityOfPage\":{\"@id\":\"https:\/\/noticias.sunrisecargo.com\/?p=9749#webpage\"},\"publisher\":{\"@id\":\"https:\/\/noticias.sunrisecargo.com\/#organization\"},\"image\":{\"@id\":\"https:\/\/noticias.sunrisecargo.com\/?p=9749#primaryimage\"},\"articleSection\":\"Pricing\",\"inLanguage\":\"es-CO\"},{\"@type\":\"Person\",\"@id\":\"https:\/\/noticias.sunrisecargo.com\/#\/schema\/person\/6dc68534970689383af81dce59c92bbc\",\"name\":\"Sunrise Cargo\",\"image\":{\"@type\":\"ImageObject\",\"@id\":\"https:\/\/noticias.sunrisecargo.com\/#personlogo\",\"inLanguage\":\"es-CO\",\"url\":\"https:\/\/secure.gravatar.com\/avatar\/064fc68894aee252e3d51c81d7d0798bc56bf526018995fa222e730d9052fdd8?s=96&d=mm&r=g\",\"contentUrl\":\"https:\/\/secure.gravatar.com\/avatar\/064fc68894aee252e3d51c81d7d0798bc56bf526018995fa222e730d9052fdd8?s=96&d=mm&r=g\",\"caption\":\"Sunrise Cargo\"},\"sameAs\":[\"http:\/\/noticias.sunrisecargo.com\"]}]}<\/script>\n<!-- \/ Yoast SEO plugin. -->","_links":{"self":[{"href":"https:\/\/noticias.sunrisecargo.com\/index.php?rest_route=\/wp\/v2\/posts\/9749","targetHints":{"allow":["GET"]}}],"collection":[{"href":"https:\/\/noticias.sunrisecargo.com\/index.php?rest_route=\/wp\/v2\/posts"}],"about":[{"href":"https:\/\/noticias.sunrisecargo.com\/index.php?rest_route=\/wp\/v2\/types\/post"}],"author":[{"embeddable":true,"href":"https:\/\/noticias.sunrisecargo.com\/index.php?rest_route=\/wp\/v2\/users\/4"}],"replies":[{"embeddable":true,"href":"https:\/\/noticias.sunrisecargo.com\/index.php?rest_route=%2Fwp%2Fv2%2Fcomments&post=9749"}],"version-history":[{"count":1,"href":"https:\/\/noticias.sunrisecargo.com\/index.php?rest_route=\/wp\/v2\/posts\/9749\/revisions"}],"predecessor-version":[{"id":9756,"href":"https:\/\/noticias.sunrisecargo.com\/index.php?rest_route=\/wp\/v2\/posts\/9749\/revisions\/9756"}],"wp:featuredmedia":[{"embeddable":true,"href":"https:\/\/noticias.sunrisecargo.com\/index.php?rest_route=\/wp\/v2\/media\/9755"}],"wp:attachment":[{"href":"https:\/\/noticias.sunrisecargo.com\/index.php?rest_route=%2Fwp%2Fv2%2Fmedia&parent=9749"}],"wp:term":[{"taxonomy":"category","embeddable":true,"href":"https:\/\/noticias.sunrisecargo.com\/index.php?rest_route=%2Fwp%2Fv2%2Fcategories&post=9749"},{"taxonomy":"post_tag","embeddable":true,"href":"https:\/\/noticias.sunrisecargo.com\/index.php?rest_route=%2Fwp%2Fv2%2Ftags&post=9749"}],"curies":[{"name":"wp","href":"https:\/\/api.w.org\/{rel}","templated":true}]}}