{"id":9739,"date":"2024-05-06T00:43:00","date_gmt":"2024-05-06T05:43:00","guid":{"rendered":"https:\/\/noticias.sunrisecargo.com\/?p=9739"},"modified":"2024-05-03T12:46:13","modified_gmt":"2024-05-03T17:46:13","slug":"colombia-israel-continua-el-tlc-esto-dice-la-asociacion-nacional-de-comercio-exterior","status":"publish","type":"post","link":"https:\/\/noticias.sunrisecargo.com\/?p=9739","title":{"rendered":"Colombia-Israel: \u00bfcontin\u00faa el TLC? Esto dice la Asociaci\u00f3n Nacional de Comercio Exterior"},"content":{"rendered":"\n<figure class=\"wp-block-image size-full\"><img loading=\"lazy\" decoding=\"async\" width=\"900\" height=\"600\" src=\"https:\/\/noticias.sunrisecargo.com\/wp-content\/uploads\/2024\/05\/image-2.png\" alt=\"\" class=\"wp-image-9740\" srcset=\"https:\/\/noticias.sunrisecargo.com\/wp-content\/uploads\/2024\/05\/image-2.png 900w, https:\/\/noticias.sunrisecargo.com\/wp-content\/uploads\/2024\/05\/image-2-300x200.png 300w, https:\/\/noticias.sunrisecargo.com\/wp-content\/uploads\/2024\/05\/image-2-768x512.png 768w\" sizes=\"auto, (max-width: 900px) 100vw, 900px\" \/><\/figure>\n\n\n\n<p>Este jueves se pronunci\u00f3 el presidente de Analdex, Javier D\u00edaz, tras la ruptura de relaciones entre Colombia e Israel anunciada el mi\u00e9rcoles por el presidente Petro.<\/p>\n\n\n\n<p><strong>LA PATRIA | MANIZALES<\/strong><\/p>\n\n\n\n<p>El\u00a0<strong>Tratado de Libre Comercio<\/strong>\u00a0(<strong>TLC<\/strong>) entre<strong>\u00a0Colombia<\/strong>\u00a0e\u00a0<strong>Israel<\/strong>\u00a0tiene vida propia, dice la<strong>\u00a0Asociaci\u00f3n Nacional de Comercio Exterior<\/strong>\u00a0(<strong>Analdex<\/strong>), a pesar del rompimiento de relaciones diplom\u00e1ticas anunciado este mi\u00e9rcoles por el\u00a0<strong>presidente Gustavo Petro<\/strong>.<\/p>\n\n\n\n<p>Si bien el intercambio comercial se mantiene, seg\u00fan&nbsp;<strong>Javier D\u00edaz<\/strong>, presidente de Analdex, la ruptura diplom\u00e1tica &#8220;<strong>preocupa a los empresarios<\/strong>&#8220;.<\/p>\n\n\n\n<p>&#8220;Colombia e Israel tienen un TLC suscrito,\u00a0<strong>es un acuerdo que tiene vida propia<\/strong>\u00a0y contin\u00faa vigente a pesar del rompimiento de relaciones diplom\u00e1ticas. Preocupa que ese\u00a0<strong>mal ambiente diplom\u00e1tico<\/strong>\u00a0termine por da\u00f1ar el<strong>\u00a0relacionamiento comercial<\/strong>&#8220;, asever\u00f3 D\u00edaz este jueves.<\/p>\n\n\n\n<h2 class=\"wp-block-heading\">Productos del acuerdo<\/h2>\n\n\n\n<p>De acuerdo con D\u00edaz, Colombia ha diversificado su comercio con Israel desde que el TLC entr\u00f3 en vigencia el&nbsp;<strong>11 de agosto del 2020<\/strong>.<\/p>\n\n\n\n<p>&#8220;All\u00ed tenemos productos como el\u00a0<strong>carb\u00f3n<\/strong>, las<strong>\u00a0esmeraldas<\/strong>, el<strong>\u00a0caf\u00e9<\/strong>, la<strong>\u00a0galleter\u00eda<\/strong>, la<strong>\u00a0confiter\u00eda<\/strong>\u00a0y art\u00edculos de<strong>\u00a0papel<\/strong>. Eso puede verse en riesgo si da\u00f1amos el relacionamiento comercial&#8221;, expuso.<\/p>\n\n\n\n<p>Asimismo, el representante de Analdex asegur\u00f3 que&nbsp;<strong>el gremio exportador colombiano espera continuar con sus env<\/strong><strong>\u00edos a ese pa\u00eds<\/strong>&nbsp;para que el comercio se siga profundizando sin importar &#8220;a pesar de lo que ocurra en el campo pol\u00edtico&#8221;.<\/p>\n\n\n\n<h2 class=\"wp-block-heading\">Caldas, beneficiado por comercio a Israel<\/h2>\n\n\n\n<p>De acuerdo con datos de la\u00a0<strong>C\u00e1mara de Comercio de Manizales<\/strong>,\u00a0<a href=\"https:\/\/www.lapatria.com\/economia\/acuerdos-comerciales-de-caldas-con-israel-en-suspenso-por-tension-diplomatica\">en el 2022<strong>\u00a0Caldas<\/strong>\u00a0export\u00f3\u00a0productos por\u00a0<strong>$1 mill\u00f3n 719 mil d\u00f3lares<\/strong>\u00a0(<strong>US$<\/strong>)<\/a>\u00a0hacia Israel. En el 2023 las exportaciones aumentaron en el\u00a067%,\u00a0lo\u00a0que se traduce en\u00a0<strong>US$2 millones 772 mil<\/strong>, el\u00a0<strong>0,5%<\/strong>\u00a0de las exportaciones caldenses el a\u00f1o pasado.<\/p>\n\n\n\n<p>Si se tiene en cuenta que el departamento import\u00f3&nbsp;productos israel\u00edes por&nbsp;<strong>US$23 mil d\u00f3lares<\/strong>&nbsp;entre enero y julio&nbsp;del 2023, seg\u00fan la misma entidad, el balance muestra un holgado&nbsp;<strong>super\u00e1vit<\/strong>&nbsp;para Caldas de&nbsp;<strong>US$2 millones 749 mil<\/strong>.<\/p>\n\n\n\n<p>Adicionalmente,&nbsp;la<strong>&nbsp;Embajada de Israel<\/strong>&nbsp;aport\u00f3 aproximadamente&nbsp;<strong>$62 millones&nbsp;<\/strong>en 2020 para&nbsp;la inauguraci\u00f3n del&nbsp;primer sistema de&nbsp;<strong>agricultura<\/strong>&nbsp;de precisi\u00f3n por cooperaci\u00f3n internacional,&nbsp;para mejorar&nbsp;la irrigaci\u00f3n&nbsp;por&nbsp;goteo y facilitar&nbsp;la fertilizaci\u00f3n de<strong>&nbsp;aguacate hass&nbsp;<\/strong>en<strong>&nbsp;Riosucio<\/strong>&nbsp;(Caldas).<\/p>\n\n\n\n<p>Esos recursos se sumaron a la financiaci\u00f3n por $20 millones de la&nbsp;<strong>Gobernaci\u00f3n<\/strong>&nbsp;de Caldas y la&nbsp;<strong>Alcald\u00eda<\/strong>&nbsp;del municipio.<\/p>\n\n\n\n<h2 class=\"wp-block-heading\">Exportaciones del 2023, en datos*<\/h2>\n\n\n\n<ul class=\"wp-block-list\">\n<li><strong>Exportaciones de Colombia a Israel en 2023:<\/strong>&nbsp;US$499,2 millones, disminuci\u00f3n de 53,6% vs 2022 (US$1.075 millones), seg\u00fan cifras del Dane.<\/li>\n\n\n\n<li><strong>Importaciones desde Israel a Colombia:<\/strong>&nbsp;US$90,3 millones, disminuci\u00f3n de 46% vs. 2022 (US$167 millones), de acuerdo con datos del Dane.<\/li>\n\n\n\n<li><strong>Balanza comercial superavitaria de US$408,9 millones<\/strong>.<\/li>\n\n\n\n<li><strong>109<\/strong>&nbsp;<strong>empresas<\/strong>&nbsp;colombianas realizaron exportaciones por encima de los<strong>&nbsp;US$1.000<\/strong>.&nbsp;<\/li>\n\n\n\n<li><strong>490<\/strong>&nbsp;compa\u00f1\u00edas de Israel le vendieron productos a Colombia en 2023.<\/li>\n\n\n\n<li>Las compras realizadas por el sector defensa&nbsp;de Colombia a Israel cayeron 84,8% al comparar 2023 con 2022, al pasar de<strong>&nbsp;US$63,8 millones&nbsp;<\/strong>en 2022 a<strong>&nbsp;US$9,7 millones<\/strong>&nbsp;en 2023.<\/li>\n<\/ul>\n\n\n\n<p><\/p>\n\n\n\n<p>Fuente: <a href=\"https:\/\/www.lapatria.com\/economia\/colombia-israel-continua-el-tlc-esto-dice-la-asociacion-nacional-de-comercio-exterior\">https:\/\/www.lapatria.com\/economia\/colombia-israel-continua-el-tlc-esto-dice-la-asociacion-nacional-de-comercio-exterior<\/a><\/p>\n\n\n\n<p><a href=\"https:\/\/www.lapatria.com\/#facebook\" target=\"_blank\" rel=\"noreferrer noopener\"><\/a><\/p>\n","protected":false},"excerpt":{"rendered":"<p>Este jueves se pronunci\u00f3 el presidente de Analdex, Javier D\u00edaz, tras la ruptura de relaciones entre Colombia e Israel anunciada el mi\u00e9rcoles por el presidente Petro. LA PATRIA | MANIZALES&hellip; <\/p>\n","protected":false},"author":4,"featured_media":9741,"comment_status":"closed","ping_status":"open","sticky":false,"template":"","format":"standard","meta":{"_monsterinsights_skip_tracking":false,"_monsterinsights_sitenote_active":false,"_monsterinsights_sitenote_note":"","_monsterinsights_sitenote_category":0,"footnotes":""},"categories":[17],"tags":[],"class_list":["post-9739","post","type-post","status-publish","format-standard","has-post-thumbnail","hentry","category-comercial"],"yoast_head":"<!-- This site is optimized with the Yoast SEO plugin v16.1.1 - https:\/\/yoast.com\/wordpress\/plugins\/seo\/ -->\n<title>Colombia-Israel: \u00bfcontin\u00faa el TLC? Esto dice la Asociaci\u00f3n Nacional de Comercio Exterior - Noticias Sunrise Cargo<\/title>\n<link rel=\"canonical\" href=\"https:\/\/noticias.sunrisecargo.com\/?p=9739\" \/>\n<meta property=\"og:locale\" content=\"es_ES\" \/>\n<meta property=\"og:type\" content=\"article\" \/>\n<meta property=\"og:title\" content=\"Colombia-Israel: \u00bfcontin\u00faa el TLC? Esto dice la Asociaci\u00f3n Nacional de Comercio Exterior - Noticias Sunrise Cargo\" \/>\n<meta property=\"og:description\" content=\"Este jueves se pronunci\u00f3 el presidente de Analdex, Javier D\u00edaz, tras la ruptura de relaciones entre Colombia e Israel anunciada el mi\u00e9rcoles por el presidente Petro. LA PATRIA | MANIZALES&hellip;\" \/>\n<meta property=\"og:url\" content=\"https:\/\/noticias.sunrisecargo.com\/?p=9739\" \/>\n<meta property=\"og:site_name\" content=\"Noticias Sunrise Cargo\" \/>\n<meta property=\"article:published_time\" content=\"2024-05-06T05:43:00+00:00\" \/>\n<meta property=\"article:modified_time\" content=\"2024-05-03T17:46:13+00:00\" \/>\n<meta property=\"og:image\" content=\"https:\/\/noticias.sunrisecargo.com\/wp-content\/uploads\/2024\/05\/03.png\" \/>\n\t<meta property=\"og:image:width\" content=\"800\" \/>\n\t<meta property=\"og:image:height\" content=\"480\" \/>\n<meta name=\"twitter:card\" content=\"summary_large_image\" \/>\n<meta name=\"twitter:label1\" content=\"Est. reading time\">\n\t<meta name=\"twitter:data1\" content=\"3 minutos\">\n<script type=\"application\/ld+json\" class=\"yoast-schema-graph\">{\"@context\":\"https:\/\/schema.org\",\"@graph\":[{\"@type\":\"Organization\",\"@id\":\"https:\/\/noticias.sunrisecargo.com\/#organization\",\"name\":\"Sunrise Cargo SAS\",\"url\":\"https:\/\/noticias.sunrisecargo.com\/\",\"sameAs\":[],\"logo\":{\"@type\":\"ImageObject\",\"@id\":\"https:\/\/noticias.sunrisecargo.com\/#logo\",\"inLanguage\":\"es-CO\",\"url\":\"https:\/\/noticias.sunrisecargo.com\/wp-content\/uploads\/2021\/04\/ICONO-NOTI-SUNRISE.png\",\"contentUrl\":\"https:\/\/noticias.sunrisecargo.com\/wp-content\/uploads\/2021\/04\/ICONO-NOTI-SUNRISE.png\",\"width\":37,\"height\":37,\"caption\":\"Sunrise Cargo SAS\"},\"image\":{\"@id\":\"https:\/\/noticias.sunrisecargo.com\/#logo\"}},{\"@type\":\"WebSite\",\"@id\":\"https:\/\/noticias.sunrisecargo.com\/#website\",\"url\":\"https:\/\/noticias.sunrisecargo.com\/\",\"name\":\"Noticias Sunrise Cargo\",\"description\":\"Noticias de Inter\\u00e9s\",\"publisher\":{\"@id\":\"https:\/\/noticias.sunrisecargo.com\/#organization\"},\"potentialAction\":[{\"@type\":\"SearchAction\",\"target\":\"https:\/\/noticias.sunrisecargo.com\/?s={search_term_string}\",\"query-input\":\"required name=search_term_string\"}],\"inLanguage\":\"es-CO\"},{\"@type\":\"ImageObject\",\"@id\":\"https:\/\/noticias.sunrisecargo.com\/?p=9739#primaryimage\",\"inLanguage\":\"es-CO\",\"url\":\"https:\/\/noticias.sunrisecargo.com\/wp-content\/uploads\/2024\/05\/03.png\",\"contentUrl\":\"https:\/\/noticias.sunrisecargo.com\/wp-content\/uploads\/2024\/05\/03.png\",\"width\":800,\"height\":480},{\"@type\":\"WebPage\",\"@id\":\"https:\/\/noticias.sunrisecargo.com\/?p=9739#webpage\",\"url\":\"https:\/\/noticias.sunrisecargo.com\/?p=9739\",\"name\":\"Colombia-Israel: \\u00bfcontin\\u00faa el TLC? Esto dice la Asociaci\\u00f3n Nacional de Comercio Exterior - Noticias Sunrise Cargo\",\"isPartOf\":{\"@id\":\"https:\/\/noticias.sunrisecargo.com\/#website\"},\"primaryImageOfPage\":{\"@id\":\"https:\/\/noticias.sunrisecargo.com\/?p=9739#primaryimage\"},\"datePublished\":\"2024-05-06T05:43:00+00:00\",\"dateModified\":\"2024-05-03T17:46:13+00:00\",\"breadcrumb\":{\"@id\":\"https:\/\/noticias.sunrisecargo.com\/?p=9739#breadcrumb\"},\"inLanguage\":\"es-CO\",\"potentialAction\":[{\"@type\":\"ReadAction\",\"target\":[\"https:\/\/noticias.sunrisecargo.com\/?p=9739\"]}]},{\"@type\":\"BreadcrumbList\",\"@id\":\"https:\/\/noticias.sunrisecargo.com\/?p=9739#breadcrumb\",\"itemListElement\":[{\"@type\":\"ListItem\",\"position\":1,\"item\":{\"@type\":\"WebPage\",\"@id\":\"https:\/\/noticias.sunrisecargo.com\/\",\"url\":\"https:\/\/noticias.sunrisecargo.com\/\",\"name\":\"Home\"}},{\"@type\":\"ListItem\",\"position\":2,\"item\":{\"@type\":\"WebPage\",\"@id\":\"https:\/\/noticias.sunrisecargo.com\/?p=9739\",\"url\":\"https:\/\/noticias.sunrisecargo.com\/?p=9739\",\"name\":\"Colombia-Israel: \\u00bfcontin\\u00faa el TLC? Esto dice la Asociaci\\u00f3n Nacional de Comercio Exterior\"}}]},{\"@type\":\"Article\",\"@id\":\"https:\/\/noticias.sunrisecargo.com\/?p=9739#article\",\"isPartOf\":{\"@id\":\"https:\/\/noticias.sunrisecargo.com\/?p=9739#webpage\"},\"author\":{\"@id\":\"https:\/\/noticias.sunrisecargo.com\/#\/schema\/person\/6dc68534970689383af81dce59c92bbc\"},\"headline\":\"Colombia-Israel: \\u00bfcontin\\u00faa el TLC? Esto dice la Asociaci\\u00f3n Nacional de Comercio Exterior\",\"datePublished\":\"2024-05-06T05:43:00+00:00\",\"dateModified\":\"2024-05-03T17:46:13+00:00\",\"mainEntityOfPage\":{\"@id\":\"https:\/\/noticias.sunrisecargo.com\/?p=9739#webpage\"},\"publisher\":{\"@id\":\"https:\/\/noticias.sunrisecargo.com\/#organization\"},\"image\":{\"@id\":\"https:\/\/noticias.sunrisecargo.com\/?p=9739#primaryimage\"},\"articleSection\":\"Comercial\",\"inLanguage\":\"es-CO\"},{\"@type\":\"Person\",\"@id\":\"https:\/\/noticias.sunrisecargo.com\/#\/schema\/person\/6dc68534970689383af81dce59c92bbc\",\"name\":\"Sunrise Cargo\",\"image\":{\"@type\":\"ImageObject\",\"@id\":\"https:\/\/noticias.sunrisecargo.com\/#personlogo\",\"inLanguage\":\"es-CO\",\"url\":\"https:\/\/secure.gravatar.com\/avatar\/064fc68894aee252e3d51c81d7d0798bc56bf526018995fa222e730d9052fdd8?s=96&d=mm&r=g\",\"contentUrl\":\"https:\/\/secure.gravatar.com\/avatar\/064fc68894aee252e3d51c81d7d0798bc56bf526018995fa222e730d9052fdd8?s=96&d=mm&r=g\",\"caption\":\"Sunrise Cargo\"},\"sameAs\":[\"http:\/\/noticias.sunrisecargo.com\"]}]}<\/script>\n<!-- \/ Yoast SEO plugin. -->","_links":{"self":[{"href":"https:\/\/noticias.sunrisecargo.com\/index.php?rest_route=\/wp\/v2\/posts\/9739","targetHints":{"allow":["GET"]}}],"collection":[{"href":"https:\/\/noticias.sunrisecargo.com\/index.php?rest_route=\/wp\/v2\/posts"}],"about":[{"href":"https:\/\/noticias.sunrisecargo.com\/index.php?rest_route=\/wp\/v2\/types\/post"}],"author":[{"embeddable":true,"href":"https:\/\/noticias.sunrisecargo.com\/index.php?rest_route=\/wp\/v2\/users\/4"}],"replies":[{"embeddable":true,"href":"https:\/\/noticias.sunrisecargo.com\/index.php?rest_route=%2Fwp%2Fv2%2Fcomments&post=9739"}],"version-history":[{"count":1,"href":"https:\/\/noticias.sunrisecargo.com\/index.php?rest_route=\/wp\/v2\/posts\/9739\/revisions"}],"predecessor-version":[{"id":9743,"href":"https:\/\/noticias.sunrisecargo.com\/index.php?rest_route=\/wp\/v2\/posts\/9739\/revisions\/9743"}],"wp:featuredmedia":[{"embeddable":true,"href":"https:\/\/noticias.sunrisecargo.com\/index.php?rest_route=\/wp\/v2\/media\/9741"}],"wp:attachment":[{"href":"https:\/\/noticias.sunrisecargo.com\/index.php?rest_route=%2Fwp%2Fv2%2Fmedia&parent=9739"}],"wp:term":[{"taxonomy":"category","embeddable":true,"href":"https:\/\/noticias.sunrisecargo.com\/index.php?rest_route=%2Fwp%2Fv2%2Fcategories&post=9739"},{"taxonomy":"post_tag","embeddable":true,"href":"https:\/\/noticias.sunrisecargo.com\/index.php?rest_route=%2Fwp%2Fv2%2Ftags&post=9739"}],"curies":[{"name":"wp","href":"https:\/\/api.w.org\/{rel}","templated":true}]}}