{"id":9738,"date":"2024-05-06T00:43:00","date_gmt":"2024-05-06T05:43:00","guid":{"rendered":"https:\/\/noticias.sunrisecargo.com\/?p=9738"},"modified":"2024-05-03T12:48:40","modified_gmt":"2024-05-03T17:48:40","slug":"la-ruta-de-la-nueva-linea-maritima-de-mercancia-que-sale-desde-colombia-hacia-europa","status":"publish","type":"post","link":"https:\/\/noticias.sunrisecargo.com\/?p=9738","title":{"rendered":"La ruta de la nueva l\u00ednea mar\u00edtima de mercanc\u00eda que sale desde Colombia hacia Europa"},"content":{"rendered":"\n<figure class=\"wp-block-image size-full\"><img loading=\"lazy\" decoding=\"async\" width=\"1024\" height=\"682\" src=\"https:\/\/noticias.sunrisecargo.com\/wp-content\/uploads\/2024\/05\/image-3.png\" alt=\"\" class=\"wp-image-9744\" srcset=\"https:\/\/noticias.sunrisecargo.com\/wp-content\/uploads\/2024\/05\/image-3.png 1024w, https:\/\/noticias.sunrisecargo.com\/wp-content\/uploads\/2024\/05\/image-3-300x200.png 300w, https:\/\/noticias.sunrisecargo.com\/wp-content\/uploads\/2024\/05\/image-3-768x512.png 768w\" sizes=\"auto, (max-width: 1024px) 100vw, 1024px\" \/><\/figure>\n\n\n\n<p id=\"p602788-m393-1-394\">Este nuevo servicio tendr\u00e1 una frecuencia semanal con el puerto de Vigo como primera parada en el continente europeo.<\/p>\n\n\n\n<p>Desde este lunes 15 de abril, el puerto espa\u00f1ol de Vigo est\u00e1 conectado con Suram\u00e9rica con la entrada en operaciones de una nueva l\u00ednea mar\u00edtima de mercanc\u00edas de la naviera alemana Hapag Lloyd.<\/p>\n\n\n\n<p>Este nuevo servicio tendr\u00e1 una frecuencia semanal con el puerto de Vigo como primera parada en Europa.<\/p>\n\n\n\n<p>El punto de partida es\u00a0<strong>Buenaventura, en Colombia<\/strong>; luego pasa por Paita; en Per\u00fa, por Posorja y Guayaquil, en Ecuador; por Manzanillo, en Panam\u00e1; por Puerto Lim\u00f3n en Costa Rica; y por\u00a0<strong>Cartagena, de nuevo en Colombia antes de partir hacia Espa\u00f1a<\/strong>.<\/p>\n\n\n\n<p id=\"p602788-m441-7-442\">Luego de su paso por Vigo viaja a M\u00e1laga y Valencia antes de poner rumbo a Italia, donde hace escala en los puertos de Civitavecchia, Genoa y Livorno antes de regresar a Espa\u00f1a para hacer escala en Barcelona.<\/p>\n\n\n\n<p><\/p>\n\n\n\n<p>Fuente: <a href=\"https:\/\/www.portafolio.co\/negocios\/comercio\/la-ruta-de-la-nueva-linea-maritima-de-mercancia-que-sale-desde-colombia-a-espana-602788\" target=\"_blank\" rel=\"noreferrer noopener\">https:\/\/www.portafolio.co\/negocios\/comercio\/la-ruta-de-la-nueva-linea-maritima-de-mercancia-que-sale-desde-colombia-a-espana-602788<\/a><\/p>\n","protected":false},"excerpt":{"rendered":"<p>Este nuevo servicio tendr\u00e1 una frecuencia semanal con el puerto de Vigo como primera parada en el continente europeo. Desde este lunes 15 de abril, el puerto espa\u00f1ol de Vigo&hellip; <\/p>\n","protected":false},"author":4,"featured_media":9745,"comment_status":"closed","ping_status":"open","sticky":false,"template":"","format":"standard","meta":{"_monsterinsights_skip_tracking":false,"_monsterinsights_sitenote_active":false,"_monsterinsights_sitenote_note":"","_monsterinsights_sitenote_category":0,"footnotes":""},"categories":[17],"tags":[],"class_list":["post-9738","post","type-post","status-publish","format-standard","has-post-thumbnail","hentry","category-comercial"],"yoast_head":"<!-- This site is optimized with the Yoast SEO plugin v16.1.1 - https:\/\/yoast.com\/wordpress\/plugins\/seo\/ -->\n<title>La ruta de la nueva l\u00ednea mar\u00edtima de mercanc\u00eda que sale desde Colombia hacia Europa - Noticias Sunrise Cargo<\/title>\n<link rel=\"canonical\" href=\"https:\/\/noticias.sunrisecargo.com\/?p=9738\" \/>\n<meta property=\"og:locale\" content=\"es_ES\" \/>\n<meta property=\"og:type\" content=\"article\" \/>\n<meta property=\"og:title\" content=\"La ruta de la nueva l\u00ednea mar\u00edtima de mercanc\u00eda que sale desde Colombia hacia Europa - Noticias Sunrise Cargo\" \/>\n<meta property=\"og:description\" content=\"Este nuevo servicio tendr\u00e1 una frecuencia semanal con el puerto de Vigo como primera parada en el continente europeo. Desde este lunes 15 de abril, el puerto espa\u00f1ol de Vigo&hellip;\" \/>\n<meta property=\"og:url\" content=\"https:\/\/noticias.sunrisecargo.com\/?p=9738\" \/>\n<meta property=\"og:site_name\" content=\"Noticias Sunrise Cargo\" \/>\n<meta property=\"article:published_time\" content=\"2024-05-06T05:43:00+00:00\" \/>\n<meta property=\"article:modified_time\" content=\"2024-05-03T17:48:40+00:00\" \/>\n<meta property=\"og:image\" content=\"https:\/\/noticias.sunrisecargo.com\/wp-content\/uploads\/2024\/05\/04.png\" \/>\n\t<meta property=\"og:image:width\" content=\"800\" \/>\n\t<meta property=\"og:image:height\" content=\"480\" \/>\n<meta name=\"twitter:card\" content=\"summary_large_image\" \/>\n<meta name=\"twitter:label1\" content=\"Est. reading time\">\n\t<meta name=\"twitter:data1\" content=\"1 minuto\">\n<script type=\"application\/ld+json\" class=\"yoast-schema-graph\">{\"@context\":\"https:\/\/schema.org\",\"@graph\":[{\"@type\":\"Organization\",\"@id\":\"https:\/\/noticias.sunrisecargo.com\/#organization\",\"name\":\"Sunrise Cargo SAS\",\"url\":\"https:\/\/noticias.sunrisecargo.com\/\",\"sameAs\":[],\"logo\":{\"@type\":\"ImageObject\",\"@id\":\"https:\/\/noticias.sunrisecargo.com\/#logo\",\"inLanguage\":\"es-CO\",\"url\":\"https:\/\/noticias.sunrisecargo.com\/wp-content\/uploads\/2021\/04\/ICONO-NOTI-SUNRISE.png\",\"contentUrl\":\"https:\/\/noticias.sunrisecargo.com\/wp-content\/uploads\/2021\/04\/ICONO-NOTI-SUNRISE.png\",\"width\":37,\"height\":37,\"caption\":\"Sunrise Cargo SAS\"},\"image\":{\"@id\":\"https:\/\/noticias.sunrisecargo.com\/#logo\"}},{\"@type\":\"WebSite\",\"@id\":\"https:\/\/noticias.sunrisecargo.com\/#website\",\"url\":\"https:\/\/noticias.sunrisecargo.com\/\",\"name\":\"Noticias Sunrise Cargo\",\"description\":\"Noticias de Inter\\u00e9s\",\"publisher\":{\"@id\":\"https:\/\/noticias.sunrisecargo.com\/#organization\"},\"potentialAction\":[{\"@type\":\"SearchAction\",\"target\":\"https:\/\/noticias.sunrisecargo.com\/?s={search_term_string}\",\"query-input\":\"required name=search_term_string\"}],\"inLanguage\":\"es-CO\"},{\"@type\":\"ImageObject\",\"@id\":\"https:\/\/noticias.sunrisecargo.com\/?p=9738#primaryimage\",\"inLanguage\":\"es-CO\",\"url\":\"https:\/\/noticias.sunrisecargo.com\/wp-content\/uploads\/2024\/05\/04.png\",\"contentUrl\":\"https:\/\/noticias.sunrisecargo.com\/wp-content\/uploads\/2024\/05\/04.png\",\"width\":800,\"height\":480},{\"@type\":\"WebPage\",\"@id\":\"https:\/\/noticias.sunrisecargo.com\/?p=9738#webpage\",\"url\":\"https:\/\/noticias.sunrisecargo.com\/?p=9738\",\"name\":\"La ruta de la nueva l\\u00ednea mar\\u00edtima de mercanc\\u00eda que sale desde Colombia hacia Europa - Noticias Sunrise Cargo\",\"isPartOf\":{\"@id\":\"https:\/\/noticias.sunrisecargo.com\/#website\"},\"primaryImageOfPage\":{\"@id\":\"https:\/\/noticias.sunrisecargo.com\/?p=9738#primaryimage\"},\"datePublished\":\"2024-05-06T05:43:00+00:00\",\"dateModified\":\"2024-05-03T17:48:40+00:00\",\"breadcrumb\":{\"@id\":\"https:\/\/noticias.sunrisecargo.com\/?p=9738#breadcrumb\"},\"inLanguage\":\"es-CO\",\"potentialAction\":[{\"@type\":\"ReadAction\",\"target\":[\"https:\/\/noticias.sunrisecargo.com\/?p=9738\"]}]},{\"@type\":\"BreadcrumbList\",\"@id\":\"https:\/\/noticias.sunrisecargo.com\/?p=9738#breadcrumb\",\"itemListElement\":[{\"@type\":\"ListItem\",\"position\":1,\"item\":{\"@type\":\"WebPage\",\"@id\":\"https:\/\/noticias.sunrisecargo.com\/\",\"url\":\"https:\/\/noticias.sunrisecargo.com\/\",\"name\":\"Home\"}},{\"@type\":\"ListItem\",\"position\":2,\"item\":{\"@type\":\"WebPage\",\"@id\":\"https:\/\/noticias.sunrisecargo.com\/?p=9738\",\"url\":\"https:\/\/noticias.sunrisecargo.com\/?p=9738\",\"name\":\"La ruta de la nueva l\\u00ednea mar\\u00edtima de mercanc\\u00eda que sale desde Colombia hacia Europa\"}}]},{\"@type\":\"Article\",\"@id\":\"https:\/\/noticias.sunrisecargo.com\/?p=9738#article\",\"isPartOf\":{\"@id\":\"https:\/\/noticias.sunrisecargo.com\/?p=9738#webpage\"},\"author\":{\"@id\":\"https:\/\/noticias.sunrisecargo.com\/#\/schema\/person\/6dc68534970689383af81dce59c92bbc\"},\"headline\":\"La ruta de la nueva l\\u00ednea mar\\u00edtima de mercanc\\u00eda que sale desde Colombia hacia Europa\",\"datePublished\":\"2024-05-06T05:43:00+00:00\",\"dateModified\":\"2024-05-03T17:48:40+00:00\",\"mainEntityOfPage\":{\"@id\":\"https:\/\/noticias.sunrisecargo.com\/?p=9738#webpage\"},\"publisher\":{\"@id\":\"https:\/\/noticias.sunrisecargo.com\/#organization\"},\"image\":{\"@id\":\"https:\/\/noticias.sunrisecargo.com\/?p=9738#primaryimage\"},\"articleSection\":\"Comercial\",\"inLanguage\":\"es-CO\"},{\"@type\":\"Person\",\"@id\":\"https:\/\/noticias.sunrisecargo.com\/#\/schema\/person\/6dc68534970689383af81dce59c92bbc\",\"name\":\"Sunrise Cargo\",\"image\":{\"@type\":\"ImageObject\",\"@id\":\"https:\/\/noticias.sunrisecargo.com\/#personlogo\",\"inLanguage\":\"es-CO\",\"url\":\"https:\/\/secure.gravatar.com\/avatar\/064fc68894aee252e3d51c81d7d0798bc56bf526018995fa222e730d9052fdd8?s=96&d=mm&r=g\",\"contentUrl\":\"https:\/\/secure.gravatar.com\/avatar\/064fc68894aee252e3d51c81d7d0798bc56bf526018995fa222e730d9052fdd8?s=96&d=mm&r=g\",\"caption\":\"Sunrise Cargo\"},\"sameAs\":[\"http:\/\/noticias.sunrisecargo.com\"]}]}<\/script>\n<!-- \/ Yoast SEO plugin. -->","_links":{"self":[{"href":"https:\/\/noticias.sunrisecargo.com\/index.php?rest_route=\/wp\/v2\/posts\/9738","targetHints":{"allow":["GET"]}}],"collection":[{"href":"https:\/\/noticias.sunrisecargo.com\/index.php?rest_route=\/wp\/v2\/posts"}],"about":[{"href":"https:\/\/noticias.sunrisecargo.com\/index.php?rest_route=\/wp\/v2\/types\/post"}],"author":[{"embeddable":true,"href":"https:\/\/noticias.sunrisecargo.com\/index.php?rest_route=\/wp\/v2\/users\/4"}],"replies":[{"embeddable":true,"href":"https:\/\/noticias.sunrisecargo.com\/index.php?rest_route=%2Fwp%2Fv2%2Fcomments&post=9738"}],"version-history":[{"count":1,"href":"https:\/\/noticias.sunrisecargo.com\/index.php?rest_route=\/wp\/v2\/posts\/9738\/revisions"}],"predecessor-version":[{"id":9746,"href":"https:\/\/noticias.sunrisecargo.com\/index.php?rest_route=\/wp\/v2\/posts\/9738\/revisions\/9746"}],"wp:featuredmedia":[{"embeddable":true,"href":"https:\/\/noticias.sunrisecargo.com\/index.php?rest_route=\/wp\/v2\/media\/9745"}],"wp:attachment":[{"href":"https:\/\/noticias.sunrisecargo.com\/index.php?rest_route=%2Fwp%2Fv2%2Fmedia&parent=9738"}],"wp:term":[{"taxonomy":"category","embeddable":true,"href":"https:\/\/noticias.sunrisecargo.com\/index.php?rest_route=%2Fwp%2Fv2%2Fcategories&post=9738"},{"taxonomy":"post_tag","embeddable":true,"href":"https:\/\/noticias.sunrisecargo.com\/index.php?rest_route=%2Fwp%2Fv2%2Ftags&post=9738"}],"curies":[{"name":"wp","href":"https:\/\/api.w.org\/{rel}","templated":true}]}}