{"id":9680,"date":"2024-04-22T07:20:57","date_gmt":"2024-04-22T12:20:57","guid":{"rendered":"https:\/\/noticias.sunrisecargo.com\/?p=9680"},"modified":"2024-04-22T07:20:59","modified_gmt":"2024-04-22T12:20:59","slug":"latam-cargo-brasil-operara-un-nuevo-vuelo-entre-sao-paulo-recife-y-manaos-con-767","status":"publish","type":"post","link":"https:\/\/noticias.sunrisecargo.com\/?p=9680","title":{"rendered":"LATAM Cargo Brasil operar\u00e1 un nuevo vuelo entre Sao Paulo, Recife y Manaos con 767"},"content":{"rendered":"\n<figure class=\"wp-block-image size-large\"><img loading=\"lazy\" decoding=\"async\" width=\"1024\" height=\"576\" src=\"https:\/\/noticias.sunrisecargo.com\/wp-content\/uploads\/2024\/04\/image-18-1024x576.png\" alt=\"\" class=\"wp-image-9681\" srcset=\"https:\/\/noticias.sunrisecargo.com\/wp-content\/uploads\/2024\/04\/image-18-1024x576.png 1024w, https:\/\/noticias.sunrisecargo.com\/wp-content\/uploads\/2024\/04\/image-18-300x169.png 300w, https:\/\/noticias.sunrisecargo.com\/wp-content\/uploads\/2024\/04\/image-18-768x432.png 768w, https:\/\/noticias.sunrisecargo.com\/wp-content\/uploads\/2024\/04\/image-18-1536x864.png 1536w, https:\/\/noticias.sunrisecargo.com\/wp-content\/uploads\/2024\/04\/image-18-2048x1153.png 2048w\" sizes=\"auto, (max-width: 1024px) 100vw, 1024px\" \/><\/figure>\n\n\n\n<p><strong><a href=\"https:\/\/www.aviacionline.com\/2024\/04\/latam-incrementa-sus-vuelos-a-sidney-australia-con-conexiones-al-resto-de-sudamerica\/\">LATAM Airlines<\/a>\u00a0anunci\u00f3 un incremento de capacidad de carga para el Norte y Nordeste brasile\u00f1o<\/strong>. La filial de cargas del grupo en Brasil inaugurar\u00e1 un nuevo vuelo semanal que unir\u00e1\u00a0<strong>San Pablo (GRU), Recife (REC) y Manaos (MAO)<\/strong>.<\/p>\n\n\n\n<p>La nueva ruta dom\u00e9stica de\u00a0<strong>LATAM Cargo Brasil<\/strong>\u00a0iniciar\u00e1 el pr\u00f3ximo\u00a0<strong>9 de mayo<\/strong>\u00a0y ser\u00e1 operada con\u00a0<strong>Boeing 767-300F<\/strong>. Con la adici\u00f3n de este nuevo vuelo, la LATAM\u00a0<strong>incrementar\u00e1 su capacidad de carga en la capital del estado de Pernambuco en un 62,5%<\/strong>\u00a0m\u00e1s comparado con este mes de abril.<\/p>\n\n\n\n<p><strong>Ana Caroline Costa, gerente de estrategia comercial de LATAM Cargo Brasil<\/strong>, dijo:\u00a0<em>\u201clas inversiones de LATAM Cargo en el Norte y Nordeste refuerzan la importancia estrat\u00e9gica del transporte a\u00e9reo de carga para el desarrollo de Brasil.\u201d<\/em><\/p>\n\n\n\n<p><em>\u201cAs\u00ed apoyamos a los empresarios y a la cadena de suministro en estas regiones, ofreciendo la soluci\u00f3n log\u00edstica m\u00e1s segura y r\u00e1pida para acercar las oportunidades a nuestros clientes\u201d,<\/em>\u00a0a\u00f1adi\u00f3.<\/p>\n\n\n\n<p><strong>LATAM Cargo<\/strong>&nbsp;opera desde&nbsp;<strong>Recife<\/strong>&nbsp;un vuelo internacional hacia&nbsp;<strong>Ciudad de M\u00e9xico (MEX),<\/strong>&nbsp;adem\u00e1s de colocar carga en las bodegas de los vuelos comerciales de pasajeros.<\/p>\n\n\n\n<p>La expansi\u00f3n de la conectividad de LATAM Cargo har\u00e1 m\u00e1s \u00e1gil y din\u00e1mico el transporte de autopartes, productos farmac\u00e9uticos, comercio electr\u00f3nico, electr\u00f3nica y alimentos perecederos de S\u00e3o Paulo a Recife y el env\u00edo de ropa, autopartes y alimentos perecederos de Recife a Manaos.<\/p>\n\n\n\n<p><\/p>\n\n\n\n<p>Fuente: <a href=\"https:\/\/www.aviacionline.com\/2024\/04\/latam-cargo-brasil-operara-un-nuevo-vuelo-entre-sao-paulo-recife-y-manaos-con-767\/\" target=\"_blank\" rel=\"noreferrer noopener\">https:\/\/www.aviacionline.com\/2024\/04\/latam-cargo-brasil-operara-un-nuevo-vuelo-entre-sao-paulo-recife-y-manaos-con-767\/<\/a><\/p>\n","protected":false},"excerpt":{"rendered":"<p>LATAM Airlines\u00a0anunci\u00f3 un incremento de capacidad de carga para el Norte y Nordeste brasile\u00f1o. La filial de cargas del grupo en Brasil inaugurar\u00e1 un nuevo vuelo semanal que unir\u00e1\u00a0San Pablo&hellip; <\/p>\n","protected":false},"author":4,"featured_media":9682,"comment_status":"closed","ping_status":"open","sticky":false,"template":"","format":"standard","meta":{"_monsterinsights_skip_tracking":false,"_monsterinsights_sitenote_active":false,"_monsterinsights_sitenote_note":"","_monsterinsights_sitenote_category":0,"footnotes":""},"categories":[17],"tags":[],"class_list":["post-9680","post","type-post","status-publish","format-standard","has-post-thumbnail","hentry","category-comercial"],"yoast_head":"<!-- This site is optimized with the Yoast SEO plugin v16.1.1 - https:\/\/yoast.com\/wordpress\/plugins\/seo\/ -->\n<title>LATAM Cargo Brasil operar\u00e1 un nuevo vuelo entre Sao Paulo, Recife y Manaos con 767 - Noticias Sunrise Cargo<\/title>\n<link rel=\"canonical\" href=\"https:\/\/noticias.sunrisecargo.com\/?p=9680\" \/>\n<meta property=\"og:locale\" content=\"es_ES\" \/>\n<meta property=\"og:type\" content=\"article\" \/>\n<meta property=\"og:title\" content=\"LATAM Cargo Brasil operar\u00e1 un nuevo vuelo entre Sao Paulo, Recife y Manaos con 767 - Noticias Sunrise Cargo\" \/>\n<meta property=\"og:description\" content=\"LATAM Airlines\u00a0anunci\u00f3 un incremento de capacidad de carga para el Norte y Nordeste brasile\u00f1o. La filial de cargas del grupo en Brasil inaugurar\u00e1 un nuevo vuelo semanal que unir\u00e1\u00a0San Pablo&hellip;\" \/>\n<meta property=\"og:url\" content=\"https:\/\/noticias.sunrisecargo.com\/?p=9680\" \/>\n<meta property=\"og:site_name\" content=\"Noticias Sunrise Cargo\" \/>\n<meta property=\"article:published_time\" content=\"2024-04-22T12:20:57+00:00\" \/>\n<meta property=\"article:modified_time\" content=\"2024-04-22T12:20:59+00:00\" \/>\n<meta property=\"og:image\" content=\"https:\/\/noticias.sunrisecargo.com\/wp-content\/uploads\/2024\/04\/06-2.png\" \/>\n\t<meta property=\"og:image:width\" content=\"800\" \/>\n\t<meta property=\"og:image:height\" content=\"480\" \/>\n<meta name=\"twitter:card\" content=\"summary_large_image\" \/>\n<meta name=\"twitter:label1\" content=\"Est. reading time\">\n\t<meta name=\"twitter:data1\" content=\"2 minutos\">\n<script type=\"application\/ld+json\" class=\"yoast-schema-graph\">{\"@context\":\"https:\/\/schema.org\",\"@graph\":[{\"@type\":\"Organization\",\"@id\":\"https:\/\/noticias.sunrisecargo.com\/#organization\",\"name\":\"Sunrise Cargo SAS\",\"url\":\"https:\/\/noticias.sunrisecargo.com\/\",\"sameAs\":[],\"logo\":{\"@type\":\"ImageObject\",\"@id\":\"https:\/\/noticias.sunrisecargo.com\/#logo\",\"inLanguage\":\"es-CO\",\"url\":\"https:\/\/noticias.sunrisecargo.com\/wp-content\/uploads\/2021\/04\/ICONO-NOTI-SUNRISE.png\",\"contentUrl\":\"https:\/\/noticias.sunrisecargo.com\/wp-content\/uploads\/2021\/04\/ICONO-NOTI-SUNRISE.png\",\"width\":37,\"height\":37,\"caption\":\"Sunrise Cargo SAS\"},\"image\":{\"@id\":\"https:\/\/noticias.sunrisecargo.com\/#logo\"}},{\"@type\":\"WebSite\",\"@id\":\"https:\/\/noticias.sunrisecargo.com\/#website\",\"url\":\"https:\/\/noticias.sunrisecargo.com\/\",\"name\":\"Noticias Sunrise Cargo\",\"description\":\"Noticias de Inter\\u00e9s\",\"publisher\":{\"@id\":\"https:\/\/noticias.sunrisecargo.com\/#organization\"},\"potentialAction\":[{\"@type\":\"SearchAction\",\"target\":\"https:\/\/noticias.sunrisecargo.com\/?s={search_term_string}\",\"query-input\":\"required name=search_term_string\"}],\"inLanguage\":\"es-CO\"},{\"@type\":\"ImageObject\",\"@id\":\"https:\/\/noticias.sunrisecargo.com\/?p=9680#primaryimage\",\"inLanguage\":\"es-CO\",\"url\":\"https:\/\/noticias.sunrisecargo.com\/wp-content\/uploads\/2024\/04\/06-2.png\",\"contentUrl\":\"https:\/\/noticias.sunrisecargo.com\/wp-content\/uploads\/2024\/04\/06-2.png\",\"width\":800,\"height\":480},{\"@type\":\"WebPage\",\"@id\":\"https:\/\/noticias.sunrisecargo.com\/?p=9680#webpage\",\"url\":\"https:\/\/noticias.sunrisecargo.com\/?p=9680\",\"name\":\"LATAM Cargo Brasil operar\\u00e1 un nuevo vuelo entre Sao Paulo, Recife y Manaos con 767 - Noticias Sunrise Cargo\",\"isPartOf\":{\"@id\":\"https:\/\/noticias.sunrisecargo.com\/#website\"},\"primaryImageOfPage\":{\"@id\":\"https:\/\/noticias.sunrisecargo.com\/?p=9680#primaryimage\"},\"datePublished\":\"2024-04-22T12:20:57+00:00\",\"dateModified\":\"2024-04-22T12:20:59+00:00\",\"breadcrumb\":{\"@id\":\"https:\/\/noticias.sunrisecargo.com\/?p=9680#breadcrumb\"},\"inLanguage\":\"es-CO\",\"potentialAction\":[{\"@type\":\"ReadAction\",\"target\":[\"https:\/\/noticias.sunrisecargo.com\/?p=9680\"]}]},{\"@type\":\"BreadcrumbList\",\"@id\":\"https:\/\/noticias.sunrisecargo.com\/?p=9680#breadcrumb\",\"itemListElement\":[{\"@type\":\"ListItem\",\"position\":1,\"item\":{\"@type\":\"WebPage\",\"@id\":\"https:\/\/noticias.sunrisecargo.com\/\",\"url\":\"https:\/\/noticias.sunrisecargo.com\/\",\"name\":\"Home\"}},{\"@type\":\"ListItem\",\"position\":2,\"item\":{\"@type\":\"WebPage\",\"@id\":\"https:\/\/noticias.sunrisecargo.com\/?p=9680\",\"url\":\"https:\/\/noticias.sunrisecargo.com\/?p=9680\",\"name\":\"LATAM Cargo Brasil operar\\u00e1 un nuevo vuelo entre Sao Paulo, Recife y Manaos con 767\"}}]},{\"@type\":\"Article\",\"@id\":\"https:\/\/noticias.sunrisecargo.com\/?p=9680#article\",\"isPartOf\":{\"@id\":\"https:\/\/noticias.sunrisecargo.com\/?p=9680#webpage\"},\"author\":{\"@id\":\"https:\/\/noticias.sunrisecargo.com\/#\/schema\/person\/6dc68534970689383af81dce59c92bbc\"},\"headline\":\"LATAM Cargo Brasil operar\\u00e1 un nuevo vuelo entre Sao Paulo, Recife y Manaos con 767\",\"datePublished\":\"2024-04-22T12:20:57+00:00\",\"dateModified\":\"2024-04-22T12:20:59+00:00\",\"mainEntityOfPage\":{\"@id\":\"https:\/\/noticias.sunrisecargo.com\/?p=9680#webpage\"},\"publisher\":{\"@id\":\"https:\/\/noticias.sunrisecargo.com\/#organization\"},\"image\":{\"@id\":\"https:\/\/noticias.sunrisecargo.com\/?p=9680#primaryimage\"},\"articleSection\":\"Comercial\",\"inLanguage\":\"es-CO\"},{\"@type\":\"Person\",\"@id\":\"https:\/\/noticias.sunrisecargo.com\/#\/schema\/person\/6dc68534970689383af81dce59c92bbc\",\"name\":\"Sunrise Cargo\",\"image\":{\"@type\":\"ImageObject\",\"@id\":\"https:\/\/noticias.sunrisecargo.com\/#personlogo\",\"inLanguage\":\"es-CO\",\"url\":\"https:\/\/secure.gravatar.com\/avatar\/064fc68894aee252e3d51c81d7d0798bc56bf526018995fa222e730d9052fdd8?s=96&d=mm&r=g\",\"contentUrl\":\"https:\/\/secure.gravatar.com\/avatar\/064fc68894aee252e3d51c81d7d0798bc56bf526018995fa222e730d9052fdd8?s=96&d=mm&r=g\",\"caption\":\"Sunrise Cargo\"},\"sameAs\":[\"http:\/\/noticias.sunrisecargo.com\"]}]}<\/script>\n<!-- \/ Yoast SEO plugin. -->","_links":{"self":[{"href":"https:\/\/noticias.sunrisecargo.com\/index.php?rest_route=\/wp\/v2\/posts\/9680","targetHints":{"allow":["GET"]}}],"collection":[{"href":"https:\/\/noticias.sunrisecargo.com\/index.php?rest_route=\/wp\/v2\/posts"}],"about":[{"href":"https:\/\/noticias.sunrisecargo.com\/index.php?rest_route=\/wp\/v2\/types\/post"}],"author":[{"embeddable":true,"href":"https:\/\/noticias.sunrisecargo.com\/index.php?rest_route=\/wp\/v2\/users\/4"}],"replies":[{"embeddable":true,"href":"https:\/\/noticias.sunrisecargo.com\/index.php?rest_route=%2Fwp%2Fv2%2Fcomments&post=9680"}],"version-history":[{"count":1,"href":"https:\/\/noticias.sunrisecargo.com\/index.php?rest_route=\/wp\/v2\/posts\/9680\/revisions"}],"predecessor-version":[{"id":9683,"href":"https:\/\/noticias.sunrisecargo.com\/index.php?rest_route=\/wp\/v2\/posts\/9680\/revisions\/9683"}],"wp:featuredmedia":[{"embeddable":true,"href":"https:\/\/noticias.sunrisecargo.com\/index.php?rest_route=\/wp\/v2\/media\/9682"}],"wp:attachment":[{"href":"https:\/\/noticias.sunrisecargo.com\/index.php?rest_route=%2Fwp%2Fv2%2Fmedia&parent=9680"}],"wp:term":[{"taxonomy":"category","embeddable":true,"href":"https:\/\/noticias.sunrisecargo.com\/index.php?rest_route=%2Fwp%2Fv2%2Fcategories&post=9680"},{"taxonomy":"post_tag","embeddable":true,"href":"https:\/\/noticias.sunrisecargo.com\/index.php?rest_route=%2Fwp%2Fv2%2Ftags&post=9680"}],"curies":[{"name":"wp","href":"https:\/\/api.w.org\/{rel}","templated":true}]}}