{"id":9587,"date":"2024-04-08T07:43:16","date_gmt":"2024-04-08T12:43:16","guid":{"rendered":"https:\/\/noticias.sunrisecargo.com\/?p=9587"},"modified":"2024-04-08T07:43:18","modified_gmt":"2024-04-08T12:43:18","slug":"con-el-compromiso-de-atraer-inversion-promover-el-turismo-y-las-exportaciones-con-enfasis-en-las-mipymes-cerro-cumbre-de-alianza-del-pacifico","status":"publish","type":"post","link":"https:\/\/noticias.sunrisecargo.com\/?p=9587","title":{"rendered":"Con el compromiso de atraer inversi\u00f3n, promover el turismo y las exportaciones con \u00e9nfasis en las mipymes, cerr\u00f3 cumbre de Alianza del Pac\u00edfico"},"content":{"rendered":"\n<figure class=\"wp-block-image size-full\"><img loading=\"lazy\" decoding=\"async\" width=\"850\" height=\"455\" src=\"https:\/\/noticias.sunrisecargo.com\/wp-content\/uploads\/2024\/04\/image-1.png\" alt=\"\" class=\"wp-image-9591\" srcset=\"https:\/\/noticias.sunrisecargo.com\/wp-content\/uploads\/2024\/04\/image-1.png 850w, https:\/\/noticias.sunrisecargo.com\/wp-content\/uploads\/2024\/04\/image-1-300x161.png 300w, https:\/\/noticias.sunrisecargo.com\/wp-content\/uploads\/2024\/04\/image-1-768x411.png 768w\" sizes=\"auto, (max-width: 850px) 100vw, 850px\" \/><\/figure>\n\n\n\n<p><strong><em>Chile asumi\u00f3 la Presidencia Pro Tempore del bloque de integraci\u00f3n por un a\u00f1o.<\/em><\/strong><\/p>\n\n\n\n<p>Adelantar acciones para fortalecer el mecanismo de integraci\u00f3n, la atracci\u00f3n de inversi\u00f3n extranjera directa y promover el turismo y las exportaciones entre Chile, Colombia, M\u00e9xico y Per\u00fa, con \u00e9nfasis en las micro, peque\u00f1as y medianas&nbsp; empresas, mipymes, as\u00ed como con terceros pa\u00edses, hacen parte de los mandatos con los que los Ministros y Viceministros de Comercio Exterior y Relaciones Exteriores de la Alianza del Pac\u00edfico cerraron este viernes su reuni\u00f3n peri\u00f3dica.<\/p>\n\n\n\n<p>Adem\u00e1s, adoptaron el Plan de Trabajo del Consejo de Ministros del bloque con el Consejo de Ministros de Finanzas, que busca implementar acciones conjuntas en diversas \u00e1reas como mercado digital regional, gesti\u00f3n sostenible de pl\u00e1sticos, autonom\u00eda y empoderamiento econ\u00f3mico de la mujer y comercio de servicios.<\/p>\n\n\n\n<p>El viceministro de Comercio Exterior, Luis Felipe Quintero Su\u00e1rez, resalt\u00f3 la importancia de fortalecer el mecanismo en el \u00e1mbito regional,&nbsp; con el fin de impulsar el desarrollo, un mayor comercio e inversiones.<\/p>\n\n\n\n<p>Record\u00f3 que la integraci\u00f3n regional es uno de los&nbsp; objetivos de la pol\u00edtica de internacionalizaci\u00f3n del Gobierno del Cambio, as\u00ed como la atracci\u00f3n de inversi\u00f3n extranjera sostenible, pues es uno de los canales para avanzar en la reindustrializaci\u00f3n.<\/p>\n\n\n\n<p>\u201cBuscamos que esa inversi\u00f3n incorpore progreso t\u00e9cnico, innovaci\u00f3n y desarrollo. Adem\u00e1s, que impulse alianzas en las regiones entre las peque\u00f1as y medianas empresas, con las grandes firmas y con las multinacionales que son jalonadoras de inversi\u00f3n\u201d, explic\u00f3 el viceministro Quintero Su\u00e1rez.<\/p>\n\n\n\n<p>Dentro de los mandatos para el siguiente a\u00f1o de labores de la Alianza del Pac\u00edfico, cuya presidencia pas\u00f3 a Chile, est\u00e1 tambi\u00e9n el desarrollo de alianzas estrat\u00e9gicas, de acciones y de herramientas que permitan la promoci\u00f3n conjunta y la comercializaci\u00f3n de destinos tur\u00edsticos en Chile, Colombia, M\u00e9xico y Per\u00fa, de tal manera que aumenten los flujos de viajeros entre los 4 pa\u00edses y desde terceros mercados.<\/p>\n\n\n\n<p>De otra parte, los Ministros celebraron el desarrollo de la agenda programada y manifestaron el compromiso del bloque para seguir con los trabajos internos que lleven a iniciar el proceso de incorporaci\u00f3n de Costa Rica como miembro pleno del bloque.<\/p>\n\n\n\n<p>Finalmente, las altas autoridades agradecieron a Per\u00fa por los trabajos realizados y su compromiso durante su Presidencia Pro Tempore y saludaron a Chile en el inicio de este importante rol.<\/p>\n\n\n\n<p><\/p>\n\n\n\n<p>Fuente: <a href=\"https:\/\/www.mincit.gov.co\/prensa\/noticias\/comercio\/compromiso-inversion-cerro-cumbre-alianza-pacifico\" target=\"_blank\" rel=\"noreferrer noopener\">https:\/\/www.mincit.gov.co\/prensa\/noticias\/comercio\/compromiso-inversion-cerro-cumbre-alianza-pacifico<\/a><\/p>\n","protected":false},"excerpt":{"rendered":"<p>Chile asumi\u00f3 la Presidencia Pro Tempore del bloque de integraci\u00f3n por un a\u00f1o. Adelantar acciones para fortalecer el mecanismo de integraci\u00f3n, la atracci\u00f3n de inversi\u00f3n extranjera directa y promover el&hellip; <\/p>\n","protected":false},"author":4,"featured_media":9592,"comment_status":"closed","ping_status":"open","sticky":false,"template":"","format":"standard","meta":{"_monsterinsights_skip_tracking":false,"_monsterinsights_sitenote_active":false,"_monsterinsights_sitenote_note":"","_monsterinsights_sitenote_category":0,"footnotes":""},"categories":[19],"tags":[],"class_list":["post-9587","post","type-post","status-publish","format-standard","has-post-thumbnail","hentry","category-operaciones"],"yoast_head":"<!-- This site is optimized with the Yoast SEO plugin v16.1.1 - https:\/\/yoast.com\/wordpress\/plugins\/seo\/ -->\n<title>Con el compromiso de atraer inversi\u00f3n, promover el turismo y las exportaciones con \u00e9nfasis en las mipymes, cerr\u00f3 cumbre de Alianza del Pac\u00edfico - Noticias Sunrise Cargo<\/title>\n<link rel=\"canonical\" href=\"https:\/\/noticias.sunrisecargo.com\/?p=9587\" \/>\n<meta property=\"og:locale\" content=\"es_ES\" \/>\n<meta property=\"og:type\" content=\"article\" \/>\n<meta property=\"og:title\" content=\"Con el compromiso de atraer inversi\u00f3n, promover el turismo y las exportaciones con \u00e9nfasis en las mipymes, cerr\u00f3 cumbre de Alianza del Pac\u00edfico - Noticias Sunrise Cargo\" \/>\n<meta property=\"og:description\" content=\"Chile asumi\u00f3 la Presidencia Pro Tempore del bloque de integraci\u00f3n por un a\u00f1o. Adelantar acciones para fortalecer el mecanismo de integraci\u00f3n, la atracci\u00f3n de inversi\u00f3n extranjera directa y promover el&hellip;\" \/>\n<meta property=\"og:url\" content=\"https:\/\/noticias.sunrisecargo.com\/?p=9587\" \/>\n<meta property=\"og:site_name\" content=\"Noticias Sunrise Cargo\" \/>\n<meta property=\"article:published_time\" content=\"2024-04-08T12:43:16+00:00\" \/>\n<meta property=\"article:modified_time\" content=\"2024-04-08T12:43:18+00:00\" \/>\n<meta property=\"og:image\" content=\"https:\/\/noticias.sunrisecargo.com\/wp-content\/uploads\/2024\/04\/02.jpg\" \/>\n\t<meta property=\"og:image:width\" content=\"800\" \/>\n\t<meta property=\"og:image:height\" content=\"480\" \/>\n<meta name=\"twitter:card\" content=\"summary_large_image\" \/>\n<meta name=\"twitter:label1\" content=\"Est. reading time\">\n\t<meta name=\"twitter:data1\" content=\"2 minutos\">\n<script type=\"application\/ld+json\" class=\"yoast-schema-graph\">{\"@context\":\"https:\/\/schema.org\",\"@graph\":[{\"@type\":\"Organization\",\"@id\":\"https:\/\/noticias.sunrisecargo.com\/#organization\",\"name\":\"Sunrise Cargo SAS\",\"url\":\"https:\/\/noticias.sunrisecargo.com\/\",\"sameAs\":[],\"logo\":{\"@type\":\"ImageObject\",\"@id\":\"https:\/\/noticias.sunrisecargo.com\/#logo\",\"inLanguage\":\"es-CO\",\"url\":\"https:\/\/noticias.sunrisecargo.com\/wp-content\/uploads\/2021\/04\/ICONO-NOTI-SUNRISE.png\",\"contentUrl\":\"https:\/\/noticias.sunrisecargo.com\/wp-content\/uploads\/2021\/04\/ICONO-NOTI-SUNRISE.png\",\"width\":37,\"height\":37,\"caption\":\"Sunrise Cargo SAS\"},\"image\":{\"@id\":\"https:\/\/noticias.sunrisecargo.com\/#logo\"}},{\"@type\":\"WebSite\",\"@id\":\"https:\/\/noticias.sunrisecargo.com\/#website\",\"url\":\"https:\/\/noticias.sunrisecargo.com\/\",\"name\":\"Noticias Sunrise Cargo\",\"description\":\"Noticias de Inter\\u00e9s\",\"publisher\":{\"@id\":\"https:\/\/noticias.sunrisecargo.com\/#organization\"},\"potentialAction\":[{\"@type\":\"SearchAction\",\"target\":\"https:\/\/noticias.sunrisecargo.com\/?s={search_term_string}\",\"query-input\":\"required name=search_term_string\"}],\"inLanguage\":\"es-CO\"},{\"@type\":\"ImageObject\",\"@id\":\"https:\/\/noticias.sunrisecargo.com\/?p=9587#primaryimage\",\"inLanguage\":\"es-CO\",\"url\":\"https:\/\/noticias.sunrisecargo.com\/wp-content\/uploads\/2024\/04\/02.jpg\",\"contentUrl\":\"https:\/\/noticias.sunrisecargo.com\/wp-content\/uploads\/2024\/04\/02.jpg\",\"width\":800,\"height\":480},{\"@type\":\"WebPage\",\"@id\":\"https:\/\/noticias.sunrisecargo.com\/?p=9587#webpage\",\"url\":\"https:\/\/noticias.sunrisecargo.com\/?p=9587\",\"name\":\"Con el compromiso de atraer inversi\\u00f3n, promover el turismo y las exportaciones con \\u00e9nfasis en las mipymes, cerr\\u00f3 cumbre de Alianza del Pac\\u00edfico - Noticias Sunrise Cargo\",\"isPartOf\":{\"@id\":\"https:\/\/noticias.sunrisecargo.com\/#website\"},\"primaryImageOfPage\":{\"@id\":\"https:\/\/noticias.sunrisecargo.com\/?p=9587#primaryimage\"},\"datePublished\":\"2024-04-08T12:43:16+00:00\",\"dateModified\":\"2024-04-08T12:43:18+00:00\",\"breadcrumb\":{\"@id\":\"https:\/\/noticias.sunrisecargo.com\/?p=9587#breadcrumb\"},\"inLanguage\":\"es-CO\",\"potentialAction\":[{\"@type\":\"ReadAction\",\"target\":[\"https:\/\/noticias.sunrisecargo.com\/?p=9587\"]}]},{\"@type\":\"BreadcrumbList\",\"@id\":\"https:\/\/noticias.sunrisecargo.com\/?p=9587#breadcrumb\",\"itemListElement\":[{\"@type\":\"ListItem\",\"position\":1,\"item\":{\"@type\":\"WebPage\",\"@id\":\"https:\/\/noticias.sunrisecargo.com\/\",\"url\":\"https:\/\/noticias.sunrisecargo.com\/\",\"name\":\"Home\"}},{\"@type\":\"ListItem\",\"position\":2,\"item\":{\"@type\":\"WebPage\",\"@id\":\"https:\/\/noticias.sunrisecargo.com\/?p=9587\",\"url\":\"https:\/\/noticias.sunrisecargo.com\/?p=9587\",\"name\":\"Con el compromiso de atraer inversi\\u00f3n, promover el turismo y las exportaciones con \\u00e9nfasis en las mipymes, cerr\\u00f3 cumbre de Alianza del Pac\\u00edfico\"}}]},{\"@type\":\"Article\",\"@id\":\"https:\/\/noticias.sunrisecargo.com\/?p=9587#article\",\"isPartOf\":{\"@id\":\"https:\/\/noticias.sunrisecargo.com\/?p=9587#webpage\"},\"author\":{\"@id\":\"https:\/\/noticias.sunrisecargo.com\/#\/schema\/person\/6dc68534970689383af81dce59c92bbc\"},\"headline\":\"Con el compromiso de atraer inversi\\u00f3n, promover el turismo y las exportaciones con \\u00e9nfasis en las mipymes, cerr\\u00f3 cumbre de Alianza del Pac\\u00edfico\",\"datePublished\":\"2024-04-08T12:43:16+00:00\",\"dateModified\":\"2024-04-08T12:43:18+00:00\",\"mainEntityOfPage\":{\"@id\":\"https:\/\/noticias.sunrisecargo.com\/?p=9587#webpage\"},\"publisher\":{\"@id\":\"https:\/\/noticias.sunrisecargo.com\/#organization\"},\"image\":{\"@id\":\"https:\/\/noticias.sunrisecargo.com\/?p=9587#primaryimage\"},\"articleSection\":\"Operaciones\",\"inLanguage\":\"es-CO\"},{\"@type\":\"Person\",\"@id\":\"https:\/\/noticias.sunrisecargo.com\/#\/schema\/person\/6dc68534970689383af81dce59c92bbc\",\"name\":\"Sunrise Cargo\",\"image\":{\"@type\":\"ImageObject\",\"@id\":\"https:\/\/noticias.sunrisecargo.com\/#personlogo\",\"inLanguage\":\"es-CO\",\"url\":\"https:\/\/secure.gravatar.com\/avatar\/064fc68894aee252e3d51c81d7d0798bc56bf526018995fa222e730d9052fdd8?s=96&d=mm&r=g\",\"contentUrl\":\"https:\/\/secure.gravatar.com\/avatar\/064fc68894aee252e3d51c81d7d0798bc56bf526018995fa222e730d9052fdd8?s=96&d=mm&r=g\",\"caption\":\"Sunrise Cargo\"},\"sameAs\":[\"http:\/\/noticias.sunrisecargo.com\"]}]}<\/script>\n<!-- \/ Yoast SEO plugin. -->","_links":{"self":[{"href":"https:\/\/noticias.sunrisecargo.com\/index.php?rest_route=\/wp\/v2\/posts\/9587","targetHints":{"allow":["GET"]}}],"collection":[{"href":"https:\/\/noticias.sunrisecargo.com\/index.php?rest_route=\/wp\/v2\/posts"}],"about":[{"href":"https:\/\/noticias.sunrisecargo.com\/index.php?rest_route=\/wp\/v2\/types\/post"}],"author":[{"embeddable":true,"href":"https:\/\/noticias.sunrisecargo.com\/index.php?rest_route=\/wp\/v2\/users\/4"}],"replies":[{"embeddable":true,"href":"https:\/\/noticias.sunrisecargo.com\/index.php?rest_route=%2Fwp%2Fv2%2Fcomments&post=9587"}],"version-history":[{"count":1,"href":"https:\/\/noticias.sunrisecargo.com\/index.php?rest_route=\/wp\/v2\/posts\/9587\/revisions"}],"predecessor-version":[{"id":9593,"href":"https:\/\/noticias.sunrisecargo.com\/index.php?rest_route=\/wp\/v2\/posts\/9587\/revisions\/9593"}],"wp:featuredmedia":[{"embeddable":true,"href":"https:\/\/noticias.sunrisecargo.com\/index.php?rest_route=\/wp\/v2\/media\/9592"}],"wp:attachment":[{"href":"https:\/\/noticias.sunrisecargo.com\/index.php?rest_route=%2Fwp%2Fv2%2Fmedia&parent=9587"}],"wp:term":[{"taxonomy":"category","embeddable":true,"href":"https:\/\/noticias.sunrisecargo.com\/index.php?rest_route=%2Fwp%2Fv2%2Fcategories&post=9587"},{"taxonomy":"post_tag","embeddable":true,"href":"https:\/\/noticias.sunrisecargo.com\/index.php?rest_route=%2Fwp%2Fv2%2Ftags&post=9587"}],"curies":[{"name":"wp","href":"https:\/\/api.w.org\/{rel}","templated":true}]}}