{"id":9580,"date":"2024-04-08T07:36:28","date_gmt":"2024-04-08T12:36:28","guid":{"rendered":"https:\/\/noticias.sunrisecargo.com\/?p=9580"},"modified":"2024-04-08T07:36:30","modified_gmt":"2024-04-08T12:36:30","slug":"director-de-la-dian-estalla-contra-los-importadores-subiran-los-precios-de-los-productos-que-llegan-del-exterior","status":"publish","type":"post","link":"https:\/\/noticias.sunrisecargo.com\/?p=9580","title":{"rendered":"Director de la Dian \u2018estalla\u2019 contra los importadores: \u00bfsubir\u00e1n los precios de los productos que llegan del exterior?"},"content":{"rendered":"\n<figure class=\"wp-block-image size-large\"><img loading=\"lazy\" decoding=\"async\" width=\"1024\" height=\"576\" src=\"https:\/\/noticias.sunrisecargo.com\/wp-content\/uploads\/2024\/04\/image-1024x576.png\" alt=\"\" class=\"wp-image-9582\" srcset=\"https:\/\/noticias.sunrisecargo.com\/wp-content\/uploads\/2024\/04\/image-1024x576.png 1024w, https:\/\/noticias.sunrisecargo.com\/wp-content\/uploads\/2024\/04\/image-300x169.png 300w, https:\/\/noticias.sunrisecargo.com\/wp-content\/uploads\/2024\/04\/image-768x432.png 768w, https:\/\/noticias.sunrisecargo.com\/wp-content\/uploads\/2024\/04\/image.png 1200w\" sizes=\"auto, (max-width: 1024px) 100vw, 1024px\" \/><\/figure>\n\n\n\n<h2 class=\"wp-block-heading\">Luis Carlos Reyes y el presidente de Analdex, Javier D\u00edaz Molina, mantienen discusiones por la reforma al Estatuto Aduanero de Colombia<\/h2>\n\n\n\n<p>El presidente de la Asociaci\u00f3n Nacional de Comercio Exterior (Analdex), Javier D\u00edaz Molina, ve con mucha preocupaci\u00f3n el decreto que prepara la Direcci\u00f3n de Impuestos y Aduanas Nacionales (Dian) que modificar\u00eda el Estatuto Aduanero y afectar\u00e1 de gran manera las importaciones de Colombia.<\/p>\n\n\n\n<p>D\u00edaz Molina dijo que modificar la normativa, que es el conjunto de medidas tomadas por la autoridad aduanera con el objeto de asegurar la observancia de las disposiciones aduaneras,\u00a0<strong>har\u00e1 mucho m\u00e1s costosas las importaciones porque crea nuevos tr\u00e1mites, particularmente, las declaraciones anticipadas obligatorias.<\/strong><\/p>\n\n\n\n<p>El dirigente gremial asegur\u00f3 a a\u00a0<em>El Tiempo<\/em>\u00a0que se nota que no hay capacidad en los puertos y aeropuertos para hacer la inspecci\u00f3n y nacionalizaci\u00f3n de las mercanc\u00edas ah\u00ed: \u201cIndudablemente, esto llevar\u00e1 a mayores costos y tiempos, rest\u00e1ndole competitividad a las importaciones y mostrando que el pa\u00eds est\u00e1 mal en materia aduanera y de log\u00edstica en general\u201d.<\/p>\n\n\n\n<p>Tras estas afirmaciones, el director general de la Dian, Luis Carlos Reyes, se manifest\u00f3 por medio de&nbsp;<em>X<\/em>&nbsp;(antes<em>&nbsp;Twitter<\/em>) y asegur\u00f3 que estas son incorrectas. Para el funcionario, D\u00edaz Molina, despu\u00e9s de amplias discusiones tanto en la Dian, como en la Procuradur\u00eda General de la Naci\u00f3n, y despu\u00e9s de que se publicaron estudios t\u00e9cnicos,&nbsp;<strong>sigue desinformando al p\u00fablico sobre la reforma al Estatuto Aduanero.<\/strong><\/p>\n\n\n\n<p><\/p>\n\n\n\n<h2 class=\"wp-block-heading\">Lo que busca la reforma al Estatuto Aduanero<\/h2>\n\n\n\n<p>Por lo tanto, aclar\u00f3 dos puntos sobre lo que se busca. El primero es que<strong>&nbsp;el proyecto quiere que la declaraci\u00f3n de importaci\u00f3n sea presentada antes de que las mercanc\u00edas lleguen a Colombia.<\/strong>&nbsp;En esos mismos puertos o aeropuertos, la Dian podr\u00e1 decidir qu\u00e9 mercanc\u00edas cotejar contra sus declaraciones y contactar a sus importadores.<\/p>\n\n\n\n<p>\u201cAqu\u00ed no hay un nuevo tr\u00e1mite aduanero. Se termina con la falsa facilitaci\u00f3n e ilusi\u00f3n de control de cargas mal descritas, sin importador, almacenadas por a\u00f1os o paseando por nuestro territorio. Estas son las principales aliadas del fraude aduanero\u201d, dijo Reyes.<\/p>\n\n\n\n<p>En segundo lugar, enfatiz\u00f3 que<strong>\u00a0los importadores que usan hoy en d\u00eda las declaraciones anticipadas tardar\u00e1n mucho menos en nacionalizar<\/strong>, ya que reducir\u00e1n de manera significativa costos al prescindir de onerosos almacenamientos y tr\u00e1mites innecesarios. Estos menores costos, agreg\u00f3, beneficiar\u00e1n tambi\u00e9n a los consumidores. Por el contrario, las rentas que actores privados extraen a otros privados perjudican a los consumidores finales.<\/p>\n\n\n\n<h2 class=\"wp-block-heading\">Cierre de boquetes normativos<\/h2>\n\n\n\n<p>Al mismo tiempo, el director de la Dian insisti\u00f3 en que se busca cerrar boquetes normativos que perjudican los ecosistemas, salud, ingresos fiscales y al empresariado honesto.<\/p>\n\n\n\n<p>\u201cLos resultados de los estudios t\u00e9cnicos son contundentes: las \u00e1reas de inspecci\u00f3n en puertos y aeropuertos no se aprovechan al 100%, para actividades aduaneras, ni los horarios ni los espacios. Est\u00e1n muy lejos de ir a coparse\u201d, indic\u00f3.<\/p>\n\n\n\n<p>Puntualiz\u00f3 que<strong>&nbsp;el aumento en la utilizaci\u00f3n de las \u00e1reas ya instaladas, la ampliaci\u00f3n de los horarios de atenci\u00f3n y el fortalecimiento de la planta de funcionarios de la Dian permitir\u00e1n cubrir de manera holgada las necesidades de la nueva operaci\u00f3n aduanera&nbsp;<\/strong>que se propone.<\/p>\n\n\n\n<p>\u201cSe\u00f1ores Analdex, compartan sus propios estudios, de los que seguramente derivan las conclusiones que con profusi\u00f3n mencionan en medios. Demuestren sus argumentos y acomp\u00e1\u00f1ennos en el terreno de los hechos.<strong>\u00a0Es su responsabilidad con los colombianos, no solo con sus afiliados<\/strong>\u201d, apunt\u00f3 Reyes.<\/p>\n\n\n\n<p>El funcionario anot\u00f3 que, seg\u00fan del DNP (Departamento Nacional de Planeaci\u00f3n),<strong>&nbsp;el 67% de los costos log\u00edsticos en importaci\u00f3n vienen del agenciamiento aduanero y los costos administrativos internos de importadores<\/strong>. As\u00ed las cosas, hay mucho que el sector privado puede y debe hacer para ayudarse, \u201csin tomar el atajo de se\u00f1alar a la aduana como chivo expiatorio\u201d.<\/p>\n\n\n\n<p>Se\u00f1al\u00f3 que facilitar comercio no puede ser sacrificar control de fronteras en un pa\u00eds con una historia de contrabando agravada por su conexi\u00f3n al narcotr\u00e1fico.<\/p>\n\n\n\n<p>\u201cInvitamos a Analdex a trascender expresiones \u2018formulaicas\u2019 y convertirse en un jugador activo en la facilitaci\u00f3n del comercio seguro. Analdex, lea&#8230; aplique\u201d, finaliz\u00f3 el director de la Dian, Luis Carlos Reyes.<\/p>\n\n\n\n<p><\/p>\n\n\n\n<p>Fuente: <a href=\"https:\/\/www.infobae.com\/colombia\/2024\/04\/03\/director-de-la-dian-estalla-contra-los-importadores-subiran-los-precios-de-los-productos-que-llegan-del-exterior\/\" target=\"_blank\" rel=\"noreferrer noopener\">https:\/\/www.infobae.com\/colombia\/2024\/04\/03\/director-de-la-dian-estalla-contra-los-importadores-subiran-los-precios-de-los-productos-que-llegan-del-exterior\/<\/a><\/p>\n\n\n\n<p><a href=\"https:\/\/www.infobae.com\/colombia\/2024\/04\/07\/antioquia-se-une-ya-van-mas-de-4000-millones-de-pesos-para-carreteras-4g\/\" target=\"_blank\" rel=\"noreferrer noopener\"><\/a><\/p>\n\n\n\n<p><a href=\"https:\/\/www.infobae.com\/colombia\/2024\/04\/07\/director-de-la-dian-dice-que-puertos-de-colombia-estan-listos-para-aplicar-medida-que-subiria-los-precios-a-productos\/\" target=\"_blank\" rel=\"noreferrer noopener\"><\/a><\/p>\n","protected":false},"excerpt":{"rendered":"<p>Luis Carlos Reyes y el presidente de Analdex, Javier D\u00edaz Molina, mantienen discusiones por la reforma al Estatuto Aduanero de Colombia El presidente de la Asociaci\u00f3n Nacional de Comercio Exterior&hellip; <\/p>\n","protected":false},"author":4,"featured_media":9583,"comment_status":"closed","ping_status":"open","sticky":false,"template":"","format":"standard","meta":{"_monsterinsights_skip_tracking":false,"_monsterinsights_sitenote_active":false,"_monsterinsights_sitenote_note":"","_monsterinsights_sitenote_category":0,"footnotes":""},"categories":[19],"tags":[],"class_list":["post-9580","post","type-post","status-publish","format-standard","has-post-thumbnail","hentry","category-operaciones"],"yoast_head":"<!-- This site is optimized with the Yoast SEO plugin v16.1.1 - https:\/\/yoast.com\/wordpress\/plugins\/seo\/ -->\n<title>Director de la Dian \u2018estalla\u2019 contra los importadores: \u00bfsubir\u00e1n los precios de los productos que llegan del exterior? - Noticias Sunrise Cargo<\/title>\n<link rel=\"canonical\" href=\"https:\/\/noticias.sunrisecargo.com\/?p=9580\" \/>\n<meta property=\"og:locale\" content=\"es_ES\" \/>\n<meta property=\"og:type\" content=\"article\" \/>\n<meta property=\"og:title\" content=\"Director de la Dian \u2018estalla\u2019 contra los importadores: \u00bfsubir\u00e1n los precios de los productos que llegan del exterior? - Noticias Sunrise Cargo\" \/>\n<meta property=\"og:description\" content=\"Luis Carlos Reyes y el presidente de Analdex, Javier D\u00edaz Molina, mantienen discusiones por la reforma al Estatuto Aduanero de Colombia El presidente de la Asociaci\u00f3n Nacional de Comercio Exterior&hellip;\" \/>\n<meta property=\"og:url\" content=\"https:\/\/noticias.sunrisecargo.com\/?p=9580\" \/>\n<meta property=\"og:site_name\" content=\"Noticias Sunrise Cargo\" \/>\n<meta property=\"article:published_time\" content=\"2024-04-08T12:36:28+00:00\" \/>\n<meta property=\"article:modified_time\" content=\"2024-04-08T12:36:30+00:00\" \/>\n<meta property=\"og:image\" content=\"https:\/\/noticias.sunrisecargo.com\/wp-content\/uploads\/2024\/04\/01.jpg\" \/>\n\t<meta property=\"og:image:width\" content=\"800\" \/>\n\t<meta property=\"og:image:height\" content=\"480\" \/>\n<meta name=\"twitter:card\" content=\"summary_large_image\" \/>\n<meta name=\"twitter:label1\" content=\"Est. reading time\">\n\t<meta name=\"twitter:data1\" content=\"4 minutos\">\n<script type=\"application\/ld+json\" class=\"yoast-schema-graph\">{\"@context\":\"https:\/\/schema.org\",\"@graph\":[{\"@type\":\"Organization\",\"@id\":\"https:\/\/noticias.sunrisecargo.com\/#organization\",\"name\":\"Sunrise Cargo SAS\",\"url\":\"https:\/\/noticias.sunrisecargo.com\/\",\"sameAs\":[],\"logo\":{\"@type\":\"ImageObject\",\"@id\":\"https:\/\/noticias.sunrisecargo.com\/#logo\",\"inLanguage\":\"es-CO\",\"url\":\"https:\/\/noticias.sunrisecargo.com\/wp-content\/uploads\/2021\/04\/ICONO-NOTI-SUNRISE.png\",\"contentUrl\":\"https:\/\/noticias.sunrisecargo.com\/wp-content\/uploads\/2021\/04\/ICONO-NOTI-SUNRISE.png\",\"width\":37,\"height\":37,\"caption\":\"Sunrise Cargo SAS\"},\"image\":{\"@id\":\"https:\/\/noticias.sunrisecargo.com\/#logo\"}},{\"@type\":\"WebSite\",\"@id\":\"https:\/\/noticias.sunrisecargo.com\/#website\",\"url\":\"https:\/\/noticias.sunrisecargo.com\/\",\"name\":\"Noticias Sunrise Cargo\",\"description\":\"Noticias de Inter\\u00e9s\",\"publisher\":{\"@id\":\"https:\/\/noticias.sunrisecargo.com\/#organization\"},\"potentialAction\":[{\"@type\":\"SearchAction\",\"target\":\"https:\/\/noticias.sunrisecargo.com\/?s={search_term_string}\",\"query-input\":\"required name=search_term_string\"}],\"inLanguage\":\"es-CO\"},{\"@type\":\"ImageObject\",\"@id\":\"https:\/\/noticias.sunrisecargo.com\/?p=9580#primaryimage\",\"inLanguage\":\"es-CO\",\"url\":\"https:\/\/noticias.sunrisecargo.com\/wp-content\/uploads\/2024\/04\/01.jpg\",\"contentUrl\":\"https:\/\/noticias.sunrisecargo.com\/wp-content\/uploads\/2024\/04\/01.jpg\",\"width\":800,\"height\":480},{\"@type\":\"WebPage\",\"@id\":\"https:\/\/noticias.sunrisecargo.com\/?p=9580#webpage\",\"url\":\"https:\/\/noticias.sunrisecargo.com\/?p=9580\",\"name\":\"Director de la Dian \\u2018estalla\\u2019 contra los importadores: \\u00bfsubir\\u00e1n los precios de los productos que llegan del exterior? - Noticias Sunrise Cargo\",\"isPartOf\":{\"@id\":\"https:\/\/noticias.sunrisecargo.com\/#website\"},\"primaryImageOfPage\":{\"@id\":\"https:\/\/noticias.sunrisecargo.com\/?p=9580#primaryimage\"},\"datePublished\":\"2024-04-08T12:36:28+00:00\",\"dateModified\":\"2024-04-08T12:36:30+00:00\",\"breadcrumb\":{\"@id\":\"https:\/\/noticias.sunrisecargo.com\/?p=9580#breadcrumb\"},\"inLanguage\":\"es-CO\",\"potentialAction\":[{\"@type\":\"ReadAction\",\"target\":[\"https:\/\/noticias.sunrisecargo.com\/?p=9580\"]}]},{\"@type\":\"BreadcrumbList\",\"@id\":\"https:\/\/noticias.sunrisecargo.com\/?p=9580#breadcrumb\",\"itemListElement\":[{\"@type\":\"ListItem\",\"position\":1,\"item\":{\"@type\":\"WebPage\",\"@id\":\"https:\/\/noticias.sunrisecargo.com\/\",\"url\":\"https:\/\/noticias.sunrisecargo.com\/\",\"name\":\"Home\"}},{\"@type\":\"ListItem\",\"position\":2,\"item\":{\"@type\":\"WebPage\",\"@id\":\"https:\/\/noticias.sunrisecargo.com\/?p=9580\",\"url\":\"https:\/\/noticias.sunrisecargo.com\/?p=9580\",\"name\":\"Director de la Dian \\u2018estalla\\u2019 contra los importadores: \\u00bfsubir\\u00e1n los precios de los productos que llegan del exterior?\"}}]},{\"@type\":\"Article\",\"@id\":\"https:\/\/noticias.sunrisecargo.com\/?p=9580#article\",\"isPartOf\":{\"@id\":\"https:\/\/noticias.sunrisecargo.com\/?p=9580#webpage\"},\"author\":{\"@id\":\"https:\/\/noticias.sunrisecargo.com\/#\/schema\/person\/6dc68534970689383af81dce59c92bbc\"},\"headline\":\"Director de la Dian \\u2018estalla\\u2019 contra los importadores: \\u00bfsubir\\u00e1n los precios de los productos que llegan del exterior?\",\"datePublished\":\"2024-04-08T12:36:28+00:00\",\"dateModified\":\"2024-04-08T12:36:30+00:00\",\"mainEntityOfPage\":{\"@id\":\"https:\/\/noticias.sunrisecargo.com\/?p=9580#webpage\"},\"publisher\":{\"@id\":\"https:\/\/noticias.sunrisecargo.com\/#organization\"},\"image\":{\"@id\":\"https:\/\/noticias.sunrisecargo.com\/?p=9580#primaryimage\"},\"articleSection\":\"Operaciones\",\"inLanguage\":\"es-CO\"},{\"@type\":\"Person\",\"@id\":\"https:\/\/noticias.sunrisecargo.com\/#\/schema\/person\/6dc68534970689383af81dce59c92bbc\",\"name\":\"Sunrise Cargo\",\"image\":{\"@type\":\"ImageObject\",\"@id\":\"https:\/\/noticias.sunrisecargo.com\/#personlogo\",\"inLanguage\":\"es-CO\",\"url\":\"https:\/\/secure.gravatar.com\/avatar\/064fc68894aee252e3d51c81d7d0798bc56bf526018995fa222e730d9052fdd8?s=96&d=mm&r=g\",\"contentUrl\":\"https:\/\/secure.gravatar.com\/avatar\/064fc68894aee252e3d51c81d7d0798bc56bf526018995fa222e730d9052fdd8?s=96&d=mm&r=g\",\"caption\":\"Sunrise Cargo\"},\"sameAs\":[\"http:\/\/noticias.sunrisecargo.com\"]}]}<\/script>\n<!-- \/ Yoast SEO plugin. -->","_links":{"self":[{"href":"https:\/\/noticias.sunrisecargo.com\/index.php?rest_route=\/wp\/v2\/posts\/9580","targetHints":{"allow":["GET"]}}],"collection":[{"href":"https:\/\/noticias.sunrisecargo.com\/index.php?rest_route=\/wp\/v2\/posts"}],"about":[{"href":"https:\/\/noticias.sunrisecargo.com\/index.php?rest_route=\/wp\/v2\/types\/post"}],"author":[{"embeddable":true,"href":"https:\/\/noticias.sunrisecargo.com\/index.php?rest_route=\/wp\/v2\/users\/4"}],"replies":[{"embeddable":true,"href":"https:\/\/noticias.sunrisecargo.com\/index.php?rest_route=%2Fwp%2Fv2%2Fcomments&post=9580"}],"version-history":[{"count":1,"href":"https:\/\/noticias.sunrisecargo.com\/index.php?rest_route=\/wp\/v2\/posts\/9580\/revisions"}],"predecessor-version":[{"id":9584,"href":"https:\/\/noticias.sunrisecargo.com\/index.php?rest_route=\/wp\/v2\/posts\/9580\/revisions\/9584"}],"wp:featuredmedia":[{"embeddable":true,"href":"https:\/\/noticias.sunrisecargo.com\/index.php?rest_route=\/wp\/v2\/media\/9583"}],"wp:attachment":[{"href":"https:\/\/noticias.sunrisecargo.com\/index.php?rest_route=%2Fwp%2Fv2%2Fmedia&parent=9580"}],"wp:term":[{"taxonomy":"category","embeddable":true,"href":"https:\/\/noticias.sunrisecargo.com\/index.php?rest_route=%2Fwp%2Fv2%2Fcategories&post=9580"},{"taxonomy":"post_tag","embeddable":true,"href":"https:\/\/noticias.sunrisecargo.com\/index.php?rest_route=%2Fwp%2Fv2%2Ftags&post=9580"}],"curies":[{"name":"wp","href":"https:\/\/api.w.org\/{rel}","templated":true}]}}