{"id":6404,"date":"2022-10-31T01:24:00","date_gmt":"2022-10-31T06:24:00","guid":{"rendered":"https:\/\/noticias.sunrisecargo.com\/?p=6404"},"modified":"2022-10-30T13:50:18","modified_gmt":"2022-10-30T18:50:18","slug":"puerto-de-los-angeles-registra-el-peor-mes-de-septiembre-en-importaciones-desde-2009","status":"publish","type":"post","link":"https:\/\/noticias.sunrisecargo.com\/?p=6404","title":{"rendered":"Puerto de Los \u00c1ngeles registra el peor mes de septiembre en importaciones desde 2009"},"content":{"rendered":"\n<p><strong><em>Moviliz\u00f3 345.575 TEUs, un descenso del 14,8% con respecto al mes anterior<\/em><\/strong><\/p>\n\n\n\n<figure class=\"wp-block-image size-large\"><img loading=\"lazy\" decoding=\"async\" width=\"1024\" height=\"696\" src=\"https:\/\/noticias.sunrisecargo.com\/wp-content\/uploads\/2022\/10\/image-35-1024x696.png\" alt=\"\" class=\"wp-image-6410\" srcset=\"https:\/\/noticias.sunrisecargo.com\/wp-content\/uploads\/2022\/10\/image-35-1024x696.png 1024w, https:\/\/noticias.sunrisecargo.com\/wp-content\/uploads\/2022\/10\/image-35-300x204.png 300w, https:\/\/noticias.sunrisecargo.com\/wp-content\/uploads\/2022\/10\/image-35-768x522.png 768w, https:\/\/noticias.sunrisecargo.com\/wp-content\/uploads\/2022\/10\/image-35.png 1250w\" sizes=\"auto, (max-width: 1024px) 100vw, 1024px\" \/><\/figure>\n\n\n\n<p><a href=\"https:\/\/www.mundomaritimo.cl\/noticias\/friend\/46060\"><\/a><\/p>\n\n\n\n<p>El puerto de Los \u00c1ngeles ha registrado la cifra m\u00e1s baja de importaciones en septiembre desde 2009, con 345.575 TEUs, lo que supone un descenso del 14,8% con respecto al mes anterior, en lo que suele ser un periodo fuerte en el periodo previo a la Navidad, inform\u00f3&nbsp;<a href=\"https:\/\/www.alphaliner.com\/?utm_source=mundomaritimo&amp;utm_medium=mention&amp;utm_campaign=2019\">Alphaliner<\/a>.<\/p>\n\n\n\n<p>La movilizaci\u00f3n de carga total del puerto, incluidas las exportaciones, fue de 709.873 TEUs, un 11,8% menos que en agosto y un 21,4% menos que en el a\u00f1o anterior. Fue el total mensual m\u00e1s bajo (en todos los meses) desde junio de 2020.&nbsp;<\/p>\n\n\n\n<p>Los vol\u00famenes portuarios se han visto afectados por una combinaci\u00f3n de la ca\u00edda de la demanda de los consumidores y la transferencia de las recaladas de las navieras a los puertos de la Costa Este (USEC) de Estados Unidos en un intento de evitar las consecuencias de posibles paro de estibadores en la Costa Oeste (USWC).&nbsp;<\/p>\n\n\n\n<p>Sin embargo, esta semana el puerto de Savannah, en la USEC, tambi\u00e9n mostr\u00f3 una fuerte ca\u00edda en el desempe\u00f1o en septiembre, con vol\u00famenes que se redujeron a 436.279 TEUs, frente a 575.513 TEUs en agosto, un descenso intermensual de m\u00e1s del 24%.&nbsp;<\/p>\n\n\n\n<p>Las importaciones de Virginia tambi\u00e9n cayeron un 5,7% intermensual, aunque el desempe\u00f1o de los puertos de Carolina del Sur, incluido Charleston, se mantuvo estable.\u00a0<\/p>\n\n\n\n<p><\/p>\n\n\n\n<p>Fuente: <a href=\"https:\/\/www.mundomaritimo.cl\/noticias\/puerto-de-los-angeles-registra-el-peor-mes-de-septiembre-en-importaciones-desde-2009\" target=\"_blank\" rel=\"noreferrer noopener\">https:\/\/www.mundomaritimo.cl\/noticias\/puerto-de-los-angeles-registra-el-peor-mes-de-septiembre-en-importaciones-desde-2009<\/a><\/p>\n","protected":false},"excerpt":{"rendered":"<p>Moviliz\u00f3 345.575 TEUs, un descenso del 14,8% con respecto al mes anterior El puerto de Los \u00c1ngeles ha registrado la cifra m\u00e1s baja de importaciones en septiembre desde 2009, con&hellip; <\/p>\n","protected":false},"author":4,"featured_media":6411,"comment_status":"closed","ping_status":"open","sticky":false,"template":"","format":"standard","meta":{"_monsterinsights_skip_tracking":false,"_monsterinsights_sitenote_active":false,"_monsterinsights_sitenote_note":"","_monsterinsights_sitenote_category":0,"footnotes":""},"categories":[18],"tags":[],"class_list":["post-6404","post","type-post","status-publish","format-standard","has-post-thumbnail","hentry","category-pricing"],"yoast_head":"<!-- This site is optimized with the Yoast SEO plugin v16.1.1 - https:\/\/yoast.com\/wordpress\/plugins\/seo\/ -->\n<title>Puerto de Los \u00c1ngeles registra el peor mes de septiembre en importaciones desde 2009 - Noticias Sunrise Cargo<\/title>\n<link rel=\"canonical\" href=\"https:\/\/noticias.sunrisecargo.com\/?p=6404\" \/>\n<meta property=\"og:locale\" content=\"es_ES\" \/>\n<meta property=\"og:type\" content=\"article\" \/>\n<meta property=\"og:title\" content=\"Puerto de Los \u00c1ngeles registra el peor mes de septiembre en importaciones desde 2009 - Noticias Sunrise Cargo\" \/>\n<meta property=\"og:description\" content=\"Moviliz\u00f3 345.575 TEUs, un descenso del 14,8% con respecto al mes anterior El puerto de Los \u00c1ngeles ha registrado la cifra m\u00e1s baja de importaciones en septiembre desde 2009, con&hellip;\" \/>\n<meta property=\"og:url\" content=\"https:\/\/noticias.sunrisecargo.com\/?p=6404\" \/>\n<meta property=\"og:site_name\" content=\"Noticias Sunrise Cargo\" \/>\n<meta property=\"article:published_time\" content=\"2022-10-31T06:24:00+00:00\" \/>\n<meta property=\"article:modified_time\" content=\"2022-10-30T18:50:18+00:00\" \/>\n<meta property=\"og:image\" content=\"https:\/\/noticias.sunrisecargo.com\/wp-content\/uploads\/2022\/10\/pr2-2.jpg\" \/>\n\t<meta property=\"og:image:width\" content=\"800\" \/>\n\t<meta property=\"og:image:height\" content=\"480\" \/>\n<meta name=\"twitter:card\" content=\"summary_large_image\" \/>\n<meta name=\"twitter:label1\" content=\"Est. reading time\">\n\t<meta name=\"twitter:data1\" content=\"2 minutos\">\n<script type=\"application\/ld+json\" class=\"yoast-schema-graph\">{\"@context\":\"https:\/\/schema.org\",\"@graph\":[{\"@type\":\"Organization\",\"@id\":\"https:\/\/noticias.sunrisecargo.com\/#organization\",\"name\":\"Sunrise Cargo SAS\",\"url\":\"https:\/\/noticias.sunrisecargo.com\/\",\"sameAs\":[],\"logo\":{\"@type\":\"ImageObject\",\"@id\":\"https:\/\/noticias.sunrisecargo.com\/#logo\",\"inLanguage\":\"es-CO\",\"url\":\"https:\/\/noticias.sunrisecargo.com\/wp-content\/uploads\/2021\/04\/ICONO-NOTI-SUNRISE.png\",\"contentUrl\":\"https:\/\/noticias.sunrisecargo.com\/wp-content\/uploads\/2021\/04\/ICONO-NOTI-SUNRISE.png\",\"width\":37,\"height\":37,\"caption\":\"Sunrise Cargo SAS\"},\"image\":{\"@id\":\"https:\/\/noticias.sunrisecargo.com\/#logo\"}},{\"@type\":\"WebSite\",\"@id\":\"https:\/\/noticias.sunrisecargo.com\/#website\",\"url\":\"https:\/\/noticias.sunrisecargo.com\/\",\"name\":\"Noticias Sunrise Cargo\",\"description\":\"Noticias de Inter\\u00e9s\",\"publisher\":{\"@id\":\"https:\/\/noticias.sunrisecargo.com\/#organization\"},\"potentialAction\":[{\"@type\":\"SearchAction\",\"target\":\"https:\/\/noticias.sunrisecargo.com\/?s={search_term_string}\",\"query-input\":\"required name=search_term_string\"}],\"inLanguage\":\"es-CO\"},{\"@type\":\"ImageObject\",\"@id\":\"https:\/\/noticias.sunrisecargo.com\/?p=6404#primaryimage\",\"inLanguage\":\"es-CO\",\"url\":\"https:\/\/noticias.sunrisecargo.com\/wp-content\/uploads\/2022\/10\/pr2-2.jpg\",\"contentUrl\":\"https:\/\/noticias.sunrisecargo.com\/wp-content\/uploads\/2022\/10\/pr2-2.jpg\",\"width\":800,\"height\":480},{\"@type\":\"WebPage\",\"@id\":\"https:\/\/noticias.sunrisecargo.com\/?p=6404#webpage\",\"url\":\"https:\/\/noticias.sunrisecargo.com\/?p=6404\",\"name\":\"Puerto de Los \\u00c1ngeles registra el peor mes de septiembre en importaciones desde 2009 - Noticias Sunrise Cargo\",\"isPartOf\":{\"@id\":\"https:\/\/noticias.sunrisecargo.com\/#website\"},\"primaryImageOfPage\":{\"@id\":\"https:\/\/noticias.sunrisecargo.com\/?p=6404#primaryimage\"},\"datePublished\":\"2022-10-31T06:24:00+00:00\",\"dateModified\":\"2022-10-30T18:50:18+00:00\",\"breadcrumb\":{\"@id\":\"https:\/\/noticias.sunrisecargo.com\/?p=6404#breadcrumb\"},\"inLanguage\":\"es-CO\",\"potentialAction\":[{\"@type\":\"ReadAction\",\"target\":[\"https:\/\/noticias.sunrisecargo.com\/?p=6404\"]}]},{\"@type\":\"BreadcrumbList\",\"@id\":\"https:\/\/noticias.sunrisecargo.com\/?p=6404#breadcrumb\",\"itemListElement\":[{\"@type\":\"ListItem\",\"position\":1,\"item\":{\"@type\":\"WebPage\",\"@id\":\"https:\/\/noticias.sunrisecargo.com\/\",\"url\":\"https:\/\/noticias.sunrisecargo.com\/\",\"name\":\"Home\"}},{\"@type\":\"ListItem\",\"position\":2,\"item\":{\"@type\":\"WebPage\",\"@id\":\"https:\/\/noticias.sunrisecargo.com\/?p=6404\",\"url\":\"https:\/\/noticias.sunrisecargo.com\/?p=6404\",\"name\":\"Puerto de Los \\u00c1ngeles registra el peor mes de septiembre en importaciones desde 2009\"}}]},{\"@type\":\"Article\",\"@id\":\"https:\/\/noticias.sunrisecargo.com\/?p=6404#article\",\"isPartOf\":{\"@id\":\"https:\/\/noticias.sunrisecargo.com\/?p=6404#webpage\"},\"author\":{\"@id\":\"https:\/\/noticias.sunrisecargo.com\/#\/schema\/person\/6dc68534970689383af81dce59c92bbc\"},\"headline\":\"Puerto de Los \\u00c1ngeles registra el peor mes de septiembre en importaciones desde 2009\",\"datePublished\":\"2022-10-31T06:24:00+00:00\",\"dateModified\":\"2022-10-30T18:50:18+00:00\",\"mainEntityOfPage\":{\"@id\":\"https:\/\/noticias.sunrisecargo.com\/?p=6404#webpage\"},\"publisher\":{\"@id\":\"https:\/\/noticias.sunrisecargo.com\/#organization\"},\"image\":{\"@id\":\"https:\/\/noticias.sunrisecargo.com\/?p=6404#primaryimage\"},\"articleSection\":\"Pricing\",\"inLanguage\":\"es-CO\"},{\"@type\":\"Person\",\"@id\":\"https:\/\/noticias.sunrisecargo.com\/#\/schema\/person\/6dc68534970689383af81dce59c92bbc\",\"name\":\"Sunrise Cargo\",\"image\":{\"@type\":\"ImageObject\",\"@id\":\"https:\/\/noticias.sunrisecargo.com\/#personlogo\",\"inLanguage\":\"es-CO\",\"url\":\"https:\/\/secure.gravatar.com\/avatar\/064fc68894aee252e3d51c81d7d0798bc56bf526018995fa222e730d9052fdd8?s=96&d=mm&r=g\",\"contentUrl\":\"https:\/\/secure.gravatar.com\/avatar\/064fc68894aee252e3d51c81d7d0798bc56bf526018995fa222e730d9052fdd8?s=96&d=mm&r=g\",\"caption\":\"Sunrise Cargo\"},\"sameAs\":[\"http:\/\/noticias.sunrisecargo.com\"]}]}<\/script>\n<!-- \/ Yoast SEO plugin. -->","_links":{"self":[{"href":"https:\/\/noticias.sunrisecargo.com\/index.php?rest_route=\/wp\/v2\/posts\/6404","targetHints":{"allow":["GET"]}}],"collection":[{"href":"https:\/\/noticias.sunrisecargo.com\/index.php?rest_route=\/wp\/v2\/posts"}],"about":[{"href":"https:\/\/noticias.sunrisecargo.com\/index.php?rest_route=\/wp\/v2\/types\/post"}],"author":[{"embeddable":true,"href":"https:\/\/noticias.sunrisecargo.com\/index.php?rest_route=\/wp\/v2\/users\/4"}],"replies":[{"embeddable":true,"href":"https:\/\/noticias.sunrisecargo.com\/index.php?rest_route=%2Fwp%2Fv2%2Fcomments&post=6404"}],"version-history":[{"count":1,"href":"https:\/\/noticias.sunrisecargo.com\/index.php?rest_route=\/wp\/v2\/posts\/6404\/revisions"}],"predecessor-version":[{"id":6412,"href":"https:\/\/noticias.sunrisecargo.com\/index.php?rest_route=\/wp\/v2\/posts\/6404\/revisions\/6412"}],"wp:featuredmedia":[{"embeddable":true,"href":"https:\/\/noticias.sunrisecargo.com\/index.php?rest_route=\/wp\/v2\/media\/6411"}],"wp:attachment":[{"href":"https:\/\/noticias.sunrisecargo.com\/index.php?rest_route=%2Fwp%2Fv2%2Fmedia&parent=6404"}],"wp:term":[{"taxonomy":"category","embeddable":true,"href":"https:\/\/noticias.sunrisecargo.com\/index.php?rest_route=%2Fwp%2Fv2%2Fcategories&post=6404"},{"taxonomy":"post_tag","embeddable":true,"href":"https:\/\/noticias.sunrisecargo.com\/index.php?rest_route=%2Fwp%2Fv2%2Ftags&post=6404"}],"curies":[{"name":"wp","href":"https:\/\/api.w.org\/{rel}","templated":true}]}}