{"id":6356,"date":"2022-10-24T01:00:00","date_gmt":"2022-10-24T06:00:00","guid":{"rendered":"https:\/\/noticias.sunrisecargo.com\/?p=6356"},"modified":"2022-10-23T18:21:06","modified_gmt":"2022-10-23T23:21:06","slug":"por-que-chile-es-el-unico-pais-de-america-latina-que-sufrira-una-contraccion-economica-el-proximo-ano","status":"publish","type":"post","link":"https:\/\/noticias.sunrisecargo.com\/?p=6356","title":{"rendered":"Por qu\u00e9 Chile es el \u00fanico pa\u00eds de Am\u00e9rica Latina que sufrir\u00e1 una contracci\u00f3n econ\u00f3mica el pr\u00f3ximo a\u00f1o"},"content":{"rendered":"\n<figure class=\"wp-block-image size-full\"><img loading=\"lazy\" decoding=\"async\" width=\"800\" height=\"450\" src=\"https:\/\/noticias.sunrisecargo.com\/wp-content\/uploads\/2022\/10\/image-25.png\" alt=\"\" class=\"wp-image-6358\" srcset=\"https:\/\/noticias.sunrisecargo.com\/wp-content\/uploads\/2022\/10\/image-25.png 800w, https:\/\/noticias.sunrisecargo.com\/wp-content\/uploads\/2022\/10\/image-25-300x169.png 300w, https:\/\/noticias.sunrisecargo.com\/wp-content\/uploads\/2022\/10\/image-25-768x432.png 768w\" sizes=\"auto, (max-width: 800px) 100vw, 800px\" \/><\/figure>\n\n\n\n<p><strong>Cuando el economista jefe del Fondo Monetario Internacional (FMI), Pierre-Olivier Gourinchas, dijo esta semana que &#8220;lo peor est\u00e1 por venir&#8221;, fue claro en advertir que el pr\u00f3ximo a\u00f1o ser\u00e1 muy desafiante para la econom\u00eda global, en medio de unos vientos recesivos que pueden afectar a buena parte de los pa\u00edses.<\/strong><\/p>\n\n\n\n<p>Con la guerra en Ucrania y la inflaci\u00f3n galopante que recorre el mundo -incluida la crisis energ\u00e9tica europea-, junto a la fuerte subida de tasas de inter\u00e9s en Estados Unidos, el d\u00f3lar m\u00e1s alto en 20 a\u00f1os y la desaceleraci\u00f3n de la econom\u00eda china, el panorama no luce bien.<\/p>\n\n\n\n<p>Eso incluye a Am\u00e9rica Latina, donde las proyecciones de crecimiento son bajas.<\/p>\n\n\n\n<p>Pese a que los pa\u00edses de la regi\u00f3n enfrentar\u00e1n un a\u00f1o dif\u00edcil, hay solo una econom\u00eda que no va a crecer: Chile.<\/p>\n\n\n\n<p>El pa\u00eds sudamericano tendr\u00eda el peor desempe\u00f1o de Latinoam\u00e9rica, seg\u00fan el FMI:\u00a0<strong>una contracci\u00f3n de 1% el pr\u00f3ximo a\u00f1o<\/strong>.<\/p>\n\n\n\n<p><\/p>\n\n\n\n<p>Fuente: <a href=\"https:\/\/www.bbc.com\/mundo\/noticias-america-latina-63294587\">https:\/\/www.bbc.com\/mundo\/noticias-america-latina-63294587<\/a><\/p>\n\n\n\n<p><\/p>\n","protected":false},"excerpt":{"rendered":"<p>Cuando el economista jefe del Fondo Monetario Internacional (FMI), Pierre-Olivier Gourinchas, dijo esta semana que &#8220;lo peor est\u00e1 por venir&#8221;, fue claro en advertir que el pr\u00f3ximo a\u00f1o ser\u00e1 muy&hellip; <\/p>\n","protected":false},"author":4,"featured_media":6359,"comment_status":"closed","ping_status":"open","sticky":false,"template":"","format":"standard","meta":{"_monsterinsights_skip_tracking":false,"_monsterinsights_sitenote_active":false,"_monsterinsights_sitenote_note":"","_monsterinsights_sitenote_category":0,"footnotes":""},"categories":[19],"tags":[],"class_list":["post-6356","post","type-post","status-publish","format-standard","has-post-thumbnail","hentry","category-operaciones"],"yoast_head":"<!-- This site is optimized with the Yoast SEO plugin v16.1.1 - https:\/\/yoast.com\/wordpress\/plugins\/seo\/ -->\n<title>Por qu\u00e9 Chile es el \u00fanico pa\u00eds de Am\u00e9rica Latina que sufrir\u00e1 una contracci\u00f3n econ\u00f3mica el pr\u00f3ximo a\u00f1o - Noticias Sunrise Cargo<\/title>\n<link rel=\"canonical\" href=\"https:\/\/noticias.sunrisecargo.com\/?p=6356\" \/>\n<meta property=\"og:locale\" content=\"es_ES\" \/>\n<meta property=\"og:type\" content=\"article\" \/>\n<meta property=\"og:title\" content=\"Por qu\u00e9 Chile es el \u00fanico pa\u00eds de Am\u00e9rica Latina que sufrir\u00e1 una contracci\u00f3n econ\u00f3mica el pr\u00f3ximo a\u00f1o - Noticias Sunrise Cargo\" \/>\n<meta property=\"og:description\" content=\"Cuando el economista jefe del Fondo Monetario Internacional (FMI), Pierre-Olivier Gourinchas, dijo esta semana que &#8220;lo peor est\u00e1 por venir&#8221;, fue claro en advertir que el pr\u00f3ximo a\u00f1o ser\u00e1 muy&hellip;\" \/>\n<meta property=\"og:url\" content=\"https:\/\/noticias.sunrisecargo.com\/?p=6356\" \/>\n<meta property=\"og:site_name\" content=\"Noticias Sunrise Cargo\" \/>\n<meta property=\"article:published_time\" content=\"2022-10-24T06:00:00+00:00\" \/>\n<meta property=\"article:modified_time\" content=\"2022-10-23T23:21:06+00:00\" \/>\n<meta property=\"og:image\" content=\"https:\/\/noticias.sunrisecargo.com\/wp-content\/uploads\/2022\/10\/op1.png\" \/>\n\t<meta property=\"og:image:width\" content=\"800\" \/>\n\t<meta property=\"og:image:height\" content=\"480\" \/>\n<meta name=\"twitter:card\" content=\"summary_large_image\" \/>\n<meta name=\"twitter:label1\" content=\"Est. reading time\">\n\t<meta name=\"twitter:data1\" content=\"1 minuto\">\n<script type=\"application\/ld+json\" class=\"yoast-schema-graph\">{\"@context\":\"https:\/\/schema.org\",\"@graph\":[{\"@type\":\"Organization\",\"@id\":\"https:\/\/noticias.sunrisecargo.com\/#organization\",\"name\":\"Sunrise Cargo SAS\",\"url\":\"https:\/\/noticias.sunrisecargo.com\/\",\"sameAs\":[],\"logo\":{\"@type\":\"ImageObject\",\"@id\":\"https:\/\/noticias.sunrisecargo.com\/#logo\",\"inLanguage\":\"es-CO\",\"url\":\"https:\/\/noticias.sunrisecargo.com\/wp-content\/uploads\/2021\/04\/ICONO-NOTI-SUNRISE.png\",\"contentUrl\":\"https:\/\/noticias.sunrisecargo.com\/wp-content\/uploads\/2021\/04\/ICONO-NOTI-SUNRISE.png\",\"width\":37,\"height\":37,\"caption\":\"Sunrise Cargo SAS\"},\"image\":{\"@id\":\"https:\/\/noticias.sunrisecargo.com\/#logo\"}},{\"@type\":\"WebSite\",\"@id\":\"https:\/\/noticias.sunrisecargo.com\/#website\",\"url\":\"https:\/\/noticias.sunrisecargo.com\/\",\"name\":\"Noticias Sunrise Cargo\",\"description\":\"Noticias de Inter\\u00e9s\",\"publisher\":{\"@id\":\"https:\/\/noticias.sunrisecargo.com\/#organization\"},\"potentialAction\":[{\"@type\":\"SearchAction\",\"target\":\"https:\/\/noticias.sunrisecargo.com\/?s={search_term_string}\",\"query-input\":\"required name=search_term_string\"}],\"inLanguage\":\"es-CO\"},{\"@type\":\"ImageObject\",\"@id\":\"https:\/\/noticias.sunrisecargo.com\/?p=6356#primaryimage\",\"inLanguage\":\"es-CO\",\"url\":\"https:\/\/noticias.sunrisecargo.com\/wp-content\/uploads\/2022\/10\/op1.png\",\"contentUrl\":\"https:\/\/noticias.sunrisecargo.com\/wp-content\/uploads\/2022\/10\/op1.png\",\"width\":800,\"height\":480},{\"@type\":\"WebPage\",\"@id\":\"https:\/\/noticias.sunrisecargo.com\/?p=6356#webpage\",\"url\":\"https:\/\/noticias.sunrisecargo.com\/?p=6356\",\"name\":\"Por qu\\u00e9 Chile es el \\u00fanico pa\\u00eds de Am\\u00e9rica Latina que sufrir\\u00e1 una contracci\\u00f3n econ\\u00f3mica el pr\\u00f3ximo a\\u00f1o - Noticias Sunrise Cargo\",\"isPartOf\":{\"@id\":\"https:\/\/noticias.sunrisecargo.com\/#website\"},\"primaryImageOfPage\":{\"@id\":\"https:\/\/noticias.sunrisecargo.com\/?p=6356#primaryimage\"},\"datePublished\":\"2022-10-24T06:00:00+00:00\",\"dateModified\":\"2022-10-23T23:21:06+00:00\",\"breadcrumb\":{\"@id\":\"https:\/\/noticias.sunrisecargo.com\/?p=6356#breadcrumb\"},\"inLanguage\":\"es-CO\",\"potentialAction\":[{\"@type\":\"ReadAction\",\"target\":[\"https:\/\/noticias.sunrisecargo.com\/?p=6356\"]}]},{\"@type\":\"BreadcrumbList\",\"@id\":\"https:\/\/noticias.sunrisecargo.com\/?p=6356#breadcrumb\",\"itemListElement\":[{\"@type\":\"ListItem\",\"position\":1,\"item\":{\"@type\":\"WebPage\",\"@id\":\"https:\/\/noticias.sunrisecargo.com\/\",\"url\":\"https:\/\/noticias.sunrisecargo.com\/\",\"name\":\"Home\"}},{\"@type\":\"ListItem\",\"position\":2,\"item\":{\"@type\":\"WebPage\",\"@id\":\"https:\/\/noticias.sunrisecargo.com\/?p=6356\",\"url\":\"https:\/\/noticias.sunrisecargo.com\/?p=6356\",\"name\":\"Por qu\\u00e9 Chile es el \\u00fanico pa\\u00eds de Am\\u00e9rica Latina que sufrir\\u00e1 una contracci\\u00f3n econ\\u00f3mica el pr\\u00f3ximo a\\u00f1o\"}}]},{\"@type\":\"Article\",\"@id\":\"https:\/\/noticias.sunrisecargo.com\/?p=6356#article\",\"isPartOf\":{\"@id\":\"https:\/\/noticias.sunrisecargo.com\/?p=6356#webpage\"},\"author\":{\"@id\":\"https:\/\/noticias.sunrisecargo.com\/#\/schema\/person\/6dc68534970689383af81dce59c92bbc\"},\"headline\":\"Por qu\\u00e9 Chile es el \\u00fanico pa\\u00eds de Am\\u00e9rica Latina que sufrir\\u00e1 una contracci\\u00f3n econ\\u00f3mica el pr\\u00f3ximo a\\u00f1o\",\"datePublished\":\"2022-10-24T06:00:00+00:00\",\"dateModified\":\"2022-10-23T23:21:06+00:00\",\"mainEntityOfPage\":{\"@id\":\"https:\/\/noticias.sunrisecargo.com\/?p=6356#webpage\"},\"publisher\":{\"@id\":\"https:\/\/noticias.sunrisecargo.com\/#organization\"},\"image\":{\"@id\":\"https:\/\/noticias.sunrisecargo.com\/?p=6356#primaryimage\"},\"articleSection\":\"Operaciones\",\"inLanguage\":\"es-CO\"},{\"@type\":\"Person\",\"@id\":\"https:\/\/noticias.sunrisecargo.com\/#\/schema\/person\/6dc68534970689383af81dce59c92bbc\",\"name\":\"Sunrise Cargo\",\"image\":{\"@type\":\"ImageObject\",\"@id\":\"https:\/\/noticias.sunrisecargo.com\/#personlogo\",\"inLanguage\":\"es-CO\",\"url\":\"https:\/\/secure.gravatar.com\/avatar\/064fc68894aee252e3d51c81d7d0798bc56bf526018995fa222e730d9052fdd8?s=96&d=mm&r=g\",\"contentUrl\":\"https:\/\/secure.gravatar.com\/avatar\/064fc68894aee252e3d51c81d7d0798bc56bf526018995fa222e730d9052fdd8?s=96&d=mm&r=g\",\"caption\":\"Sunrise Cargo\"},\"sameAs\":[\"http:\/\/noticias.sunrisecargo.com\"]}]}<\/script>\n<!-- \/ Yoast SEO plugin. -->","_links":{"self":[{"href":"https:\/\/noticias.sunrisecargo.com\/index.php?rest_route=\/wp\/v2\/posts\/6356","targetHints":{"allow":["GET"]}}],"collection":[{"href":"https:\/\/noticias.sunrisecargo.com\/index.php?rest_route=\/wp\/v2\/posts"}],"about":[{"href":"https:\/\/noticias.sunrisecargo.com\/index.php?rest_route=\/wp\/v2\/types\/post"}],"author":[{"embeddable":true,"href":"https:\/\/noticias.sunrisecargo.com\/index.php?rest_route=\/wp\/v2\/users\/4"}],"replies":[{"embeddable":true,"href":"https:\/\/noticias.sunrisecargo.com\/index.php?rest_route=%2Fwp%2Fv2%2Fcomments&post=6356"}],"version-history":[{"count":1,"href":"https:\/\/noticias.sunrisecargo.com\/index.php?rest_route=\/wp\/v2\/posts\/6356\/revisions"}],"predecessor-version":[{"id":6360,"href":"https:\/\/noticias.sunrisecargo.com\/index.php?rest_route=\/wp\/v2\/posts\/6356\/revisions\/6360"}],"wp:featuredmedia":[{"embeddable":true,"href":"https:\/\/noticias.sunrisecargo.com\/index.php?rest_route=\/wp\/v2\/media\/6359"}],"wp:attachment":[{"href":"https:\/\/noticias.sunrisecargo.com\/index.php?rest_route=%2Fwp%2Fv2%2Fmedia&parent=6356"}],"wp:term":[{"taxonomy":"category","embeddable":true,"href":"https:\/\/noticias.sunrisecargo.com\/index.php?rest_route=%2Fwp%2Fv2%2Fcategories&post=6356"},{"taxonomy":"post_tag","embeddable":true,"href":"https:\/\/noticias.sunrisecargo.com\/index.php?rest_route=%2Fwp%2Fv2%2Ftags&post=6356"}],"curies":[{"name":"wp","href":"https:\/\/api.w.org\/{rel}","templated":true}]}}