{"id":6311,"date":"2022-10-18T08:00:00","date_gmt":"2022-10-18T13:00:00","guid":{"rendered":"https:\/\/noticias.sunrisecargo.com\/?p=6311"},"modified":"2022-10-17T14:07:04","modified_gmt":"2022-10-17T19:07:04","slug":"fedecamaras-y-fenalco-firmaron-un-acuerdo-para-impulsar-el-comercio-con-venezuela%ef%bf%bc","status":"publish","type":"post","link":"https:\/\/noticias.sunrisecargo.com\/?p=6311","title":{"rendered":"Fedec\u00e1maras y Fenalco firmaron un acuerdo para impulsar el comercio con Venezuela"},"content":{"rendered":"\n<figure class=\"wp-block-image size-large\"><img loading=\"lazy\" decoding=\"async\" width=\"1024\" height=\"853\" src=\"https:\/\/noticias.sunrisecargo.com\/wp-content\/uploads\/2022\/10\/image-19-1024x853.png\" alt=\"\" class=\"wp-image-6315\" srcset=\"https:\/\/noticias.sunrisecargo.com\/wp-content\/uploads\/2022\/10\/image-19-1024x853.png 1024w, https:\/\/noticias.sunrisecargo.com\/wp-content\/uploads\/2022\/10\/image-19-300x250.png 300w, https:\/\/noticias.sunrisecargo.com\/wp-content\/uploads\/2022\/10\/image-19-768x640.png 768w, https:\/\/noticias.sunrisecargo.com\/wp-content\/uploads\/2022\/10\/image-19.png 1080w\" sizes=\"auto, (max-width: 1024px) 100vw, 1024px\" \/><\/figure>\n\n\n\n<p><strong><em>El ministro de Comercio, Germ\u00e1n Uma\u00f1a, record\u00f3 que la reactivaci\u00f3n plena de las relaciones comerciales ser\u00e1 un proceso gradual<\/em><\/strong><\/p>\n\n\n\n<p>Semanas despu\u00e9s de<a href=\"https:\/\/dfsud.com\/dfsud\/site\/artic\/20220909\/pags\/20220909124240.html\" target=\"_blank\" rel=\"noreferrer noopener\">&nbsp;la reapertura de la frontera entre Colombia y Venezuela<\/a>,&nbsp;<strong>Fenalco&nbsp;y Fedec\u00e1maras suscribieron un acuerdo para impulsar las actividades comerciales de ambos pa\u00edses, a trav\u00e9s de ruedas de negocios, ferias y eventos, entre otros.<\/strong>&nbsp;Para ello, se har\u00e1 el pr\u00f3ximo mes una misi\u00f3n comercial con empresarios de sectores como el agroindustrial y el turismo, entre otros.<\/p>\n\n\n\n<p><strong>Los ejes del acuerdo de cooperaci\u00f3n incluyen la promoci\u00f3n y comercializaci\u00f3n de los productos industriales de Venezuela en Colombia<\/strong>; proyectos para impulsar las cadenas productivas en ambos pa\u00edses para lograr respuestas articuladas a los retos globales, con misiones y programas de asistencia t\u00e9cnica; y la articulaci\u00f3n de programas de cooperaci\u00f3n internacional para vincular la oferta y la demanda.<\/p>\n\n\n\n<p><strong>Durante la firma del documento, el ministro de Comercio, Germ\u00e1n Uma\u00f1a, record\u00f3 que la reactivaci\u00f3n plena de las relaciones comerciales binacionales ser\u00e1 un proceso gradual que tomar\u00e1 tiempo y dijo que, para lograrlo, todav\u00eda hacen falta algunas reglamentaciones, como un acuerdo de transporte de mercanc\u00edas.<\/strong><\/p>\n\n\n\n<p>Adem\u00e1s, se\u00f1al\u00f3 que&nbsp;<strong>para el ingreso del vecino pa\u00eds a la Comunidad Andina todav\u00eda hace falta un proceso de adaptaci\u00f3n,<\/strong>&nbsp;tanto en las din\u00e1micas como en la normativa, para que se acople a las din\u00e1micas comerciales que se manejan en la regi\u00f3n actualmente.<\/p>\n\n\n\n<p><\/p>\n\n\n\n<p>Fuente: <a href=\"https:\/\/www.larepublica.co\/empresas\/fenalco-suscribio-acuerdo-con-fedecamaras-para-impulsar-comercio-con-venezuela-3468957\">https:\/\/www.larepublica.co\/empresas\/fenalco-suscribio-acuerdo-con-fedecamaras-para-impulsar-comercio-con-venezuela-3468957<\/a><\/p>\n","protected":false},"excerpt":{"rendered":"<p>El ministro de Comercio, Germ\u00e1n Uma\u00f1a, record\u00f3 que la reactivaci\u00f3n plena de las relaciones comerciales ser\u00e1 un proceso gradual Semanas despu\u00e9s de&nbsp;la reapertura de la frontera entre Colombia y Venezuela,&nbsp;Fenalco&nbsp;y&hellip; <\/p>\n","protected":false},"author":4,"featured_media":6316,"comment_status":"closed","ping_status":"open","sticky":false,"template":"","format":"standard","meta":{"_monsterinsights_skip_tracking":false,"_monsterinsights_sitenote_active":false,"_monsterinsights_sitenote_note":"","_monsterinsights_sitenote_category":0,"footnotes":""},"categories":[19],"tags":[],"class_list":["post-6311","post","type-post","status-publish","format-standard","has-post-thumbnail","hentry","category-operaciones"],"yoast_head":"<!-- This site is optimized with the Yoast SEO plugin v16.1.1 - https:\/\/yoast.com\/wordpress\/plugins\/seo\/ -->\n<title>Fedec\u00e1maras y Fenalco firmaron un acuerdo para impulsar el comercio con Venezuela - Noticias Sunrise Cargo<\/title>\n<link rel=\"canonical\" href=\"https:\/\/noticias.sunrisecargo.com\/?p=6311\" \/>\n<meta property=\"og:locale\" content=\"es_ES\" \/>\n<meta property=\"og:type\" content=\"article\" \/>\n<meta property=\"og:title\" content=\"Fedec\u00e1maras y Fenalco firmaron un acuerdo para impulsar el comercio con Venezuela - Noticias Sunrise Cargo\" \/>\n<meta property=\"og:description\" content=\"El ministro de Comercio, Germ\u00e1n Uma\u00f1a, record\u00f3 que la reactivaci\u00f3n plena de las relaciones comerciales ser\u00e1 un proceso gradual Semanas despu\u00e9s de&nbsp;la reapertura de la frontera entre Colombia y Venezuela,&nbsp;Fenalco&nbsp;y&hellip;\" \/>\n<meta property=\"og:url\" content=\"https:\/\/noticias.sunrisecargo.com\/?p=6311\" \/>\n<meta property=\"og:site_name\" content=\"Noticias Sunrise Cargo\" \/>\n<meta property=\"article:published_time\" content=\"2022-10-18T13:00:00+00:00\" \/>\n<meta property=\"article:modified_time\" content=\"2022-10-17T19:07:04+00:00\" \/>\n<meta property=\"og:image\" content=\"https:\/\/noticias.sunrisecargo.com\/wp-content\/uploads\/2022\/10\/op2-2.jpg\" \/>\n\t<meta property=\"og:image:width\" content=\"800\" \/>\n\t<meta property=\"og:image:height\" content=\"480\" \/>\n<meta name=\"twitter:card\" content=\"summary_large_image\" \/>\n<meta name=\"twitter:label1\" content=\"Est. reading time\">\n\t<meta name=\"twitter:data1\" content=\"2 minutos\">\n<script type=\"application\/ld+json\" class=\"yoast-schema-graph\">{\"@context\":\"https:\/\/schema.org\",\"@graph\":[{\"@type\":\"Organization\",\"@id\":\"https:\/\/noticias.sunrisecargo.com\/#organization\",\"name\":\"Sunrise Cargo SAS\",\"url\":\"https:\/\/noticias.sunrisecargo.com\/\",\"sameAs\":[],\"logo\":{\"@type\":\"ImageObject\",\"@id\":\"https:\/\/noticias.sunrisecargo.com\/#logo\",\"inLanguage\":\"es-CO\",\"url\":\"https:\/\/noticias.sunrisecargo.com\/wp-content\/uploads\/2021\/04\/ICONO-NOTI-SUNRISE.png\",\"contentUrl\":\"https:\/\/noticias.sunrisecargo.com\/wp-content\/uploads\/2021\/04\/ICONO-NOTI-SUNRISE.png\",\"width\":37,\"height\":37,\"caption\":\"Sunrise Cargo SAS\"},\"image\":{\"@id\":\"https:\/\/noticias.sunrisecargo.com\/#logo\"}},{\"@type\":\"WebSite\",\"@id\":\"https:\/\/noticias.sunrisecargo.com\/#website\",\"url\":\"https:\/\/noticias.sunrisecargo.com\/\",\"name\":\"Noticias Sunrise Cargo\",\"description\":\"Noticias de Inter\\u00e9s\",\"publisher\":{\"@id\":\"https:\/\/noticias.sunrisecargo.com\/#organization\"},\"potentialAction\":[{\"@type\":\"SearchAction\",\"target\":\"https:\/\/noticias.sunrisecargo.com\/?s={search_term_string}\",\"query-input\":\"required name=search_term_string\"}],\"inLanguage\":\"es-CO\"},{\"@type\":\"ImageObject\",\"@id\":\"https:\/\/noticias.sunrisecargo.com\/?p=6311#primaryimage\",\"inLanguage\":\"es-CO\",\"url\":\"https:\/\/noticias.sunrisecargo.com\/wp-content\/uploads\/2022\/10\/op2-2.jpg\",\"contentUrl\":\"https:\/\/noticias.sunrisecargo.com\/wp-content\/uploads\/2022\/10\/op2-2.jpg\",\"width\":800,\"height\":480},{\"@type\":\"WebPage\",\"@id\":\"https:\/\/noticias.sunrisecargo.com\/?p=6311#webpage\",\"url\":\"https:\/\/noticias.sunrisecargo.com\/?p=6311\",\"name\":\"Fedec\\u00e1maras y Fenalco firmaron un acuerdo para impulsar el comercio con Venezuela - Noticias Sunrise Cargo\",\"isPartOf\":{\"@id\":\"https:\/\/noticias.sunrisecargo.com\/#website\"},\"primaryImageOfPage\":{\"@id\":\"https:\/\/noticias.sunrisecargo.com\/?p=6311#primaryimage\"},\"datePublished\":\"2022-10-18T13:00:00+00:00\",\"dateModified\":\"2022-10-17T19:07:04+00:00\",\"breadcrumb\":{\"@id\":\"https:\/\/noticias.sunrisecargo.com\/?p=6311#breadcrumb\"},\"inLanguage\":\"es-CO\",\"potentialAction\":[{\"@type\":\"ReadAction\",\"target\":[\"https:\/\/noticias.sunrisecargo.com\/?p=6311\"]}]},{\"@type\":\"BreadcrumbList\",\"@id\":\"https:\/\/noticias.sunrisecargo.com\/?p=6311#breadcrumb\",\"itemListElement\":[{\"@type\":\"ListItem\",\"position\":1,\"item\":{\"@type\":\"WebPage\",\"@id\":\"https:\/\/noticias.sunrisecargo.com\/\",\"url\":\"https:\/\/noticias.sunrisecargo.com\/\",\"name\":\"Home\"}},{\"@type\":\"ListItem\",\"position\":2,\"item\":{\"@type\":\"WebPage\",\"@id\":\"https:\/\/noticias.sunrisecargo.com\/?p=6311\",\"url\":\"https:\/\/noticias.sunrisecargo.com\/?p=6311\",\"name\":\"Fedec\\u00e1maras y Fenalco firmaron un acuerdo para impulsar el comercio con Venezuela\"}}]},{\"@type\":\"Article\",\"@id\":\"https:\/\/noticias.sunrisecargo.com\/?p=6311#article\",\"isPartOf\":{\"@id\":\"https:\/\/noticias.sunrisecargo.com\/?p=6311#webpage\"},\"author\":{\"@id\":\"https:\/\/noticias.sunrisecargo.com\/#\/schema\/person\/6dc68534970689383af81dce59c92bbc\"},\"headline\":\"Fedec\\u00e1maras y Fenalco firmaron un acuerdo para impulsar el comercio con Venezuela\",\"datePublished\":\"2022-10-18T13:00:00+00:00\",\"dateModified\":\"2022-10-17T19:07:04+00:00\",\"mainEntityOfPage\":{\"@id\":\"https:\/\/noticias.sunrisecargo.com\/?p=6311#webpage\"},\"publisher\":{\"@id\":\"https:\/\/noticias.sunrisecargo.com\/#organization\"},\"image\":{\"@id\":\"https:\/\/noticias.sunrisecargo.com\/?p=6311#primaryimage\"},\"articleSection\":\"Operaciones\",\"inLanguage\":\"es-CO\"},{\"@type\":\"Person\",\"@id\":\"https:\/\/noticias.sunrisecargo.com\/#\/schema\/person\/6dc68534970689383af81dce59c92bbc\",\"name\":\"Sunrise Cargo\",\"image\":{\"@type\":\"ImageObject\",\"@id\":\"https:\/\/noticias.sunrisecargo.com\/#personlogo\",\"inLanguage\":\"es-CO\",\"url\":\"https:\/\/secure.gravatar.com\/avatar\/064fc68894aee252e3d51c81d7d0798bc56bf526018995fa222e730d9052fdd8?s=96&d=mm&r=g\",\"contentUrl\":\"https:\/\/secure.gravatar.com\/avatar\/064fc68894aee252e3d51c81d7d0798bc56bf526018995fa222e730d9052fdd8?s=96&d=mm&r=g\",\"caption\":\"Sunrise Cargo\"},\"sameAs\":[\"http:\/\/noticias.sunrisecargo.com\"]}]}<\/script>\n<!-- \/ Yoast SEO plugin. -->","_links":{"self":[{"href":"https:\/\/noticias.sunrisecargo.com\/index.php?rest_route=\/wp\/v2\/posts\/6311","targetHints":{"allow":["GET"]}}],"collection":[{"href":"https:\/\/noticias.sunrisecargo.com\/index.php?rest_route=\/wp\/v2\/posts"}],"about":[{"href":"https:\/\/noticias.sunrisecargo.com\/index.php?rest_route=\/wp\/v2\/types\/post"}],"author":[{"embeddable":true,"href":"https:\/\/noticias.sunrisecargo.com\/index.php?rest_route=\/wp\/v2\/users\/4"}],"replies":[{"embeddable":true,"href":"https:\/\/noticias.sunrisecargo.com\/index.php?rest_route=%2Fwp%2Fv2%2Fcomments&post=6311"}],"version-history":[{"count":2,"href":"https:\/\/noticias.sunrisecargo.com\/index.php?rest_route=\/wp\/v2\/posts\/6311\/revisions"}],"predecessor-version":[{"id":6350,"href":"https:\/\/noticias.sunrisecargo.com\/index.php?rest_route=\/wp\/v2\/posts\/6311\/revisions\/6350"}],"wp:featuredmedia":[{"embeddable":true,"href":"https:\/\/noticias.sunrisecargo.com\/index.php?rest_route=\/wp\/v2\/media\/6316"}],"wp:attachment":[{"href":"https:\/\/noticias.sunrisecargo.com\/index.php?rest_route=%2Fwp%2Fv2%2Fmedia&parent=6311"}],"wp:term":[{"taxonomy":"category","embeddable":true,"href":"https:\/\/noticias.sunrisecargo.com\/index.php?rest_route=%2Fwp%2Fv2%2Fcategories&post=6311"},{"taxonomy":"post_tag","embeddable":true,"href":"https:\/\/noticias.sunrisecargo.com\/index.php?rest_route=%2Fwp%2Fv2%2Ftags&post=6311"}],"curies":[{"name":"wp","href":"https:\/\/api.w.org\/{rel}","templated":true}]}}