{"id":6286,"date":"2022-10-10T10:30:22","date_gmt":"2022-10-10T15:30:22","guid":{"rendered":"https:\/\/noticias.sunrisecargo.com\/?p=6286"},"modified":"2022-10-10T11:05:35","modified_gmt":"2022-10-10T16:05:35","slug":"air-canada-cargo-amplia-sus-vuelos-a-estados-unidos-y-desembarcara-en-colombia%ef%bf%bc%ef%bf%bc","status":"publish","type":"post","link":"https:\/\/noticias.sunrisecargo.com\/?p=6286","title":{"rendered":"Air Canada Cargo ampl\u00eda sus vuelos a Estados Unidos y desembarcar\u00e1 en Colombia"},"content":{"rendered":"\n<figure class=\"wp-block-image size-large\"><img loading=\"lazy\" decoding=\"async\" width=\"1024\" height=\"578\" src=\"https:\/\/noticias.sunrisecargo.com\/wp-content\/uploads\/2022\/10\/image-17-1024x578.png\" alt=\"\" class=\"wp-image-6288\" srcset=\"https:\/\/noticias.sunrisecargo.com\/wp-content\/uploads\/2022\/10\/image-17-1024x578.png 1024w, https:\/\/noticias.sunrisecargo.com\/wp-content\/uploads\/2022\/10\/image-17-300x169.png 300w, https:\/\/noticias.sunrisecargo.com\/wp-content\/uploads\/2022\/10\/image-17-768x433.png 768w, https:\/\/noticias.sunrisecargo.com\/wp-content\/uploads\/2022\/10\/image-17.png 1289w\" sizes=\"auto, (max-width: 1024px) 100vw, 1024px\" \/><\/figure>\n\n\n\n<p><\/p>\n\n\n\n<p>Air Canada Cargo anunci\u00f3 que a partir de noviembre ampliar\u00e1 su red de carga en los Estados Unidos, con vuelos a Dallas (DFW) y Atlanta (ATL). Tambi\u00e9n ampliar\u00e1 su presencia en Am\u00e9rica Latina con servicios a Bogot\u00e1 (BOG), Colombia.<\/p>\n\n\n\n<p>La incorporaci\u00f3n de estos mercados clave es un hito importante para Air Canada Cargo. De acuerdo con la empresa, le permitir\u00e1 una f\u00e1cil conexi\u00f3n con otros mercados a trav\u00e9s de su centro global en Toronto:<\/p>\n\n\n\n<ul class=\"wp-block-list\"><li>Toronto (YYZ) \u2013 Atlanta (ATL) \u2013 Bogota (BOG) \u2013 Panama\/Tocumen (PTY)\u2013 Toronto (YYZ); tres vuelos semanales.<\/li><li>Toronto (YYZ) \u2013 Dallas\/Ft. Worth (DFW) \u2013 Guadalajara (GDL) \u2013 Toronto (YYZ); tres vuelos semanales.<\/li><li>Toronto (YYZ) \u2013 Halifax (YHZ) \u2013 Madrid (MAD) \u2013 Toronto (YYZ); un vuelo semanal.<\/li><li>Toronto (YYZ) \u2013 Halifax (YHZ) \u2013 St. John\u2019s (YYT) \u2013 Frankfurt (FRA) \u2013 Toronto (YYZ); un vuelo semanal.<\/li><li>Toronto (YYZ) \u2013 Ciudad de M\u00e9xico\/Santa Lucia (NLU); dos vuelos semanales.<\/li><li>Toronto (YYZ) \u2013 Miami (MIA) \u2013 Bogota (BOG) \u2013 Panama\/Tocumen (PTY) \u2013 Toronto (YYZ); dos vuelos semanales.<\/li><li>Toronto (YYZ) \u2013 Miami (MIA) \u2013 Quito (UIO) \u2013 Lima (LIM) \u2013 Toronto (YYZ); dos vuelos semanales.<\/li><li>Toronto (YYZ) \u2013 Quito (UIO) \u2013 Lima (LIM) \u2013 Toronto (YYZ); un vuelo semanal.<\/li><li>Toronto (YYZ) \u2013 St. John\u2019s (YYT) \u2013 Frankfurt (FRA) \u2013 Toronto (YYZ); dos vuelos semanales.<\/li><li>Toronto (YYZ) \u2013 San Juan (SJU), dos vuelos semanales.<\/li><\/ul>\n\n\n\n<figure class=\"wp-block-image size-full\"><img loading=\"lazy\" decoding=\"async\" width=\"540\" height=\"540\" src=\"https:\/\/noticias.sunrisecargo.com\/wp-content\/uploads\/2022\/10\/image-16.png\" alt=\"\" class=\"wp-image-6287\" srcset=\"https:\/\/noticias.sunrisecargo.com\/wp-content\/uploads\/2022\/10\/image-16.png 540w, https:\/\/noticias.sunrisecargo.com\/wp-content\/uploads\/2022\/10\/image-16-300x300.png 300w, https:\/\/noticias.sunrisecargo.com\/wp-content\/uploads\/2022\/10\/image-16-150x150.png 150w\" sizes=\"auto, (max-width: 540px) 100vw, 540px\" \/><\/figure>\n\n\n\n<p><em>\u201cEstas rutas adicionales nos permiten ampliar el alcance de nuestra red de carga a mercados clave de Estados Unidos y conectar convenientemente la carga en EE. UU. con Canad\u00e1, Europa, Am\u00e9rica Latina y Asia-Pac\u00edfico\u00bb<\/em>, dijo Matthieu Casey, director general comercial de Air Canada Cargo<\/p>\n\n\n\n<p>La empresa declar\u00f3 que esta expansi\u00f3n responde a las necesidades de mantener las cadenas de suministros, el mercado creciente del E-Commerce y respaldar las econom\u00edas globales.<\/p>\n\n\n\n<p>Adem\u00e1s de los dos de ocho cargueros Boeing 767-300ER convertidos, Air Canada Cargo contin\u00faa expandiendo su flota con dos 767-300F nuevos de f\u00e1brica que entrar\u00e1n en servicio en 2023 y&nbsp;<a href=\"https:\/\/www.aviacionline.com\/2022\/08\/air-canada-cargo-incorporara-dos-nuevos-boeing-777f\/\">dos&nbsp;cargueros Boeing 777 que entrar\u00e1n en servicio en 2024.<\/a><\/p>\n\n\n\n<p><\/p>\n\n\n\n<p>Fuente: <a href=\"https:\/\/www.aviacionline.com\/2022\/10\/air-canada-cargo-amplia-sus-vuelos-a-estados-unidos-y-desembarcara-en-colombia\/\" target=\"_blank\" rel=\"noreferrer noopener\">https:\/\/www.aviacionline.com\/2022\/10\/air-canada-cargo-amplia-sus-vuelos-a-estados-unidos-y-desembarcara-en-colombia\/<\/a><\/p>\n","protected":false},"excerpt":{"rendered":"<p>Air Canada Cargo anunci\u00f3 que a partir de noviembre ampliar\u00e1 su red de carga en los Estados Unidos, con vuelos a Dallas (DFW) y Atlanta (ATL). Tambi\u00e9n ampliar\u00e1 su presencia&hellip; <\/p>\n","protected":false},"author":4,"featured_media":6289,"comment_status":"closed","ping_status":"open","sticky":false,"template":"","format":"standard","meta":{"_monsterinsights_skip_tracking":false,"_monsterinsights_sitenote_active":false,"_monsterinsights_sitenote_note":"","_monsterinsights_sitenote_category":0,"footnotes":""},"categories":[17],"tags":[],"class_list":["post-6286","post","type-post","status-publish","format-standard","has-post-thumbnail","hentry","category-comercial"],"yoast_head":"<!-- This site is optimized with the Yoast SEO plugin v16.1.1 - https:\/\/yoast.com\/wordpress\/plugins\/seo\/ -->\n<title>Air Canada Cargo ampl\u00eda sus vuelos a Estados Unidos y desembarcar\u00e1 en Colombia - Noticias Sunrise Cargo<\/title>\n<link rel=\"canonical\" href=\"https:\/\/noticias.sunrisecargo.com\/?p=6286\" \/>\n<meta property=\"og:locale\" content=\"es_ES\" \/>\n<meta property=\"og:type\" content=\"article\" \/>\n<meta property=\"og:title\" content=\"Air Canada Cargo ampl\u00eda sus vuelos a Estados Unidos y desembarcar\u00e1 en Colombia - Noticias Sunrise Cargo\" \/>\n<meta property=\"og:description\" content=\"Air Canada Cargo anunci\u00f3 que a partir de noviembre ampliar\u00e1 su red de carga en los Estados Unidos, con vuelos a Dallas (DFW) y Atlanta (ATL). Tambi\u00e9n ampliar\u00e1 su presencia&hellip;\" \/>\n<meta property=\"og:url\" content=\"https:\/\/noticias.sunrisecargo.com\/?p=6286\" \/>\n<meta property=\"og:site_name\" content=\"Noticias Sunrise Cargo\" \/>\n<meta property=\"article:published_time\" content=\"2022-10-10T15:30:22+00:00\" \/>\n<meta property=\"article:modified_time\" content=\"2022-10-10T16:05:35+00:00\" \/>\n<meta property=\"og:image\" content=\"https:\/\/noticias.sunrisecargo.com\/wp-content\/uploads\/2022\/10\/co3-1.jpg\" \/>\n\t<meta property=\"og:image:width\" content=\"800\" \/>\n\t<meta property=\"og:image:height\" content=\"480\" \/>\n<meta name=\"twitter:card\" content=\"summary_large_image\" \/>\n<meta name=\"twitter:label1\" content=\"Est. reading time\">\n\t<meta name=\"twitter:data1\" content=\"2 minutos\">\n<script type=\"application\/ld+json\" class=\"yoast-schema-graph\">{\"@context\":\"https:\/\/schema.org\",\"@graph\":[{\"@type\":\"Organization\",\"@id\":\"https:\/\/noticias.sunrisecargo.com\/#organization\",\"name\":\"Sunrise Cargo SAS\",\"url\":\"https:\/\/noticias.sunrisecargo.com\/\",\"sameAs\":[],\"logo\":{\"@type\":\"ImageObject\",\"@id\":\"https:\/\/noticias.sunrisecargo.com\/#logo\",\"inLanguage\":\"es-CO\",\"url\":\"https:\/\/noticias.sunrisecargo.com\/wp-content\/uploads\/2021\/04\/ICONO-NOTI-SUNRISE.png\",\"contentUrl\":\"https:\/\/noticias.sunrisecargo.com\/wp-content\/uploads\/2021\/04\/ICONO-NOTI-SUNRISE.png\",\"width\":37,\"height\":37,\"caption\":\"Sunrise Cargo SAS\"},\"image\":{\"@id\":\"https:\/\/noticias.sunrisecargo.com\/#logo\"}},{\"@type\":\"WebSite\",\"@id\":\"https:\/\/noticias.sunrisecargo.com\/#website\",\"url\":\"https:\/\/noticias.sunrisecargo.com\/\",\"name\":\"Noticias Sunrise Cargo\",\"description\":\"Noticias de Inter\\u00e9s\",\"publisher\":{\"@id\":\"https:\/\/noticias.sunrisecargo.com\/#organization\"},\"potentialAction\":[{\"@type\":\"SearchAction\",\"target\":\"https:\/\/noticias.sunrisecargo.com\/?s={search_term_string}\",\"query-input\":\"required name=search_term_string\"}],\"inLanguage\":\"es-CO\"},{\"@type\":\"ImageObject\",\"@id\":\"https:\/\/noticias.sunrisecargo.com\/?p=6286#primaryimage\",\"inLanguage\":\"es-CO\",\"url\":\"https:\/\/noticias.sunrisecargo.com\/wp-content\/uploads\/2022\/10\/co3-1.jpg\",\"contentUrl\":\"https:\/\/noticias.sunrisecargo.com\/wp-content\/uploads\/2022\/10\/co3-1.jpg\",\"width\":800,\"height\":480},{\"@type\":\"WebPage\",\"@id\":\"https:\/\/noticias.sunrisecargo.com\/?p=6286#webpage\",\"url\":\"https:\/\/noticias.sunrisecargo.com\/?p=6286\",\"name\":\"Air Canada Cargo ampl\\u00eda sus vuelos a Estados Unidos y desembarcar\\u00e1 en Colombia - Noticias Sunrise Cargo\",\"isPartOf\":{\"@id\":\"https:\/\/noticias.sunrisecargo.com\/#website\"},\"primaryImageOfPage\":{\"@id\":\"https:\/\/noticias.sunrisecargo.com\/?p=6286#primaryimage\"},\"datePublished\":\"2022-10-10T15:30:22+00:00\",\"dateModified\":\"2022-10-10T16:05:35+00:00\",\"breadcrumb\":{\"@id\":\"https:\/\/noticias.sunrisecargo.com\/?p=6286#breadcrumb\"},\"inLanguage\":\"es-CO\",\"potentialAction\":[{\"@type\":\"ReadAction\",\"target\":[\"https:\/\/noticias.sunrisecargo.com\/?p=6286\"]}]},{\"@type\":\"BreadcrumbList\",\"@id\":\"https:\/\/noticias.sunrisecargo.com\/?p=6286#breadcrumb\",\"itemListElement\":[{\"@type\":\"ListItem\",\"position\":1,\"item\":{\"@type\":\"WebPage\",\"@id\":\"https:\/\/noticias.sunrisecargo.com\/\",\"url\":\"https:\/\/noticias.sunrisecargo.com\/\",\"name\":\"Home\"}},{\"@type\":\"ListItem\",\"position\":2,\"item\":{\"@type\":\"WebPage\",\"@id\":\"https:\/\/noticias.sunrisecargo.com\/?p=6286\",\"url\":\"https:\/\/noticias.sunrisecargo.com\/?p=6286\",\"name\":\"Air Canada Cargo ampl\\u00eda sus vuelos a Estados Unidos y desembarcar\\u00e1 en Colombia\"}}]},{\"@type\":\"Article\",\"@id\":\"https:\/\/noticias.sunrisecargo.com\/?p=6286#article\",\"isPartOf\":{\"@id\":\"https:\/\/noticias.sunrisecargo.com\/?p=6286#webpage\"},\"author\":{\"@id\":\"https:\/\/noticias.sunrisecargo.com\/#\/schema\/person\/6dc68534970689383af81dce59c92bbc\"},\"headline\":\"Air Canada Cargo ampl\\u00eda sus vuelos a Estados Unidos y desembarcar\\u00e1 en Colombia\",\"datePublished\":\"2022-10-10T15:30:22+00:00\",\"dateModified\":\"2022-10-10T16:05:35+00:00\",\"mainEntityOfPage\":{\"@id\":\"https:\/\/noticias.sunrisecargo.com\/?p=6286#webpage\"},\"publisher\":{\"@id\":\"https:\/\/noticias.sunrisecargo.com\/#organization\"},\"image\":{\"@id\":\"https:\/\/noticias.sunrisecargo.com\/?p=6286#primaryimage\"},\"articleSection\":\"Comercial\",\"inLanguage\":\"es-CO\"},{\"@type\":\"Person\",\"@id\":\"https:\/\/noticias.sunrisecargo.com\/#\/schema\/person\/6dc68534970689383af81dce59c92bbc\",\"name\":\"Sunrise Cargo\",\"image\":{\"@type\":\"ImageObject\",\"@id\":\"https:\/\/noticias.sunrisecargo.com\/#personlogo\",\"inLanguage\":\"es-CO\",\"url\":\"https:\/\/secure.gravatar.com\/avatar\/064fc68894aee252e3d51c81d7d0798bc56bf526018995fa222e730d9052fdd8?s=96&d=mm&r=g\",\"contentUrl\":\"https:\/\/secure.gravatar.com\/avatar\/064fc68894aee252e3d51c81d7d0798bc56bf526018995fa222e730d9052fdd8?s=96&d=mm&r=g\",\"caption\":\"Sunrise Cargo\"},\"sameAs\":[\"http:\/\/noticias.sunrisecargo.com\"]}]}<\/script>\n<!-- \/ Yoast SEO plugin. -->","_links":{"self":[{"href":"https:\/\/noticias.sunrisecargo.com\/index.php?rest_route=\/wp\/v2\/posts\/6286","targetHints":{"allow":["GET"]}}],"collection":[{"href":"https:\/\/noticias.sunrisecargo.com\/index.php?rest_route=\/wp\/v2\/posts"}],"about":[{"href":"https:\/\/noticias.sunrisecargo.com\/index.php?rest_route=\/wp\/v2\/types\/post"}],"author":[{"embeddable":true,"href":"https:\/\/noticias.sunrisecargo.com\/index.php?rest_route=\/wp\/v2\/users\/4"}],"replies":[{"embeddable":true,"href":"https:\/\/noticias.sunrisecargo.com\/index.php?rest_route=%2Fwp%2Fv2%2Fcomments&post=6286"}],"version-history":[{"count":2,"href":"https:\/\/noticias.sunrisecargo.com\/index.php?rest_route=\/wp\/v2\/posts\/6286\/revisions"}],"predecessor-version":[{"id":6303,"href":"https:\/\/noticias.sunrisecargo.com\/index.php?rest_route=\/wp\/v2\/posts\/6286\/revisions\/6303"}],"wp:featuredmedia":[{"embeddable":true,"href":"https:\/\/noticias.sunrisecargo.com\/index.php?rest_route=\/wp\/v2\/media\/6289"}],"wp:attachment":[{"href":"https:\/\/noticias.sunrisecargo.com\/index.php?rest_route=%2Fwp%2Fv2%2Fmedia&parent=6286"}],"wp:term":[{"taxonomy":"category","embeddable":true,"href":"https:\/\/noticias.sunrisecargo.com\/index.php?rest_route=%2Fwp%2Fv2%2Fcategories&post=6286"},{"taxonomy":"post_tag","embeddable":true,"href":"https:\/\/noticias.sunrisecargo.com\/index.php?rest_route=%2Fwp%2Fv2%2Ftags&post=6286"}],"curies":[{"name":"wp","href":"https:\/\/api.w.org\/{rel}","templated":true}]}}