{"id":6273,"date":"2022-10-10T09:44:45","date_gmt":"2022-10-10T14:44:45","guid":{"rendered":"https:\/\/noticias.sunrisecargo.com\/?p=6273"},"modified":"2022-10-10T09:44:47","modified_gmt":"2022-10-10T14:44:47","slug":"iata-lineas-aereas-de-latinoamerica-registran-aumento-del-90-en-los-volumenes-de-carga-en-agosto-del-2022","status":"publish","type":"post","link":"https:\/\/noticias.sunrisecargo.com\/?p=6273","title":{"rendered":"IATA: L\u00edneas a\u00e9reas de Latinoam\u00e9rica registran aumento del 9,0% en los vol\u00famenes de carga en agosto del 2022"},"content":{"rendered":"\n<figure class=\"wp-block-image size-full\"><img loading=\"lazy\" decoding=\"async\" width=\"798\" height=\"570\" src=\"https:\/\/noticias.sunrisecargo.com\/wp-content\/uploads\/2022\/10\/image-14.png\" alt=\"\" class=\"wp-image-6280\" srcset=\"https:\/\/noticias.sunrisecargo.com\/wp-content\/uploads\/2022\/10\/image-14.png 798w, https:\/\/noticias.sunrisecargo.com\/wp-content\/uploads\/2022\/10\/image-14-300x214.png 300w, https:\/\/noticias.sunrisecargo.com\/wp-content\/uploads\/2022\/10\/image-14-768x549.png 768w\" sizes=\"auto, (max-width: 798px) 100vw, 798px\" \/><\/figure>\n\n\n\n<p><strong><em>Desempe\u00f1o fue el m\u00e1s fuerte de todas las regiones y fue marcado por introducci\u00f3n de nuevos servicios\u00a0<\/em><\/strong><\/p>\n\n\n\n<p>La Asociaci\u00f3n de Transporte A\u00e9reo Internacional (IATA en su informe de datos de agosto de 2022 de los mercados mundiales de carga a\u00e9rea muestra la resiliencia del sector en medio de las incertidumbres econ\u00f3micas. En detalle, las l\u00edneas a\u00e9reas latinoamericanos informaron de un aumento del 9,0% en los vol\u00famenes de carga en agosto de 2022 en comparaci\u00f3n con agosto de 2021. Este fue el desempe\u00f1o m\u00e1s fuerte de todas las regiones. Las aerol\u00edneas de esta regi\u00f3n han mostrado su optimismo introduciendo nuevos servicios y capacidad, y en algunos casos invirtiendo en aviones adicionales para la carga a\u00e9rea en los pr\u00f3ximos meses. La capacidad en agosto aument\u00f3 un 24,3% en comparaci\u00f3n con el mismo mes de 2021.<\/p>\n\n\n\n<p>Por otro lado, la demanda mundial, medida en toneladas-kil\u00f3metro de carga (CTKs), cay\u00f3 un 8,3% en comparaci\u00f3n con agosto de 2021 (-9,3% para las operaciones internacionales). Se trata de una ligera mejora respecto al descenso interanual del 9,7% observado en julio. La capacidad fue un 6,3% superior a la de agosto de 2021 (+6,1% para las operaciones internacionales). Se trata de una expansi\u00f3n significativa con respecto al aumento interanual del 3,6% registrado en julio.&nbsp;<\/p>\n\n\n\n<p><strong>IATA destac\u00f3 varios factores en el entorno operativo:<\/strong><\/p>\n\n\n\n<ul class=\"wp-block-list\"><li>El comercio mundial de bienes se expandi\u00f3 ligeramente en agosto y la relajaci\u00f3n adicional de las restricciones COVID-19 en China tendr\u00e1 un impacto positivo en los mercados de carga. Aunque el transporte mar\u00edtimo ser\u00e1 el principal beneficiario, la carga a\u00e9rea tambi\u00e9n recibir\u00e1 un impulso de estos acontecimientos.&nbsp;<\/li><li>Los niveles de inflaci\u00f3n en los pa\u00edses del G7 se desaceleraron por primera vez desde noviembre de 2020.&nbsp;&nbsp;&nbsp;&nbsp;&nbsp;&nbsp;<\/li><li>Los precios del petr\u00f3leo se estabilizaron en agosto y el diferencial del c<strong>rack del combustible para aviones&nbsp;<\/strong>cay\u00f3 desde el m\u00e1ximo alcanzado en junio.<\/li><li>Los nuevos pedidos de exportaci\u00f3n, un indicador principal de la demanda de carga y del comercio mundial, disminuyeron en las principales econom\u00edas de todas las regiones, excepto en Estados Unidos.&nbsp;<\/li><\/ul>\n\n\n\n<p><strong>Resultados regionales de agosto<\/strong><\/p>\n\n\n\n<p>Las compa\u00f1\u00edas a\u00e9reas de carga del&nbsp;<strong>Asia-Pac\u00edfico<\/strong>&nbsp;vieron c\u00f3mo sus vol\u00famenes disminuyeron un 8,3% en agosto de 2022 en comparaci\u00f3n con el mismo mes de 2021. Esto supuso una mejora respecto al descenso del 9,0% de julio. Las aerol\u00edneas de la regi\u00f3n se beneficiaron de un ligero aumento de los niveles de actividad comercial y manufacturera debido a la relajaci\u00f3n de las restricciones COVID-19 en China. La capacidad disponible en la regi\u00f3n aument\u00f3 un 13,9% con respecto a agosto de 2021, lo que supone un aumento significativo con respecto al crecimiento del 2,7% de julio.&nbsp;<\/p>\n\n\n\n<p>Los aereol\u00edneas de carga de&nbsp;<strong>Norteam\u00e9rica&nbsp;<\/strong>registraron un descenso del 3,4% en los vol\u00famenes de carga en agosto de 2022 en comparaci\u00f3n con el mismo mes de 2021. Esto supuso una mejora respecto al descenso del 5,7% de julio.&nbsp; El levantamiento de las restricciones sanitarias en China mejor\u00f3 la demanda y se espera un nuevo impulso en los pr\u00f3ximos meses. La capacidad aument\u00f3 un 5,7% en comparaci\u00f3n con agosto de 2021.<\/p>\n\n\n\n<p>Las aerol\u00edneas de carga de&nbsp;<strong>Europa<\/strong>&nbsp;experimentaron un descenso del 15,1% en los vol\u00famenes de carga en agosto de 2022 en comparaci\u00f3n con el mismo mes de 2021. Este fue el peor resultado de todas las regiones por cuarto mes consecutivo. Esto es atribuible a la guerra en Ucrania. La escasez de mano de obra y los altos niveles de inflaci\u00f3n, sobre todo en T\u00fcrkiye, tambi\u00e9n afectaron a los vol\u00famenes. La capacidad aument\u00f3 un 0,4% en agosto de 2022 en comparaci\u00f3n con agosto de 2021.&nbsp;&nbsp;<\/p>\n\n\n\n<p>Las l\u00edneas a\u00e9reas de carga de&nbsp;<strong>Medio Oriente<\/strong>&nbsp;experimentaron un descenso interanual del 11,3% en los vol\u00famenes de agosto. El estancamiento de los vol\u00famenes de carga hacia\/desde Europa afect\u00f3 a los resultados de la regi\u00f3n. La capacidad disminuy\u00f3 un 0,1% en comparaci\u00f3n con agosto de 2021.&nbsp;<\/p>\n\n\n\n<p>Finalmente, las aerol\u00edneas de carga de\u00a0<strong>\u00c1frica<\/strong>\u00a0vieron aumentar el volumen de carga en un 1,0% en agosto de 2022 en comparaci\u00f3n con agosto de 2021. Se trata de una mejora significativa respecto al crecimiento registrado el mes anterior (-3,5%). La capacidad fue un 1,4% inferior a los niveles de agosto de 2021.<\/p>\n\n\n\n<p><\/p>\n\n\n\n<p>Fuente: <a href=\"https:\/\/www.mundomaritimo.cl\/noticias\/iata-lineas-aereas-de-latinoamerica-registran-aumento-del-90-en-los-volumenes-de-carga-en-agosto-del-2022\" target=\"_blank\" rel=\"noreferrer noopener\">https:\/\/www.mundomaritimo.cl\/noticias\/iata-lineas-aereas-de-latinoamerica-registran-aumento-del-90-en-los-volumenes-de-carga-en-agosto-del-2022<\/a><\/p>\n\n\n\n<p><strong><em>\u00a0<\/em><\/strong><a href=\"https:\/\/www.mundomaritimo.cl\/noticias\/friend\/45916\"><\/a><\/p>\n","protected":false},"excerpt":{"rendered":"<p>Desempe\u00f1o fue el m\u00e1s fuerte de todas las regiones y fue marcado por introducci\u00f3n de nuevos servicios\u00a0 La Asociaci\u00f3n de Transporte A\u00e9reo Internacional (IATA en su informe de datos de&hellip; <\/p>\n","protected":false},"author":4,"featured_media":6281,"comment_status":"closed","ping_status":"open","sticky":false,"template":"","format":"standard","meta":{"_monsterinsights_skip_tracking":false,"_monsterinsights_sitenote_active":false,"_monsterinsights_sitenote_note":"","_monsterinsights_sitenote_category":0,"footnotes":""},"categories":[18],"tags":[],"class_list":["post-6273","post","type-post","status-publish","format-standard","has-post-thumbnail","hentry","category-pricing"],"yoast_head":"<!-- This site is optimized with the Yoast SEO plugin v16.1.1 - https:\/\/yoast.com\/wordpress\/plugins\/seo\/ -->\n<title>IATA: L\u00edneas a\u00e9reas de Latinoam\u00e9rica registran aumento del 9,0% en los vol\u00famenes de carga en agosto del 2022 - Noticias Sunrise Cargo<\/title>\n<link rel=\"canonical\" href=\"https:\/\/noticias.sunrisecargo.com\/?p=6273\" \/>\n<meta property=\"og:locale\" content=\"es_ES\" \/>\n<meta property=\"og:type\" content=\"article\" \/>\n<meta property=\"og:title\" content=\"IATA: L\u00edneas a\u00e9reas de Latinoam\u00e9rica registran aumento del 9,0% en los vol\u00famenes de carga en agosto del 2022 - Noticias Sunrise Cargo\" \/>\n<meta property=\"og:description\" content=\"Desempe\u00f1o fue el m\u00e1s fuerte de todas las regiones y fue marcado por introducci\u00f3n de nuevos servicios\u00a0 La Asociaci\u00f3n de Transporte A\u00e9reo Internacional (IATA en su informe de datos de&hellip;\" \/>\n<meta property=\"og:url\" content=\"https:\/\/noticias.sunrisecargo.com\/?p=6273\" \/>\n<meta property=\"og:site_name\" content=\"Noticias Sunrise Cargo\" \/>\n<meta property=\"article:published_time\" content=\"2022-10-10T14:44:45+00:00\" \/>\n<meta property=\"article:modified_time\" content=\"2022-10-10T14:44:47+00:00\" \/>\n<meta property=\"og:image\" content=\"https:\/\/noticias.sunrisecargo.com\/wp-content\/uploads\/2022\/10\/pr1.jpg\" \/>\n\t<meta property=\"og:image:width\" content=\"800\" \/>\n\t<meta property=\"og:image:height\" content=\"480\" \/>\n<meta name=\"twitter:card\" content=\"summary_large_image\" \/>\n<meta name=\"twitter:label1\" content=\"Est. reading time\">\n\t<meta name=\"twitter:data1\" content=\"4 minutos\">\n<script type=\"application\/ld+json\" class=\"yoast-schema-graph\">{\"@context\":\"https:\/\/schema.org\",\"@graph\":[{\"@type\":\"Organization\",\"@id\":\"https:\/\/noticias.sunrisecargo.com\/#organization\",\"name\":\"Sunrise Cargo SAS\",\"url\":\"https:\/\/noticias.sunrisecargo.com\/\",\"sameAs\":[],\"logo\":{\"@type\":\"ImageObject\",\"@id\":\"https:\/\/noticias.sunrisecargo.com\/#logo\",\"inLanguage\":\"es-CO\",\"url\":\"https:\/\/noticias.sunrisecargo.com\/wp-content\/uploads\/2021\/04\/ICONO-NOTI-SUNRISE.png\",\"contentUrl\":\"https:\/\/noticias.sunrisecargo.com\/wp-content\/uploads\/2021\/04\/ICONO-NOTI-SUNRISE.png\",\"width\":37,\"height\":37,\"caption\":\"Sunrise Cargo SAS\"},\"image\":{\"@id\":\"https:\/\/noticias.sunrisecargo.com\/#logo\"}},{\"@type\":\"WebSite\",\"@id\":\"https:\/\/noticias.sunrisecargo.com\/#website\",\"url\":\"https:\/\/noticias.sunrisecargo.com\/\",\"name\":\"Noticias Sunrise Cargo\",\"description\":\"Noticias de Inter\\u00e9s\",\"publisher\":{\"@id\":\"https:\/\/noticias.sunrisecargo.com\/#organization\"},\"potentialAction\":[{\"@type\":\"SearchAction\",\"target\":\"https:\/\/noticias.sunrisecargo.com\/?s={search_term_string}\",\"query-input\":\"required name=search_term_string\"}],\"inLanguage\":\"es-CO\"},{\"@type\":\"ImageObject\",\"@id\":\"https:\/\/noticias.sunrisecargo.com\/?p=6273#primaryimage\",\"inLanguage\":\"es-CO\",\"url\":\"https:\/\/noticias.sunrisecargo.com\/wp-content\/uploads\/2022\/10\/pr1.jpg\",\"contentUrl\":\"https:\/\/noticias.sunrisecargo.com\/wp-content\/uploads\/2022\/10\/pr1.jpg\",\"width\":800,\"height\":480},{\"@type\":\"WebPage\",\"@id\":\"https:\/\/noticias.sunrisecargo.com\/?p=6273#webpage\",\"url\":\"https:\/\/noticias.sunrisecargo.com\/?p=6273\",\"name\":\"IATA: L\\u00edneas a\\u00e9reas de Latinoam\\u00e9rica registran aumento del 9,0% en los vol\\u00famenes de carga en agosto del 2022 - Noticias Sunrise Cargo\",\"isPartOf\":{\"@id\":\"https:\/\/noticias.sunrisecargo.com\/#website\"},\"primaryImageOfPage\":{\"@id\":\"https:\/\/noticias.sunrisecargo.com\/?p=6273#primaryimage\"},\"datePublished\":\"2022-10-10T14:44:45+00:00\",\"dateModified\":\"2022-10-10T14:44:47+00:00\",\"breadcrumb\":{\"@id\":\"https:\/\/noticias.sunrisecargo.com\/?p=6273#breadcrumb\"},\"inLanguage\":\"es-CO\",\"potentialAction\":[{\"@type\":\"ReadAction\",\"target\":[\"https:\/\/noticias.sunrisecargo.com\/?p=6273\"]}]},{\"@type\":\"BreadcrumbList\",\"@id\":\"https:\/\/noticias.sunrisecargo.com\/?p=6273#breadcrumb\",\"itemListElement\":[{\"@type\":\"ListItem\",\"position\":1,\"item\":{\"@type\":\"WebPage\",\"@id\":\"https:\/\/noticias.sunrisecargo.com\/\",\"url\":\"https:\/\/noticias.sunrisecargo.com\/\",\"name\":\"Home\"}},{\"@type\":\"ListItem\",\"position\":2,\"item\":{\"@type\":\"WebPage\",\"@id\":\"https:\/\/noticias.sunrisecargo.com\/?p=6273\",\"url\":\"https:\/\/noticias.sunrisecargo.com\/?p=6273\",\"name\":\"IATA: L\\u00edneas a\\u00e9reas de Latinoam\\u00e9rica registran aumento del 9,0% en los vol\\u00famenes de carga en agosto del 2022\"}}]},{\"@type\":\"Article\",\"@id\":\"https:\/\/noticias.sunrisecargo.com\/?p=6273#article\",\"isPartOf\":{\"@id\":\"https:\/\/noticias.sunrisecargo.com\/?p=6273#webpage\"},\"author\":{\"@id\":\"https:\/\/noticias.sunrisecargo.com\/#\/schema\/person\/6dc68534970689383af81dce59c92bbc\"},\"headline\":\"IATA: L\\u00edneas a\\u00e9reas de Latinoam\\u00e9rica registran aumento del 9,0% en los vol\\u00famenes de carga en agosto del 2022\",\"datePublished\":\"2022-10-10T14:44:45+00:00\",\"dateModified\":\"2022-10-10T14:44:47+00:00\",\"mainEntityOfPage\":{\"@id\":\"https:\/\/noticias.sunrisecargo.com\/?p=6273#webpage\"},\"publisher\":{\"@id\":\"https:\/\/noticias.sunrisecargo.com\/#organization\"},\"image\":{\"@id\":\"https:\/\/noticias.sunrisecargo.com\/?p=6273#primaryimage\"},\"articleSection\":\"Pricing\",\"inLanguage\":\"es-CO\"},{\"@type\":\"Person\",\"@id\":\"https:\/\/noticias.sunrisecargo.com\/#\/schema\/person\/6dc68534970689383af81dce59c92bbc\",\"name\":\"Sunrise Cargo\",\"image\":{\"@type\":\"ImageObject\",\"@id\":\"https:\/\/noticias.sunrisecargo.com\/#personlogo\",\"inLanguage\":\"es-CO\",\"url\":\"https:\/\/secure.gravatar.com\/avatar\/064fc68894aee252e3d51c81d7d0798bc56bf526018995fa222e730d9052fdd8?s=96&d=mm&r=g\",\"contentUrl\":\"https:\/\/secure.gravatar.com\/avatar\/064fc68894aee252e3d51c81d7d0798bc56bf526018995fa222e730d9052fdd8?s=96&d=mm&r=g\",\"caption\":\"Sunrise Cargo\"},\"sameAs\":[\"http:\/\/noticias.sunrisecargo.com\"]}]}<\/script>\n<!-- \/ Yoast SEO plugin. -->","_links":{"self":[{"href":"https:\/\/noticias.sunrisecargo.com\/index.php?rest_route=\/wp\/v2\/posts\/6273","targetHints":{"allow":["GET"]}}],"collection":[{"href":"https:\/\/noticias.sunrisecargo.com\/index.php?rest_route=\/wp\/v2\/posts"}],"about":[{"href":"https:\/\/noticias.sunrisecargo.com\/index.php?rest_route=\/wp\/v2\/types\/post"}],"author":[{"embeddable":true,"href":"https:\/\/noticias.sunrisecargo.com\/index.php?rest_route=\/wp\/v2\/users\/4"}],"replies":[{"embeddable":true,"href":"https:\/\/noticias.sunrisecargo.com\/index.php?rest_route=%2Fwp%2Fv2%2Fcomments&post=6273"}],"version-history":[{"count":1,"href":"https:\/\/noticias.sunrisecargo.com\/index.php?rest_route=\/wp\/v2\/posts\/6273\/revisions"}],"predecessor-version":[{"id":6282,"href":"https:\/\/noticias.sunrisecargo.com\/index.php?rest_route=\/wp\/v2\/posts\/6273\/revisions\/6282"}],"wp:featuredmedia":[{"embeddable":true,"href":"https:\/\/noticias.sunrisecargo.com\/index.php?rest_route=\/wp\/v2\/media\/6281"}],"wp:attachment":[{"href":"https:\/\/noticias.sunrisecargo.com\/index.php?rest_route=%2Fwp%2Fv2%2Fmedia&parent=6273"}],"wp:term":[{"taxonomy":"category","embeddable":true,"href":"https:\/\/noticias.sunrisecargo.com\/index.php?rest_route=%2Fwp%2Fv2%2Fcategories&post=6273"},{"taxonomy":"post_tag","embeddable":true,"href":"https:\/\/noticias.sunrisecargo.com\/index.php?rest_route=%2Fwp%2Fv2%2Ftags&post=6273"}],"curies":[{"name":"wp","href":"https:\/\/api.w.org\/{rel}","templated":true}]}}