{"id":6186,"date":"2022-09-26T08:00:00","date_gmt":"2022-09-26T13:00:00","guid":{"rendered":"https:\/\/noticias.sunrisecargo.com\/?p=6186"},"modified":"2022-09-25T20:25:57","modified_gmt":"2022-09-26T01:25:57","slug":"colombia-y-venezuela-ultiman-detalles-para-la-apertura-de-la-frontera","status":"publish","type":"post","link":"https:\/\/noticias.sunrisecargo.com\/?p=6186","title":{"rendered":"Colombia y Venezuela ultiman detalles para la apertura de la frontera"},"content":{"rendered":"\n<figure class=\"wp-block-image size-large\"><img loading=\"lazy\" decoding=\"async\" width=\"1024\" height=\"576\" src=\"https:\/\/noticias.sunrisecargo.com\/wp-content\/uploads\/2022\/09\/image-28-1024x576.png\" alt=\"\" class=\"wp-image-6188\" srcset=\"https:\/\/noticias.sunrisecargo.com\/wp-content\/uploads\/2022\/09\/image-28-1024x576.png 1024w, https:\/\/noticias.sunrisecargo.com\/wp-content\/uploads\/2022\/09\/image-28-300x169.png 300w, https:\/\/noticias.sunrisecargo.com\/wp-content\/uploads\/2022\/09\/image-28-768x432.png 768w, https:\/\/noticias.sunrisecargo.com\/wp-content\/uploads\/2022\/09\/image-28.png 1200w\" sizes=\"auto, (max-width: 1024px) 100vw, 1024px\" \/><\/figure>\n\n\n\n<p><strong><em>El comercio entre los dos pa\u00edses lleg\u00f3 a julio a US$383 millones.<\/em><\/strong><\/p>\n\n\n\n<p>Autoridades de los Gobiernos de Colombia y Venezuela, y de las entidades territoriales de ambos lados de la frontera, adelantaron una serie de reuniones y de visitas en puntos estrat\u00e9gicos de Norte de Santander y en el Estado T\u00e1chira para terminar de coordinar las acciones que permitir\u00e1n la apertura para el tr\u00e1nsito de la carga por ese paso, este 26 de septiembre.<\/p>\n\n\n\n<p>El acto de reapertura de la frontera ser\u00e1 a las 10 de la ma\u00f1ana del pr\u00f3ximo lunes, hora en la que iniciar\u00e1 el paso de carga. Se defini\u00f3 que esta pasar\u00e1 por los puentes internacionales Sim\u00f3n Bol\u00edvar (Villa del Rosario) y Francisco de Paula Santander (C\u00facuta).<\/p>\n\n\n\n<p>El tema log\u00edstico para el cumplimiento de los requisitos para las exportaciones e importaciones (certificados de origen y fitosanitarios e inspecci\u00f3n de carga, entre otros) ya est\u00e1 debidamente coordinado y dispuesto para reiniciar el comercio exterior por estos pasos.<\/p>\n\n\n\n<p>Representantes de los Ministerios de Comercio, Industria y Turismo, de Transporte y de Relaciones Exteriores, la DIAN, Migraci\u00f3n Colombia, el ICA, el Invima y el Inv\u00edas, con sus pares del vecino pa\u00eds, as\u00ed como la Dimar, las alcald\u00edas de C\u00facuta y de Villa del Rosario y la Gobernaci\u00f3n de Norte de Santander, avanzaron en un trabajo coordinado que incluy\u00f3 la&nbsp; revisi\u00f3n de la infraestructura de los puentes, la disposici\u00f3n de la log\u00edstica por parte de las autoridades de control y la ubicaci\u00f3n del transporte y de los camiones que pasar\u00e1n por la frontera, entre otros.<\/p>\n\n\n\n<p>Justamente el pasado martes 20 de septiembre todas las autoridades llevaron a cabo una visita a los puentes internacionales Sim\u00f3n Bol\u00edvar, Tienditas y Binacional Francisco de Paula Santander para verificar el estado de los trabajos que se adelantan por parte de Inv\u00edas.<\/p>\n\n\n\n<p>&#8220;Esta ha sido un prop\u00f3sito permanente, desde el d\u00eda uno de la posesi\u00f3n del presidente Gustavo Petro, en el que hemos contado con la cooperaci\u00f3n y disposici\u00f3n de las autoridades en el departamento de Norte de Santander. Esta es una de las fronteras m\u00e1s vivas Am\u00e9rica Latina y por eso avanzamos, porque debe ser una apertura estable, duradera y segura&#8221;, dijo el ministro de Comercio, Industria y Turismo, Germ\u00e1n Uma\u00f1a Mendoza.<\/p>\n\n\n\n<p>Record\u00f3 que en el 2008, el comercio bilateral super\u00f3 los US$7.000 millones de d\u00f3lares y cay\u00f3 a la cifra m\u00e1s baja en 2020, cuando se acerc\u00f3 a los US$222 millones. En 2021, el intercambio comercial cerr\u00f3 en US$394 millones y este a\u00f1o, a julio, alcanz\u00f3 los US$383 millones.<\/p>\n\n\n\n<p>Por su parte, la directora (e) de Ejecuci\u00f3n y Operaci\u00f3n en Inv\u00edas, Carolina Barbanti Mansilla, explic\u00f3 que \u201cadelantamos en este momento el mantenimiento rutinario de los puentes que conectan al departamento de Norte de Santander con Venezuela, con el prop\u00f3sito de dejarlos listos para la entrada en operaci\u00f3n el pr\u00f3ximo 26 de septiembre, cuando se haga la apertura de las fronteras con el vecino pa\u00eds&#8221;.<\/p>\n\n\n\n<p>Agreg\u00f3 que luego de unas visitas de inspecci\u00f3n y de la reuni\u00f3n binacional &#8220;entregamos el aval t\u00e9cnico y operativo ante las entidades del Gobierno nacional para que los puentes sean usados con restricciones de carga a partir del momento en el que se abra la frontera&#8221;.<\/p>\n\n\n\n<p>Adem\u00e1s, la funcionaria se\u00f1al\u00f3 que se anunci\u00f3 &#8220;la inversi\u00f3n del Estado por valor de $8.000 millones de la vigencia 2023 para la reparaci\u00f3n y mantenimiento de los puentes internacionales Sim\u00f3n Bol\u00edvar y Francisco de Paula Santander, una intervenci\u00f3n que dejar\u00eda las estructuras a punto para el tr\u00e1nsito de veh\u00edculos de no m\u00e1s de 30 toneladas&#8221;.<\/p>\n\n\n\n<p><\/p>\n\n\n\n<p>Fuente: <a href=\"https:\/\/www.mincit.gov.co\/prensa\/noticias\/comercio\/colombia-y-venezuela-detalles-apertura-frontera\" target=\"_blank\" rel=\"noreferrer noopener\">https:\/\/www.mincit.gov.co\/prensa\/noticias\/comercio\/colombia-y-venezuela-detalles-apertura-frontera<\/a><\/p>\n","protected":false},"excerpt":{"rendered":"<p>El comercio entre los dos pa\u00edses lleg\u00f3 a julio a US$383 millones. Autoridades de los Gobiernos de Colombia y Venezuela, y de las entidades territoriales de ambos lados de la&hellip; <\/p>\n","protected":false},"author":4,"featured_media":6189,"comment_status":"closed","ping_status":"open","sticky":false,"template":"","format":"standard","meta":{"_monsterinsights_skip_tracking":false,"_monsterinsights_sitenote_active":false,"_monsterinsights_sitenote_note":"","_monsterinsights_sitenote_category":0,"footnotes":""},"categories":[17],"tags":[],"class_list":["post-6186","post","type-post","status-publish","format-standard","has-post-thumbnail","hentry","category-comercial"],"yoast_head":"<!-- This site is optimized with the Yoast SEO plugin v16.1.1 - https:\/\/yoast.com\/wordpress\/plugins\/seo\/ -->\n<title>Colombia y Venezuela ultiman detalles para la apertura de la frontera - Noticias Sunrise Cargo<\/title>\n<link rel=\"canonical\" href=\"https:\/\/noticias.sunrisecargo.com\/?p=6186\" \/>\n<meta property=\"og:locale\" content=\"es_ES\" \/>\n<meta property=\"og:type\" content=\"article\" \/>\n<meta property=\"og:title\" content=\"Colombia y Venezuela ultiman detalles para la apertura de la frontera - Noticias Sunrise Cargo\" \/>\n<meta property=\"og:description\" content=\"El comercio entre los dos pa\u00edses lleg\u00f3 a julio a US$383 millones. Autoridades de los Gobiernos de Colombia y Venezuela, y de las entidades territoriales de ambos lados de la&hellip;\" \/>\n<meta property=\"og:url\" content=\"https:\/\/noticias.sunrisecargo.com\/?p=6186\" \/>\n<meta property=\"og:site_name\" content=\"Noticias Sunrise Cargo\" \/>\n<meta property=\"article:published_time\" content=\"2022-09-26T13:00:00+00:00\" \/>\n<meta property=\"article:modified_time\" content=\"2022-09-26T01:25:57+00:00\" \/>\n<meta property=\"og:image\" content=\"https:\/\/noticias.sunrisecargo.com\/wp-content\/uploads\/2022\/09\/gsvdsv.jpg\" \/>\n\t<meta property=\"og:image:width\" content=\"800\" \/>\n\t<meta property=\"og:image:height\" content=\"480\" \/>\n<meta name=\"twitter:card\" content=\"summary_large_image\" \/>\n<meta name=\"twitter:label1\" content=\"Est. reading time\">\n\t<meta name=\"twitter:data1\" content=\"3 minutos\">\n<script type=\"application\/ld+json\" class=\"yoast-schema-graph\">{\"@context\":\"https:\/\/schema.org\",\"@graph\":[{\"@type\":\"Organization\",\"@id\":\"https:\/\/noticias.sunrisecargo.com\/#organization\",\"name\":\"Sunrise Cargo SAS\",\"url\":\"https:\/\/noticias.sunrisecargo.com\/\",\"sameAs\":[],\"logo\":{\"@type\":\"ImageObject\",\"@id\":\"https:\/\/noticias.sunrisecargo.com\/#logo\",\"inLanguage\":\"es-CO\",\"url\":\"https:\/\/noticias.sunrisecargo.com\/wp-content\/uploads\/2021\/04\/ICONO-NOTI-SUNRISE.png\",\"contentUrl\":\"https:\/\/noticias.sunrisecargo.com\/wp-content\/uploads\/2021\/04\/ICONO-NOTI-SUNRISE.png\",\"width\":37,\"height\":37,\"caption\":\"Sunrise Cargo SAS\"},\"image\":{\"@id\":\"https:\/\/noticias.sunrisecargo.com\/#logo\"}},{\"@type\":\"WebSite\",\"@id\":\"https:\/\/noticias.sunrisecargo.com\/#website\",\"url\":\"https:\/\/noticias.sunrisecargo.com\/\",\"name\":\"Noticias Sunrise Cargo\",\"description\":\"Noticias de Inter\\u00e9s\",\"publisher\":{\"@id\":\"https:\/\/noticias.sunrisecargo.com\/#organization\"},\"potentialAction\":[{\"@type\":\"SearchAction\",\"target\":\"https:\/\/noticias.sunrisecargo.com\/?s={search_term_string}\",\"query-input\":\"required name=search_term_string\"}],\"inLanguage\":\"es-CO\"},{\"@type\":\"ImageObject\",\"@id\":\"https:\/\/noticias.sunrisecargo.com\/?p=6186#primaryimage\",\"inLanguage\":\"es-CO\",\"url\":\"https:\/\/noticias.sunrisecargo.com\/wp-content\/uploads\/2022\/09\/gsvdsv.jpg\",\"contentUrl\":\"https:\/\/noticias.sunrisecargo.com\/wp-content\/uploads\/2022\/09\/gsvdsv.jpg\",\"width\":800,\"height\":480},{\"@type\":\"WebPage\",\"@id\":\"https:\/\/noticias.sunrisecargo.com\/?p=6186#webpage\",\"url\":\"https:\/\/noticias.sunrisecargo.com\/?p=6186\",\"name\":\"Colombia y Venezuela ultiman detalles para la apertura de la frontera - Noticias Sunrise Cargo\",\"isPartOf\":{\"@id\":\"https:\/\/noticias.sunrisecargo.com\/#website\"},\"primaryImageOfPage\":{\"@id\":\"https:\/\/noticias.sunrisecargo.com\/?p=6186#primaryimage\"},\"datePublished\":\"2022-09-26T13:00:00+00:00\",\"dateModified\":\"2022-09-26T01:25:57+00:00\",\"breadcrumb\":{\"@id\":\"https:\/\/noticias.sunrisecargo.com\/?p=6186#breadcrumb\"},\"inLanguage\":\"es-CO\",\"potentialAction\":[{\"@type\":\"ReadAction\",\"target\":[\"https:\/\/noticias.sunrisecargo.com\/?p=6186\"]}]},{\"@type\":\"BreadcrumbList\",\"@id\":\"https:\/\/noticias.sunrisecargo.com\/?p=6186#breadcrumb\",\"itemListElement\":[{\"@type\":\"ListItem\",\"position\":1,\"item\":{\"@type\":\"WebPage\",\"@id\":\"https:\/\/noticias.sunrisecargo.com\/\",\"url\":\"https:\/\/noticias.sunrisecargo.com\/\",\"name\":\"Home\"}},{\"@type\":\"ListItem\",\"position\":2,\"item\":{\"@type\":\"WebPage\",\"@id\":\"https:\/\/noticias.sunrisecargo.com\/?p=6186\",\"url\":\"https:\/\/noticias.sunrisecargo.com\/?p=6186\",\"name\":\"Colombia y Venezuela ultiman detalles para la apertura de la frontera\"}}]},{\"@type\":\"Article\",\"@id\":\"https:\/\/noticias.sunrisecargo.com\/?p=6186#article\",\"isPartOf\":{\"@id\":\"https:\/\/noticias.sunrisecargo.com\/?p=6186#webpage\"},\"author\":{\"@id\":\"https:\/\/noticias.sunrisecargo.com\/#\/schema\/person\/6dc68534970689383af81dce59c92bbc\"},\"headline\":\"Colombia y Venezuela ultiman detalles para la apertura de la frontera\",\"datePublished\":\"2022-09-26T13:00:00+00:00\",\"dateModified\":\"2022-09-26T01:25:57+00:00\",\"mainEntityOfPage\":{\"@id\":\"https:\/\/noticias.sunrisecargo.com\/?p=6186#webpage\"},\"publisher\":{\"@id\":\"https:\/\/noticias.sunrisecargo.com\/#organization\"},\"image\":{\"@id\":\"https:\/\/noticias.sunrisecargo.com\/?p=6186#primaryimage\"},\"articleSection\":\"Comercial\",\"inLanguage\":\"es-CO\"},{\"@type\":\"Person\",\"@id\":\"https:\/\/noticias.sunrisecargo.com\/#\/schema\/person\/6dc68534970689383af81dce59c92bbc\",\"name\":\"Sunrise Cargo\",\"image\":{\"@type\":\"ImageObject\",\"@id\":\"https:\/\/noticias.sunrisecargo.com\/#personlogo\",\"inLanguage\":\"es-CO\",\"url\":\"https:\/\/secure.gravatar.com\/avatar\/064fc68894aee252e3d51c81d7d0798bc56bf526018995fa222e730d9052fdd8?s=96&d=mm&r=g\",\"contentUrl\":\"https:\/\/secure.gravatar.com\/avatar\/064fc68894aee252e3d51c81d7d0798bc56bf526018995fa222e730d9052fdd8?s=96&d=mm&r=g\",\"caption\":\"Sunrise Cargo\"},\"sameAs\":[\"http:\/\/noticias.sunrisecargo.com\"]}]}<\/script>\n<!-- \/ Yoast SEO plugin. -->","_links":{"self":[{"href":"https:\/\/noticias.sunrisecargo.com\/index.php?rest_route=\/wp\/v2\/posts\/6186","targetHints":{"allow":["GET"]}}],"collection":[{"href":"https:\/\/noticias.sunrisecargo.com\/index.php?rest_route=\/wp\/v2\/posts"}],"about":[{"href":"https:\/\/noticias.sunrisecargo.com\/index.php?rest_route=\/wp\/v2\/types\/post"}],"author":[{"embeddable":true,"href":"https:\/\/noticias.sunrisecargo.com\/index.php?rest_route=\/wp\/v2\/users\/4"}],"replies":[{"embeddable":true,"href":"https:\/\/noticias.sunrisecargo.com\/index.php?rest_route=%2Fwp%2Fv2%2Fcomments&post=6186"}],"version-history":[{"count":1,"href":"https:\/\/noticias.sunrisecargo.com\/index.php?rest_route=\/wp\/v2\/posts\/6186\/revisions"}],"predecessor-version":[{"id":6190,"href":"https:\/\/noticias.sunrisecargo.com\/index.php?rest_route=\/wp\/v2\/posts\/6186\/revisions\/6190"}],"wp:featuredmedia":[{"embeddable":true,"href":"https:\/\/noticias.sunrisecargo.com\/index.php?rest_route=\/wp\/v2\/media\/6189"}],"wp:attachment":[{"href":"https:\/\/noticias.sunrisecargo.com\/index.php?rest_route=%2Fwp%2Fv2%2Fmedia&parent=6186"}],"wp:term":[{"taxonomy":"category","embeddable":true,"href":"https:\/\/noticias.sunrisecargo.com\/index.php?rest_route=%2Fwp%2Fv2%2Fcategories&post=6186"},{"taxonomy":"post_tag","embeddable":true,"href":"https:\/\/noticias.sunrisecargo.com\/index.php?rest_route=%2Fwp%2Fv2%2Ftags&post=6186"}],"curies":[{"name":"wp","href":"https:\/\/api.w.org\/{rel}","templated":true}]}}