{"id":6176,"date":"2022-09-26T08:00:00","date_gmt":"2022-09-26T13:00:00","guid":{"rendered":"https:\/\/noticias.sunrisecargo.com\/?p=6176"},"modified":"2022-09-26T10:00:07","modified_gmt":"2022-09-26T15:00:07","slug":"lufthansa-cargo-recibio-su-segundo-airbus-a321-carguero%ef%bf%bc%ef%bf%bc","status":"publish","type":"post","link":"https:\/\/noticias.sunrisecargo.com\/?p=6176","title":{"rendered":"Lufthansa Cargo recibi\u00f3 su segundo Airbus A321 carguero"},"content":{"rendered":"\n<figure class=\"wp-block-image size-full\"><img loading=\"lazy\" decoding=\"async\" width=\"999\" height=\"562\" src=\"https:\/\/noticias.sunrisecargo.com\/wp-content\/uploads\/2022\/09\/image-25.png\" alt=\"\" class=\"wp-image-6177\" srcset=\"https:\/\/noticias.sunrisecargo.com\/wp-content\/uploads\/2022\/09\/image-25.png 999w, https:\/\/noticias.sunrisecargo.com\/wp-content\/uploads\/2022\/09\/image-25-300x169.png 300w, https:\/\/noticias.sunrisecargo.com\/wp-content\/uploads\/2022\/09\/image-25-768x432.png 768w\" sizes=\"auto, (max-width: 999px) 100vw, 999px\" \/><\/figure>\n\n\n\n<p>La divisi\u00f3n de carga de Lufthansa, tan germ\u00e1nicamente llamada Lufthansa Cargo, recibi\u00f3 su segundo Airbus A321 convertido a carguero.<\/p>\n\n\n\n<p>La aerol\u00ednea&nbsp;<a href=\"https:\/\/www.linkedin.com\/posts\/lufthansa-cargo_two-are-a-team-welcome-a321f-2-activity-6977571105624494080-XoYx?utm_source=share&amp;utm_medium=member_desktop\" target=\"_blank\" rel=\"noreferrer noopener\">anunci\u00f3<\/a>&nbsp;que el pasado viernes dio la bienvenida a su segunda unidad del tipo. El equipo, que se incorporar\u00e1 a la red de media distancia bajo la matr\u00edcula D-AEUA y el nombre \u00abMerhaba T\u00fcrkiye\u00bb (<em>Hola Turqu\u00eda&nbsp;<\/em>en turco), aterriz\u00f3 en M\u00fanich a las 17:36 hora local del viernes 16 de septiembre. El vuelo de traslado desde Singapur se realiz\u00f3 v\u00eda Bangkok, Mascate y Larnaca.<\/p>\n\n\n\n<p>Este A321 pas\u00f3 los \u00faltimos meses siendo sometido a una serie de trabajos de conversi\u00f3n en los talleres de Elbe Flugzeugwerke (EFW) que, junto a Airbus y ST Engineering, llev\u00f3 adelante la remodelaci\u00f3n del equipo. Entre otras tareas se reforz\u00f3 el suelo, se instal\u00f3 un sistema de rodillos para mover la carga y una puerta en la cubierta principal.<\/p>\n\n\n\n<p>En total, los clientes de Lufthansa dispondr\u00e1n de 14 posiciones para contenedores en la cubierta principal y 10 en la cubierta inferior, totalizando una carga \u00fatil de 28 toneladas. El alcance del equipo, operando con carga m\u00e1xima, es de 3.500 kil\u00f3metros.<\/p>\n\n\n\n<p>El equipo se unir\u00e1 a su gemelo D-AEUC, llamado \u00ab<em>Hello Europe<\/em>\u00ab. Comenzar\u00e1 a prestar servicio regular a partir de octubre, operado por Lufthansa CityLine. La aerol\u00ednea se\u00f1al\u00f3 que este nuevo avi\u00f3n contribuir\u00e1 significativamente a la expansi\u00f3n de los servicios de transporte de paquetes de comercio electr\u00f3nico en la red de rutas europeas, habilitando nuevos destinos como Birmingham, Londres y Madrid a partir del invierno boreal que est\u00e1 al caer.<\/p>\n\n\n\n<p>El primer A321&nbsp; ha realizado m\u00e1s de 400 vuelos desde que debut\u00f3 el 15 de marzo de este a\u00f1o conectando Frankfurt (FRA) con Dubl\u00edn (DUB).<\/p>\n\n\n\n<p><\/p>\n\n\n\n<p>Fuente: <a href=\"https:\/\/www.aviacionline.com\/2022\/09\/lufthansa-cargo-recibio-su-segundo-airbus-a321-carguero\/\" target=\"_blank\" rel=\"noreferrer noopener\">https:\/\/www.aviacionline.com\/2022\/09\/lufthansa-cargo-recibio-su-segundo-airbus-a321-carguero\/<\/a><\/p>\n","protected":false},"excerpt":{"rendered":"<p>La divisi\u00f3n de carga de Lufthansa, tan germ\u00e1nicamente llamada Lufthansa Cargo, recibi\u00f3 su segundo Airbus A321 convertido a carguero. La aerol\u00ednea&nbsp;anunci\u00f3&nbsp;que el pasado viernes dio la bienvenida a su segunda&hellip; <\/p>\n","protected":false},"author":4,"featured_media":6178,"comment_status":"closed","ping_status":"open","sticky":false,"template":"","format":"standard","meta":{"_monsterinsights_skip_tracking":false,"_monsterinsights_sitenote_active":false,"_monsterinsights_sitenote_note":"","_monsterinsights_sitenote_category":0,"footnotes":""},"categories":[17],"tags":[],"class_list":["post-6176","post","type-post","status-publish","format-standard","has-post-thumbnail","hentry","category-comercial"],"yoast_head":"<!-- This site is optimized with the Yoast SEO plugin v16.1.1 - https:\/\/yoast.com\/wordpress\/plugins\/seo\/ -->\n<title>Lufthansa Cargo recibi\u00f3 su segundo Airbus A321 carguero - Noticias Sunrise Cargo<\/title>\n<link rel=\"canonical\" href=\"https:\/\/noticias.sunrisecargo.com\/?p=6176\" \/>\n<meta property=\"og:locale\" content=\"es_ES\" \/>\n<meta property=\"og:type\" content=\"article\" \/>\n<meta property=\"og:title\" content=\"Lufthansa Cargo recibi\u00f3 su segundo Airbus A321 carguero - Noticias Sunrise Cargo\" \/>\n<meta property=\"og:description\" content=\"La divisi\u00f3n de carga de Lufthansa, tan germ\u00e1nicamente llamada Lufthansa Cargo, recibi\u00f3 su segundo Airbus A321 convertido a carguero. La aerol\u00ednea&nbsp;anunci\u00f3&nbsp;que el pasado viernes dio la bienvenida a su segunda&hellip;\" \/>\n<meta property=\"og:url\" content=\"https:\/\/noticias.sunrisecargo.com\/?p=6176\" \/>\n<meta property=\"og:site_name\" content=\"Noticias Sunrise Cargo\" \/>\n<meta property=\"article:published_time\" content=\"2022-09-26T13:00:00+00:00\" \/>\n<meta property=\"article:modified_time\" content=\"2022-09-26T15:00:07+00:00\" \/>\n<meta property=\"og:image\" content=\"https:\/\/noticias.sunrisecargo.com\/wp-content\/uploads\/2022\/09\/trhber.jpg\" \/>\n\t<meta property=\"og:image:width\" content=\"800\" \/>\n\t<meta property=\"og:image:height\" content=\"480\" \/>\n<meta name=\"twitter:card\" content=\"summary_large_image\" \/>\n<meta name=\"twitter:label1\" content=\"Est. reading time\">\n\t<meta name=\"twitter:data1\" content=\"2 minutos\">\n<script type=\"application\/ld+json\" class=\"yoast-schema-graph\">{\"@context\":\"https:\/\/schema.org\",\"@graph\":[{\"@type\":\"Organization\",\"@id\":\"https:\/\/noticias.sunrisecargo.com\/#organization\",\"name\":\"Sunrise Cargo SAS\",\"url\":\"https:\/\/noticias.sunrisecargo.com\/\",\"sameAs\":[],\"logo\":{\"@type\":\"ImageObject\",\"@id\":\"https:\/\/noticias.sunrisecargo.com\/#logo\",\"inLanguage\":\"es-CO\",\"url\":\"https:\/\/noticias.sunrisecargo.com\/wp-content\/uploads\/2021\/04\/ICONO-NOTI-SUNRISE.png\",\"contentUrl\":\"https:\/\/noticias.sunrisecargo.com\/wp-content\/uploads\/2021\/04\/ICONO-NOTI-SUNRISE.png\",\"width\":37,\"height\":37,\"caption\":\"Sunrise Cargo SAS\"},\"image\":{\"@id\":\"https:\/\/noticias.sunrisecargo.com\/#logo\"}},{\"@type\":\"WebSite\",\"@id\":\"https:\/\/noticias.sunrisecargo.com\/#website\",\"url\":\"https:\/\/noticias.sunrisecargo.com\/\",\"name\":\"Noticias Sunrise Cargo\",\"description\":\"Noticias de Inter\\u00e9s\",\"publisher\":{\"@id\":\"https:\/\/noticias.sunrisecargo.com\/#organization\"},\"potentialAction\":[{\"@type\":\"SearchAction\",\"target\":\"https:\/\/noticias.sunrisecargo.com\/?s={search_term_string}\",\"query-input\":\"required name=search_term_string\"}],\"inLanguage\":\"es-CO\"},{\"@type\":\"ImageObject\",\"@id\":\"https:\/\/noticias.sunrisecargo.com\/?p=6176#primaryimage\",\"inLanguage\":\"es-CO\",\"url\":\"https:\/\/noticias.sunrisecargo.com\/wp-content\/uploads\/2022\/09\/trhber.jpg\",\"contentUrl\":\"https:\/\/noticias.sunrisecargo.com\/wp-content\/uploads\/2022\/09\/trhber.jpg\",\"width\":800,\"height\":480},{\"@type\":\"WebPage\",\"@id\":\"https:\/\/noticias.sunrisecargo.com\/?p=6176#webpage\",\"url\":\"https:\/\/noticias.sunrisecargo.com\/?p=6176\",\"name\":\"Lufthansa Cargo recibi\\u00f3 su segundo Airbus A321 carguero - Noticias Sunrise Cargo\",\"isPartOf\":{\"@id\":\"https:\/\/noticias.sunrisecargo.com\/#website\"},\"primaryImageOfPage\":{\"@id\":\"https:\/\/noticias.sunrisecargo.com\/?p=6176#primaryimage\"},\"datePublished\":\"2022-09-26T13:00:00+00:00\",\"dateModified\":\"2022-09-26T15:00:07+00:00\",\"breadcrumb\":{\"@id\":\"https:\/\/noticias.sunrisecargo.com\/?p=6176#breadcrumb\"},\"inLanguage\":\"es-CO\",\"potentialAction\":[{\"@type\":\"ReadAction\",\"target\":[\"https:\/\/noticias.sunrisecargo.com\/?p=6176\"]}]},{\"@type\":\"BreadcrumbList\",\"@id\":\"https:\/\/noticias.sunrisecargo.com\/?p=6176#breadcrumb\",\"itemListElement\":[{\"@type\":\"ListItem\",\"position\":1,\"item\":{\"@type\":\"WebPage\",\"@id\":\"https:\/\/noticias.sunrisecargo.com\/\",\"url\":\"https:\/\/noticias.sunrisecargo.com\/\",\"name\":\"Home\"}},{\"@type\":\"ListItem\",\"position\":2,\"item\":{\"@type\":\"WebPage\",\"@id\":\"https:\/\/noticias.sunrisecargo.com\/?p=6176\",\"url\":\"https:\/\/noticias.sunrisecargo.com\/?p=6176\",\"name\":\"Lufthansa Cargo recibi\\u00f3 su segundo Airbus A321 carguero\"}}]},{\"@type\":\"Article\",\"@id\":\"https:\/\/noticias.sunrisecargo.com\/?p=6176#article\",\"isPartOf\":{\"@id\":\"https:\/\/noticias.sunrisecargo.com\/?p=6176#webpage\"},\"author\":{\"@id\":\"https:\/\/noticias.sunrisecargo.com\/#\/schema\/person\/6dc68534970689383af81dce59c92bbc\"},\"headline\":\"Lufthansa Cargo recibi\\u00f3 su segundo Airbus A321 carguero\",\"datePublished\":\"2022-09-26T13:00:00+00:00\",\"dateModified\":\"2022-09-26T15:00:07+00:00\",\"mainEntityOfPage\":{\"@id\":\"https:\/\/noticias.sunrisecargo.com\/?p=6176#webpage\"},\"publisher\":{\"@id\":\"https:\/\/noticias.sunrisecargo.com\/#organization\"},\"image\":{\"@id\":\"https:\/\/noticias.sunrisecargo.com\/?p=6176#primaryimage\"},\"articleSection\":\"Comercial\",\"inLanguage\":\"es-CO\"},{\"@type\":\"Person\",\"@id\":\"https:\/\/noticias.sunrisecargo.com\/#\/schema\/person\/6dc68534970689383af81dce59c92bbc\",\"name\":\"Sunrise Cargo\",\"image\":{\"@type\":\"ImageObject\",\"@id\":\"https:\/\/noticias.sunrisecargo.com\/#personlogo\",\"inLanguage\":\"es-CO\",\"url\":\"https:\/\/secure.gravatar.com\/avatar\/064fc68894aee252e3d51c81d7d0798bc56bf526018995fa222e730d9052fdd8?s=96&d=mm&r=g\",\"contentUrl\":\"https:\/\/secure.gravatar.com\/avatar\/064fc68894aee252e3d51c81d7d0798bc56bf526018995fa222e730d9052fdd8?s=96&d=mm&r=g\",\"caption\":\"Sunrise Cargo\"},\"sameAs\":[\"http:\/\/noticias.sunrisecargo.com\"]}]}<\/script>\n<!-- \/ Yoast SEO plugin. -->","_links":{"self":[{"href":"https:\/\/noticias.sunrisecargo.com\/index.php?rest_route=\/wp\/v2\/posts\/6176","targetHints":{"allow":["GET"]}}],"collection":[{"href":"https:\/\/noticias.sunrisecargo.com\/index.php?rest_route=\/wp\/v2\/posts"}],"about":[{"href":"https:\/\/noticias.sunrisecargo.com\/index.php?rest_route=\/wp\/v2\/types\/post"}],"author":[{"embeddable":true,"href":"https:\/\/noticias.sunrisecargo.com\/index.php?rest_route=\/wp\/v2\/users\/4"}],"replies":[{"embeddable":true,"href":"https:\/\/noticias.sunrisecargo.com\/index.php?rest_route=%2Fwp%2Fv2%2Fcomments&post=6176"}],"version-history":[{"count":3,"href":"https:\/\/noticias.sunrisecargo.com\/index.php?rest_route=\/wp\/v2\/posts\/6176\/revisions"}],"predecessor-version":[{"id":6198,"href":"https:\/\/noticias.sunrisecargo.com\/index.php?rest_route=\/wp\/v2\/posts\/6176\/revisions\/6198"}],"wp:featuredmedia":[{"embeddable":true,"href":"https:\/\/noticias.sunrisecargo.com\/index.php?rest_route=\/wp\/v2\/media\/6178"}],"wp:attachment":[{"href":"https:\/\/noticias.sunrisecargo.com\/index.php?rest_route=%2Fwp%2Fv2%2Fmedia&parent=6176"}],"wp:term":[{"taxonomy":"category","embeddable":true,"href":"https:\/\/noticias.sunrisecargo.com\/index.php?rest_route=%2Fwp%2Fv2%2Fcategories&post=6176"},{"taxonomy":"post_tag","embeddable":true,"href":"https:\/\/noticias.sunrisecargo.com\/index.php?rest_route=%2Fwp%2Fv2%2Ftags&post=6176"}],"curies":[{"name":"wp","href":"https:\/\/api.w.org\/{rel}","templated":true}]}}