{"id":6146,"date":"2022-09-19T08:00:53","date_gmt":"2022-09-19T13:00:53","guid":{"rendered":"https:\/\/noticias.sunrisecargo.com\/?p=6146"},"modified":"2022-09-19T08:00:55","modified_gmt":"2022-09-19T13:00:55","slug":"hasta-junio-colombia-solo-tiene-superavit-comercial-con-can-y-aladi","status":"publish","type":"post","link":"https:\/\/noticias.sunrisecargo.com\/?p=6146","title":{"rendered":"Hasta junio, Colombia solo tiene super\u00e1vit comercial con CAN y Aladi"},"content":{"rendered":"\n<figure class=\"wp-block-image size-full\"><img loading=\"lazy\" decoding=\"async\" width=\"645\" height=\"380\" src=\"https:\/\/noticias.sunrisecargo.com\/wp-content\/uploads\/2022\/09\/image-20.png\" alt=\"\" class=\"wp-image-6148\" srcset=\"https:\/\/noticias.sunrisecargo.com\/wp-content\/uploads\/2022\/09\/image-20.png 645w, https:\/\/noticias.sunrisecargo.com\/wp-content\/uploads\/2022\/09\/image-20-300x177.png 300w\" sizes=\"auto, (max-width: 645px) 100vw, 645px\" \/><\/figure>\n\n\n\n<p id=\"pnull-m138-1-139\"><em><strong>El desempe\u00f1o en el comercio exterior del pa\u00eds sigue la tendencia registrada a principios del a\u00f1o.<\/strong><\/em><\/p>\n\n\n\n<p>El gobierno de Gustavo Petro, que cumple poco m\u00e1s de un mes en el cargo, ha reiterado en numerosas ocasiones que entre sus objetivos est\u00e1 impulsar una mayor inserci\u00f3n de Colombia en los mercados regionales,\u00a0<strong>un reto que en el caso del comercio con los bloques continentales, tendr\u00e1 cuesta arriba.<\/strong><\/p>\n\n\n\n<p>Pasados seis meses, el pa\u00eds solo cuenta con super\u00e1vit comercial con dos bloques regionales, la Comunidad Andina de Naciones (CAN) y la Asociaci\u00f3n Latinoamericana de Integraci\u00f3n (Aladi), una tendencia que se mantiene desde inicios de este a\u00f1o.<\/p>\n\n\n\n<p>As\u00ed se desprende del m\u00e1s reciente informe de comercio internacional que ofrece el Dane con corte al primer semestre del 2022 y que&nbsp;<strong>ofrece una visi\u00f3n del estatus sobre c\u00f3mo recibe el nuevo gobierno a esta din\u00e1mica.<\/strong><\/p>\n\n\n\n<p>Comenzando por la Aladi, este mecanismo est\u00e1 conformado por Argentina, Bolivia, Brasil, Chile, Colombia, Cuba, Ecuador, M\u00e9xico, Panam\u00e1, Paraguay, Per\u00fa, Uruguay y Venezuela.<\/p>\n\n\n\n<p>Es importante precisar que de este grupo parten el resto de las iniciativas de asociaci\u00f3n comercial que existen en la regi\u00f3n.<\/p>\n\n\n\n<p>En ese sentido,\u00a0<strong>el pa\u00eds report\u00f3 exportaciones por US$7.902,6 millones en los seis primeros meses de este a\u00f1o\u00a0<\/strong>y realiz\u00f3 compras por US$6.275 millones, lo que arroja un super\u00e1vit de US$1.627,3 millones, una cifra que contrasta en demas\u00eda con el d\u00e9ficit de US$355 millones con las que cerr\u00f3 este mismo per\u00edodo en 2021.<\/p>\n\n\n\n<p>Segmentando a la CAN, conformada por Per\u00fa, Bolivia y Ecuador, el pa\u00eds posee un super\u00e1vit comercial de US$297,8 millones en el primer semestre, casi la mitad del volumen registrado el a\u00f1o pasado de US$406,7 millones.\u00a0<strong>Vale resaltar que, entre los integrantes, La Paz es el \u00fanico territorio con un d\u00e9ficit con Colombia, por US$198 millones.<\/strong><\/p>\n\n\n\n<p>Siguiendo en la regi\u00f3n, el pa\u00eds tambi\u00e9n forma parte de la Alianza del Pac\u00edfico (AP), un bloque con el cual se tiene un d\u00e9ficit comercial de US$866,6 millones, impulsado m\u00e1s que todo por el desbalance de US$1.096,6 millones vigente para los seis primeros meses entre M\u00e9xico y Colombia.<\/p>\n\n\n\n<p>En el caso del Mercosur,\u00a0<strong>un bloque colindante en la regi\u00f3n, el d\u00e9ficit comercial es de US$1.260,2 millones para el semestre,<\/strong>\u00a0arrastrado por los desequilibrios de US$336 millones con Argentina y US$904,5 millones con Brasil.<\/p>\n\n\n\n<p><strong>Se redujo el d\u00e9ficit con UE<\/strong><\/p>\n\n\n\n<p id=\"pnull-m271-5-272\">Los primeros seis meses del a\u00f1o en curso dej\u00f3 un desbalance de US$1.353,6 millones con la Uni\u00f3n Europea, de acuerdo con los datos que maneja el Departamento Administrativo Nacional de Estad\u00edstica.<br><br><strong>Este resultado para el primer semestre de 2022 mejora en US$221<\/strong>\u00a0millones frente al monto deficitario de US$1.575,1 millones que se evidenci\u00f3 para el mismo per\u00edodo de 2021.<\/p>\n\n\n\n<p><strong>Francia\u00a0<\/strong>(US$1.129 millones),\u00a0<strong>Alemania\u00a0<\/strong>(US$732 millones) y\u00a0<strong>B\u00e9lgica\u00a0<\/strong>(US100,8 millones) son los pa\u00edses que arrastran el d\u00e9ficit con\u00a0<strong>Colombia.<\/strong><\/p>\n\n\n\n<p><\/p>\n\n\n\n<p>Fuente: <a href=\"https:\/\/www.portafolio.co\/economia\/finanzas\/colombia-solo-tiene-superavit-comercial-con-can-y-aladi-571134\" target=\"_blank\" rel=\"noreferrer noopener\">https:\/\/www.portafolio.co\/economia\/finanzas\/colombia-solo-tiene-superavit-comercial-con-can-y-aladi-571134<\/a><\/p>\n","protected":false},"excerpt":{"rendered":"<p>El desempe\u00f1o en el comercio exterior del pa\u00eds sigue la tendencia registrada a principios del a\u00f1o. El gobierno de Gustavo Petro, que cumple poco m\u00e1s de un mes en el&hellip; <\/p>\n","protected":false},"author":4,"featured_media":6149,"comment_status":"closed","ping_status":"open","sticky":false,"template":"","format":"standard","meta":{"_monsterinsights_skip_tracking":false,"_monsterinsights_sitenote_active":false,"_monsterinsights_sitenote_note":"","_monsterinsights_sitenote_category":0,"footnotes":""},"categories":[17],"tags":[],"class_list":["post-6146","post","type-post","status-publish","format-standard","has-post-thumbnail","hentry","category-comercial"],"yoast_head":"<!-- This site is optimized with the Yoast SEO plugin v16.1.1 - https:\/\/yoast.com\/wordpress\/plugins\/seo\/ -->\n<title>Hasta junio, Colombia solo tiene super\u00e1vit comercial con CAN y Aladi - Noticias Sunrise Cargo<\/title>\n<link rel=\"canonical\" href=\"https:\/\/noticias.sunrisecargo.com\/?p=6146\" \/>\n<meta property=\"og:locale\" content=\"es_ES\" \/>\n<meta property=\"og:type\" content=\"article\" \/>\n<meta property=\"og:title\" content=\"Hasta junio, Colombia solo tiene super\u00e1vit comercial con CAN y Aladi - Noticias Sunrise Cargo\" \/>\n<meta property=\"og:description\" content=\"El desempe\u00f1o en el comercio exterior del pa\u00eds sigue la tendencia registrada a principios del a\u00f1o. El gobierno de Gustavo Petro, que cumple poco m\u00e1s de un mes en el&hellip;\" \/>\n<meta property=\"og:url\" content=\"https:\/\/noticias.sunrisecargo.com\/?p=6146\" \/>\n<meta property=\"og:site_name\" content=\"Noticias Sunrise Cargo\" \/>\n<meta property=\"article:published_time\" content=\"2022-09-19T13:00:53+00:00\" \/>\n<meta property=\"article:modified_time\" content=\"2022-09-19T13:00:55+00:00\" \/>\n<meta property=\"og:image\" content=\"https:\/\/noticias.sunrisecargo.com\/wp-content\/uploads\/2022\/09\/co4-1.png\" \/>\n\t<meta property=\"og:image:width\" content=\"800\" \/>\n\t<meta property=\"og:image:height\" content=\"480\" \/>\n<meta name=\"twitter:card\" content=\"summary_large_image\" \/>\n<meta name=\"twitter:label1\" content=\"Est. reading time\">\n\t<meta name=\"twitter:data1\" content=\"3 minutos\">\n<script type=\"application\/ld+json\" class=\"yoast-schema-graph\">{\"@context\":\"https:\/\/schema.org\",\"@graph\":[{\"@type\":\"Organization\",\"@id\":\"https:\/\/noticias.sunrisecargo.com\/#organization\",\"name\":\"Sunrise Cargo SAS\",\"url\":\"https:\/\/noticias.sunrisecargo.com\/\",\"sameAs\":[],\"logo\":{\"@type\":\"ImageObject\",\"@id\":\"https:\/\/noticias.sunrisecargo.com\/#logo\",\"inLanguage\":\"es-CO\",\"url\":\"https:\/\/noticias.sunrisecargo.com\/wp-content\/uploads\/2021\/04\/ICONO-NOTI-SUNRISE.png\",\"contentUrl\":\"https:\/\/noticias.sunrisecargo.com\/wp-content\/uploads\/2021\/04\/ICONO-NOTI-SUNRISE.png\",\"width\":37,\"height\":37,\"caption\":\"Sunrise Cargo SAS\"},\"image\":{\"@id\":\"https:\/\/noticias.sunrisecargo.com\/#logo\"}},{\"@type\":\"WebSite\",\"@id\":\"https:\/\/noticias.sunrisecargo.com\/#website\",\"url\":\"https:\/\/noticias.sunrisecargo.com\/\",\"name\":\"Noticias Sunrise Cargo\",\"description\":\"Noticias de Inter\\u00e9s\",\"publisher\":{\"@id\":\"https:\/\/noticias.sunrisecargo.com\/#organization\"},\"potentialAction\":[{\"@type\":\"SearchAction\",\"target\":\"https:\/\/noticias.sunrisecargo.com\/?s={search_term_string}\",\"query-input\":\"required name=search_term_string\"}],\"inLanguage\":\"es-CO\"},{\"@type\":\"ImageObject\",\"@id\":\"https:\/\/noticias.sunrisecargo.com\/?p=6146#primaryimage\",\"inLanguage\":\"es-CO\",\"url\":\"https:\/\/noticias.sunrisecargo.com\/wp-content\/uploads\/2022\/09\/co4-1.png\",\"contentUrl\":\"https:\/\/noticias.sunrisecargo.com\/wp-content\/uploads\/2022\/09\/co4-1.png\",\"width\":800,\"height\":480},{\"@type\":\"WebPage\",\"@id\":\"https:\/\/noticias.sunrisecargo.com\/?p=6146#webpage\",\"url\":\"https:\/\/noticias.sunrisecargo.com\/?p=6146\",\"name\":\"Hasta junio, Colombia solo tiene super\\u00e1vit comercial con CAN y Aladi - Noticias Sunrise Cargo\",\"isPartOf\":{\"@id\":\"https:\/\/noticias.sunrisecargo.com\/#website\"},\"primaryImageOfPage\":{\"@id\":\"https:\/\/noticias.sunrisecargo.com\/?p=6146#primaryimage\"},\"datePublished\":\"2022-09-19T13:00:53+00:00\",\"dateModified\":\"2022-09-19T13:00:55+00:00\",\"breadcrumb\":{\"@id\":\"https:\/\/noticias.sunrisecargo.com\/?p=6146#breadcrumb\"},\"inLanguage\":\"es-CO\",\"potentialAction\":[{\"@type\":\"ReadAction\",\"target\":[\"https:\/\/noticias.sunrisecargo.com\/?p=6146\"]}]},{\"@type\":\"BreadcrumbList\",\"@id\":\"https:\/\/noticias.sunrisecargo.com\/?p=6146#breadcrumb\",\"itemListElement\":[{\"@type\":\"ListItem\",\"position\":1,\"item\":{\"@type\":\"WebPage\",\"@id\":\"https:\/\/noticias.sunrisecargo.com\/\",\"url\":\"https:\/\/noticias.sunrisecargo.com\/\",\"name\":\"Home\"}},{\"@type\":\"ListItem\",\"position\":2,\"item\":{\"@type\":\"WebPage\",\"@id\":\"https:\/\/noticias.sunrisecargo.com\/?p=6146\",\"url\":\"https:\/\/noticias.sunrisecargo.com\/?p=6146\",\"name\":\"Hasta junio, Colombia solo tiene super\\u00e1vit comercial con CAN y Aladi\"}}]},{\"@type\":\"Article\",\"@id\":\"https:\/\/noticias.sunrisecargo.com\/?p=6146#article\",\"isPartOf\":{\"@id\":\"https:\/\/noticias.sunrisecargo.com\/?p=6146#webpage\"},\"author\":{\"@id\":\"https:\/\/noticias.sunrisecargo.com\/#\/schema\/person\/6dc68534970689383af81dce59c92bbc\"},\"headline\":\"Hasta junio, Colombia solo tiene super\\u00e1vit comercial con CAN y Aladi\",\"datePublished\":\"2022-09-19T13:00:53+00:00\",\"dateModified\":\"2022-09-19T13:00:55+00:00\",\"mainEntityOfPage\":{\"@id\":\"https:\/\/noticias.sunrisecargo.com\/?p=6146#webpage\"},\"publisher\":{\"@id\":\"https:\/\/noticias.sunrisecargo.com\/#organization\"},\"image\":{\"@id\":\"https:\/\/noticias.sunrisecargo.com\/?p=6146#primaryimage\"},\"articleSection\":\"Comercial\",\"inLanguage\":\"es-CO\"},{\"@type\":\"Person\",\"@id\":\"https:\/\/noticias.sunrisecargo.com\/#\/schema\/person\/6dc68534970689383af81dce59c92bbc\",\"name\":\"Sunrise Cargo\",\"image\":{\"@type\":\"ImageObject\",\"@id\":\"https:\/\/noticias.sunrisecargo.com\/#personlogo\",\"inLanguage\":\"es-CO\",\"url\":\"https:\/\/secure.gravatar.com\/avatar\/064fc68894aee252e3d51c81d7d0798bc56bf526018995fa222e730d9052fdd8?s=96&d=mm&r=g\",\"contentUrl\":\"https:\/\/secure.gravatar.com\/avatar\/064fc68894aee252e3d51c81d7d0798bc56bf526018995fa222e730d9052fdd8?s=96&d=mm&r=g\",\"caption\":\"Sunrise Cargo\"},\"sameAs\":[\"http:\/\/noticias.sunrisecargo.com\"]}]}<\/script>\n<!-- \/ Yoast SEO plugin. -->","_links":{"self":[{"href":"https:\/\/noticias.sunrisecargo.com\/index.php?rest_route=\/wp\/v2\/posts\/6146","targetHints":{"allow":["GET"]}}],"collection":[{"href":"https:\/\/noticias.sunrisecargo.com\/index.php?rest_route=\/wp\/v2\/posts"}],"about":[{"href":"https:\/\/noticias.sunrisecargo.com\/index.php?rest_route=\/wp\/v2\/types\/post"}],"author":[{"embeddable":true,"href":"https:\/\/noticias.sunrisecargo.com\/index.php?rest_route=\/wp\/v2\/users\/4"}],"replies":[{"embeddable":true,"href":"https:\/\/noticias.sunrisecargo.com\/index.php?rest_route=%2Fwp%2Fv2%2Fcomments&post=6146"}],"version-history":[{"count":1,"href":"https:\/\/noticias.sunrisecargo.com\/index.php?rest_route=\/wp\/v2\/posts\/6146\/revisions"}],"predecessor-version":[{"id":6150,"href":"https:\/\/noticias.sunrisecargo.com\/index.php?rest_route=\/wp\/v2\/posts\/6146\/revisions\/6150"}],"wp:featuredmedia":[{"embeddable":true,"href":"https:\/\/noticias.sunrisecargo.com\/index.php?rest_route=\/wp\/v2\/media\/6149"}],"wp:attachment":[{"href":"https:\/\/noticias.sunrisecargo.com\/index.php?rest_route=%2Fwp%2Fv2%2Fmedia&parent=6146"}],"wp:term":[{"taxonomy":"category","embeddable":true,"href":"https:\/\/noticias.sunrisecargo.com\/index.php?rest_route=%2Fwp%2Fv2%2Fcategories&post=6146"},{"taxonomy":"post_tag","embeddable":true,"href":"https:\/\/noticias.sunrisecargo.com\/index.php?rest_route=%2Fwp%2Fv2%2Ftags&post=6146"}],"curies":[{"name":"wp","href":"https:\/\/api.w.org\/{rel}","templated":true}]}}