{"id":6070,"date":"2022-09-12T08:00:00","date_gmt":"2022-09-12T13:00:00","guid":{"rendered":"https:\/\/noticias.sunrisecargo.com\/?p=6070"},"modified":"2022-09-12T09:42:37","modified_gmt":"2022-09-12T14:42:37","slug":"incentivos-para-el-acceso-al-programa-de-modernizacion-del-parque-automotor-de-carga%ef%bf%bc","status":"publish","type":"post","link":"https:\/\/noticias.sunrisecargo.com\/?p=6070","title":{"rendered":"Incentivos para el acceso al programa de modernizaci\u00f3n del parque automotor de carga"},"content":{"rendered":"\n<figure class=\"wp-block-image size-full\"><img loading=\"lazy\" decoding=\"async\" width=\"896\" height=\"600\" src=\"https:\/\/noticias.sunrisecargo.com\/wp-content\/uploads\/2022\/09\/image-8.png\" alt=\"\" class=\"wp-image-6071\" srcset=\"https:\/\/noticias.sunrisecargo.com\/wp-content\/uploads\/2022\/09\/image-8.png 896w, https:\/\/noticias.sunrisecargo.com\/wp-content\/uploads\/2022\/09\/image-8-300x201.png 300w, https:\/\/noticias.sunrisecargo.com\/wp-content\/uploads\/2022\/09\/image-8-768x514.png 768w\" sizes=\"auto, (max-width: 896px) 100vw, 896px\" \/><\/figure>\n\n\n\n<ul class=\"wp-block-list\"><li><em>El<\/em>&nbsp;<em>ministro<\/em>&nbsp;<em>Guillermo<\/em>&nbsp;<em>Francisco<\/em>&nbsp;<em>Reyes Gonz\u00e1lez indic\u00f3 que el Gobierno trabajar\u00e1 para mejorar la log\u00edstica del transporte de carga como una forma de robustecer la reactivaci\u00f3n econ\u00f3mica de la Naci\u00f3n.<\/em><\/li><li><em>Adem\u00e1s, el titular de la cartera explic\u00f3 que se impulsar\u00e1n los diferentes modos de transporte, como el f\u00e9rreo, el fluvial y el carretero.<\/em><\/li><li><em>Otro<\/em>&nbsp;<em>de<\/em>&nbsp;<em>los<\/em>&nbsp;<em>puntos<\/em>&nbsp;<em>mencionados<\/em>&nbsp;<em>en el encuentro fue el de la seguridad vial, un asunto de la mayor relevancia para el Gobierno, por lo que trabajar\u00e1 en conjunto con los transportadores para mejorar las cifras de siniestralidad en las carreteras.<\/em><\/li><\/ul>\n\n\n\n<hr class=\"wp-block-separator has-alpha-channel-opacity\"\/>\n\n\n\n<p>El ministro de Transporte, Guillermo Francisco Reyes Gonz\u00e1lez, particip\u00f3 este mi\u00e9rcoles en el sexto encuentro de empresarios del transporte de carga, organizado por Fedetranscarga, en el que le explic\u00f3 a este gremio tan importante para la econom\u00eda del pa\u00eds los objetivos del Gobierno del presidente Gustavo Petro Urrego en materia de conectividad, movilidad, modernizaci\u00f3n del parque automotor y seguridad vial.<\/p>\n\n\n\n<p>En principio, el jefe de la cartera resalt\u00f3 que la premisa de trabajo de este Gobierno es enfocarse en dialogar para acordar, acordar para cumplir y cumplir para transformar. Por lo que el compromiso es gobernar para todos los colombianos, con un enfoque de trabajo en las regiones y con las comunidades, entendiendo sus necesidades.<\/p>\n\n\n\n<p>\u201cLa log\u00edstica del transporte de carga, el desarrollo de la infraestructura vial, la intermodalidad y la seguridad vial son temas prioritarios para este Gobierno. Tenemos el inter\u00e9s genuino de garantizar el acceso de la poblaci\u00f3n a un transporte de calidad en todos los modos, en condiciones de seguridad y sostenibilidad. Tambi\u00e9n trabajaremos para mejorar la log\u00edstica del transporte de carga como una forma de robustecer la reactivaci\u00f3n econ\u00f3mica de la Naci\u00f3n\u201d, afirm\u00f3 el Ministro Reyes Gonz\u00e1lez.<\/p>\n\n\n\n<p>De igual manera, el Ministro les reiter\u00f3 a los transportadores que \u201clas puertas del Ministerio siempre estar\u00e1n abiertas para todos los actores que hacen parte del sector, especialmente los transportadores de carga. Las soluciones las construiremos sobre la base del di\u00e1logo, el consenso y la concertaci\u00f3n. Queremos tener una relaci\u00f3n permanente con el sector; deseamos transmitirles que estaremos siempre dispuestos a recibirles sus propuestas, escuchar sus preocupaciones, y construir en consenso las soluciones\u201d. Y agreg\u00f3 que en ese sentido, ser\u00e1 fundamental mantener un di\u00e1logo permanente, y construir una agenda que nos permita trabajar para mejorar las condiciones de los transportadores, en particular en lo que hace a la seguridad social, de los empresarios y de los ciudadanos, garantizando acciones para fortalecer la seguridad vial y reducir la siniestralidad, solucionar los problemas que presentan nuestras v\u00edas, entre ellos el tema de los peajes, entre otros. Pero en especial, insisti\u00f3 el Ministro Reyes Gonz\u00e1lez que los transportadores deben convertirse en los vigilantes de nuestras concesiones, para garantizar las mejores condiciones en las v\u00edas; para que de lo establecido en los contratos de concesi\u00f3n en cuanto al mantenimiento de la infraestructura vial, las tarifas de los peajes, entre otros, se cumplan, para lo cual los invit\u00f3 a que nos mantengan informados sobre el estado de aquellas. Estableceremos una l\u00ednea de atenci\u00f3n 24 X 7 para que podamos adoptar medidas inmediatas, lo que incluir\u00e1 acciones para garantizar que cuando los oficiales de tr\u00e1nsito de la DITRA adopten medidas sancionatorias, que impliquen retenci\u00f3n de los veh\u00edculos, se verifique el debido proceso y resoluci\u00f3n de las inmediata de la misma para evitar perjuicios a los transportadores y empresarios.<\/p>\n\n\n\n<p>Durante su intervenci\u00f3n, el jefe de la cartera tambi\u00e9n indic\u00f3 que para el Presidente Gustavo Petro es fundamental el desarrollo de la infraestructura de transporte del pa\u00eds en todos sus modos \u2013fluvial, a\u00e9reo, ferroviario y carretero-, lo cual ayudar\u00e1 a generar mayores oportunidades para el transporte de carga, el turismo, el agro o el comercio, entre otros sectores de la econom\u00eda. \u201cPor estas v\u00edas llevaremos desarrollo a las regiones que m\u00e1s lo necesitan y podremos mejorar las condiciones de vida de todos los colombianos\u201d, resalt\u00f3 el alto funcionario.<\/p>\n\n\n\n<p>Como resultado de haber escuchado las peticiones de los transportadores de carga, estando atentos a sus necesidades e inquietudes, el Ministerio de Transporte sigue trabajando para publicar esta semana en su p\u00e1gina web una resoluci\u00f3n abierta a comentarios de todo el Sector. Esta Resoluci\u00f3n recoge tres grandes peticiones de los transportadores:<\/p>\n\n\n\n<ul class=\"wp-block-list\"><li>Ahora ser\u00e1 permanente que todos los transportadores puedan acceder al programa de modernizaci\u00f3n del Parque Automotor de Carga.<\/li><li>Resoluci\u00f3n por medio de la cual se autorice el cambio de postulaci\u00f3n despu\u00e9s de la desintegraci\u00f3n del veh\u00edculo.<\/li><li>Validaci\u00f3n de los antecedentes de veh\u00edculos.<\/li><\/ul>\n\n\n\n<p>Otro de los temas cruciales para este Gobierno es el de la seguridad vial. En este punto, el objetivo es fortalecer los programas de este tipo en todo el territorio nacional, para evitar que se pierdan vidas en las carreteras del pa\u00eds. Ser\u00e1 una labor en la que se involucrar\u00e1 a todos los actores, en especial a los transportadores de carga, a quienes se les pedir\u00e1 su acompa\u00f1amiento en este proyecto.<\/p>\n\n\n\n<p>Cabe mencionar que entre enero y julio de 2022, se han presentado 775 v\u00edctimas fatales en siniestros viales de veh\u00edculos que chocaron contra veh\u00edculos de transporte de carga. Esto representa el 17% de las v\u00edctimas que se han presentado en el pa\u00eds en ese periodo. Entre las causas m\u00e1s comunes asociadas con la siniestralidad vial en el transporte de carga est\u00e1 el irrespeto de los l\u00edmites de velocidad, no acatar las se\u00f1ales de tr\u00e1nsito, los microsue\u00f1os, conducir bajo los efectos del alcohol y un manejo inadecuado de los frenos.<\/p>\n\n\n\n<p>\u201cPara trabajar en este tema, necesitamos la participaci\u00f3n de todos los transportadores de carga, pues en el Gobierno de la Vida, el compromiso de todos debe ser proteger a las personas en las v\u00edas. La invitaci\u00f3n entonces es a que el sector de transporte de carga se convierta en un aliado para cuidar la vida en las v\u00edas\u201d, agreg\u00f3 el ministro Reyes Gonz\u00e1lez.<\/p>\n\n\n\n<p>Con el fin de fortalecer la seguridad vial de los transportadores de carga y prevenir la ocurrencia de siniestros viales, se defini\u00f3 una estrategia compuesta por jornadas y acciones pedag\u00f3gicas. De otro lado, los mi\u00e9rcoles y jueves la Agencia adelanta jornadas de trabajo y masificaci\u00f3n del Plan Estrat\u00e9gico de Seguridad Vial para empresas, gremios y generadores de carga; adem\u00e1s, la Agencia desarrolla, en articulaci\u00f3n con el SENA, un piloto para la formaci\u00f3n en habilidades para la conducci\u00f3n de transporte pesado, buscando fortalecer los conocimientos de los actores del sector.<\/p>\n\n\n\n<p>El Ministro destac\u00f3 que la prioridad del presidente Petro es dinamizar el transporte para una econom\u00eda productiva, aprovechando el enorme potencial para la intermodalidad y el cambio de la matriz energ\u00e9tica, buscando una operaci\u00f3n m\u00e1s eficiente, rentable y sostenible.<\/p>\n\n\n\n<p>\u201cLejos de pretender sustituir el transporte por carretera, utilizar los modos f\u00e9rreo y fluvial en el pa\u00eds complementar\u00e1 y fortalecer\u00e1 al sector. Llevar las mercanc\u00edas a los nodos de intercambio modal requerir\u00e1 viajes cortos y frecuentes, reduciendo as\u00ed la huella de carbono del sector, sin que esto signifique reducir los ingresos de las empresas de transporte y los conductores de los veh\u00edculos\u201d, explic\u00f3 el titular del Ministerio de Transporte.<\/p>\n\n\n\n<p>El Gobierno tambi\u00e9n busca fomentar el desarrollo de plataformas log\u00edsticas especializadas e intermodales (f\u00e9rreo \u2013 carretero &#8211; fluvial) que reduzcan los tiempos y costos log\u00edsticos. As\u00ed, se mejorar\u00e1n los indicadores de competitividad del pa\u00eds, facilitando el comercio y eliminando barreras de acceso a mercados internacionales para los productos del campo y la industria nacional. Vale mencionar que el impulso a los modos f\u00e9rreo y fluvial est\u00e1 en marcha con la formulaci\u00f3n de Planes Maestros para cada modo.<\/p>\n\n\n\n<p>Por \u00faltimo, la construcci\u00f3n de nuevas v\u00edas terciarias, y el mantenimiento a las ya existentes, ser\u00e1 una prioridad para soportar todo el sistema agroalimentario para el mercado interno y la promoci\u00f3n de exportaciones, potenciando el desarrollo del campo colombiano.<\/p>\n\n\n\n<p>Concluy\u00f3 el Ministro Guillermo Francisco Reyes invitando a los transportadores de carga a mantener un di\u00e1logo flu\u00eddo, permanente y constructivo, y a que, antes de terminar este 6\u00ba Encuentro, podamos entre las partes construir unos consensos que fortalezcan el di\u00e1logo inclusivo, basado en la concertaci\u00f3n, y fijar una agenda de trabajo a desarrollar en este gobierno del cambio.<\/p>\n\n\n\n<p><\/p>\n\n\n\n<p>Fuente: <a href=\"https:\/\/www.mintransporte.gov.co\/publicaciones\/11104\/ministro-de-transporte-participo-en-encuentro-de-transportadores-de-carga-y-anuncio-incentivos-para-el-acceso-al-programa-de-modernizacion-del-parque-automotor\/\" target=\"_blank\" rel=\"noreferrer noopener\">https:\/\/www.mintransporte.gov.co\/publicaciones\/11104\/ministro-de-transporte-participo-en-encuentro-de-transportadores-de-carga-y-anuncio-incentivos-para-el-acceso-al-programa-de-modernizacion-del-parque-automotor\/<\/a><\/p>\n","protected":false},"excerpt":{"rendered":"<p>El&nbsp;ministro&nbsp;Guillermo&nbsp;Francisco&nbsp;Reyes Gonz\u00e1lez indic\u00f3 que el Gobierno trabajar\u00e1 para mejorar la log\u00edstica del transporte de carga como una forma de robustecer la reactivaci\u00f3n econ\u00f3mica de la Naci\u00f3n. Adem\u00e1s, el titular de&hellip; <\/p>\n","protected":false},"author":4,"featured_media":6072,"comment_status":"closed","ping_status":"open","sticky":false,"template":"","format":"standard","meta":{"_monsterinsights_skip_tracking":false,"_monsterinsights_sitenote_active":false,"_monsterinsights_sitenote_note":"","_monsterinsights_sitenote_category":0,"footnotes":""},"categories":[19],"tags":[],"class_list":["post-6070","post","type-post","status-publish","format-standard","has-post-thumbnail","hentry","category-operaciones"],"yoast_head":"<!-- This site is optimized with the Yoast SEO plugin v16.1.1 - https:\/\/yoast.com\/wordpress\/plugins\/seo\/ -->\n<title>Incentivos para el acceso al programa de modernizaci\u00f3n del parque automotor de carga - Noticias Sunrise Cargo<\/title>\n<link rel=\"canonical\" href=\"https:\/\/noticias.sunrisecargo.com\/?p=6070\" \/>\n<meta property=\"og:locale\" content=\"es_ES\" \/>\n<meta property=\"og:type\" content=\"article\" \/>\n<meta property=\"og:title\" content=\"Incentivos para el acceso al programa de modernizaci\u00f3n del parque automotor de carga - Noticias Sunrise Cargo\" \/>\n<meta property=\"og:description\" content=\"El&nbsp;ministro&nbsp;Guillermo&nbsp;Francisco&nbsp;Reyes Gonz\u00e1lez indic\u00f3 que el Gobierno trabajar\u00e1 para mejorar la log\u00edstica del transporte de carga como una forma de robustecer la reactivaci\u00f3n econ\u00f3mica de la Naci\u00f3n. Adem\u00e1s, el titular de&hellip;\" \/>\n<meta property=\"og:url\" content=\"https:\/\/noticias.sunrisecargo.com\/?p=6070\" \/>\n<meta property=\"og:site_name\" content=\"Noticias Sunrise Cargo\" \/>\n<meta property=\"article:published_time\" content=\"2022-09-12T13:00:00+00:00\" \/>\n<meta property=\"article:modified_time\" content=\"2022-09-12T14:42:37+00:00\" \/>\n<meta property=\"og:image\" content=\"https:\/\/noticias.sunrisecargo.com\/wp-content\/uploads\/2022\/09\/op2-1.jpg\" \/>\n\t<meta property=\"og:image:width\" content=\"800\" \/>\n\t<meta property=\"og:image:height\" content=\"480\" \/>\n<meta name=\"twitter:card\" content=\"summary_large_image\" \/>\n<meta name=\"twitter:label1\" content=\"Est. reading time\">\n\t<meta name=\"twitter:data1\" content=\"7 minutos\">\n<script type=\"application\/ld+json\" class=\"yoast-schema-graph\">{\"@context\":\"https:\/\/schema.org\",\"@graph\":[{\"@type\":\"Organization\",\"@id\":\"https:\/\/noticias.sunrisecargo.com\/#organization\",\"name\":\"Sunrise Cargo SAS\",\"url\":\"https:\/\/noticias.sunrisecargo.com\/\",\"sameAs\":[],\"logo\":{\"@type\":\"ImageObject\",\"@id\":\"https:\/\/noticias.sunrisecargo.com\/#logo\",\"inLanguage\":\"es-CO\",\"url\":\"https:\/\/noticias.sunrisecargo.com\/wp-content\/uploads\/2021\/04\/ICONO-NOTI-SUNRISE.png\",\"contentUrl\":\"https:\/\/noticias.sunrisecargo.com\/wp-content\/uploads\/2021\/04\/ICONO-NOTI-SUNRISE.png\",\"width\":37,\"height\":37,\"caption\":\"Sunrise Cargo SAS\"},\"image\":{\"@id\":\"https:\/\/noticias.sunrisecargo.com\/#logo\"}},{\"@type\":\"WebSite\",\"@id\":\"https:\/\/noticias.sunrisecargo.com\/#website\",\"url\":\"https:\/\/noticias.sunrisecargo.com\/\",\"name\":\"Noticias Sunrise Cargo\",\"description\":\"Noticias de Inter\\u00e9s\",\"publisher\":{\"@id\":\"https:\/\/noticias.sunrisecargo.com\/#organization\"},\"potentialAction\":[{\"@type\":\"SearchAction\",\"target\":\"https:\/\/noticias.sunrisecargo.com\/?s={search_term_string}\",\"query-input\":\"required name=search_term_string\"}],\"inLanguage\":\"es-CO\"},{\"@type\":\"ImageObject\",\"@id\":\"https:\/\/noticias.sunrisecargo.com\/?p=6070#primaryimage\",\"inLanguage\":\"es-CO\",\"url\":\"https:\/\/noticias.sunrisecargo.com\/wp-content\/uploads\/2022\/09\/op2-1.jpg\",\"contentUrl\":\"https:\/\/noticias.sunrisecargo.com\/wp-content\/uploads\/2022\/09\/op2-1.jpg\",\"width\":800,\"height\":480},{\"@type\":\"WebPage\",\"@id\":\"https:\/\/noticias.sunrisecargo.com\/?p=6070#webpage\",\"url\":\"https:\/\/noticias.sunrisecargo.com\/?p=6070\",\"name\":\"Incentivos para el acceso al programa de modernizaci\\u00f3n del parque automotor de carga - Noticias Sunrise Cargo\",\"isPartOf\":{\"@id\":\"https:\/\/noticias.sunrisecargo.com\/#website\"},\"primaryImageOfPage\":{\"@id\":\"https:\/\/noticias.sunrisecargo.com\/?p=6070#primaryimage\"},\"datePublished\":\"2022-09-12T13:00:00+00:00\",\"dateModified\":\"2022-09-12T14:42:37+00:00\",\"breadcrumb\":{\"@id\":\"https:\/\/noticias.sunrisecargo.com\/?p=6070#breadcrumb\"},\"inLanguage\":\"es-CO\",\"potentialAction\":[{\"@type\":\"ReadAction\",\"target\":[\"https:\/\/noticias.sunrisecargo.com\/?p=6070\"]}]},{\"@type\":\"BreadcrumbList\",\"@id\":\"https:\/\/noticias.sunrisecargo.com\/?p=6070#breadcrumb\",\"itemListElement\":[{\"@type\":\"ListItem\",\"position\":1,\"item\":{\"@type\":\"WebPage\",\"@id\":\"https:\/\/noticias.sunrisecargo.com\/\",\"url\":\"https:\/\/noticias.sunrisecargo.com\/\",\"name\":\"Home\"}},{\"@type\":\"ListItem\",\"position\":2,\"item\":{\"@type\":\"WebPage\",\"@id\":\"https:\/\/noticias.sunrisecargo.com\/?p=6070\",\"url\":\"https:\/\/noticias.sunrisecargo.com\/?p=6070\",\"name\":\"Incentivos para el acceso al programa de modernizaci\\u00f3n del parque automotor de carga\"}}]},{\"@type\":\"Article\",\"@id\":\"https:\/\/noticias.sunrisecargo.com\/?p=6070#article\",\"isPartOf\":{\"@id\":\"https:\/\/noticias.sunrisecargo.com\/?p=6070#webpage\"},\"author\":{\"@id\":\"https:\/\/noticias.sunrisecargo.com\/#\/schema\/person\/6dc68534970689383af81dce59c92bbc\"},\"headline\":\"Incentivos para el acceso al programa de modernizaci\\u00f3n del parque automotor de carga\",\"datePublished\":\"2022-09-12T13:00:00+00:00\",\"dateModified\":\"2022-09-12T14:42:37+00:00\",\"mainEntityOfPage\":{\"@id\":\"https:\/\/noticias.sunrisecargo.com\/?p=6070#webpage\"},\"publisher\":{\"@id\":\"https:\/\/noticias.sunrisecargo.com\/#organization\"},\"image\":{\"@id\":\"https:\/\/noticias.sunrisecargo.com\/?p=6070#primaryimage\"},\"articleSection\":\"Operaciones\",\"inLanguage\":\"es-CO\"},{\"@type\":\"Person\",\"@id\":\"https:\/\/noticias.sunrisecargo.com\/#\/schema\/person\/6dc68534970689383af81dce59c92bbc\",\"name\":\"Sunrise Cargo\",\"image\":{\"@type\":\"ImageObject\",\"@id\":\"https:\/\/noticias.sunrisecargo.com\/#personlogo\",\"inLanguage\":\"es-CO\",\"url\":\"https:\/\/secure.gravatar.com\/avatar\/064fc68894aee252e3d51c81d7d0798bc56bf526018995fa222e730d9052fdd8?s=96&d=mm&r=g\",\"contentUrl\":\"https:\/\/secure.gravatar.com\/avatar\/064fc68894aee252e3d51c81d7d0798bc56bf526018995fa222e730d9052fdd8?s=96&d=mm&r=g\",\"caption\":\"Sunrise Cargo\"},\"sameAs\":[\"http:\/\/noticias.sunrisecargo.com\"]}]}<\/script>\n<!-- \/ Yoast SEO plugin. -->","_links":{"self":[{"href":"https:\/\/noticias.sunrisecargo.com\/index.php?rest_route=\/wp\/v2\/posts\/6070","targetHints":{"allow":["GET"]}}],"collection":[{"href":"https:\/\/noticias.sunrisecargo.com\/index.php?rest_route=\/wp\/v2\/posts"}],"about":[{"href":"https:\/\/noticias.sunrisecargo.com\/index.php?rest_route=\/wp\/v2\/types\/post"}],"author":[{"embeddable":true,"href":"https:\/\/noticias.sunrisecargo.com\/index.php?rest_route=\/wp\/v2\/users\/4"}],"replies":[{"embeddable":true,"href":"https:\/\/noticias.sunrisecargo.com\/index.php?rest_route=%2Fwp%2Fv2%2Fcomments&post=6070"}],"version-history":[{"count":3,"href":"https:\/\/noticias.sunrisecargo.com\/index.php?rest_route=\/wp\/v2\/posts\/6070\/revisions"}],"predecessor-version":[{"id":6109,"href":"https:\/\/noticias.sunrisecargo.com\/index.php?rest_route=\/wp\/v2\/posts\/6070\/revisions\/6109"}],"wp:featuredmedia":[{"embeddable":true,"href":"https:\/\/noticias.sunrisecargo.com\/index.php?rest_route=\/wp\/v2\/media\/6072"}],"wp:attachment":[{"href":"https:\/\/noticias.sunrisecargo.com\/index.php?rest_route=%2Fwp%2Fv2%2Fmedia&parent=6070"}],"wp:term":[{"taxonomy":"category","embeddable":true,"href":"https:\/\/noticias.sunrisecargo.com\/index.php?rest_route=%2Fwp%2Fv2%2Fcategories&post=6070"},{"taxonomy":"post_tag","embeddable":true,"href":"https:\/\/noticias.sunrisecargo.com\/index.php?rest_route=%2Fwp%2Fv2%2Ftags&post=6070"}],"curies":[{"name":"wp","href":"https:\/\/api.w.org\/{rel}","templated":true}]}}