{"id":6042,"date":"2022-09-05T08:51:51","date_gmt":"2022-09-05T13:51:51","guid":{"rendered":"https:\/\/noticias.sunrisecargo.com\/?p=6042"},"modified":"2022-09-05T08:51:53","modified_gmt":"2022-09-05T13:51:53","slug":"boletin-septiembre-5-2022","status":"publish","type":"post","link":"https:\/\/noticias.sunrisecargo.com\/?p=6042","title":{"rendered":"Bolet\u00edn Septiembre 5 2022"},"content":{"rendered":"\n<figure class=\"wp-block-image size-large\"><img loading=\"lazy\" decoding=\"async\" width=\"1024\" height=\"534\" src=\"https:\/\/noticias.sunrisecargo.com\/wp-content\/uploads\/2022\/09\/36-1024x534.jpg\" alt=\"\" class=\"wp-image-6043\" srcset=\"https:\/\/noticias.sunrisecargo.com\/wp-content\/uploads\/2022\/09\/36-1024x534.jpg 1024w, https:\/\/noticias.sunrisecargo.com\/wp-content\/uploads\/2022\/09\/36-300x156.jpg 300w, https:\/\/noticias.sunrisecargo.com\/wp-content\/uploads\/2022\/09\/36-768x400.jpg 768w, https:\/\/noticias.sunrisecargo.com\/wp-content\/uploads\/2022\/09\/36.jpg 1366w\" sizes=\"auto, (max-width: 1024px) 100vw, 1024px\" \/><\/figure>\n\n\n\n<div class=\"wp-block-columns is-layout-flex wp-container-core-columns-is-layout-9d6595d7 wp-block-columns-is-layout-flex\">\n<div class=\"wp-block-column is-layout-flow wp-block-column-is-layout-flow\">\n<figure class=\"wp-block-image size-full\"><img loading=\"lazy\" decoding=\"async\" width=\"535\" height=\"299\" src=\"https:\/\/noticias.sunrisecargo.com\/wp-content\/uploads\/2022\/09\/01.png\" alt=\"\" class=\"wp-image-6048\" srcset=\"https:\/\/noticias.sunrisecargo.com\/wp-content\/uploads\/2022\/09\/01.png 535w, https:\/\/noticias.sunrisecargo.com\/wp-content\/uploads\/2022\/09\/01-300x168.png 300w\" sizes=\"auto, (max-width: 535px) 100vw, 535px\" \/><\/figure>\n<\/div>\n\n\n\n<div class=\"wp-block-column is-layout-flow wp-block-column-is-layout-flow\">\n<p class=\"ver m\u00e1s\"><strong>Congesti\u00f3n de buques en los puertos de Los \u00c1ngeles y de Long Beach se reduce a su m\u00ednima expresi\u00f3n<\/strong><\/p>\n\n\n\n<p class=\"ver m\u00e1s\">Sin embargo, la Costa Este de EE.UU. y la del Golfo enfrentan largas colas de portacontenedores.<\/p>\n\n\n\n<div class=\"wp-block-buttons is-layout-flex wp-block-buttons-is-layout-flex\">\n<div class=\"wp-block-button\"><a class=\"wp-block-button__link has-white-color has-luminous-vivid-amber-background-color has-text-color has-background\" href=\"https:\/\/noticias.sunrisecargo.com\/?p=6020\" target=\"_blank\" rel=\"noreferrer noopener\"><strong>Ver m\u00e1s<\/strong><\/a><\/div>\n<\/div>\n<\/div>\n<\/div>\n\n\n\n<hr class=\"wp-block-separator has-alpha-channel-opacity\"\/>\n\n\n\n<div class=\"wp-block-columns is-layout-flex wp-container-core-columns-is-layout-9d6595d7 wp-block-columns-is-layout-flex\">\n<div class=\"wp-block-column is-layout-flow wp-block-column-is-layout-flow\">\n<figure class=\"wp-block-image size-full\"><img loading=\"lazy\" decoding=\"async\" width=\"535\" height=\"299\" src=\"https:\/\/noticias.sunrisecargo.com\/wp-content\/uploads\/2022\/09\/02.png\" alt=\"\" class=\"wp-image-6056\" srcset=\"https:\/\/noticias.sunrisecargo.com\/wp-content\/uploads\/2022\/09\/02.png 535w, https:\/\/noticias.sunrisecargo.com\/wp-content\/uploads\/2022\/09\/02-300x168.png 300w\" sizes=\"auto, (max-width: 535px) 100vw, 535px\" \/><\/figure>\n<\/div>\n\n\n\n<div class=\"wp-block-column is-layout-flow wp-block-column-is-layout-flow\">\n<p class=\"ver m\u00e1s\"><strong>Puerto de Barranquilla: Empresas suspenden operaciones ante reiteradas dificultades de navegabilidad<\/strong><\/p>\n\n\n\n<p class=\"ver m\u00e1s\">En cambio, han comenzado a movilizar su carga de manera permanente por los puertos de Cartagena y Santa Marta.<\/p>\n\n\n\n<div class=\"wp-block-buttons is-layout-flex wp-block-buttons-is-layout-flex\">\n<div class=\"wp-block-button\"><a class=\"wp-block-button__link has-white-color has-luminous-vivid-amber-background-color has-text-color has-background\" href=\"https:\/\/noticias.sunrisecargo.com\/?p=6021\" target=\"_blank\" rel=\"noreferrer noopener\"><strong>Ver m\u00e1s<\/strong><\/a><\/div>\n<\/div>\n<\/div>\n<\/div>\n\n\n\n<hr class=\"wp-block-separator has-alpha-channel-opacity\"\/>\n\n\n\n<div class=\"wp-block-columns is-layout-flex wp-container-core-columns-is-layout-9d6595d7 wp-block-columns-is-layout-flex\">\n<div class=\"wp-block-column is-layout-flow wp-block-column-is-layout-flow\">\n<figure class=\"wp-block-image size-full\"><img loading=\"lazy\" decoding=\"async\" width=\"535\" height=\"299\" src=\"https:\/\/noticias.sunrisecargo.com\/wp-content\/uploads\/2022\/09\/04.png\" alt=\"\" class=\"wp-image-6057\" srcset=\"https:\/\/noticias.sunrisecargo.com\/wp-content\/uploads\/2022\/09\/04.png 535w, https:\/\/noticias.sunrisecargo.com\/wp-content\/uploads\/2022\/09\/04-300x168.png 300w\" sizes=\"auto, (max-width: 535px) 100vw, 535px\" \/><\/figure>\n<\/div>\n\n\n\n<div class=\"wp-block-column is-layout-flow wp-block-column-is-layout-flow\">\n<p class=\"ver m\u00e1s\"><strong>Hasta agosto, las ventas de veh\u00edculos crec\u00edan al 10,4%<\/strong><\/p>\n\n\n\n<p class=\"ver m\u00e1s\">Cifras de la Andi y Fenalco con base en el Runt, muestran que en el octavo mes del a\u00f1o se facturaron 24.386 carros.<\/p>\n\n\n\n<div class=\"wp-block-buttons is-layout-flex wp-block-buttons-is-layout-flex\">\n<div class=\"wp-block-button\"><a class=\"wp-block-button__link has-white-color has-luminous-vivid-amber-background-color has-text-color has-background\" href=\"https:\/\/noticias.sunrisecargo.com\/?p=6034\" target=\"_blank\" rel=\"noreferrer noopener\"><strong>Ver m\u00e1s<\/strong><\/a><\/div>\n<\/div>\n<\/div>\n<\/div>\n\n\n\n<hr class=\"wp-block-separator has-alpha-channel-opacity\"\/>\n\n\n\n<div class=\"wp-block-columns is-layout-flex wp-container-core-columns-is-layout-9d6595d7 wp-block-columns-is-layout-flex\">\n<div class=\"wp-block-column is-layout-flow wp-block-column-is-layout-flow\">\n<figure class=\"wp-block-image size-full\"><img loading=\"lazy\" decoding=\"async\" width=\"535\" height=\"299\" src=\"https:\/\/noticias.sunrisecargo.com\/wp-content\/uploads\/2022\/09\/03.png\" alt=\"\" class=\"wp-image-6058\" srcset=\"https:\/\/noticias.sunrisecargo.com\/wp-content\/uploads\/2022\/09\/03.png 535w, https:\/\/noticias.sunrisecargo.com\/wp-content\/uploads\/2022\/09\/03-300x168.png 300w\" sizes=\"auto, (max-width: 535px) 100vw, 535px\" \/><\/figure>\n<\/div>\n\n\n\n<div class=\"wp-block-column is-layout-flow wp-block-column-is-layout-flow\">\n<p class=\"ver m\u00e1s\"><strong>Buques multiprop\u00f3sito o de carga general desplegados en servicios de l\u00ednea no resolvieron la escasez de capacidad<\/strong><\/p>\n\n\n\n<p class=\"ver m\u00e1s\">Adem\u00e1s, se espera que el papel que desempe\u00f1an en estos itinerarios disminuya pronto.<\/p>\n\n\n\n<div class=\"wp-block-buttons is-layout-flex wp-block-buttons-is-layout-flex\">\n<div class=\"wp-block-button\"><a class=\"wp-block-button__link has-white-color has-luminous-vivid-amber-background-color has-text-color has-background\" href=\"https:\/\/noticias.sunrisecargo.com\/?p=6022\" target=\"_blank\" rel=\"noreferrer noopener\"><strong>Ver m\u00e1s<\/strong><\/a><\/div>\n<\/div>\n\n\n\n<p><a href=\"https:\/\/www.mundomaritimo.cl\/noticias\/friend\/45640\"><\/a><\/p>\n<\/div>\n<\/div>\n\n\n\n<hr class=\"wp-block-separator has-alpha-channel-opacity\"\/>\n\n\n\n<div class=\"wp-block-columns is-layout-flex wp-container-core-columns-is-layout-9d6595d7 wp-block-columns-is-layout-flex\">\n<div class=\"wp-block-column is-layout-flow wp-block-column-is-layout-flow\">\n<figure class=\"wp-block-image size-full\"><img loading=\"lazy\" decoding=\"async\" width=\"535\" height=\"299\" src=\"https:\/\/noticias.sunrisecargo.com\/wp-content\/uploads\/2022\/09\/06.png\" alt=\"\" class=\"wp-image-6060\" srcset=\"https:\/\/noticias.sunrisecargo.com\/wp-content\/uploads\/2022\/09\/06.png 535w, https:\/\/noticias.sunrisecargo.com\/wp-content\/uploads\/2022\/09\/06-300x168.png 300w\" sizes=\"auto, (max-width: 535px) 100vw, 535px\" \/><\/figure>\n<\/div>\n\n\n\n<div class=\"wp-block-column is-layout-flow wp-block-column-is-layout-flow\">\n<p class=\"ver m\u00e1s\"><strong>Exportaciones colombianas a julio, las m\u00e1s altas desde 2012<\/strong><\/p>\n\n\n\n<p class=\"ver m\u00e1s\" id=\"p570522-m190-1-191\">Entre los a\u00f1os 2021 y 2022 las ventas externas crecieron 59,8%.<\/p>\n\n\n\n<div class=\"wp-block-buttons is-layout-flex wp-block-buttons-is-layout-flex\">\n<div class=\"wp-block-button\"><a class=\"wp-block-button__link has-white-color has-luminous-vivid-amber-background-color has-text-color has-background\" href=\"https:\/\/noticias.sunrisecargo.com\/?p=6044\" target=\"_blank\" rel=\"noreferrer noopener\"><strong>Ver m\u00e1s<\/strong><\/a><\/div>\n<\/div>\n<\/div>\n<\/div>\n\n\n\n<hr class=\"wp-block-separator has-alpha-channel-opacity\"\/>\n\n\n\n<div class=\"wp-block-columns is-layout-flex wp-container-core-columns-is-layout-9d6595d7 wp-block-columns-is-layout-flex\">\n<div class=\"wp-block-column is-layout-flow wp-block-column-is-layout-flow\">\n<figure class=\"wp-block-image size-full\"><img loading=\"lazy\" decoding=\"async\" width=\"535\" height=\"299\" src=\"https:\/\/noticias.sunrisecargo.com\/wp-content\/uploads\/2022\/09\/05.png\" alt=\"\" class=\"wp-image-6059\" srcset=\"https:\/\/noticias.sunrisecargo.com\/wp-content\/uploads\/2022\/09\/05.png 535w, https:\/\/noticias.sunrisecargo.com\/wp-content\/uploads\/2022\/09\/05-300x168.png 300w\" sizes=\"auto, (max-width: 535px) 100vw, 535px\" \/><\/figure>\n<\/div>\n\n\n\n<div class=\"wp-block-column is-layout-flow wp-block-column-is-layout-flow\">\n<p class=\"ver m\u00e1s\"><strong>Las bolsas europeas arrancan septiembre con fuertes ca\u00eddas<\/strong><\/p>\n\n\n\n<p class=\"ver m\u00e1s\">Los mercados europeos empezaron el mes con pesimismo, con el temor a unas agresivas subidas de tasas y a la inflaci\u00f3n r\u00e9cord en la eurozona.<\/p>\n\n\n\n<div class=\"wp-block-buttons is-layout-flex wp-block-buttons-is-layout-flex\">\n<div class=\"wp-block-button\"><a class=\"wp-block-button__link has-white-color has-luminous-vivid-amber-background-color has-text-color has-background\" href=\"https:\/\/noticias.sunrisecargo.com\/?p=6033\" target=\"_blank\" rel=\"noreferrer noopener\"><strong>Ver m\u00e1s<\/strong><\/a><\/div>\n<\/div>\n<\/div>\n<\/div>\n\n\n\n<hr class=\"wp-block-separator has-alpha-channel-opacity\"\/>\n\n\n\n<div class=\"wp-block-columns is-layout-flex wp-container-core-columns-is-layout-9d6595d7 wp-block-columns-is-layout-flex\">\n<div class=\"wp-block-column is-layout-flow wp-block-column-is-layout-flow\">\n<figure class=\"wp-block-image size-full\"><img loading=\"lazy\" decoding=\"async\" width=\"535\" height=\"299\" src=\"https:\/\/noticias.sunrisecargo.com\/wp-content\/uploads\/2022\/09\/08.png\" alt=\"\" class=\"wp-image-6061\" srcset=\"https:\/\/noticias.sunrisecargo.com\/wp-content\/uploads\/2022\/09\/08.png 535w, https:\/\/noticias.sunrisecargo.com\/wp-content\/uploads\/2022\/09\/08-300x168.png 300w\" sizes=\"auto, (max-width: 535px) 100vw, 535px\" \/><\/figure>\n<\/div>\n\n\n\n<div class=\"wp-block-column is-layout-flow wp-block-column-is-layout-flow\">\n<p class=\"ver m\u00e1s\"><strong>El segundo Boeing 737 carguero de GOL\/Mercado Livre ya vuela en China<\/strong><\/p>\n\n\n\n<p class=\"ver m\u00e1s\">\u00a0Los datos de la plataforma Radarbox muestran que el avi\u00f3n realiz\u00f3 un vuelo en la regi\u00f3n de Shanghai el 1 de septiembre.<\/p>\n\n\n\n<div class=\"wp-block-buttons is-layout-flex wp-block-buttons-is-layout-flex\">\n<div class=\"wp-block-button\"><a class=\"wp-block-button__link has-white-color has-luminous-vivid-amber-background-color has-text-color has-background\" href=\"https:\/\/noticias.sunrisecargo.com\/?p=6051\" target=\"_blank\" rel=\"noreferrer noopener\"><strong>Ver m\u00e1s<\/strong><\/a><\/div>\n<\/div>\n<\/div>\n<\/div>\n","protected":false},"excerpt":{"rendered":"<p>Congesti\u00f3n de buques en los puertos de Los \u00c1ngeles y de Long Beach se reduce a su m\u00ednima expresi\u00f3n Sin embargo, la Costa Este de EE.UU. y la del Golfo&hellip; <\/p>\n","protected":false},"author":4,"featured_media":6062,"comment_status":"closed","ping_status":"open","sticky":false,"template":"","format":"standard","meta":{"_monsterinsights_skip_tracking":false,"_monsterinsights_sitenote_active":false,"_monsterinsights_sitenote_note":"","_monsterinsights_sitenote_category":0,"footnotes":""},"categories":[50],"tags":[],"class_list":["post-6042","post","type-post","status-publish","format-standard","has-post-thumbnail","hentry","category-boletin-noticias"],"yoast_head":"<!-- This site is optimized with the Yoast SEO plugin v16.1.1 - https:\/\/yoast.com\/wordpress\/plugins\/seo\/ -->\n<title>Bolet\u00edn Septiembre 5 2022 - Noticias Sunrise Cargo<\/title>\n<link rel=\"canonical\" href=\"https:\/\/noticias.sunrisecargo.com\/?p=6042\" \/>\n<meta property=\"og:locale\" content=\"es_ES\" \/>\n<meta property=\"og:type\" content=\"article\" \/>\n<meta property=\"og:title\" content=\"Bolet\u00edn Septiembre 5 2022 - Noticias Sunrise Cargo\" \/>\n<meta property=\"og:description\" content=\"Congesti\u00f3n de buques en los puertos de Los \u00c1ngeles y de Long Beach se reduce a su m\u00ednima expresi\u00f3n Sin embargo, la Costa Este de EE.UU. y la del Golfo&hellip;\" \/>\n<meta property=\"og:url\" content=\"https:\/\/noticias.sunrisecargo.com\/?p=6042\" \/>\n<meta property=\"og:site_name\" content=\"Noticias Sunrise Cargo\" \/>\n<meta property=\"article:published_time\" content=\"2022-09-05T13:51:51+00:00\" \/>\n<meta property=\"article:modified_time\" content=\"2022-09-05T13:51:53+00:00\" \/>\n<meta property=\"og:image\" content=\"https:\/\/noticias.sunrisecargo.com\/wp-content\/uploads\/2022\/09\/Montaje-Noti-Sunrise.png\" \/>\n\t<meta property=\"og:image:width\" content=\"800\" \/>\n\t<meta property=\"og:image:height\" content=\"480\" \/>\n<meta name=\"twitter:card\" content=\"summary_large_image\" \/>\n<meta name=\"twitter:label1\" content=\"Est. reading time\">\n\t<meta name=\"twitter:data1\" content=\"3 minutos\">\n<script type=\"application\/ld+json\" class=\"yoast-schema-graph\">{\"@context\":\"https:\/\/schema.org\",\"@graph\":[{\"@type\":\"Organization\",\"@id\":\"https:\/\/noticias.sunrisecargo.com\/#organization\",\"name\":\"Sunrise Cargo SAS\",\"url\":\"https:\/\/noticias.sunrisecargo.com\/\",\"sameAs\":[],\"logo\":{\"@type\":\"ImageObject\",\"@id\":\"https:\/\/noticias.sunrisecargo.com\/#logo\",\"inLanguage\":\"es-CO\",\"url\":\"https:\/\/noticias.sunrisecargo.com\/wp-content\/uploads\/2021\/04\/ICONO-NOTI-SUNRISE.png\",\"contentUrl\":\"https:\/\/noticias.sunrisecargo.com\/wp-content\/uploads\/2021\/04\/ICONO-NOTI-SUNRISE.png\",\"width\":37,\"height\":37,\"caption\":\"Sunrise Cargo SAS\"},\"image\":{\"@id\":\"https:\/\/noticias.sunrisecargo.com\/#logo\"}},{\"@type\":\"WebSite\",\"@id\":\"https:\/\/noticias.sunrisecargo.com\/#website\",\"url\":\"https:\/\/noticias.sunrisecargo.com\/\",\"name\":\"Noticias Sunrise Cargo\",\"description\":\"Noticias de Inter\\u00e9s\",\"publisher\":{\"@id\":\"https:\/\/noticias.sunrisecargo.com\/#organization\"},\"potentialAction\":[{\"@type\":\"SearchAction\",\"target\":\"https:\/\/noticias.sunrisecargo.com\/?s={search_term_string}\",\"query-input\":\"required name=search_term_string\"}],\"inLanguage\":\"es-CO\"},{\"@type\":\"ImageObject\",\"@id\":\"https:\/\/noticias.sunrisecargo.com\/?p=6042#primaryimage\",\"inLanguage\":\"es-CO\",\"url\":\"https:\/\/noticias.sunrisecargo.com\/wp-content\/uploads\/2022\/09\/Montaje-Noti-Sunrise.png\",\"contentUrl\":\"https:\/\/noticias.sunrisecargo.com\/wp-content\/uploads\/2022\/09\/Montaje-Noti-Sunrise.png\",\"width\":800,\"height\":480},{\"@type\":\"WebPage\",\"@id\":\"https:\/\/noticias.sunrisecargo.com\/?p=6042#webpage\",\"url\":\"https:\/\/noticias.sunrisecargo.com\/?p=6042\",\"name\":\"Bolet\\u00edn Septiembre 5 2022 - Noticias Sunrise Cargo\",\"isPartOf\":{\"@id\":\"https:\/\/noticias.sunrisecargo.com\/#website\"},\"primaryImageOfPage\":{\"@id\":\"https:\/\/noticias.sunrisecargo.com\/?p=6042#primaryimage\"},\"datePublished\":\"2022-09-05T13:51:51+00:00\",\"dateModified\":\"2022-09-05T13:51:53+00:00\",\"breadcrumb\":{\"@id\":\"https:\/\/noticias.sunrisecargo.com\/?p=6042#breadcrumb\"},\"inLanguage\":\"es-CO\",\"potentialAction\":[{\"@type\":\"ReadAction\",\"target\":[\"https:\/\/noticias.sunrisecargo.com\/?p=6042\"]}]},{\"@type\":\"BreadcrumbList\",\"@id\":\"https:\/\/noticias.sunrisecargo.com\/?p=6042#breadcrumb\",\"itemListElement\":[{\"@type\":\"ListItem\",\"position\":1,\"item\":{\"@type\":\"WebPage\",\"@id\":\"https:\/\/noticias.sunrisecargo.com\/\",\"url\":\"https:\/\/noticias.sunrisecargo.com\/\",\"name\":\"Home\"}},{\"@type\":\"ListItem\",\"position\":2,\"item\":{\"@type\":\"WebPage\",\"@id\":\"https:\/\/noticias.sunrisecargo.com\/?p=6042\",\"url\":\"https:\/\/noticias.sunrisecargo.com\/?p=6042\",\"name\":\"Bolet\\u00edn Septiembre 5 2022\"}}]},{\"@type\":\"Article\",\"@id\":\"https:\/\/noticias.sunrisecargo.com\/?p=6042#article\",\"isPartOf\":{\"@id\":\"https:\/\/noticias.sunrisecargo.com\/?p=6042#webpage\"},\"author\":{\"@id\":\"https:\/\/noticias.sunrisecargo.com\/#\/schema\/person\/6dc68534970689383af81dce59c92bbc\"},\"headline\":\"Bolet\\u00edn Septiembre 5 2022\",\"datePublished\":\"2022-09-05T13:51:51+00:00\",\"dateModified\":\"2022-09-05T13:51:53+00:00\",\"mainEntityOfPage\":{\"@id\":\"https:\/\/noticias.sunrisecargo.com\/?p=6042#webpage\"},\"publisher\":{\"@id\":\"https:\/\/noticias.sunrisecargo.com\/#organization\"},\"image\":{\"@id\":\"https:\/\/noticias.sunrisecargo.com\/?p=6042#primaryimage\"},\"articleSection\":\"Bolet\\u00edn Noticias\",\"inLanguage\":\"es-CO\"},{\"@type\":\"Person\",\"@id\":\"https:\/\/noticias.sunrisecargo.com\/#\/schema\/person\/6dc68534970689383af81dce59c92bbc\",\"name\":\"Sunrise Cargo\",\"image\":{\"@type\":\"ImageObject\",\"@id\":\"https:\/\/noticias.sunrisecargo.com\/#personlogo\",\"inLanguage\":\"es-CO\",\"url\":\"https:\/\/secure.gravatar.com\/avatar\/064fc68894aee252e3d51c81d7d0798bc56bf526018995fa222e730d9052fdd8?s=96&d=mm&r=g\",\"contentUrl\":\"https:\/\/secure.gravatar.com\/avatar\/064fc68894aee252e3d51c81d7d0798bc56bf526018995fa222e730d9052fdd8?s=96&d=mm&r=g\",\"caption\":\"Sunrise Cargo\"},\"sameAs\":[\"http:\/\/noticias.sunrisecargo.com\"]}]}<\/script>\n<!-- \/ Yoast SEO plugin. -->","_links":{"self":[{"href":"https:\/\/noticias.sunrisecargo.com\/index.php?rest_route=\/wp\/v2\/posts\/6042","targetHints":{"allow":["GET"]}}],"collection":[{"href":"https:\/\/noticias.sunrisecargo.com\/index.php?rest_route=\/wp\/v2\/posts"}],"about":[{"href":"https:\/\/noticias.sunrisecargo.com\/index.php?rest_route=\/wp\/v2\/types\/post"}],"author":[{"embeddable":true,"href":"https:\/\/noticias.sunrisecargo.com\/index.php?rest_route=\/wp\/v2\/users\/4"}],"replies":[{"embeddable":true,"href":"https:\/\/noticias.sunrisecargo.com\/index.php?rest_route=%2Fwp%2Fv2%2Fcomments&post=6042"}],"version-history":[{"count":2,"href":"https:\/\/noticias.sunrisecargo.com\/index.php?rest_route=\/wp\/v2\/posts\/6042\/revisions"}],"predecessor-version":[{"id":6063,"href":"https:\/\/noticias.sunrisecargo.com\/index.php?rest_route=\/wp\/v2\/posts\/6042\/revisions\/6063"}],"wp:featuredmedia":[{"embeddable":true,"href":"https:\/\/noticias.sunrisecargo.com\/index.php?rest_route=\/wp\/v2\/media\/6062"}],"wp:attachment":[{"href":"https:\/\/noticias.sunrisecargo.com\/index.php?rest_route=%2Fwp%2Fv2%2Fmedia&parent=6042"}],"wp:term":[{"taxonomy":"category","embeddable":true,"href":"https:\/\/noticias.sunrisecargo.com\/index.php?rest_route=%2Fwp%2Fv2%2Fcategories&post=6042"},{"taxonomy":"post_tag","embeddable":true,"href":"https:\/\/noticias.sunrisecargo.com\/index.php?rest_route=%2Fwp%2Fv2%2Ftags&post=6042"}],"curies":[{"name":"wp","href":"https:\/\/api.w.org\/{rel}","templated":true}]}}