{"id":6033,"date":"2022-09-05T08:00:00","date_gmt":"2022-09-05T13:00:00","guid":{"rendered":"https:\/\/noticias.sunrisecargo.com\/?p=6033"},"modified":"2022-09-04T20:21:13","modified_gmt":"2022-09-05T01:21:13","slug":"las-bolsas-europeas-arrancan-septiembre-con-fuertes-caidas","status":"publish","type":"post","link":"https:\/\/noticias.sunrisecargo.com\/?p=6033","title":{"rendered":"Las bolsas europeas arrancan septiembre con fuertes ca\u00eddas"},"content":{"rendered":"\n<figure class=\"wp-block-image size-full\"><img loading=\"lazy\" decoding=\"async\" width=\"700\" height=\"526\" src=\"https:\/\/noticias.sunrisecargo.com\/wp-content\/uploads\/2022\/09\/image-4.png\" alt=\"\" class=\"wp-image-6039\" srcset=\"https:\/\/noticias.sunrisecargo.com\/wp-content\/uploads\/2022\/09\/image-4.png 700w, https:\/\/noticias.sunrisecargo.com\/wp-content\/uploads\/2022\/09\/image-4-300x225.png 300w\" sizes=\"auto, (max-width: 700px) 100vw, 700px\" \/><\/figure>\n\n\n\n<p><em><strong>Los mercados europeos empezaron el mes con pesimismo, con el temor a unas agresivas subidas de tasas y a la inflaci\u00f3n r\u00e9cord en la eurozona.<\/strong><\/em><\/p>\n\n\n\n<p><\/p>\n\n\n\n<p>Los mercados europeos empezaron septiembre con pesimismo, con el\u00a0temor a unas agresivas subidas de tasas y a la inflaci\u00f3n r\u00e9cord en la eurozona\u00a0que arrastraron ayer al Stoxx 600 a m\u00ednimos de siete semanas.<br><br>Es as\u00ed que la principales bolsas europeas volvieron a retroceder, ya que el\u00a0regreso al confinamiento en China\u00a0pesa sobre unas perspectivas econ\u00f3micas ya empa\u00f1adas por la determinaci\u00f3n de los bancos centrales de luchar contra la inflaci\u00f3n.<br><br>Los \u00edndices burs\u00e1tiles tuvieron ayer unos importantes retrocesos, Par\u00eds baj\u00f3 1,48%, Fr\u00e1ncfort 1,60%, Londres 1,86%, Madrid 1,06% y Mil\u00e1n 1,19%.<br><br>El \u00edndice paneuropeo Stoxx 600 cay\u00f3 por quinto d\u00eda consecutivo, con un descenso del 0,8%. Todos los sectores cotizaban a la baja, siendo el de los tecnol\u00f3gicos, muy sensibles a los tipos de inter\u00e9s, el que m\u00e1s ca\u00eda. Los valores mineros perd\u00edan un 1,8% tras la ca\u00edda de los precios de los metales.<br><br>Los mercados monetarios de la zona del euro valoran hoy en un 80% la posibilidad de que el Banco Central Europeo suba las tasas de inter\u00e9s en 75 puntos b\u00e1sicos, en su reuni\u00f3n de la semana que viene, frente a la posibilidad de poco m\u00e1s del 50% de la semana pasada.<br><br>Entre los valores individuales, las acciones de la alemana Lufthansa bajaron 3,2% despu\u00e9s de que un sindicato de pilotos anunci\u00f3 ayer una huelga que comenzar\u00e1 hoy, al no llegar las dos partes a un acuerdo sobre los salarios.<br><br>La atenci\u00f3n tambi\u00e9n se centr\u00f3 ayer en los datos del PMI, al pesar finalmente la incertidumbre sobre la evoluci\u00f3n econ\u00f3mica en los pr\u00f3ximos meses, especialmente despu\u00e9s de conocerse que la actividad del\u00a0sector manufacturero del conjunto de la eurozona registr\u00f3 en agosto su peor nivel en 26 meses, al situarse en los 49,6 puntos, desde los 49,8 de julio.<\/p>\n\n\n\n<p><\/p>\n\n\n\n<p>Fuente:<a href=\"https:\/\/www.portafolio.co\/internacional\/las-bolsas-europeas-arrancan-septiembre-con-fuertes-caidas-570449\" target=\"_blank\" rel=\"noreferrer noopener\"> https:\/\/www.portafolio.co\/internacional\/las-bolsas-europeas-arrancan-septiembre-con-fuertes-caidas-570449<\/a><br><\/p>\n","protected":false},"excerpt":{"rendered":"<p>Los mercados europeos empezaron el mes con pesimismo, con el temor a unas agresivas subidas de tasas y a la inflaci\u00f3n r\u00e9cord en la eurozona. Los mercados europeos empezaron septiembre&hellip; <\/p>\n","protected":false},"author":4,"featured_media":6040,"comment_status":"closed","ping_status":"open","sticky":false,"template":"","format":"standard","meta":{"_monsterinsights_skip_tracking":false,"_monsterinsights_sitenote_active":false,"_monsterinsights_sitenote_note":"","_monsterinsights_sitenote_category":0,"footnotes":""},"categories":[17],"tags":[],"class_list":["post-6033","post","type-post","status-publish","format-standard","has-post-thumbnail","hentry","category-comercial"],"yoast_head":"<!-- This site is optimized with the Yoast SEO plugin v16.1.1 - https:\/\/yoast.com\/wordpress\/plugins\/seo\/ -->\n<title>Las bolsas europeas arrancan septiembre con fuertes ca\u00eddas - Noticias Sunrise Cargo<\/title>\n<link rel=\"canonical\" href=\"https:\/\/noticias.sunrisecargo.com\/?p=6033\" \/>\n<meta property=\"og:locale\" content=\"es_ES\" \/>\n<meta property=\"og:type\" content=\"article\" \/>\n<meta property=\"og:title\" content=\"Las bolsas europeas arrancan septiembre con fuertes ca\u00eddas - Noticias Sunrise Cargo\" \/>\n<meta property=\"og:description\" content=\"Los mercados europeos empezaron el mes con pesimismo, con el temor a unas agresivas subidas de tasas y a la inflaci\u00f3n r\u00e9cord en la eurozona. Los mercados europeos empezaron septiembre&hellip;\" \/>\n<meta property=\"og:url\" content=\"https:\/\/noticias.sunrisecargo.com\/?p=6033\" \/>\n<meta property=\"og:site_name\" content=\"Noticias Sunrise Cargo\" \/>\n<meta property=\"article:published_time\" content=\"2022-09-05T13:00:00+00:00\" \/>\n<meta property=\"article:modified_time\" content=\"2022-09-05T01:21:13+00:00\" \/>\n<meta property=\"og:image\" content=\"https:\/\/noticias.sunrisecargo.com\/wp-content\/uploads\/2022\/09\/co1.jpg\" \/>\n\t<meta property=\"og:image:width\" content=\"800\" \/>\n\t<meta property=\"og:image:height\" content=\"480\" \/>\n<meta name=\"twitter:card\" content=\"summary_large_image\" \/>\n<meta name=\"twitter:label1\" content=\"Est. reading time\">\n\t<meta name=\"twitter:data1\" content=\"2 minutos\">\n<script type=\"application\/ld+json\" class=\"yoast-schema-graph\">{\"@context\":\"https:\/\/schema.org\",\"@graph\":[{\"@type\":\"Organization\",\"@id\":\"https:\/\/noticias.sunrisecargo.com\/#organization\",\"name\":\"Sunrise Cargo SAS\",\"url\":\"https:\/\/noticias.sunrisecargo.com\/\",\"sameAs\":[],\"logo\":{\"@type\":\"ImageObject\",\"@id\":\"https:\/\/noticias.sunrisecargo.com\/#logo\",\"inLanguage\":\"es-CO\",\"url\":\"https:\/\/noticias.sunrisecargo.com\/wp-content\/uploads\/2021\/04\/ICONO-NOTI-SUNRISE.png\",\"contentUrl\":\"https:\/\/noticias.sunrisecargo.com\/wp-content\/uploads\/2021\/04\/ICONO-NOTI-SUNRISE.png\",\"width\":37,\"height\":37,\"caption\":\"Sunrise Cargo SAS\"},\"image\":{\"@id\":\"https:\/\/noticias.sunrisecargo.com\/#logo\"}},{\"@type\":\"WebSite\",\"@id\":\"https:\/\/noticias.sunrisecargo.com\/#website\",\"url\":\"https:\/\/noticias.sunrisecargo.com\/\",\"name\":\"Noticias Sunrise Cargo\",\"description\":\"Noticias de Inter\\u00e9s\",\"publisher\":{\"@id\":\"https:\/\/noticias.sunrisecargo.com\/#organization\"},\"potentialAction\":[{\"@type\":\"SearchAction\",\"target\":\"https:\/\/noticias.sunrisecargo.com\/?s={search_term_string}\",\"query-input\":\"required name=search_term_string\"}],\"inLanguage\":\"es-CO\"},{\"@type\":\"ImageObject\",\"@id\":\"https:\/\/noticias.sunrisecargo.com\/?p=6033#primaryimage\",\"inLanguage\":\"es-CO\",\"url\":\"https:\/\/noticias.sunrisecargo.com\/wp-content\/uploads\/2022\/09\/co1.jpg\",\"contentUrl\":\"https:\/\/noticias.sunrisecargo.com\/wp-content\/uploads\/2022\/09\/co1.jpg\",\"width\":800,\"height\":480},{\"@type\":\"WebPage\",\"@id\":\"https:\/\/noticias.sunrisecargo.com\/?p=6033#webpage\",\"url\":\"https:\/\/noticias.sunrisecargo.com\/?p=6033\",\"name\":\"Las bolsas europeas arrancan septiembre con fuertes ca\\u00eddas - Noticias Sunrise Cargo\",\"isPartOf\":{\"@id\":\"https:\/\/noticias.sunrisecargo.com\/#website\"},\"primaryImageOfPage\":{\"@id\":\"https:\/\/noticias.sunrisecargo.com\/?p=6033#primaryimage\"},\"datePublished\":\"2022-09-05T13:00:00+00:00\",\"dateModified\":\"2022-09-05T01:21:13+00:00\",\"breadcrumb\":{\"@id\":\"https:\/\/noticias.sunrisecargo.com\/?p=6033#breadcrumb\"},\"inLanguage\":\"es-CO\",\"potentialAction\":[{\"@type\":\"ReadAction\",\"target\":[\"https:\/\/noticias.sunrisecargo.com\/?p=6033\"]}]},{\"@type\":\"BreadcrumbList\",\"@id\":\"https:\/\/noticias.sunrisecargo.com\/?p=6033#breadcrumb\",\"itemListElement\":[{\"@type\":\"ListItem\",\"position\":1,\"item\":{\"@type\":\"WebPage\",\"@id\":\"https:\/\/noticias.sunrisecargo.com\/\",\"url\":\"https:\/\/noticias.sunrisecargo.com\/\",\"name\":\"Home\"}},{\"@type\":\"ListItem\",\"position\":2,\"item\":{\"@type\":\"WebPage\",\"@id\":\"https:\/\/noticias.sunrisecargo.com\/?p=6033\",\"url\":\"https:\/\/noticias.sunrisecargo.com\/?p=6033\",\"name\":\"Las bolsas europeas arrancan septiembre con fuertes ca\\u00eddas\"}}]},{\"@type\":\"Article\",\"@id\":\"https:\/\/noticias.sunrisecargo.com\/?p=6033#article\",\"isPartOf\":{\"@id\":\"https:\/\/noticias.sunrisecargo.com\/?p=6033#webpage\"},\"author\":{\"@id\":\"https:\/\/noticias.sunrisecargo.com\/#\/schema\/person\/6dc68534970689383af81dce59c92bbc\"},\"headline\":\"Las bolsas europeas arrancan septiembre con fuertes ca\\u00eddas\",\"datePublished\":\"2022-09-05T13:00:00+00:00\",\"dateModified\":\"2022-09-05T01:21:13+00:00\",\"mainEntityOfPage\":{\"@id\":\"https:\/\/noticias.sunrisecargo.com\/?p=6033#webpage\"},\"publisher\":{\"@id\":\"https:\/\/noticias.sunrisecargo.com\/#organization\"},\"image\":{\"@id\":\"https:\/\/noticias.sunrisecargo.com\/?p=6033#primaryimage\"},\"articleSection\":\"Comercial\",\"inLanguage\":\"es-CO\"},{\"@type\":\"Person\",\"@id\":\"https:\/\/noticias.sunrisecargo.com\/#\/schema\/person\/6dc68534970689383af81dce59c92bbc\",\"name\":\"Sunrise Cargo\",\"image\":{\"@type\":\"ImageObject\",\"@id\":\"https:\/\/noticias.sunrisecargo.com\/#personlogo\",\"inLanguage\":\"es-CO\",\"url\":\"https:\/\/secure.gravatar.com\/avatar\/064fc68894aee252e3d51c81d7d0798bc56bf526018995fa222e730d9052fdd8?s=96&d=mm&r=g\",\"contentUrl\":\"https:\/\/secure.gravatar.com\/avatar\/064fc68894aee252e3d51c81d7d0798bc56bf526018995fa222e730d9052fdd8?s=96&d=mm&r=g\",\"caption\":\"Sunrise Cargo\"},\"sameAs\":[\"http:\/\/noticias.sunrisecargo.com\"]}]}<\/script>\n<!-- \/ Yoast SEO plugin. -->","_links":{"self":[{"href":"https:\/\/noticias.sunrisecargo.com\/index.php?rest_route=\/wp\/v2\/posts\/6033","targetHints":{"allow":["GET"]}}],"collection":[{"href":"https:\/\/noticias.sunrisecargo.com\/index.php?rest_route=\/wp\/v2\/posts"}],"about":[{"href":"https:\/\/noticias.sunrisecargo.com\/index.php?rest_route=\/wp\/v2\/types\/post"}],"author":[{"embeddable":true,"href":"https:\/\/noticias.sunrisecargo.com\/index.php?rest_route=\/wp\/v2\/users\/4"}],"replies":[{"embeddable":true,"href":"https:\/\/noticias.sunrisecargo.com\/index.php?rest_route=%2Fwp%2Fv2%2Fcomments&post=6033"}],"version-history":[{"count":1,"href":"https:\/\/noticias.sunrisecargo.com\/index.php?rest_route=\/wp\/v2\/posts\/6033\/revisions"}],"predecessor-version":[{"id":6041,"href":"https:\/\/noticias.sunrisecargo.com\/index.php?rest_route=\/wp\/v2\/posts\/6033\/revisions\/6041"}],"wp:featuredmedia":[{"embeddable":true,"href":"https:\/\/noticias.sunrisecargo.com\/index.php?rest_route=\/wp\/v2\/media\/6040"}],"wp:attachment":[{"href":"https:\/\/noticias.sunrisecargo.com\/index.php?rest_route=%2Fwp%2Fv2%2Fmedia&parent=6033"}],"wp:term":[{"taxonomy":"category","embeddable":true,"href":"https:\/\/noticias.sunrisecargo.com\/index.php?rest_route=%2Fwp%2Fv2%2Fcategories&post=6033"},{"taxonomy":"post_tag","embeddable":true,"href":"https:\/\/noticias.sunrisecargo.com\/index.php?rest_route=%2Fwp%2Fv2%2Ftags&post=6033"}],"curies":[{"name":"wp","href":"https:\/\/api.w.org\/{rel}","templated":true}]}}