{"id":5898,"date":"2022-08-16T11:04:54","date_gmt":"2022-08-16T16:04:54","guid":{"rendered":"https:\/\/noticias.sunrisecargo.com\/?p=5898"},"modified":"2022-08-16T11:04:57","modified_gmt":"2022-08-16T16:04:57","slug":"fin-a-espera-de-15-anos-adjudican-proyecto-buga-buenaventura","status":"publish","type":"post","link":"https:\/\/noticias.sunrisecargo.com\/?p=5898","title":{"rendered":"Fin a espera de 15 a\u00f1os: adjudican proyecto Buga -Buenaventura"},"content":{"rendered":"\n<figure class=\"wp-block-image size-full\"><img loading=\"lazy\" decoding=\"async\" width=\"640\" height=\"428\" src=\"https:\/\/noticias.sunrisecargo.com\/wp-content\/uploads\/2022\/08\/image-24.png\" alt=\"\" class=\"wp-image-5900\" srcset=\"https:\/\/noticias.sunrisecargo.com\/wp-content\/uploads\/2022\/08\/image-24.png 640w, https:\/\/noticias.sunrisecargo.com\/wp-content\/uploads\/2022\/08\/image-24-300x201.png 300w\" sizes=\"auto, (max-width: 640px) 100vw, 640px\" \/><\/figure>\n\n\n\n<p>A dos d\u00edas de que finalice el mandato de Iv\u00e1n Duque en la presidencia de Colombia, el saliente gobierno\u00a0<strong>le cumpli\u00f3 al Valle del Cauca uno de sus m\u00e1s esperados anhelos:\u00a0<\/strong>la Agencia Nacional de Infraestructura (ANI) adjudic\u00f3 el contrato para la<strong>\u00a0conclusi\u00f3n del proyecto vial\u00a0 Buga &#8211; Buenaventura.<\/strong><\/p>\n\n\n\n<p>En la audiencia de adjudicaci\u00f3n se presentaron las\u00a0propuestas de dos concesionarios y el ganador es la<strong>\u00a0firma Sacyr Concesiones Colombia SAS<\/strong>.<\/p>\n\n\n\n<p>El anuncio, que se dio a conocer este viernes en Cali, en la instalaci\u00f3n del Bloque Parlamentario del Pac\u00edfico,\u00a0fue celebrado por gobernantes, congresistas y gremios, que coinciden en que<strong>\u00a0despu\u00e9s de 15 a\u00f1os ya era justo que se tuviera en cuenta al Valle del Cauca<\/strong>\u00a0entre los proyectos estrat\u00e9gicos del pa\u00eds, tal y como s\u00ed ocurre en otras regiones.<\/p>\n\n\n\n<p>&#8220;Acabamos de enterarnos que ya termin\u00f3 la audiencia de adjudicaci\u00f3n y que, por fin despu\u00e9s de 10 a\u00f1os, vamos a tener nuestra v\u00eda Buga-Buenaventura en doble calzada totalmente terminada.\u00a0<strong>Acaban de adjudicarla y esperamos que pronto hagan el contrato y que se inicie la construcci\u00f3n tardar\u00e1 dos a\u00f1os,\u00a0<\/strong>esta es una v\u00eda de $2 billones de los cuales a trav\u00e9s de peajes nosotros pondremos $1 bill\u00f3n y la naci\u00f3n $1 bill\u00f3n m\u00e1s\u201d, afirm\u00f3 la gobernadora del Valle del Cauca, Clara Luz Rold\u00e1n.<\/p>\n\n\n\n<p>&#8220;Celebramos que se haya adjudicado el proyecto Buga &#8211; Buenaventura, un proyecto estrat\u00e9gico para el pa\u00eds, porque es el tramo por el que se mueve m\u00e1s carga de comercio exterior a nivel nacional,&nbsp;<strong>al conectar con el principal puerto mar\u00edtimo del pa\u00eds que es la punta de entrada a la cueca del Pac\u00edfico<\/strong>&#8220;, se\u00f1al\u00f3 el director ejecutivo del Comit\u00e9 Intergremial y Empresarial del Valle del Cauca, Edwin Maldonado.<\/p>\n\n\n\n<p>El l\u00edder gremial apunt\u00f3 que &#8220;este proyecto lo hemos esperado hace m\u00e1s de 15 a\u00f1os en la regi\u00f3n y hoy se concreta por fin gracias al esfuerzo articulado entre la gobernaci\u00f3n del Valle, el bloque de congresistas, sector fundacional y gremios privados con el gobierno nacional&#8221;.<\/p>\n\n\n\n<p>Agrego que &#8220;tener concesionado el corredor no s\u00f3lo va a permitir que se terminen los 35 km pendientes de segunda calzada, para que el corredor por fin quede completamente en doble calzada, sino que se va asegurar por 29 a\u00f1os la operaci\u00f3n, mantenimiento integra<strong>l y rehabilitaci\u00f3n de los 120 km, para reducir los problemas de cierres y accidentes que afectan constantemente el nivel de servicio de la v\u00eda,<\/strong>\u00a0confiamos que con esta concesi\u00f3n se haga m\u00e1s eficiente la salida y entrada a Buenaventura, beneficiando a los usuarios particulares, de carga y de turismo, al disminuir los tiempos de desplazamiento en media hora&#8221;.<\/p>\n\n\n\n<p>Finalmente, dijo que &#8220;desde el sector empresarial destacamos el gran impacto que tendr\u00e1 este proyecto en el desarrollo social y econ\u00f3mico de la regi\u00f3n con tiene una inversi\u00f3n total de $ 4 billones, se van a generar 66 mil empleos directos e indirectos y efectos en materia encadenamiento productivo por la compra de insumos para la obras, que suman una inversi\u00f3n de $2,21 billones&#8221;.&nbsp;<\/p>\n\n\n\n<p>El secretario de Infraestructura del Valle del Cauca, Frank Ram\u00edrez, coment\u00f3 que &#8220;se va a poder tener una reducci\u00f3n de al menos 30 minutos en los desplazamientos,\u00a0<strong>lo cual significa un ahorro de m\u00e1s del 20% para los diferentes transportadores<\/strong>. Con este tipo de noticias se sigue avanzando en esta gran estrategia de infraestructura para el desarrollo del Valle del Cauca\u201d.<\/p>\n\n\n\n<p><\/p>\n\n\n\n<p>Fuente: <a href=\"https:\/\/www.eltiempo.com\/amp\/colombia\/cali\/por-fin-adjudican-proyecto-buga-buenaventura-692765\" target=\"_blank\" rel=\"noreferrer noopener\">https:\/\/www.eltiempo.com\/amp\/colombia\/cali\/por-fin-adjudican-proyecto-buga-buenaventura-692765<\/a><\/p>\n","protected":false},"excerpt":{"rendered":"<p>A dos d\u00edas de que finalice el mandato de Iv\u00e1n Duque en la presidencia de Colombia, el saliente gobierno\u00a0le cumpli\u00f3 al Valle del Cauca uno de sus m\u00e1s esperados anhelos:\u00a0la&hellip; <\/p>\n","protected":false},"author":4,"featured_media":5901,"comment_status":"closed","ping_status":"open","sticky":false,"template":"","format":"standard","meta":{"_monsterinsights_skip_tracking":false,"_monsterinsights_sitenote_active":false,"_monsterinsights_sitenote_note":"","_monsterinsights_sitenote_category":0,"footnotes":""},"categories":[17],"tags":[],"class_list":["post-5898","post","type-post","status-publish","format-standard","has-post-thumbnail","hentry","category-comercial"],"yoast_head":"<!-- This site is optimized with the Yoast SEO plugin v16.1.1 - https:\/\/yoast.com\/wordpress\/plugins\/seo\/ -->\n<title>Fin a espera de 15 a\u00f1os: adjudican proyecto Buga -Buenaventura - Noticias Sunrise Cargo<\/title>\n<link rel=\"canonical\" href=\"https:\/\/noticias.sunrisecargo.com\/?p=5898\" \/>\n<meta property=\"og:locale\" content=\"es_ES\" \/>\n<meta property=\"og:type\" content=\"article\" \/>\n<meta property=\"og:title\" content=\"Fin a espera de 15 a\u00f1os: adjudican proyecto Buga -Buenaventura - Noticias Sunrise Cargo\" \/>\n<meta property=\"og:description\" content=\"A dos d\u00edas de que finalice el mandato de Iv\u00e1n Duque en la presidencia de Colombia, el saliente gobierno\u00a0le cumpli\u00f3 al Valle del Cauca uno de sus m\u00e1s esperados anhelos:\u00a0la&hellip;\" \/>\n<meta property=\"og:url\" content=\"https:\/\/noticias.sunrisecargo.com\/?p=5898\" \/>\n<meta property=\"og:site_name\" content=\"Noticias Sunrise Cargo\" \/>\n<meta property=\"article:published_time\" content=\"2022-08-16T16:04:54+00:00\" \/>\n<meta property=\"article:modified_time\" content=\"2022-08-16T16:04:57+00:00\" \/>\n<meta property=\"og:image\" content=\"https:\/\/noticias.sunrisecargo.com\/wp-content\/uploads\/2022\/08\/01.jpg\" \/>\n\t<meta property=\"og:image:width\" content=\"800\" \/>\n\t<meta property=\"og:image:height\" content=\"480\" \/>\n<meta name=\"twitter:card\" content=\"summary_large_image\" \/>\n<meta name=\"twitter:label1\" content=\"Est. reading time\">\n\t<meta name=\"twitter:data1\" content=\"3 minutos\">\n<script type=\"application\/ld+json\" class=\"yoast-schema-graph\">{\"@context\":\"https:\/\/schema.org\",\"@graph\":[{\"@type\":\"Organization\",\"@id\":\"https:\/\/noticias.sunrisecargo.com\/#organization\",\"name\":\"Sunrise Cargo SAS\",\"url\":\"https:\/\/noticias.sunrisecargo.com\/\",\"sameAs\":[],\"logo\":{\"@type\":\"ImageObject\",\"@id\":\"https:\/\/noticias.sunrisecargo.com\/#logo\",\"inLanguage\":\"es-CO\",\"url\":\"https:\/\/noticias.sunrisecargo.com\/wp-content\/uploads\/2021\/04\/ICONO-NOTI-SUNRISE.png\",\"contentUrl\":\"https:\/\/noticias.sunrisecargo.com\/wp-content\/uploads\/2021\/04\/ICONO-NOTI-SUNRISE.png\",\"width\":37,\"height\":37,\"caption\":\"Sunrise Cargo SAS\"},\"image\":{\"@id\":\"https:\/\/noticias.sunrisecargo.com\/#logo\"}},{\"@type\":\"WebSite\",\"@id\":\"https:\/\/noticias.sunrisecargo.com\/#website\",\"url\":\"https:\/\/noticias.sunrisecargo.com\/\",\"name\":\"Noticias Sunrise Cargo\",\"description\":\"Noticias de Inter\\u00e9s\",\"publisher\":{\"@id\":\"https:\/\/noticias.sunrisecargo.com\/#organization\"},\"potentialAction\":[{\"@type\":\"SearchAction\",\"target\":\"https:\/\/noticias.sunrisecargo.com\/?s={search_term_string}\",\"query-input\":\"required name=search_term_string\"}],\"inLanguage\":\"es-CO\"},{\"@type\":\"ImageObject\",\"@id\":\"https:\/\/noticias.sunrisecargo.com\/?p=5898#primaryimage\",\"inLanguage\":\"es-CO\",\"url\":\"https:\/\/noticias.sunrisecargo.com\/wp-content\/uploads\/2022\/08\/01.jpg\",\"contentUrl\":\"https:\/\/noticias.sunrisecargo.com\/wp-content\/uploads\/2022\/08\/01.jpg\",\"width\":800,\"height\":480},{\"@type\":\"WebPage\",\"@id\":\"https:\/\/noticias.sunrisecargo.com\/?p=5898#webpage\",\"url\":\"https:\/\/noticias.sunrisecargo.com\/?p=5898\",\"name\":\"Fin a espera de 15 a\\u00f1os: adjudican proyecto Buga -Buenaventura - Noticias Sunrise Cargo\",\"isPartOf\":{\"@id\":\"https:\/\/noticias.sunrisecargo.com\/#website\"},\"primaryImageOfPage\":{\"@id\":\"https:\/\/noticias.sunrisecargo.com\/?p=5898#primaryimage\"},\"datePublished\":\"2022-08-16T16:04:54+00:00\",\"dateModified\":\"2022-08-16T16:04:57+00:00\",\"breadcrumb\":{\"@id\":\"https:\/\/noticias.sunrisecargo.com\/?p=5898#breadcrumb\"},\"inLanguage\":\"es-CO\",\"potentialAction\":[{\"@type\":\"ReadAction\",\"target\":[\"https:\/\/noticias.sunrisecargo.com\/?p=5898\"]}]},{\"@type\":\"BreadcrumbList\",\"@id\":\"https:\/\/noticias.sunrisecargo.com\/?p=5898#breadcrumb\",\"itemListElement\":[{\"@type\":\"ListItem\",\"position\":1,\"item\":{\"@type\":\"WebPage\",\"@id\":\"https:\/\/noticias.sunrisecargo.com\/\",\"url\":\"https:\/\/noticias.sunrisecargo.com\/\",\"name\":\"Home\"}},{\"@type\":\"ListItem\",\"position\":2,\"item\":{\"@type\":\"WebPage\",\"@id\":\"https:\/\/noticias.sunrisecargo.com\/?p=5898\",\"url\":\"https:\/\/noticias.sunrisecargo.com\/?p=5898\",\"name\":\"Fin a espera de 15 a\\u00f1os: adjudican proyecto Buga -Buenaventura\"}}]},{\"@type\":\"Article\",\"@id\":\"https:\/\/noticias.sunrisecargo.com\/?p=5898#article\",\"isPartOf\":{\"@id\":\"https:\/\/noticias.sunrisecargo.com\/?p=5898#webpage\"},\"author\":{\"@id\":\"https:\/\/noticias.sunrisecargo.com\/#\/schema\/person\/6dc68534970689383af81dce59c92bbc\"},\"headline\":\"Fin a espera de 15 a\\u00f1os: adjudican proyecto Buga -Buenaventura\",\"datePublished\":\"2022-08-16T16:04:54+00:00\",\"dateModified\":\"2022-08-16T16:04:57+00:00\",\"mainEntityOfPage\":{\"@id\":\"https:\/\/noticias.sunrisecargo.com\/?p=5898#webpage\"},\"publisher\":{\"@id\":\"https:\/\/noticias.sunrisecargo.com\/#organization\"},\"image\":{\"@id\":\"https:\/\/noticias.sunrisecargo.com\/?p=5898#primaryimage\"},\"articleSection\":\"Comercial\",\"inLanguage\":\"es-CO\"},{\"@type\":\"Person\",\"@id\":\"https:\/\/noticias.sunrisecargo.com\/#\/schema\/person\/6dc68534970689383af81dce59c92bbc\",\"name\":\"Sunrise Cargo\",\"image\":{\"@type\":\"ImageObject\",\"@id\":\"https:\/\/noticias.sunrisecargo.com\/#personlogo\",\"inLanguage\":\"es-CO\",\"url\":\"https:\/\/secure.gravatar.com\/avatar\/064fc68894aee252e3d51c81d7d0798bc56bf526018995fa222e730d9052fdd8?s=96&d=mm&r=g\",\"contentUrl\":\"https:\/\/secure.gravatar.com\/avatar\/064fc68894aee252e3d51c81d7d0798bc56bf526018995fa222e730d9052fdd8?s=96&d=mm&r=g\",\"caption\":\"Sunrise Cargo\"},\"sameAs\":[\"http:\/\/noticias.sunrisecargo.com\"]}]}<\/script>\n<!-- \/ Yoast SEO plugin. -->","_links":{"self":[{"href":"https:\/\/noticias.sunrisecargo.com\/index.php?rest_route=\/wp\/v2\/posts\/5898","targetHints":{"allow":["GET"]}}],"collection":[{"href":"https:\/\/noticias.sunrisecargo.com\/index.php?rest_route=\/wp\/v2\/posts"}],"about":[{"href":"https:\/\/noticias.sunrisecargo.com\/index.php?rest_route=\/wp\/v2\/types\/post"}],"author":[{"embeddable":true,"href":"https:\/\/noticias.sunrisecargo.com\/index.php?rest_route=\/wp\/v2\/users\/4"}],"replies":[{"embeddable":true,"href":"https:\/\/noticias.sunrisecargo.com\/index.php?rest_route=%2Fwp%2Fv2%2Fcomments&post=5898"}],"version-history":[{"count":1,"href":"https:\/\/noticias.sunrisecargo.com\/index.php?rest_route=\/wp\/v2\/posts\/5898\/revisions"}],"predecessor-version":[{"id":5902,"href":"https:\/\/noticias.sunrisecargo.com\/index.php?rest_route=\/wp\/v2\/posts\/5898\/revisions\/5902"}],"wp:featuredmedia":[{"embeddable":true,"href":"https:\/\/noticias.sunrisecargo.com\/index.php?rest_route=\/wp\/v2\/media\/5901"}],"wp:attachment":[{"href":"https:\/\/noticias.sunrisecargo.com\/index.php?rest_route=%2Fwp%2Fv2%2Fmedia&parent=5898"}],"wp:term":[{"taxonomy":"category","embeddable":true,"href":"https:\/\/noticias.sunrisecargo.com\/index.php?rest_route=%2Fwp%2Fv2%2Fcategories&post=5898"},{"taxonomy":"post_tag","embeddable":true,"href":"https:\/\/noticias.sunrisecargo.com\/index.php?rest_route=%2Fwp%2Fv2%2Ftags&post=5898"}],"curies":[{"name":"wp","href":"https:\/\/api.w.org\/{rel}","templated":true}]}}