{"id":5891,"date":"2022-08-16T11:00:12","date_gmt":"2022-08-16T16:00:12","guid":{"rendered":"https:\/\/noticias.sunrisecargo.com\/?p=5891"},"modified":"2022-08-16T11:00:14","modified_gmt":"2022-08-16T16:00:14","slug":"abrir-fronteras-al-comercio-lo-que-sigue-entre-colombia-y-venezuela","status":"publish","type":"post","link":"https:\/\/noticias.sunrisecargo.com\/?p=5891","title":{"rendered":"Abrir fronteras al comercio, lo que sigue entre Colombia y Venezuela"},"content":{"rendered":"\n<figure class=\"wp-block-image size-full\"><img loading=\"lazy\" decoding=\"async\" width=\"700\" height=\"526\" src=\"https:\/\/noticias.sunrisecargo.com\/wp-content\/uploads\/2022\/08\/image-23.png\" alt=\"\" class=\"wp-image-5895\" srcset=\"https:\/\/noticias.sunrisecargo.com\/wp-content\/uploads\/2022\/08\/image-23.png 700w, https:\/\/noticias.sunrisecargo.com\/wp-content\/uploads\/2022\/08\/image-23-300x225.png 300w\" sizes=\"auto, (max-width: 700px) 100vw, 700px\" \/><\/figure>\n\n\n\n<p><strong>El presidente Petro dijo que el restablecimiento de relaciones entre ambos pa\u00edses debe extenderse al comercio y a la producci\u00f3n.<\/strong><\/p>\n\n\n\n<p>El presidente colombiano, Gustavo Petro, dijo este viernes que luego de que su pa\u00eds y Venezuela designaran sus embajadores lo que sigue es la apertura de la frontera no solo para los peatones sino que debe extenderse al comercio y la producci\u00f3n.<\/p>\n\n\n\n<p id=\"p569512-m214-3-215\">As\u00ed lo expres\u00f3 antes de iniciar visitas de cortes\u00eda al Consejo de Estado, la Corte Constitucional,<strong>&nbsp;el Consejo Superior de la Judicatura y la Corte Suprema de Justicia, las m\u00e1ximas cortes de Colombia.<\/strong><\/p>\n\n\n\n<p id=\"p569512-m220-4-221\">Al referirse a Venezuela dijo que<em>&nbsp;\u201cya hay un flujo peatonal, de personas, que ya no recurren a las trochas, que se salvan incluso de una serie de violaciones terribles de derechos humanos en el cruce clandestino hacia uno u otro pa\u00eds\u201d.<\/em><\/p>\n\n\n\n<p id=\"p569512-m226-5-227\"><em>\u201cYa hay un flujo normal, ahora hay que ampliar eso hacia el tema del comercio, hacia el tema de la producci\u00f3n. Y continuaremos con una agenda\u201d<\/em>, expres\u00f3.<\/p>\n\n\n\n<p id=\"p569512-m232-6-233\">El jefe de Estado colombiano design\u00f3 el jueves al exsenador\u00a0<strong>Armando Benedetti\u00a0<\/strong>como nuevo embajador de Colombia ante Venezuela, en tanto que el presidente venezolano, Nicol\u00e1s Maduro, encomend\u00f3 ese cargo diplom\u00e1tico al excanciller y actual director del Centro Internacional de Inversi\u00f3n Productiva (CIIP), F\u00e9lix Plasencia.<\/p>\n\n\n\n<p id=\"p569512-m238-7-239\">Colombia y Venezuela, que comparten una porosa frontera de 2.219 kil\u00f3metros, no tienen relaciones diplom\u00e1ticas desde que se rompieron el 23 de febrero de 2019 por orden del presidente Maduro, en medio de una escalada de tensiones con su par colombiano de entonces, Iv\u00e1n Duque, por el apoyo de este al l\u00edder opositor Juan Guaid\u00f3.<\/p>\n\n\n\n<p id=\"p569512-m244-8-245\">Sin embargo, Petro y su canciller,<strong>&nbsp;\u00c1lvaro Leyva Dur\u00e1n, ya manifestaron que tambi\u00e9n acordar\u00e1n la normalizaci\u00f3n de relaciones con el Gobierno de Maduro.<\/strong><\/p>\n\n\n\n<p id=\"p569512-m250-9-251\"><strong>BAJAR PRECIOS A FERTILIZANTES<\/strong><\/p>\n\n\n\n<p id=\"p569512-m256-10-257\">Petro, igualmente, afirm\u00f3 que la apertura de la frontera tiene que ampliarse a otros temas como el comercio y la producci\u00f3n para favorecer a la poblaci\u00f3n de esta parte del pa\u00eds.<\/p>\n\n\n\n<p id=\"p569512-m262-11-263\">A prop\u00f3sito del primer rengl\u00f3n, el designado embajador Benedetti dijo ayer que iba a sorprender al presidente colombiano<em>&nbsp;&#8220;cuando lleguemos a 10.000 millones de d\u00f3lares en intercambio comercial, cuando beneficiemos a los m\u00e1s de 8 millones de colombianos que viven en la frontera&#8221;.<\/em><\/p>\n\n\n\n<p id=\"p569512-m268-12-269\">En esa direcci\u00f3n Petro dijo que para continuar con la agenda con Venezuela uno de sus prop\u00f3sitos es\u00a0<em>&#8220;lograr que el precio de los fertilizantes para producir en el campo en Colombia pueda reducirse sustancialmente de cara a bajar el precio de los alimentos&#8221;<\/em>, en alusi\u00f3n a Mon\u00f3meros, cuya planta de producci\u00f3n funciona en Barranquilla, capital del departamento colombiano del Atl\u00e1ntico.<\/p>\n\n\n\n<p id=\"p569512-m274-13-275\">Mon\u00f3meros es una empresa<strong>&nbsp;petroqu\u00edmica filial de Petr\u00f3leos de Venezuela (PDVSA) con participaci\u00f3n estatal colombiana,<\/strong>&nbsp;de la que Guaid\u00f3 pas\u00f3 a tener el control en 2019 y se encuentra en disputas judiciales.<\/p>\n\n\n\n<p id=\"p569512-m280-14-281\">La petroqu\u00edmica fue, durante el mandato de Duque, una de las razones que gener\u00f3 mayor confrontaci\u00f3n entre ambos pa\u00edses, y a la que Petro coloca en su lista de prioridades, aunque no precis\u00f3 qu\u00e9 soluci\u00f3n plantea ni cu\u00e1l ser\u00e1 el papel de Guaid\u00f3<\/p>\n\n\n\n<p><\/p>\n\n\n\n<p>Fuente: <a href=\"https:\/\/www.portafolio.co\/economia\/gobierno\/apertura-de-fronteras-al-comercio-lo-que-sigue-entre-colombia-y-venezuela-569512\" target=\"_blank\" rel=\"noreferrer noopener\">https:\/\/www.portafolio.co\/economia\/gobierno\/apertura-de-fronteras-al-comercio-lo-que-sigue-entre-colombia-y-venezuela-569512<\/a><\/p>\n","protected":false},"excerpt":{"rendered":"<p>El presidente Petro dijo que el restablecimiento de relaciones entre ambos pa\u00edses debe extenderse al comercio y a la producci\u00f3n. El presidente colombiano, Gustavo Petro, dijo este viernes que luego&hellip; <\/p>\n","protected":false},"author":4,"featured_media":5896,"comment_status":"closed","ping_status":"open","sticky":false,"template":"","format":"standard","meta":{"_monsterinsights_skip_tracking":false,"_monsterinsights_sitenote_active":false,"_monsterinsights_sitenote_note":"","_monsterinsights_sitenote_category":0,"footnotes":""},"categories":[18],"tags":[],"class_list":["post-5891","post","type-post","status-publish","format-standard","has-post-thumbnail","hentry","category-pricing"],"yoast_head":"<!-- This site is optimized with the Yoast SEO plugin v16.1.1 - https:\/\/yoast.com\/wordpress\/plugins\/seo\/ -->\n<title>Abrir fronteras al comercio, lo que sigue entre Colombia y Venezuela - Noticias Sunrise Cargo<\/title>\n<link rel=\"canonical\" href=\"https:\/\/noticias.sunrisecargo.com\/?p=5891\" \/>\n<meta property=\"og:locale\" content=\"es_ES\" \/>\n<meta property=\"og:type\" content=\"article\" \/>\n<meta property=\"og:title\" content=\"Abrir fronteras al comercio, lo que sigue entre Colombia y Venezuela - Noticias Sunrise Cargo\" \/>\n<meta property=\"og:description\" content=\"El presidente Petro dijo que el restablecimiento de relaciones entre ambos pa\u00edses debe extenderse al comercio y a la producci\u00f3n. El presidente colombiano, Gustavo Petro, dijo este viernes que luego&hellip;\" \/>\n<meta property=\"og:url\" content=\"https:\/\/noticias.sunrisecargo.com\/?p=5891\" \/>\n<meta property=\"og:site_name\" content=\"Noticias Sunrise Cargo\" \/>\n<meta property=\"article:published_time\" content=\"2022-08-16T16:00:12+00:00\" \/>\n<meta property=\"article:modified_time\" content=\"2022-08-16T16:00:14+00:00\" \/>\n<meta property=\"og:image\" content=\"https:\/\/noticias.sunrisecargo.com\/wp-content\/uploads\/2022\/08\/pr2-2.jpg\" \/>\n\t<meta property=\"og:image:width\" content=\"800\" \/>\n\t<meta property=\"og:image:height\" content=\"480\" \/>\n<meta name=\"twitter:card\" content=\"summary_large_image\" \/>\n<meta name=\"twitter:label1\" content=\"Est. reading time\">\n\t<meta name=\"twitter:data1\" content=\"3 minutos\">\n<script type=\"application\/ld+json\" class=\"yoast-schema-graph\">{\"@context\":\"https:\/\/schema.org\",\"@graph\":[{\"@type\":\"Organization\",\"@id\":\"https:\/\/noticias.sunrisecargo.com\/#organization\",\"name\":\"Sunrise Cargo SAS\",\"url\":\"https:\/\/noticias.sunrisecargo.com\/\",\"sameAs\":[],\"logo\":{\"@type\":\"ImageObject\",\"@id\":\"https:\/\/noticias.sunrisecargo.com\/#logo\",\"inLanguage\":\"es-CO\",\"url\":\"https:\/\/noticias.sunrisecargo.com\/wp-content\/uploads\/2021\/04\/ICONO-NOTI-SUNRISE.png\",\"contentUrl\":\"https:\/\/noticias.sunrisecargo.com\/wp-content\/uploads\/2021\/04\/ICONO-NOTI-SUNRISE.png\",\"width\":37,\"height\":37,\"caption\":\"Sunrise Cargo SAS\"},\"image\":{\"@id\":\"https:\/\/noticias.sunrisecargo.com\/#logo\"}},{\"@type\":\"WebSite\",\"@id\":\"https:\/\/noticias.sunrisecargo.com\/#website\",\"url\":\"https:\/\/noticias.sunrisecargo.com\/\",\"name\":\"Noticias Sunrise Cargo\",\"description\":\"Noticias de Inter\\u00e9s\",\"publisher\":{\"@id\":\"https:\/\/noticias.sunrisecargo.com\/#organization\"},\"potentialAction\":[{\"@type\":\"SearchAction\",\"target\":\"https:\/\/noticias.sunrisecargo.com\/?s={search_term_string}\",\"query-input\":\"required name=search_term_string\"}],\"inLanguage\":\"es-CO\"},{\"@type\":\"ImageObject\",\"@id\":\"https:\/\/noticias.sunrisecargo.com\/?p=5891#primaryimage\",\"inLanguage\":\"es-CO\",\"url\":\"https:\/\/noticias.sunrisecargo.com\/wp-content\/uploads\/2022\/08\/pr2-2.jpg\",\"contentUrl\":\"https:\/\/noticias.sunrisecargo.com\/wp-content\/uploads\/2022\/08\/pr2-2.jpg\",\"width\":800,\"height\":480},{\"@type\":\"WebPage\",\"@id\":\"https:\/\/noticias.sunrisecargo.com\/?p=5891#webpage\",\"url\":\"https:\/\/noticias.sunrisecargo.com\/?p=5891\",\"name\":\"Abrir fronteras al comercio, lo que sigue entre Colombia y Venezuela - Noticias Sunrise Cargo\",\"isPartOf\":{\"@id\":\"https:\/\/noticias.sunrisecargo.com\/#website\"},\"primaryImageOfPage\":{\"@id\":\"https:\/\/noticias.sunrisecargo.com\/?p=5891#primaryimage\"},\"datePublished\":\"2022-08-16T16:00:12+00:00\",\"dateModified\":\"2022-08-16T16:00:14+00:00\",\"breadcrumb\":{\"@id\":\"https:\/\/noticias.sunrisecargo.com\/?p=5891#breadcrumb\"},\"inLanguage\":\"es-CO\",\"potentialAction\":[{\"@type\":\"ReadAction\",\"target\":[\"https:\/\/noticias.sunrisecargo.com\/?p=5891\"]}]},{\"@type\":\"BreadcrumbList\",\"@id\":\"https:\/\/noticias.sunrisecargo.com\/?p=5891#breadcrumb\",\"itemListElement\":[{\"@type\":\"ListItem\",\"position\":1,\"item\":{\"@type\":\"WebPage\",\"@id\":\"https:\/\/noticias.sunrisecargo.com\/\",\"url\":\"https:\/\/noticias.sunrisecargo.com\/\",\"name\":\"Home\"}},{\"@type\":\"ListItem\",\"position\":2,\"item\":{\"@type\":\"WebPage\",\"@id\":\"https:\/\/noticias.sunrisecargo.com\/?p=5891\",\"url\":\"https:\/\/noticias.sunrisecargo.com\/?p=5891\",\"name\":\"Abrir fronteras al comercio, lo que sigue entre Colombia y Venezuela\"}}]},{\"@type\":\"Article\",\"@id\":\"https:\/\/noticias.sunrisecargo.com\/?p=5891#article\",\"isPartOf\":{\"@id\":\"https:\/\/noticias.sunrisecargo.com\/?p=5891#webpage\"},\"author\":{\"@id\":\"https:\/\/noticias.sunrisecargo.com\/#\/schema\/person\/6dc68534970689383af81dce59c92bbc\"},\"headline\":\"Abrir fronteras al comercio, lo que sigue entre Colombia y Venezuela\",\"datePublished\":\"2022-08-16T16:00:12+00:00\",\"dateModified\":\"2022-08-16T16:00:14+00:00\",\"mainEntityOfPage\":{\"@id\":\"https:\/\/noticias.sunrisecargo.com\/?p=5891#webpage\"},\"publisher\":{\"@id\":\"https:\/\/noticias.sunrisecargo.com\/#organization\"},\"image\":{\"@id\":\"https:\/\/noticias.sunrisecargo.com\/?p=5891#primaryimage\"},\"articleSection\":\"Pricing\",\"inLanguage\":\"es-CO\"},{\"@type\":\"Person\",\"@id\":\"https:\/\/noticias.sunrisecargo.com\/#\/schema\/person\/6dc68534970689383af81dce59c92bbc\",\"name\":\"Sunrise Cargo\",\"image\":{\"@type\":\"ImageObject\",\"@id\":\"https:\/\/noticias.sunrisecargo.com\/#personlogo\",\"inLanguage\":\"es-CO\",\"url\":\"https:\/\/secure.gravatar.com\/avatar\/064fc68894aee252e3d51c81d7d0798bc56bf526018995fa222e730d9052fdd8?s=96&d=mm&r=g\",\"contentUrl\":\"https:\/\/secure.gravatar.com\/avatar\/064fc68894aee252e3d51c81d7d0798bc56bf526018995fa222e730d9052fdd8?s=96&d=mm&r=g\",\"caption\":\"Sunrise Cargo\"},\"sameAs\":[\"http:\/\/noticias.sunrisecargo.com\"]}]}<\/script>\n<!-- \/ Yoast SEO plugin. -->","_links":{"self":[{"href":"https:\/\/noticias.sunrisecargo.com\/index.php?rest_route=\/wp\/v2\/posts\/5891","targetHints":{"allow":["GET"]}}],"collection":[{"href":"https:\/\/noticias.sunrisecargo.com\/index.php?rest_route=\/wp\/v2\/posts"}],"about":[{"href":"https:\/\/noticias.sunrisecargo.com\/index.php?rest_route=\/wp\/v2\/types\/post"}],"author":[{"embeddable":true,"href":"https:\/\/noticias.sunrisecargo.com\/index.php?rest_route=\/wp\/v2\/users\/4"}],"replies":[{"embeddable":true,"href":"https:\/\/noticias.sunrisecargo.com\/index.php?rest_route=%2Fwp%2Fv2%2Fcomments&post=5891"}],"version-history":[{"count":1,"href":"https:\/\/noticias.sunrisecargo.com\/index.php?rest_route=\/wp\/v2\/posts\/5891\/revisions"}],"predecessor-version":[{"id":5897,"href":"https:\/\/noticias.sunrisecargo.com\/index.php?rest_route=\/wp\/v2\/posts\/5891\/revisions\/5897"}],"wp:featuredmedia":[{"embeddable":true,"href":"https:\/\/noticias.sunrisecargo.com\/index.php?rest_route=\/wp\/v2\/media\/5896"}],"wp:attachment":[{"href":"https:\/\/noticias.sunrisecargo.com\/index.php?rest_route=%2Fwp%2Fv2%2Fmedia&parent=5891"}],"wp:term":[{"taxonomy":"category","embeddable":true,"href":"https:\/\/noticias.sunrisecargo.com\/index.php?rest_route=%2Fwp%2Fv2%2Fcategories&post=5891"},{"taxonomy":"post_tag","embeddable":true,"href":"https:\/\/noticias.sunrisecargo.com\/index.php?rest_route=%2Fwp%2Fv2%2Ftags&post=5891"}],"curies":[{"name":"wp","href":"https:\/\/api.w.org\/{rel}","templated":true}]}}