{"id":5712,"date":"2022-07-18T08:43:23","date_gmt":"2022-07-18T13:43:23","guid":{"rendered":"https:\/\/noticias.sunrisecargo.com\/?p=5712"},"modified":"2022-07-18T08:43:25","modified_gmt":"2022-07-18T13:43:25","slug":"transporte-maritimo-de-contenedores-muestra-mejorias-pero-senales-de-recesion-impiden-celebrar","status":"publish","type":"post","link":"https:\/\/noticias.sunrisecargo.com\/?p=5712","title":{"rendered":"Transporte mar\u00edtimo de contenedores muestra mejor\u00edas, pero se\u00f1ales de recesi\u00f3n impiden celebrar"},"content":{"rendered":"\n<figure class=\"wp-block-image size-full\"><img loading=\"lazy\" decoding=\"async\" width=\"1024\" height=\"496\" src=\"https:\/\/noticias.sunrisecargo.com\/wp-content\/uploads\/2022\/07\/image-19.png\" alt=\"\" class=\"wp-image-5714\" srcset=\"https:\/\/noticias.sunrisecargo.com\/wp-content\/uploads\/2022\/07\/image-19.png 1024w, https:\/\/noticias.sunrisecargo.com\/wp-content\/uploads\/2022\/07\/image-19-300x145.png 300w, https:\/\/noticias.sunrisecargo.com\/wp-content\/uploads\/2022\/07\/image-19-768x372.png 768w\" sizes=\"auto, (max-width: 1024px) 100vw, 1024px\" \/><\/figure>\n\n\n\n<p><em>Economistas concuerdan en que la demanda estadounidense ser\u00e1 clave para definir el pr\u00f3ximo escenario<\/em><\/p>\n\n\n\n<p>Las tensiones del transporte mar\u00edtimo de contenedores est\u00e1n mejorando seg\u00fan diversos indicadores, pero el final gradual de la escasez de oferta provocado por la pandemia podr\u00eda dar paso a una ca\u00edda en la demanda de los consumidores que culminar\u00eda por hacer retroceder el crecimiento econ\u00f3mico y generar una problem\u00e1tica acumulaci\u00f3n de inventario, reporta&nbsp;<em>Bloomberg<\/em>.<\/p>\n\n\n\n<p>En una nota de investigaci\u00f3n este mes economistas de Citi dirigidos por Nathan Sheets indicaron que \u201clas presiones en los sectores de bienes globales, que han sido un motor central de la inflaci\u00f3n, finalmente pueden estar disminuyendo\u201d. Seg\u00fan explican, las causas podr\u00edan estar en una desaceleraci\u00f3n en la demanda de bienes, especialmente discrecionales, por parte del consumidor global, lo que puede indicar un aumento de los riesgos de recesi\u00f3n.<\/p>\n\n\n\n<p>De acuerdo con Citi hay razones para dudar si las obstrucciones del comercio mundial se eliminar\u00e1n en el corto plazo, puesto que huelgas laborales, las interrupciones en las f\u00e1bricas vinculadas a los brotes de Covid en China, la guerra en Ucrania y las presiones de la temporada alta podr\u00edan enredar las redes log\u00edsticas nuevamente.<\/p>\n\n\n\n<p>Los economistas concuerdan en general en que la demanda de bienes de los hogares estadounidenses ser\u00e1 clave en los pr\u00f3ximos meses, pero est\u00e1n divididos sobre si se mantendr\u00e1 fuerte o comenzar\u00e1 a disminuir.<\/p>\n\n\n\n<p>Un indicador privado sugiere que podr\u00eda estar a punto de volver a la normalidad a medida que la gente sale a cenar, asiste a espect\u00e1culos y viaja m\u00e1s que durante la pandemia. Para ayudar a identificar este cambio Flexport desarroll\u00f3 un Indicador Post-Covid, cuya \u00faltima lectura muestra que &#8220;las preferencias de los consumidores se alejaron ligeramente de los bienes en mayo&#8221;. De acuerdo con las previsiones, el indicador se mantendr\u00e1 cerca de los niveles actuales durante el tercer trimestre de 2022. \u201cEso implicar\u00eda que las preferencias generales de los consumidores por los bienes sobre los servicios disminuir\u00e1n, pero seguir\u00e1n estando ligeramente por encima del verano [septentrional] de 2020 y los niveles previos a la pandemia&#8221;.<\/p>\n\n\n\n<p>La encuesta denominada \u201cLibro Beige\u201d de la Reserva Federal de EE.UU.- &nbsp;organismo dispuesto a aumentar las tasas de inter\u00e9s a fines de este mes para frenar la creciente inflaci\u00f3n- indica que las empresas todav\u00eda enfrentan muchos problemas de suministro, pero en un grado menor gravedad y en un an\u00e1lisis de car\u00e1cter m\u00e1s subjetivo indica que la cantidad de veces que aparece la palabra &#8220;escasez&#8221; en la encuesta es a\u00fan m\u00e1s del doble de su nivel previo a la pandemia, pero que su frecuencia ha disminuido a aproximadamente un tercio de su peak en agosto de 2021.<\/p>\n\n\n\n<p>Por otra parte, las tarifas de flete mar\u00edtimo han seguido cayendo desde niveles r\u00e9cord justo ahora en la temporada alta del transporte mar\u00edtimo mundial, lo que lleva a algunos observadores a concluir que el mercado est\u00e1 cambiando r\u00e1pidamente en la otra direcci\u00f3n. De acuerdo con&nbsp;<em>Freightos Baltic Index<\/em>, la tarifas spot (US$7.271\/FEU, Asia-USWC) todav\u00eda aparecen muy por encima de los niveles previos a la pandemia, pero su tendencia es claramente a la baja.<\/p>\n\n\n\n<p><strong>China se recupera y Europa cae &nbsp;<\/strong><\/p>\n\n\n\n<p>Gran parte de la recuperaci\u00f3n log\u00edstica depende de la capacidad de China para seguir siendo una potencia comercial y mantener sus f\u00e1bricas y puertos operando, pese a sus estrictas pol\u00edticas de control de Covid. Esto no pareciera ir mal, puesto que junio fue el segundo mejor mes para las exportaciones chinas en al menos tres d\u00e9cadas. Adem\u00e1s, la producci\u00f3n del pa\u00eds asi\u00e1tico parece haberse recuperado y los tiempos de entrega se acortaron tras el fin del bloqueo en la ciudad de Shangh\u00e1i.<\/p>\n\n\n\n<p>Sin embargo, no todo est\u00e1 mejorando, particularmente en Europa, que est\u00e1 experimentando problemas, debido al conflicto con Ucrania a los que se suman las interrupciones laborales en los puertos de Alemania y la congesti\u00f3n generalizada en los puertos del norte de Europa y que se refleja tambi\u00e9n en la costa este de EE.UU,<\/p>\n\n\n\n<p><strong>Consumo no se detiene en EE.UU.<\/strong><\/p>\n\n\n\n<p>Por otra parte, las cifras del Departamento de Comercio de EE.UU. indican que las ventas minoristas estadounidenses aumentaron m\u00e1s de lo pronosticado en junio, lo que seg\u00fan&nbsp;<em>Bloomberg Economics<\/em>, &#8220;implica que todav\u00eda hay suficiente impulso para la econom\u00eda estadounidense&#8221;. Esto podr\u00eda ser un buen augurio para las importaciones de contenedores a los EE.UU.<\/p>\n\n\n\n<p>Gene Seroka, CEO del puerto de Los \u00c1ngeles, dijo que es cautelosamente optimista para el segundo semestre. \u201cEspero que las importaciones se mantengan fuertes, aunque disminuyan, en comparaci\u00f3n con el a\u00f1o pasado\u201d, acot\u00f3 el ejecutivo.<\/p>\n\n\n\n<p>Sin embargo, tambi\u00e9n tuvo palabras de advertencia: la congesti\u00f3n de trenes se est\u00e1 acumulando nuevamente, con m\u00e1s de 29.000 contenedores ferroviarios retrasados \u200b\u200b\u200b\u200ben los muelles de Los \u00c1ngeles, un cuello de botella que, se\u00f1ala, deber\u00eda estar m\u00e1s cerca del &#8220;rango de 9.000&#8221;. La carga por v\u00eda f\u00e9rrea permanece un promedio de 7,5 d\u00edas cuando, idealmente, no deber\u00eda exceder los dos.<\/p>\n\n\n\n<p><\/p>\n\n\n\n<p>Fuente: <a href=\"https:\/\/www.mundomaritimo.cl\/noticias\/transporte-maritimo-de-contenedores-muestra-mejorias-pero-senales-de-recesion-impiden-celebrar\">https:\/\/www.mundomaritimo.cl\/noticias\/transporte-maritimo-de-contenedores-muestra-mejorias-pero-senales-de-recesion-impiden-celebrar<\/a><\/p>\n","protected":false},"excerpt":{"rendered":"<p>Economistas concuerdan en que la demanda estadounidense ser\u00e1 clave para definir el pr\u00f3ximo escenario Las tensiones del transporte mar\u00edtimo de contenedores est\u00e1n mejorando seg\u00fan diversos indicadores, pero el final gradual&hellip; <\/p>\n","protected":false},"author":4,"featured_media":5715,"comment_status":"closed","ping_status":"open","sticky":false,"template":"","format":"standard","meta":{"_monsterinsights_skip_tracking":false,"_monsterinsights_sitenote_active":false,"_monsterinsights_sitenote_note":"","_monsterinsights_sitenote_category":0,"footnotes":""},"categories":[17],"tags":[],"class_list":["post-5712","post","type-post","status-publish","format-standard","has-post-thumbnail","hentry","category-comercial"],"yoast_head":"<!-- This site is optimized with the Yoast SEO plugin v16.1.1 - https:\/\/yoast.com\/wordpress\/plugins\/seo\/ -->\n<title>Transporte mar\u00edtimo de contenedores muestra mejor\u00edas, pero se\u00f1ales de recesi\u00f3n impiden celebrar - Noticias Sunrise Cargo<\/title>\n<link rel=\"canonical\" href=\"https:\/\/noticias.sunrisecargo.com\/?p=5712\" \/>\n<meta property=\"og:locale\" content=\"es_ES\" \/>\n<meta property=\"og:type\" content=\"article\" \/>\n<meta property=\"og:title\" content=\"Transporte mar\u00edtimo de contenedores muestra mejor\u00edas, pero se\u00f1ales de recesi\u00f3n impiden celebrar - Noticias Sunrise Cargo\" \/>\n<meta property=\"og:description\" content=\"Economistas concuerdan en que la demanda estadounidense ser\u00e1 clave para definir el pr\u00f3ximo escenario Las tensiones del transporte mar\u00edtimo de contenedores est\u00e1n mejorando seg\u00fan diversos indicadores, pero el final gradual&hellip;\" \/>\n<meta property=\"og:url\" content=\"https:\/\/noticias.sunrisecargo.com\/?p=5712\" \/>\n<meta property=\"og:site_name\" content=\"Noticias Sunrise Cargo\" \/>\n<meta property=\"article:published_time\" content=\"2022-07-18T13:43:23+00:00\" \/>\n<meta property=\"article:modified_time\" content=\"2022-07-18T13:43:25+00:00\" \/>\n<meta property=\"og:image\" content=\"https:\/\/noticias.sunrisecargo.com\/wp-content\/uploads\/2022\/07\/co1-2.jpg\" \/>\n\t<meta property=\"og:image:width\" content=\"800\" \/>\n\t<meta property=\"og:image:height\" content=\"480\" \/>\n<meta name=\"twitter:card\" content=\"summary_large_image\" \/>\n<meta name=\"twitter:label1\" content=\"Est. reading time\">\n\t<meta name=\"twitter:data1\" content=\"4 minutos\">\n<script type=\"application\/ld+json\" class=\"yoast-schema-graph\">{\"@context\":\"https:\/\/schema.org\",\"@graph\":[{\"@type\":\"Organization\",\"@id\":\"https:\/\/noticias.sunrisecargo.com\/#organization\",\"name\":\"Sunrise Cargo SAS\",\"url\":\"https:\/\/noticias.sunrisecargo.com\/\",\"sameAs\":[],\"logo\":{\"@type\":\"ImageObject\",\"@id\":\"https:\/\/noticias.sunrisecargo.com\/#logo\",\"inLanguage\":\"es-CO\",\"url\":\"https:\/\/noticias.sunrisecargo.com\/wp-content\/uploads\/2021\/04\/ICONO-NOTI-SUNRISE.png\",\"contentUrl\":\"https:\/\/noticias.sunrisecargo.com\/wp-content\/uploads\/2021\/04\/ICONO-NOTI-SUNRISE.png\",\"width\":37,\"height\":37,\"caption\":\"Sunrise Cargo SAS\"},\"image\":{\"@id\":\"https:\/\/noticias.sunrisecargo.com\/#logo\"}},{\"@type\":\"WebSite\",\"@id\":\"https:\/\/noticias.sunrisecargo.com\/#website\",\"url\":\"https:\/\/noticias.sunrisecargo.com\/\",\"name\":\"Noticias Sunrise Cargo\",\"description\":\"Noticias de Inter\\u00e9s\",\"publisher\":{\"@id\":\"https:\/\/noticias.sunrisecargo.com\/#organization\"},\"potentialAction\":[{\"@type\":\"SearchAction\",\"target\":\"https:\/\/noticias.sunrisecargo.com\/?s={search_term_string}\",\"query-input\":\"required name=search_term_string\"}],\"inLanguage\":\"es-CO\"},{\"@type\":\"ImageObject\",\"@id\":\"https:\/\/noticias.sunrisecargo.com\/?p=5712#primaryimage\",\"inLanguage\":\"es-CO\",\"url\":\"https:\/\/noticias.sunrisecargo.com\/wp-content\/uploads\/2022\/07\/co1-2.jpg\",\"contentUrl\":\"https:\/\/noticias.sunrisecargo.com\/wp-content\/uploads\/2022\/07\/co1-2.jpg\",\"width\":800,\"height\":480},{\"@type\":\"WebPage\",\"@id\":\"https:\/\/noticias.sunrisecargo.com\/?p=5712#webpage\",\"url\":\"https:\/\/noticias.sunrisecargo.com\/?p=5712\",\"name\":\"Transporte mar\\u00edtimo de contenedores muestra mejor\\u00edas, pero se\\u00f1ales de recesi\\u00f3n impiden celebrar - Noticias Sunrise Cargo\",\"isPartOf\":{\"@id\":\"https:\/\/noticias.sunrisecargo.com\/#website\"},\"primaryImageOfPage\":{\"@id\":\"https:\/\/noticias.sunrisecargo.com\/?p=5712#primaryimage\"},\"datePublished\":\"2022-07-18T13:43:23+00:00\",\"dateModified\":\"2022-07-18T13:43:25+00:00\",\"breadcrumb\":{\"@id\":\"https:\/\/noticias.sunrisecargo.com\/?p=5712#breadcrumb\"},\"inLanguage\":\"es-CO\",\"potentialAction\":[{\"@type\":\"ReadAction\",\"target\":[\"https:\/\/noticias.sunrisecargo.com\/?p=5712\"]}]},{\"@type\":\"BreadcrumbList\",\"@id\":\"https:\/\/noticias.sunrisecargo.com\/?p=5712#breadcrumb\",\"itemListElement\":[{\"@type\":\"ListItem\",\"position\":1,\"item\":{\"@type\":\"WebPage\",\"@id\":\"https:\/\/noticias.sunrisecargo.com\/\",\"url\":\"https:\/\/noticias.sunrisecargo.com\/\",\"name\":\"Home\"}},{\"@type\":\"ListItem\",\"position\":2,\"item\":{\"@type\":\"WebPage\",\"@id\":\"https:\/\/noticias.sunrisecargo.com\/?p=5712\",\"url\":\"https:\/\/noticias.sunrisecargo.com\/?p=5712\",\"name\":\"Transporte mar\\u00edtimo de contenedores muestra mejor\\u00edas, pero se\\u00f1ales de recesi\\u00f3n impiden celebrar\"}}]},{\"@type\":\"Article\",\"@id\":\"https:\/\/noticias.sunrisecargo.com\/?p=5712#article\",\"isPartOf\":{\"@id\":\"https:\/\/noticias.sunrisecargo.com\/?p=5712#webpage\"},\"author\":{\"@id\":\"https:\/\/noticias.sunrisecargo.com\/#\/schema\/person\/6dc68534970689383af81dce59c92bbc\"},\"headline\":\"Transporte mar\\u00edtimo de contenedores muestra mejor\\u00edas, pero se\\u00f1ales de recesi\\u00f3n impiden celebrar\",\"datePublished\":\"2022-07-18T13:43:23+00:00\",\"dateModified\":\"2022-07-18T13:43:25+00:00\",\"mainEntityOfPage\":{\"@id\":\"https:\/\/noticias.sunrisecargo.com\/?p=5712#webpage\"},\"publisher\":{\"@id\":\"https:\/\/noticias.sunrisecargo.com\/#organization\"},\"image\":{\"@id\":\"https:\/\/noticias.sunrisecargo.com\/?p=5712#primaryimage\"},\"articleSection\":\"Comercial\",\"inLanguage\":\"es-CO\"},{\"@type\":\"Person\",\"@id\":\"https:\/\/noticias.sunrisecargo.com\/#\/schema\/person\/6dc68534970689383af81dce59c92bbc\",\"name\":\"Sunrise Cargo\",\"image\":{\"@type\":\"ImageObject\",\"@id\":\"https:\/\/noticias.sunrisecargo.com\/#personlogo\",\"inLanguage\":\"es-CO\",\"url\":\"https:\/\/secure.gravatar.com\/avatar\/064fc68894aee252e3d51c81d7d0798bc56bf526018995fa222e730d9052fdd8?s=96&d=mm&r=g\",\"contentUrl\":\"https:\/\/secure.gravatar.com\/avatar\/064fc68894aee252e3d51c81d7d0798bc56bf526018995fa222e730d9052fdd8?s=96&d=mm&r=g\",\"caption\":\"Sunrise Cargo\"},\"sameAs\":[\"http:\/\/noticias.sunrisecargo.com\"]}]}<\/script>\n<!-- \/ Yoast SEO plugin. -->","_links":{"self":[{"href":"https:\/\/noticias.sunrisecargo.com\/index.php?rest_route=\/wp\/v2\/posts\/5712","targetHints":{"allow":["GET"]}}],"collection":[{"href":"https:\/\/noticias.sunrisecargo.com\/index.php?rest_route=\/wp\/v2\/posts"}],"about":[{"href":"https:\/\/noticias.sunrisecargo.com\/index.php?rest_route=\/wp\/v2\/types\/post"}],"author":[{"embeddable":true,"href":"https:\/\/noticias.sunrisecargo.com\/index.php?rest_route=\/wp\/v2\/users\/4"}],"replies":[{"embeddable":true,"href":"https:\/\/noticias.sunrisecargo.com\/index.php?rest_route=%2Fwp%2Fv2%2Fcomments&post=5712"}],"version-history":[{"count":1,"href":"https:\/\/noticias.sunrisecargo.com\/index.php?rest_route=\/wp\/v2\/posts\/5712\/revisions"}],"predecessor-version":[{"id":5716,"href":"https:\/\/noticias.sunrisecargo.com\/index.php?rest_route=\/wp\/v2\/posts\/5712\/revisions\/5716"}],"wp:featuredmedia":[{"embeddable":true,"href":"https:\/\/noticias.sunrisecargo.com\/index.php?rest_route=\/wp\/v2\/media\/5715"}],"wp:attachment":[{"href":"https:\/\/noticias.sunrisecargo.com\/index.php?rest_route=%2Fwp%2Fv2%2Fmedia&parent=5712"}],"wp:term":[{"taxonomy":"category","embeddable":true,"href":"https:\/\/noticias.sunrisecargo.com\/index.php?rest_route=%2Fwp%2Fv2%2Fcategories&post=5712"},{"taxonomy":"post_tag","embeddable":true,"href":"https:\/\/noticias.sunrisecargo.com\/index.php?rest_route=%2Fwp%2Fv2%2Ftags&post=5712"}],"curies":[{"name":"wp","href":"https:\/\/api.w.org\/{rel}","templated":true}]}}