{"id":5692,"date":"2022-07-18T08:00:00","date_gmt":"2022-07-18T13:00:00","guid":{"rendered":"https:\/\/noticias.sunrisecargo.com\/?p=5692"},"modified":"2022-07-17T16:45:25","modified_gmt":"2022-07-17T21:45:25","slug":"existe-preocupacion-en-el-puerto-de-barranquilla-por-casos-de-buques-encallados","status":"publish","type":"post","link":"https:\/\/noticias.sunrisecargo.com\/?p=5692","title":{"rendered":"Existe preocupaci\u00f3n en el puerto de Barranquilla por casos de buques encallados"},"content":{"rendered":"\n<figure class=\"wp-block-image size-large\"><img loading=\"lazy\" decoding=\"async\" width=\"1024\" height=\"593\" src=\"https:\/\/noticias.sunrisecargo.com\/wp-content\/uploads\/2022\/07\/image-14-1024x593.png\" alt=\"\" class=\"wp-image-5693\" srcset=\"https:\/\/noticias.sunrisecargo.com\/wp-content\/uploads\/2022\/07\/image-14-1024x593.png 1024w, https:\/\/noticias.sunrisecargo.com\/wp-content\/uploads\/2022\/07\/image-14-300x174.png 300w, https:\/\/noticias.sunrisecargo.com\/wp-content\/uploads\/2022\/07\/image-14-768x444.png 768w, https:\/\/noticias.sunrisecargo.com\/wp-content\/uploads\/2022\/07\/image-14.png 1080w\" sizes=\"auto, (max-width: 1024px) 100vw, 1024px\" \/><\/figure>\n\n\n\n<p>El \u00faltimo episodio fue el del granelero &#8220;Smew&#8221; que transportaba m\u00e1s de 21 mil toneladas de carb\u00f3n<\/p>\n\n\n\n<p><\/p>\n\n\n\n<p>El encallamiento del granelero \u201cSmew\u201d ocurrido el 10 de julio durante una maniobra de zarpe desde el Puerto de Barranquilla ha generado preocupaci\u00f3n en el sector portuario. La nave perteneciente al Registro de Buques de Chipre, transportaba 21.881 toneladas de carb\u00f3n coque hacia el Puerto de Usiba (Brasil), inform\u00f3&nbsp;<em>El Heraldo<\/em>.<\/p>\n\n\n\n<p>Al respecto, Lucas Ariza, director Ejecutivo de Asoportuaria, indic\u00f3 que por tonelada se presenta un sobrecosto de US$30. \u201cCada aligerada est\u00e1 aproximadamente en US$30 por tonelada. La divisa, as\u00ed como est\u00e1, no ayuda en nada. Es un panorama complejo, sobre todo para clientes y usuarios\u201d, dijo Ariza.<\/p>\n\n\n\n<p>Adem\u00e1s, seg\u00fan un reporte entregado por el propio Ariza, dos buques han resultado encallados en Bocas de Ceniza a lo largo del presente a\u00f1o, mientras que cuatro han tenido que aligerar carga en otros puertos de la regi\u00f3n Caribe.<\/p>\n\n\n\n<p>Sostuvo adem\u00e1s que \u201cen ese instante, los buques que deb\u00edan zarpar o ingresar no lo pudieron hacer, generando sobrecostos\u201d. Al respecto, el jefe&nbsp;de la Oficina de Asuntos Portuarios de Barranquilla, Jos\u00e9 C\u00farvelo, detall\u00f3 que, debido a la emergencia del domingo, un buque de 9,2 metros de calado, que estaba programado para ingresar a la zona portuaria de la capital del Atl\u00e1ntico, tuvo que ser desviado.<\/p>\n\n\n\n<p>Curvelo a\u00f1adi\u00f3 que el invierno ha estado bastante fuerte por lo que se requiere redoblar esfuerzos. \u201cLa sedimentaci\u00f3n ha sido muy alta en el \u00faltimo mes y esta se ha concentrado en Bocas de Ceniza, lo que ha afectado la profundidad y el calado\u201d.&nbsp;<\/p>\n\n\n\n<p>En lo que respecta al granelero \u201cSmew\u201d, el capit\u00e1n del Puerto de Barranquilla, Jes\u00fas Zambrano, inform\u00f3 que el buque actualmente se encuentra en el \u00e1rea de fondeo externo, localizada fuera de Bocas de Ceniza. Agreg\u00f3 que en la embarcaci\u00f3n permanecen alrededor de 18 tripulantes.&nbsp;<\/p>\n\n\n\n<p>Cabe mencionar que a la emergencia acudieron cinco remolcadores que tras nueve horas de trabajo logr\u00f3 ser liberado.&nbsp;<\/p>\n\n\n\n<p>Tambi\u00e9n, Zambrano record\u00f3 que el calado operacional en el canal de acceso a la zona portuaria se encuentra en 8 metros.<\/p>\n\n\n\n<p><\/p>\n\n\n\n<p>Fuente: <a href=\"https:\/\/www.mundomaritimo.cl\/noticias\/existe-preocupacion-en-el-puerto-de-barranquilla-por-casos-de-buques-encallados\">https:\/\/www.mundomaritimo.cl\/noticias\/existe-preocupacion-en-el-puerto-de-barranquilla-por-casos-de-buques-encallados<\/a><\/p>\n","protected":false},"excerpt":{"rendered":"<p>El \u00faltimo episodio fue el del granelero &#8220;Smew&#8221; que transportaba m\u00e1s de 21 mil toneladas de carb\u00f3n El encallamiento del granelero \u201cSmew\u201d ocurrido el 10 de julio durante una maniobra&hellip; <\/p>\n","protected":false},"author":4,"featured_media":5695,"comment_status":"closed","ping_status":"open","sticky":false,"template":"","format":"standard","meta":{"_monsterinsights_skip_tracking":false,"_monsterinsights_sitenote_active":false,"_monsterinsights_sitenote_note":"","_monsterinsights_sitenote_category":0,"footnotes":""},"categories":[19],"tags":[],"class_list":["post-5692","post","type-post","status-publish","format-standard","has-post-thumbnail","hentry","category-operaciones"],"yoast_head":"<!-- This site is optimized with the Yoast SEO plugin v16.1.1 - https:\/\/yoast.com\/wordpress\/plugins\/seo\/ -->\n<title>Existe preocupaci\u00f3n en el puerto de Barranquilla por casos de buques encallados - Noticias Sunrise Cargo<\/title>\n<link rel=\"canonical\" href=\"https:\/\/noticias.sunrisecargo.com\/?p=5692\" \/>\n<meta property=\"og:locale\" content=\"es_ES\" \/>\n<meta property=\"og:type\" content=\"article\" \/>\n<meta property=\"og:title\" content=\"Existe preocupaci\u00f3n en el puerto de Barranquilla por casos de buques encallados - Noticias Sunrise Cargo\" \/>\n<meta property=\"og:description\" content=\"El \u00faltimo episodio fue el del granelero &#8220;Smew&#8221; que transportaba m\u00e1s de 21 mil toneladas de carb\u00f3n El encallamiento del granelero \u201cSmew\u201d ocurrido el 10 de julio durante una maniobra&hellip;\" \/>\n<meta property=\"og:url\" content=\"https:\/\/noticias.sunrisecargo.com\/?p=5692\" \/>\n<meta property=\"og:site_name\" content=\"Noticias Sunrise Cargo\" \/>\n<meta property=\"article:published_time\" content=\"2022-07-18T13:00:00+00:00\" \/>\n<meta property=\"article:modified_time\" content=\"2022-07-17T21:45:25+00:00\" \/>\n<meta property=\"og:image\" content=\"https:\/\/noticias.sunrisecargo.com\/wp-content\/uploads\/2022\/07\/op1-1.jpg\" \/>\n\t<meta property=\"og:image:width\" content=\"800\" \/>\n\t<meta property=\"og:image:height\" content=\"480\" \/>\n<meta name=\"twitter:card\" content=\"summary_large_image\" \/>\n<meta name=\"twitter:label1\" content=\"Est. reading time\">\n\t<meta name=\"twitter:data1\" content=\"2 minutos\">\n<script type=\"application\/ld+json\" class=\"yoast-schema-graph\">{\"@context\":\"https:\/\/schema.org\",\"@graph\":[{\"@type\":\"Organization\",\"@id\":\"https:\/\/noticias.sunrisecargo.com\/#organization\",\"name\":\"Sunrise Cargo SAS\",\"url\":\"https:\/\/noticias.sunrisecargo.com\/\",\"sameAs\":[],\"logo\":{\"@type\":\"ImageObject\",\"@id\":\"https:\/\/noticias.sunrisecargo.com\/#logo\",\"inLanguage\":\"es-CO\",\"url\":\"https:\/\/noticias.sunrisecargo.com\/wp-content\/uploads\/2021\/04\/ICONO-NOTI-SUNRISE.png\",\"contentUrl\":\"https:\/\/noticias.sunrisecargo.com\/wp-content\/uploads\/2021\/04\/ICONO-NOTI-SUNRISE.png\",\"width\":37,\"height\":37,\"caption\":\"Sunrise Cargo SAS\"},\"image\":{\"@id\":\"https:\/\/noticias.sunrisecargo.com\/#logo\"}},{\"@type\":\"WebSite\",\"@id\":\"https:\/\/noticias.sunrisecargo.com\/#website\",\"url\":\"https:\/\/noticias.sunrisecargo.com\/\",\"name\":\"Noticias Sunrise Cargo\",\"description\":\"Noticias de Inter\\u00e9s\",\"publisher\":{\"@id\":\"https:\/\/noticias.sunrisecargo.com\/#organization\"},\"potentialAction\":[{\"@type\":\"SearchAction\",\"target\":\"https:\/\/noticias.sunrisecargo.com\/?s={search_term_string}\",\"query-input\":\"required name=search_term_string\"}],\"inLanguage\":\"es-CO\"},{\"@type\":\"ImageObject\",\"@id\":\"https:\/\/noticias.sunrisecargo.com\/?p=5692#primaryimage\",\"inLanguage\":\"es-CO\",\"url\":\"https:\/\/noticias.sunrisecargo.com\/wp-content\/uploads\/2022\/07\/op1-1.jpg\",\"contentUrl\":\"https:\/\/noticias.sunrisecargo.com\/wp-content\/uploads\/2022\/07\/op1-1.jpg\",\"width\":800,\"height\":480},{\"@type\":\"WebPage\",\"@id\":\"https:\/\/noticias.sunrisecargo.com\/?p=5692#webpage\",\"url\":\"https:\/\/noticias.sunrisecargo.com\/?p=5692\",\"name\":\"Existe preocupaci\\u00f3n en el puerto de Barranquilla por casos de buques encallados - Noticias Sunrise Cargo\",\"isPartOf\":{\"@id\":\"https:\/\/noticias.sunrisecargo.com\/#website\"},\"primaryImageOfPage\":{\"@id\":\"https:\/\/noticias.sunrisecargo.com\/?p=5692#primaryimage\"},\"datePublished\":\"2022-07-18T13:00:00+00:00\",\"dateModified\":\"2022-07-17T21:45:25+00:00\",\"breadcrumb\":{\"@id\":\"https:\/\/noticias.sunrisecargo.com\/?p=5692#breadcrumb\"},\"inLanguage\":\"es-CO\",\"potentialAction\":[{\"@type\":\"ReadAction\",\"target\":[\"https:\/\/noticias.sunrisecargo.com\/?p=5692\"]}]},{\"@type\":\"BreadcrumbList\",\"@id\":\"https:\/\/noticias.sunrisecargo.com\/?p=5692#breadcrumb\",\"itemListElement\":[{\"@type\":\"ListItem\",\"position\":1,\"item\":{\"@type\":\"WebPage\",\"@id\":\"https:\/\/noticias.sunrisecargo.com\/\",\"url\":\"https:\/\/noticias.sunrisecargo.com\/\",\"name\":\"Home\"}},{\"@type\":\"ListItem\",\"position\":2,\"item\":{\"@type\":\"WebPage\",\"@id\":\"https:\/\/noticias.sunrisecargo.com\/?p=5692\",\"url\":\"https:\/\/noticias.sunrisecargo.com\/?p=5692\",\"name\":\"Existe preocupaci\\u00f3n en el puerto de Barranquilla por casos de buques encallados\"}}]},{\"@type\":\"Article\",\"@id\":\"https:\/\/noticias.sunrisecargo.com\/?p=5692#article\",\"isPartOf\":{\"@id\":\"https:\/\/noticias.sunrisecargo.com\/?p=5692#webpage\"},\"author\":{\"@id\":\"https:\/\/noticias.sunrisecargo.com\/#\/schema\/person\/6dc68534970689383af81dce59c92bbc\"},\"headline\":\"Existe preocupaci\\u00f3n en el puerto de Barranquilla por casos de buques encallados\",\"datePublished\":\"2022-07-18T13:00:00+00:00\",\"dateModified\":\"2022-07-17T21:45:25+00:00\",\"mainEntityOfPage\":{\"@id\":\"https:\/\/noticias.sunrisecargo.com\/?p=5692#webpage\"},\"publisher\":{\"@id\":\"https:\/\/noticias.sunrisecargo.com\/#organization\"},\"image\":{\"@id\":\"https:\/\/noticias.sunrisecargo.com\/?p=5692#primaryimage\"},\"articleSection\":\"Operaciones\",\"inLanguage\":\"es-CO\"},{\"@type\":\"Person\",\"@id\":\"https:\/\/noticias.sunrisecargo.com\/#\/schema\/person\/6dc68534970689383af81dce59c92bbc\",\"name\":\"Sunrise Cargo\",\"image\":{\"@type\":\"ImageObject\",\"@id\":\"https:\/\/noticias.sunrisecargo.com\/#personlogo\",\"inLanguage\":\"es-CO\",\"url\":\"https:\/\/secure.gravatar.com\/avatar\/064fc68894aee252e3d51c81d7d0798bc56bf526018995fa222e730d9052fdd8?s=96&d=mm&r=g\",\"contentUrl\":\"https:\/\/secure.gravatar.com\/avatar\/064fc68894aee252e3d51c81d7d0798bc56bf526018995fa222e730d9052fdd8?s=96&d=mm&r=g\",\"caption\":\"Sunrise Cargo\"},\"sameAs\":[\"http:\/\/noticias.sunrisecargo.com\"]}]}<\/script>\n<!-- \/ Yoast SEO plugin. -->","_links":{"self":[{"href":"https:\/\/noticias.sunrisecargo.com\/index.php?rest_route=\/wp\/v2\/posts\/5692","targetHints":{"allow":["GET"]}}],"collection":[{"href":"https:\/\/noticias.sunrisecargo.com\/index.php?rest_route=\/wp\/v2\/posts"}],"about":[{"href":"https:\/\/noticias.sunrisecargo.com\/index.php?rest_route=\/wp\/v2\/types\/post"}],"author":[{"embeddable":true,"href":"https:\/\/noticias.sunrisecargo.com\/index.php?rest_route=\/wp\/v2\/users\/4"}],"replies":[{"embeddable":true,"href":"https:\/\/noticias.sunrisecargo.com\/index.php?rest_route=%2Fwp%2Fv2%2Fcomments&post=5692"}],"version-history":[{"count":1,"href":"https:\/\/noticias.sunrisecargo.com\/index.php?rest_route=\/wp\/v2\/posts\/5692\/revisions"}],"predecessor-version":[{"id":5694,"href":"https:\/\/noticias.sunrisecargo.com\/index.php?rest_route=\/wp\/v2\/posts\/5692\/revisions\/5694"}],"wp:featuredmedia":[{"embeddable":true,"href":"https:\/\/noticias.sunrisecargo.com\/index.php?rest_route=\/wp\/v2\/media\/5695"}],"wp:attachment":[{"href":"https:\/\/noticias.sunrisecargo.com\/index.php?rest_route=%2Fwp%2Fv2%2Fmedia&parent=5692"}],"wp:term":[{"taxonomy":"category","embeddable":true,"href":"https:\/\/noticias.sunrisecargo.com\/index.php?rest_route=%2Fwp%2Fv2%2Fcategories&post=5692"},{"taxonomy":"post_tag","embeddable":true,"href":"https:\/\/noticias.sunrisecargo.com\/index.php?rest_route=%2Fwp%2Fv2%2Ftags&post=5692"}],"curies":[{"name":"wp","href":"https:\/\/api.w.org\/{rel}","templated":true}]}}