{"id":5691,"date":"2022-07-18T08:00:00","date_gmt":"2022-07-18T13:00:00","guid":{"rendered":"https:\/\/noticias.sunrisecargo.com\/?p=5691"},"modified":"2022-07-17T17:08:12","modified_gmt":"2022-07-17T22:08:12","slug":"latam-group-planea-un-crecimiento-importante-en-el-mercado-de-carga-aerea","status":"publish","type":"post","link":"https:\/\/noticias.sunrisecargo.com\/?p=5691","title":{"rendered":"LATAM Group planea un crecimiento importante en el mercado de carga a\u00e9rea"},"content":{"rendered":"\n<figure class=\"wp-block-image size-large\"><img loading=\"lazy\" decoding=\"async\" width=\"1024\" height=\"538\" src=\"https:\/\/noticias.sunrisecargo.com\/wp-content\/uploads\/2022\/07\/image-16-1024x538.png\" alt=\"\" class=\"wp-image-5697\" srcset=\"https:\/\/noticias.sunrisecargo.com\/wp-content\/uploads\/2022\/07\/image-16-1024x538.png 1024w, https:\/\/noticias.sunrisecargo.com\/wp-content\/uploads\/2022\/07\/image-16-300x158.png 300w, https:\/\/noticias.sunrisecargo.com\/wp-content\/uploads\/2022\/07\/image-16-768x403.png 768w, https:\/\/noticias.sunrisecargo.com\/wp-content\/uploads\/2022\/07\/image-16.png 1080w\" sizes=\"auto, (max-width: 1024px) 100vw, 1024px\" \/><\/figure>\n\n\n\n<p><\/p>\n\n\n\n<p><a href=\"https:\/\/www.latamcargo.com\/en\/\"><strong>LATAM Group<\/strong>\u00a0<\/a>dio a conocer una planificaci\u00f3n importante para expandirse en el mercado de carga a\u00e9rea entre Am\u00e9rica y Europa.<\/p>\n\n\n\n<p>El plan se ejecutar\u00e1 durante el segundo semestre de 2022, a\u00f1adiendo m\u00e1s frecuencias a sus destinos existentes, ampliando su red transatl\u00e1ntica entre el Viejo Continente y ciudades estrat\u00e9gicas en Estados Unidos, adem\u00e1s de desarrollar una mayor conectividad con Centroam\u00e9rica y Sudam\u00e9rica a trav\u00e9s de Miami y Nueva York.<\/p>\n\n\n\n<p>La compa\u00f1\u00eda duplicar\u00e1 su capacidad entre Am\u00e9rica y Europa, incrementando un 85% sus frecuencias semanales pasando de 7 a 13, lo que representa un crecimiento del 160% con respecto a niveles previos a la pandemia.<\/p>\n\n\n\n<p>Asimismo, se dar\u00e1 apertura a nuevas rutas entre Am\u00e9rica y Europa que ser\u00e1n atendidas por aeronaves cargueras operadas por LATAM Cargo Colombia.<\/p>\n\n\n\n<p><strong>Itinerario de vuelos<\/strong><\/p>\n\n\n\n<ul class=\"wp-block-list\"><li>\u00c1msterdam (AMS) \u2013 Nueva York (JFK) \u2013 Bogot\u00e1 (BOG)<\/li><li>\u00c1msterdam (AMS) \u2013 Miami (MIA) \u2013 Bogot\u00e1 (BOG)<\/li><li>\u00c1msterdam (AMS) \u2013 Nueva York (JFK) \u2013 Viracopos (VCP) \u2013 Bogot\u00e1 (BOG)<\/li><li>\u00c1msterdam (AMS) \u2013 Miami (MIA) \u2013 Viracopos (VCP) \u2013 Bogot\u00e1 (BOG)<\/li><li>\u00c1msterdam (AMS) \u2013 Madrid (MAD) \u2013 Nueva York (JFK) \u2013 Bogot\u00e1 (BOG)<\/li><li>\u00c1msterdam (AMS) \u2013 Madrid (MAD) \u2013 Miami (MIA) \u2013 Bogot\u00e1 (BOG)<\/li><\/ul>\n\n\n\n<p><em>Cada ruta ser\u00e1 operada con dos vuelos semanales.<\/em><\/p>\n\n\n\n<figure class=\"wp-block-image size-full\"><img loading=\"lazy\" decoding=\"async\" width=\"844\" height=\"844\" src=\"https:\/\/noticias.sunrisecargo.com\/wp-content\/uploads\/2022\/07\/image-15.png\" alt=\"\" class=\"wp-image-5696\" srcset=\"https:\/\/noticias.sunrisecargo.com\/wp-content\/uploads\/2022\/07\/image-15.png 844w, https:\/\/noticias.sunrisecargo.com\/wp-content\/uploads\/2022\/07\/image-15-300x300.png 300w, https:\/\/noticias.sunrisecargo.com\/wp-content\/uploads\/2022\/07\/image-15-150x150.png 150w, https:\/\/noticias.sunrisecargo.com\/wp-content\/uploads\/2022\/07\/image-15-768x768.png 768w\" sizes=\"auto, (max-width: 844px) 100vw, 844px\" \/><\/figure>\n\n\n\n<p>Adem\u00e1s, LATAM conectar\u00e1 Europa y Brasil con Miami como punto conexi\u00f3n incrementando su servicio a San Pablo, con un total de nueve vuelos semanales operados por LATAM Cargo Colombia.<\/p>\n\n\n\n<p>\u201cEl crecimiento de nuestra red de carga, sumado a las mejoras a nuestros sistemas a trav\u00e9s de Croamis y los nuevos canales de distribuci\u00f3n que ponen a disposici\u00f3n capacidad, reflejan el compromiso de LATAM y sus filiales de carga de ofrecer m\u00e1s y mejores alternativas a nuestros clientes y brindar la soluci\u00f3n. de excelencia que requieren nuestros clientes para conectar el mundo con Sudam\u00e9rica\u201d, coment\u00f3 Andr\u00e9s Bianchi, CEO de LATAM Cargo.<\/p>\n\n\n\n<p>La reciente oferta es el resultado de la flexibilidad obtenida a trav\u00e9s de la expansi\u00f3n de las filiales de carga de LATAM, as\u00ed como la versatilidad de los Boeing B767F para manejar una amplia variedad de rutas y optimizar la conectividad en el hub de Miami (MIA). Actualmente, los operadores de carga de LATAM Group tiene 14 aeronaves de carga y se espera que este n\u00famero aumente a 16 para fin de a\u00f1o.<\/p>\n\n\n\n<p>Para el 2023 la compa\u00f1\u00eda planea tener una flota de 21 Boeing 767F con una edad promedio de 14 a\u00f1os.<\/p>\n\n\n\n<p><\/p>\n\n\n\n<p>Fuente: <a href=\"https:\/\/www.aviacionline.com\/2022\/07\/latam-group-planea-un-crecimiento-importante-en-el-mercado-de-carga-aerea\/\">https:\/\/www.aviacionline.com\/2022\/07\/latam-group-planea-un-crecimiento-importante-en-el-mercado-de-carga-aerea\/<\/a><\/p>\n","protected":false},"excerpt":{"rendered":"<p>LATAM Group\u00a0dio a conocer una planificaci\u00f3n importante para expandirse en el mercado de carga a\u00e9rea entre Am\u00e9rica y Europa. El plan se ejecutar\u00e1 durante el segundo semestre de 2022, a\u00f1adiendo&hellip; <\/p>\n","protected":false},"author":4,"featured_media":5698,"comment_status":"closed","ping_status":"open","sticky":false,"template":"","format":"standard","meta":{"_monsterinsights_skip_tracking":false,"_monsterinsights_sitenote_active":false,"_monsterinsights_sitenote_note":"","_monsterinsights_sitenote_category":0,"footnotes":""},"categories":[19],"tags":[],"class_list":["post-5691","post","type-post","status-publish","format-standard","has-post-thumbnail","hentry","category-operaciones"],"yoast_head":"<!-- This site is optimized with the Yoast SEO plugin v16.1.1 - https:\/\/yoast.com\/wordpress\/plugins\/seo\/ -->\n<title>LATAM Group planea un crecimiento importante en el mercado de carga a\u00e9rea - Noticias Sunrise Cargo<\/title>\n<link rel=\"canonical\" href=\"https:\/\/noticias.sunrisecargo.com\/?p=5691\" \/>\n<meta property=\"og:locale\" content=\"es_ES\" \/>\n<meta property=\"og:type\" content=\"article\" \/>\n<meta property=\"og:title\" content=\"LATAM Group planea un crecimiento importante en el mercado de carga a\u00e9rea - Noticias Sunrise Cargo\" \/>\n<meta property=\"og:description\" content=\"LATAM Group\u00a0dio a conocer una planificaci\u00f3n importante para expandirse en el mercado de carga a\u00e9rea entre Am\u00e9rica y Europa. El plan se ejecutar\u00e1 durante el segundo semestre de 2022, a\u00f1adiendo&hellip;\" \/>\n<meta property=\"og:url\" content=\"https:\/\/noticias.sunrisecargo.com\/?p=5691\" \/>\n<meta property=\"og:site_name\" content=\"Noticias Sunrise Cargo\" \/>\n<meta property=\"article:published_time\" content=\"2022-07-18T13:00:00+00:00\" \/>\n<meta property=\"article:modified_time\" content=\"2022-07-17T22:08:12+00:00\" \/>\n<meta property=\"og:image\" content=\"https:\/\/noticias.sunrisecargo.com\/wp-content\/uploads\/2022\/07\/op2-2.jpg\" \/>\n\t<meta property=\"og:image:width\" content=\"800\" \/>\n\t<meta property=\"og:image:height\" content=\"480\" \/>\n<meta name=\"twitter:card\" content=\"summary_large_image\" \/>\n<meta name=\"twitter:label1\" content=\"Est. reading time\">\n\t<meta name=\"twitter:data1\" content=\"3 minutos\">\n<script type=\"application\/ld+json\" class=\"yoast-schema-graph\">{\"@context\":\"https:\/\/schema.org\",\"@graph\":[{\"@type\":\"Organization\",\"@id\":\"https:\/\/noticias.sunrisecargo.com\/#organization\",\"name\":\"Sunrise Cargo SAS\",\"url\":\"https:\/\/noticias.sunrisecargo.com\/\",\"sameAs\":[],\"logo\":{\"@type\":\"ImageObject\",\"@id\":\"https:\/\/noticias.sunrisecargo.com\/#logo\",\"inLanguage\":\"es-CO\",\"url\":\"https:\/\/noticias.sunrisecargo.com\/wp-content\/uploads\/2021\/04\/ICONO-NOTI-SUNRISE.png\",\"contentUrl\":\"https:\/\/noticias.sunrisecargo.com\/wp-content\/uploads\/2021\/04\/ICONO-NOTI-SUNRISE.png\",\"width\":37,\"height\":37,\"caption\":\"Sunrise Cargo SAS\"},\"image\":{\"@id\":\"https:\/\/noticias.sunrisecargo.com\/#logo\"}},{\"@type\":\"WebSite\",\"@id\":\"https:\/\/noticias.sunrisecargo.com\/#website\",\"url\":\"https:\/\/noticias.sunrisecargo.com\/\",\"name\":\"Noticias Sunrise Cargo\",\"description\":\"Noticias de Inter\\u00e9s\",\"publisher\":{\"@id\":\"https:\/\/noticias.sunrisecargo.com\/#organization\"},\"potentialAction\":[{\"@type\":\"SearchAction\",\"target\":\"https:\/\/noticias.sunrisecargo.com\/?s={search_term_string}\",\"query-input\":\"required name=search_term_string\"}],\"inLanguage\":\"es-CO\"},{\"@type\":\"ImageObject\",\"@id\":\"https:\/\/noticias.sunrisecargo.com\/?p=5691#primaryimage\",\"inLanguage\":\"es-CO\",\"url\":\"https:\/\/noticias.sunrisecargo.com\/wp-content\/uploads\/2022\/07\/op2-2.jpg\",\"contentUrl\":\"https:\/\/noticias.sunrisecargo.com\/wp-content\/uploads\/2022\/07\/op2-2.jpg\",\"width\":800,\"height\":480},{\"@type\":\"WebPage\",\"@id\":\"https:\/\/noticias.sunrisecargo.com\/?p=5691#webpage\",\"url\":\"https:\/\/noticias.sunrisecargo.com\/?p=5691\",\"name\":\"LATAM Group planea un crecimiento importante en el mercado de carga a\\u00e9rea - Noticias Sunrise Cargo\",\"isPartOf\":{\"@id\":\"https:\/\/noticias.sunrisecargo.com\/#website\"},\"primaryImageOfPage\":{\"@id\":\"https:\/\/noticias.sunrisecargo.com\/?p=5691#primaryimage\"},\"datePublished\":\"2022-07-18T13:00:00+00:00\",\"dateModified\":\"2022-07-17T22:08:12+00:00\",\"breadcrumb\":{\"@id\":\"https:\/\/noticias.sunrisecargo.com\/?p=5691#breadcrumb\"},\"inLanguage\":\"es-CO\",\"potentialAction\":[{\"@type\":\"ReadAction\",\"target\":[\"https:\/\/noticias.sunrisecargo.com\/?p=5691\"]}]},{\"@type\":\"BreadcrumbList\",\"@id\":\"https:\/\/noticias.sunrisecargo.com\/?p=5691#breadcrumb\",\"itemListElement\":[{\"@type\":\"ListItem\",\"position\":1,\"item\":{\"@type\":\"WebPage\",\"@id\":\"https:\/\/noticias.sunrisecargo.com\/\",\"url\":\"https:\/\/noticias.sunrisecargo.com\/\",\"name\":\"Home\"}},{\"@type\":\"ListItem\",\"position\":2,\"item\":{\"@type\":\"WebPage\",\"@id\":\"https:\/\/noticias.sunrisecargo.com\/?p=5691\",\"url\":\"https:\/\/noticias.sunrisecargo.com\/?p=5691\",\"name\":\"LATAM Group planea un crecimiento importante en el mercado de carga a\\u00e9rea\"}}]},{\"@type\":\"Article\",\"@id\":\"https:\/\/noticias.sunrisecargo.com\/?p=5691#article\",\"isPartOf\":{\"@id\":\"https:\/\/noticias.sunrisecargo.com\/?p=5691#webpage\"},\"author\":{\"@id\":\"https:\/\/noticias.sunrisecargo.com\/#\/schema\/person\/6dc68534970689383af81dce59c92bbc\"},\"headline\":\"LATAM Group planea un crecimiento importante en el mercado de carga a\\u00e9rea\",\"datePublished\":\"2022-07-18T13:00:00+00:00\",\"dateModified\":\"2022-07-17T22:08:12+00:00\",\"mainEntityOfPage\":{\"@id\":\"https:\/\/noticias.sunrisecargo.com\/?p=5691#webpage\"},\"publisher\":{\"@id\":\"https:\/\/noticias.sunrisecargo.com\/#organization\"},\"image\":{\"@id\":\"https:\/\/noticias.sunrisecargo.com\/?p=5691#primaryimage\"},\"articleSection\":\"Operaciones\",\"inLanguage\":\"es-CO\"},{\"@type\":\"Person\",\"@id\":\"https:\/\/noticias.sunrisecargo.com\/#\/schema\/person\/6dc68534970689383af81dce59c92bbc\",\"name\":\"Sunrise Cargo\",\"image\":{\"@type\":\"ImageObject\",\"@id\":\"https:\/\/noticias.sunrisecargo.com\/#personlogo\",\"inLanguage\":\"es-CO\",\"url\":\"https:\/\/secure.gravatar.com\/avatar\/064fc68894aee252e3d51c81d7d0798bc56bf526018995fa222e730d9052fdd8?s=96&d=mm&r=g\",\"contentUrl\":\"https:\/\/secure.gravatar.com\/avatar\/064fc68894aee252e3d51c81d7d0798bc56bf526018995fa222e730d9052fdd8?s=96&d=mm&r=g\",\"caption\":\"Sunrise Cargo\"},\"sameAs\":[\"http:\/\/noticias.sunrisecargo.com\"]}]}<\/script>\n<!-- \/ Yoast SEO plugin. -->","_links":{"self":[{"href":"https:\/\/noticias.sunrisecargo.com\/index.php?rest_route=\/wp\/v2\/posts\/5691","targetHints":{"allow":["GET"]}}],"collection":[{"href":"https:\/\/noticias.sunrisecargo.com\/index.php?rest_route=\/wp\/v2\/posts"}],"about":[{"href":"https:\/\/noticias.sunrisecargo.com\/index.php?rest_route=\/wp\/v2\/types\/post"}],"author":[{"embeddable":true,"href":"https:\/\/noticias.sunrisecargo.com\/index.php?rest_route=\/wp\/v2\/users\/4"}],"replies":[{"embeddable":true,"href":"https:\/\/noticias.sunrisecargo.com\/index.php?rest_route=%2Fwp%2Fv2%2Fcomments&post=5691"}],"version-history":[{"count":1,"href":"https:\/\/noticias.sunrisecargo.com\/index.php?rest_route=\/wp\/v2\/posts\/5691\/revisions"}],"predecessor-version":[{"id":5699,"href":"https:\/\/noticias.sunrisecargo.com\/index.php?rest_route=\/wp\/v2\/posts\/5691\/revisions\/5699"}],"wp:featuredmedia":[{"embeddable":true,"href":"https:\/\/noticias.sunrisecargo.com\/index.php?rest_route=\/wp\/v2\/media\/5698"}],"wp:attachment":[{"href":"https:\/\/noticias.sunrisecargo.com\/index.php?rest_route=%2Fwp%2Fv2%2Fmedia&parent=5691"}],"wp:term":[{"taxonomy":"category","embeddable":true,"href":"https:\/\/noticias.sunrisecargo.com\/index.php?rest_route=%2Fwp%2Fv2%2Fcategories&post=5691"},{"taxonomy":"post_tag","embeddable":true,"href":"https:\/\/noticias.sunrisecargo.com\/index.php?rest_route=%2Fwp%2Fv2%2Ftags&post=5691"}],"curies":[{"name":"wp","href":"https:\/\/api.w.org\/{rel}","templated":true}]}}