{"id":5674,"date":"2022-07-11T16:02:26","date_gmt":"2022-07-11T21:02:26","guid":{"rendered":"https:\/\/noticias.sunrisecargo.com\/?p=5674"},"modified":"2022-07-11T16:02:29","modified_gmt":"2022-07-11T21:02:29","slug":"alivio-de-las-restricciones-en-china-por-omicron-impulsan-sector-de-carga-aerea-en-mayo","status":"publish","type":"post","link":"https:\/\/noticias.sunrisecargo.com\/?p=5674","title":{"rendered":"Alivio de las restricciones en China por \u00f3micron impulsan sector de carga a\u00e9rea en mayo"},"content":{"rendered":"\n<figure class=\"wp-block-image size-large\"><img loading=\"lazy\" decoding=\"async\" width=\"1024\" height=\"632\" src=\"https:\/\/noticias.sunrisecargo.com\/wp-content\/uploads\/2022\/07\/image-13-1024x632.png\" alt=\"\" class=\"wp-image-5678\" srcset=\"https:\/\/noticias.sunrisecargo.com\/wp-content\/uploads\/2022\/07\/image-13-1024x632.png 1024w, https:\/\/noticias.sunrisecargo.com\/wp-content\/uploads\/2022\/07\/image-13-300x185.png 300w, https:\/\/noticias.sunrisecargo.com\/wp-content\/uploads\/2022\/07\/image-13-768x474.png 768w, https:\/\/noticias.sunrisecargo.com\/wp-content\/uploads\/2022\/07\/image-13.png 1096w\" sizes=\"auto, (max-width: 1024px) 100vw, 1024px\" \/><\/figure>\n\n\n\n<p>La Asociaci\u00f3n de Transporte A\u00e9reo Internacional (IATA, por sus siglas en ingl\u00e9s) ha publicado los resultados mensuales del transporte a\u00e9reo global de carga de mayo de 2022. La relajaci\u00f3n de las restricciones de \u00f3micron en China ayud\u00f3 a aliviar las limitaciones de la cadena de suministro, lo que a su vez mejor\u00f3 el desempe\u00f1o del sector en mayo.<\/p>\n\n\n\n<p>Nota: El an\u00e1lisis se realiza de nuevo en t\u00e9rminos interanuales (salvo indicaci\u00f3n contraria).<\/p>\n\n\n\n<ul class=\"wp-block-list\"><li>La demanda global \u2014medida en toneladas de carga por kil\u00f3metro transportadas (CTK*, por sus siglas en ingl\u00e9s)\u2014 se sit\u00fao un 8,3% por debajo de mayo de 2021 (-8,1% en el mercado internacional). El desempe\u00f1o global mejor\u00f3 respecto a la ca\u00edda interanual del 9,1% de abril.<\/li><li>La capacidad creci\u00f3 un 2,7% interanual (+5,7% en el mercado internacional). El dato de mayo compensa con creces la ca\u00edda interanual de abril del 0,7%. La capacidad se increment\u00f3 en todas las regiones, con Asia-Pac\u00edfico a la cabeza.<\/li><li>Destacan los siguientes factores en el entorno operativo:<\/li><\/ul>\n\n\n\n<p>o La actividad comercial aument\u00f3 ligeramente en mayo tras el alivio de las restricciones por \u00f3micron en China. Las regiones emergentes tambi\u00e9n contribuyeron al crecimiento con vol\u00famenes m\u00e1s fuertes.<\/p>\n\n\n\n<p>o Los nuevos pedidos de exportaci\u00f3n \u2014uno de los principales indicadores de la demanda de carga y del comercio mundial\u2014 se contrajo en todos los mercados, excepto en China.<\/p>\n\n\n\n<p>o El conflicto ucraniano ha provocado un descenso de la capacidad utilizada para servir al mercado europeo y en el que las aerol\u00edneas rusas y ucranianas eran actores clave.<\/p>\n\n\n\n<p>\u201cMayo ha sido positivo para la carga a\u00e9rea, sobre todo gracias a la relajaci\u00f3n de algunas restricciones por \u00f3micron en China. En t\u00e9rminos desestacionalizados, el sector de la carga a\u00e9rea registr\u00f3 crecimiento (0,3%) tras dos meses de ca\u00edda. La vuelta a la producci\u00f3n en Asia a medida que se alivian las medidas contra el COVID-19, particularmente en China, est\u00e1 impulsando la demanda de carga a\u00e9rea. Y el fuerte repunte del tr\u00e1fico de pasajeros est\u00e1 aumentado la capacidad de carga, salvo en algunos mercados donde la contracci\u00f3n de la capacidad es m\u00e1s cr\u00edtica. Pero ser\u00e1 necesario no bajar la guardia ante la incertidumbre econ\u00f3mica en el panorama global\u201d, dijo Willie Walsh, director general de IATA.<\/p>\n\n\n\n<figure class=\"wp-block-image\"><img decoding=\"async\" src=\"https:\/\/aerolatinnews.com\/wp-content\/uploads\/2022\/07\/captura-de-pantalla-2022-07-08-a-las-10-08-15.png\" alt=\"\" class=\"wp-image-170421\"\/><\/figure>\n\n\n\n<p>An\u00e1lisis regional<\/p>\n\n\n\n<p>Las aerol\u00edneas de Asia-Pac\u00edfico registraron un descenso del 6,6% interanual en sus vol\u00famenes de carga de mayo de 2022, una mejora respecto a la ca\u00edda de abril (-15,8%). Las aerol\u00edneas de la regi\u00f3n han sufrido la desaceleraci\u00f3n del comercio y de la actividad manufacturera debido a las restricciones por \u00f3micron, si bien la situaci\u00f3n ha comenzado a mejorar a medida que se levantan dichas restricciones. La capacidad se contrajo un 7,4% interanual.<\/p>\n\n\n\n<p>Las aerol\u00edneas norteamericanas registraron una ca\u00edda del 5,7% interanual en la demanda de carga de mayo. La demanda en el mercado entre Asia y Norteam\u00e9rica se mantuvo moderada, frente a la fortaleza de las rutas principales entre Europa y Norteam\u00e9rica. La capacidad aument\u00f3 un 6,8% interanual en mayo. Est\u00e1 previsto que varios transportistas de la regi\u00f3n reciban cargueros a lo largo de 2022, lo que deber\u00eda contribuir a atender la demanda acumulada en las rutas que lo necesitan, si no empeora el panorama econ\u00f3mico.<\/p>\n\n\n\n<p>Las aerol\u00edneas europeas registraron un descenso interanual del 14,6% en los vol\u00famenes de carga de mayo, el peor desempe\u00f1o global debido al conflicto ucraniano; si bien la escasez de mano de obra y el descenso de la actividad manufacturera en Asia por culpa de \u00f3micron tambi\u00e9n afectaron al desempe\u00f1o. La capacidad aument\u00f3 un 3,3% interanual.<\/p>\n\n\n\n<p>Las aerol\u00edneas de Oriente Medio experimentaron una ca\u00edda interanual del 11,6% en la demanda de carga a\u00e9rea de mayo. El beneficio esperado por el desv\u00edo del tr\u00e1fico para evitar el espacio a\u00e9reo ruso no se ha materializado debido, quiz\u00e1s, a las limitaciones de la cadena de suministro. La capacidad aument\u00f3 un 7,6% interanual en mayo.<\/p>\n\n\n\n<p>Las aerol\u00edneas latinoamericanas registraron un aumento del 13,8% interanual en la demanda de mayo de 2022, el mejor desempe\u00f1o global. La introducci\u00f3n de nuevos servicios y capacidad \u2014e incluso la adquisici\u00f3n de nuevas aeronaves en los pr\u00f3ximos meses por parte de algunas aerol\u00edneas\u2014muestra el optimismo de las aerol\u00edneas de la regi\u00f3n. La capacidad en abril aument\u00f3 un 33,3% interanual.<\/p>\n\n\n\n<p>Las aerol\u00edneas africanas registraron una ca\u00edda interanual de un 1,5% en mayo, un empeoramiento significativo respecto al desempe\u00f1o de abril (6,3%). La capacidad se contrajo un 3,0% interanual.<\/p>\n\n\n\n<p><\/p>\n\n\n\n<p>Fuente: <a href=\"https:\/\/aerolatinnews.com\/destacado\/alivio-de-las-restricciones-en-china-por-omicron-impulsan-sector-de-carga-aerea-en-mayo\/\" target=\"_blank\" rel=\"noreferrer noopener\">https:\/\/aerolatinnews.com\/destacado\/alivio-de-las-restricciones-en-china-por-omicron-impulsan-sector-de-carga-aerea-en-mayo\/<\/a><\/p>\n\n\n\n<p><\/p>\n\n\n\n<p><\/p>\n","protected":false},"excerpt":{"rendered":"<p>La Asociaci\u00f3n de Transporte A\u00e9reo Internacional (IATA, por sus siglas en ingl\u00e9s) ha publicado los resultados mensuales del transporte a\u00e9reo global de carga de mayo de 2022. La relajaci\u00f3n de&hellip; <\/p>\n","protected":false},"author":4,"featured_media":5679,"comment_status":"closed","ping_status":"open","sticky":false,"template":"","format":"standard","meta":{"_monsterinsights_skip_tracking":false,"_monsterinsights_sitenote_active":false,"_monsterinsights_sitenote_note":"","_monsterinsights_sitenote_category":0,"footnotes":""},"categories":[17],"tags":[],"class_list":["post-5674","post","type-post","status-publish","format-standard","has-post-thumbnail","hentry","category-comercial"],"yoast_head":"<!-- This site is optimized with the Yoast SEO plugin v16.1.1 - https:\/\/yoast.com\/wordpress\/plugins\/seo\/ -->\n<title>Alivio de las restricciones en China por \u00f3micron impulsan sector de carga a\u00e9rea en mayo - Noticias Sunrise Cargo<\/title>\n<link rel=\"canonical\" href=\"https:\/\/noticias.sunrisecargo.com\/?p=5674\" \/>\n<meta property=\"og:locale\" content=\"es_ES\" \/>\n<meta property=\"og:type\" content=\"article\" \/>\n<meta property=\"og:title\" content=\"Alivio de las restricciones en China por \u00f3micron impulsan sector de carga a\u00e9rea en mayo - Noticias Sunrise Cargo\" \/>\n<meta property=\"og:description\" content=\"La Asociaci\u00f3n de Transporte A\u00e9reo Internacional (IATA, por sus siglas en ingl\u00e9s) ha publicado los resultados mensuales del transporte a\u00e9reo global de carga de mayo de 2022. La relajaci\u00f3n de&hellip;\" \/>\n<meta property=\"og:url\" content=\"https:\/\/noticias.sunrisecargo.com\/?p=5674\" \/>\n<meta property=\"og:site_name\" content=\"Noticias Sunrise Cargo\" \/>\n<meta property=\"article:published_time\" content=\"2022-07-11T21:02:26+00:00\" \/>\n<meta property=\"article:modified_time\" content=\"2022-07-11T21:02:29+00:00\" \/>\n<meta property=\"og:image\" content=\"https:\/\/noticias.sunrisecargo.com\/wp-content\/uploads\/2022\/07\/co2-1.jpg\" \/>\n\t<meta property=\"og:image:width\" content=\"800\" \/>\n\t<meta property=\"og:image:height\" content=\"480\" \/>\n<meta name=\"twitter:card\" content=\"summary_large_image\" \/>\n<meta name=\"twitter:label1\" content=\"Est. reading time\">\n\t<meta name=\"twitter:data1\" content=\"4 minutos\">\n<script type=\"application\/ld+json\" class=\"yoast-schema-graph\">{\"@context\":\"https:\/\/schema.org\",\"@graph\":[{\"@type\":\"Organization\",\"@id\":\"https:\/\/noticias.sunrisecargo.com\/#organization\",\"name\":\"Sunrise Cargo SAS\",\"url\":\"https:\/\/noticias.sunrisecargo.com\/\",\"sameAs\":[],\"logo\":{\"@type\":\"ImageObject\",\"@id\":\"https:\/\/noticias.sunrisecargo.com\/#logo\",\"inLanguage\":\"es-CO\",\"url\":\"https:\/\/noticias.sunrisecargo.com\/wp-content\/uploads\/2021\/04\/ICONO-NOTI-SUNRISE.png\",\"contentUrl\":\"https:\/\/noticias.sunrisecargo.com\/wp-content\/uploads\/2021\/04\/ICONO-NOTI-SUNRISE.png\",\"width\":37,\"height\":37,\"caption\":\"Sunrise Cargo SAS\"},\"image\":{\"@id\":\"https:\/\/noticias.sunrisecargo.com\/#logo\"}},{\"@type\":\"WebSite\",\"@id\":\"https:\/\/noticias.sunrisecargo.com\/#website\",\"url\":\"https:\/\/noticias.sunrisecargo.com\/\",\"name\":\"Noticias Sunrise Cargo\",\"description\":\"Noticias de Inter\\u00e9s\",\"publisher\":{\"@id\":\"https:\/\/noticias.sunrisecargo.com\/#organization\"},\"potentialAction\":[{\"@type\":\"SearchAction\",\"target\":\"https:\/\/noticias.sunrisecargo.com\/?s={search_term_string}\",\"query-input\":\"required name=search_term_string\"}],\"inLanguage\":\"es-CO\"},{\"@type\":\"ImageObject\",\"@id\":\"https:\/\/noticias.sunrisecargo.com\/?p=5674#primaryimage\",\"inLanguage\":\"es-CO\",\"url\":\"https:\/\/noticias.sunrisecargo.com\/wp-content\/uploads\/2022\/07\/co2-1.jpg\",\"contentUrl\":\"https:\/\/noticias.sunrisecargo.com\/wp-content\/uploads\/2022\/07\/co2-1.jpg\",\"width\":800,\"height\":480},{\"@type\":\"WebPage\",\"@id\":\"https:\/\/noticias.sunrisecargo.com\/?p=5674#webpage\",\"url\":\"https:\/\/noticias.sunrisecargo.com\/?p=5674\",\"name\":\"Alivio de las restricciones en China por \\u00f3micron impulsan sector de carga a\\u00e9rea en mayo - Noticias Sunrise Cargo\",\"isPartOf\":{\"@id\":\"https:\/\/noticias.sunrisecargo.com\/#website\"},\"primaryImageOfPage\":{\"@id\":\"https:\/\/noticias.sunrisecargo.com\/?p=5674#primaryimage\"},\"datePublished\":\"2022-07-11T21:02:26+00:00\",\"dateModified\":\"2022-07-11T21:02:29+00:00\",\"breadcrumb\":{\"@id\":\"https:\/\/noticias.sunrisecargo.com\/?p=5674#breadcrumb\"},\"inLanguage\":\"es-CO\",\"potentialAction\":[{\"@type\":\"ReadAction\",\"target\":[\"https:\/\/noticias.sunrisecargo.com\/?p=5674\"]}]},{\"@type\":\"BreadcrumbList\",\"@id\":\"https:\/\/noticias.sunrisecargo.com\/?p=5674#breadcrumb\",\"itemListElement\":[{\"@type\":\"ListItem\",\"position\":1,\"item\":{\"@type\":\"WebPage\",\"@id\":\"https:\/\/noticias.sunrisecargo.com\/\",\"url\":\"https:\/\/noticias.sunrisecargo.com\/\",\"name\":\"Home\"}},{\"@type\":\"ListItem\",\"position\":2,\"item\":{\"@type\":\"WebPage\",\"@id\":\"https:\/\/noticias.sunrisecargo.com\/?p=5674\",\"url\":\"https:\/\/noticias.sunrisecargo.com\/?p=5674\",\"name\":\"Alivio de las restricciones en China por \\u00f3micron impulsan sector de carga a\\u00e9rea en mayo\"}}]},{\"@type\":\"Article\",\"@id\":\"https:\/\/noticias.sunrisecargo.com\/?p=5674#article\",\"isPartOf\":{\"@id\":\"https:\/\/noticias.sunrisecargo.com\/?p=5674#webpage\"},\"author\":{\"@id\":\"https:\/\/noticias.sunrisecargo.com\/#\/schema\/person\/6dc68534970689383af81dce59c92bbc\"},\"headline\":\"Alivio de las restricciones en China por \\u00f3micron impulsan sector de carga a\\u00e9rea en mayo\",\"datePublished\":\"2022-07-11T21:02:26+00:00\",\"dateModified\":\"2022-07-11T21:02:29+00:00\",\"mainEntityOfPage\":{\"@id\":\"https:\/\/noticias.sunrisecargo.com\/?p=5674#webpage\"},\"publisher\":{\"@id\":\"https:\/\/noticias.sunrisecargo.com\/#organization\"},\"image\":{\"@id\":\"https:\/\/noticias.sunrisecargo.com\/?p=5674#primaryimage\"},\"articleSection\":\"Comercial\",\"inLanguage\":\"es-CO\"},{\"@type\":\"Person\",\"@id\":\"https:\/\/noticias.sunrisecargo.com\/#\/schema\/person\/6dc68534970689383af81dce59c92bbc\",\"name\":\"Sunrise Cargo\",\"image\":{\"@type\":\"ImageObject\",\"@id\":\"https:\/\/noticias.sunrisecargo.com\/#personlogo\",\"inLanguage\":\"es-CO\",\"url\":\"https:\/\/secure.gravatar.com\/avatar\/064fc68894aee252e3d51c81d7d0798bc56bf526018995fa222e730d9052fdd8?s=96&d=mm&r=g\",\"contentUrl\":\"https:\/\/secure.gravatar.com\/avatar\/064fc68894aee252e3d51c81d7d0798bc56bf526018995fa222e730d9052fdd8?s=96&d=mm&r=g\",\"caption\":\"Sunrise Cargo\"},\"sameAs\":[\"http:\/\/noticias.sunrisecargo.com\"]}]}<\/script>\n<!-- \/ Yoast SEO plugin. -->","_links":{"self":[{"href":"https:\/\/noticias.sunrisecargo.com\/index.php?rest_route=\/wp\/v2\/posts\/5674","targetHints":{"allow":["GET"]}}],"collection":[{"href":"https:\/\/noticias.sunrisecargo.com\/index.php?rest_route=\/wp\/v2\/posts"}],"about":[{"href":"https:\/\/noticias.sunrisecargo.com\/index.php?rest_route=\/wp\/v2\/types\/post"}],"author":[{"embeddable":true,"href":"https:\/\/noticias.sunrisecargo.com\/index.php?rest_route=\/wp\/v2\/users\/4"}],"replies":[{"embeddable":true,"href":"https:\/\/noticias.sunrisecargo.com\/index.php?rest_route=%2Fwp%2Fv2%2Fcomments&post=5674"}],"version-history":[{"count":1,"href":"https:\/\/noticias.sunrisecargo.com\/index.php?rest_route=\/wp\/v2\/posts\/5674\/revisions"}],"predecessor-version":[{"id":5680,"href":"https:\/\/noticias.sunrisecargo.com\/index.php?rest_route=\/wp\/v2\/posts\/5674\/revisions\/5680"}],"wp:featuredmedia":[{"embeddable":true,"href":"https:\/\/noticias.sunrisecargo.com\/index.php?rest_route=\/wp\/v2\/media\/5679"}],"wp:attachment":[{"href":"https:\/\/noticias.sunrisecargo.com\/index.php?rest_route=%2Fwp%2Fv2%2Fmedia&parent=5674"}],"wp:term":[{"taxonomy":"category","embeddable":true,"href":"https:\/\/noticias.sunrisecargo.com\/index.php?rest_route=%2Fwp%2Fv2%2Fcategories&post=5674"},{"taxonomy":"post_tag","embeddable":true,"href":"https:\/\/noticias.sunrisecargo.com\/index.php?rest_route=%2Fwp%2Fv2%2Ftags&post=5674"}],"curies":[{"name":"wp","href":"https:\/\/api.w.org\/{rel}","templated":true}]}}