{"id":5655,"date":"2022-07-11T15:21:34","date_gmt":"2022-07-11T20:21:34","guid":{"rendered":"https:\/\/noticias.sunrisecargo.com\/?p=5655"},"modified":"2022-07-11T15:21:35","modified_gmt":"2022-07-11T20:21:35","slug":"los-efectos-que-tendria-la-paridad-de-precios-entre-el-dolar-y-el-euro","status":"publish","type":"post","link":"https:\/\/noticias.sunrisecargo.com\/?p=5655","title":{"rendered":"Los efectos que tendr\u00eda la paridad de precios entre el d\u00f3lar y el euro"},"content":{"rendered":"\n<p><em><strong>En las \u00faltimas jornadas, la divisa estadounidense ha aumentado su valor por encima de la moneda de la zona europea. Estas son las implicaciones.\u00a0<\/strong><\/em><\/p>\n\n\n\n<figure class=\"wp-block-image size-full\"><img loading=\"lazy\" decoding=\"async\" width=\"921\" height=\"692\" src=\"https:\/\/noticias.sunrisecargo.com\/wp-content\/uploads\/2022\/07\/image-9.png\" alt=\"\" class=\"wp-image-5662\" srcset=\"https:\/\/noticias.sunrisecargo.com\/wp-content\/uploads\/2022\/07\/image-9.png 921w, https:\/\/noticias.sunrisecargo.com\/wp-content\/uploads\/2022\/07\/image-9-300x225.png 300w, https:\/\/noticias.sunrisecargo.com\/wp-content\/uploads\/2022\/07\/image-9-768x577.png 768w\" sizes=\"auto, (max-width: 921px) 100vw, 921px\" \/><\/figure>\n\n\n\n<p>Por primera vez en la historia,&nbsp;el d\u00f3lar super\u00f3 en precio al euro.&nbsp;La divisa estadounidense se ha cotiz\u00f3, este viernes 8 de julio, a 0,98 c\u00e9ntimos de euro.&nbsp;<\/p>\n\n\n\n<p>La perspectiva de una penuria de gas en la zona euro impulsa a los operadores a alejarse de la moneda de la zona euro. Y, para evitar un golpe a la actividad econ\u00f3mica que ello representar\u00eda, el Banco Central Europeo (BCE) duda, de momento, en subir demasiado r\u00e1pido sus tipos de inter\u00e9s,&nbsp;pese a la inflaci\u00f3n.<\/p>\n\n\n\n<p>De acuerdo con Jeisson Balaguera, analista de Values AAA, esta situaci\u00f3n de incertidumbre en la zona euro ha generado que el euro pierda su valor frente al d\u00f3lar. Es en esta parte del mundo, adem\u00e1s, donde habr\u00e1 un efecto directo. Espec\u00edficamente para quienes tengan&nbsp;ahorros u obligaciones en euros,&nbsp;porque va a disminuir el poder adquisitivo de los que tengan ingresos en dicha moneda, explica el analista.&nbsp;<\/p>\n\n\n\n<p>Ahora bien, para Juan Eduardo Nates, asociado senior de divisas de Credicorp Capital, habr\u00e1 un efecto positivo para el euro, en especial a&nbsp;los inversionistas. &#8220;En momentos de debilitamiento de la moneda, es m\u00e1s atractivo comprar e invertir en la regi\u00f3n en la que est\u00e1 m\u00e1s barato. Si los inversionistas parten del d\u00f3lar americano, les sale mucho mejor comprar en la zona euro que comprarlo en Estados Unidos. Entonces, resulta beneficioso para la actividad econ\u00f3mica en la zona euro&#8221;, explica.&nbsp;<\/p>\n\n\n\n<p><strong>El impacto en Colombia<\/strong><\/p>\n\n\n\n<p>Nates explica que esta situaci\u00f3n afectar\u00eda al peso colombiano si la ca\u00edda fuera independiente.&nbsp;Es decir, si solamente estuviera cayendo el euro. Si el d\u00f3lar se mantuviera estable, beneficiar\u00eda al pa\u00eds en la medida en que saldr\u00eda m\u00e1s barato comprar euros o&nbsp;invertir en Europa.<\/p>\n\n\n\n<p>No obstante, para comprar euros en Colombia hay que realizar una mediaci\u00f3n a trav\u00e9s del d\u00f3lar, seg\u00fan aclara Nates. Ante un peso colombiano debilitado frente al dolar, resulta complejo adquirir los euros.&nbsp;<\/p>\n\n\n\n<p><strong>La libra esterlina se deval\u00faa<\/strong><\/p>\n\n\n\n<p>Ahora bien, la libra esterlina, moneda oficial de Reino Unido, tambi\u00e9n est\u00e1 siendo superada en precio frente al d\u00f3lar. Para Nates esta situaci\u00f3n resulta beneficiosa para el d\u00f3lar americano mientras&nbsp;las expectativas de subida de tasas de inter\u00e9s sean m\u00e1s agresivas por parte de la&nbsp;Reserva Federal estadounidense (FED)&nbsp;que las de los otros bancos centrales.<\/p>\n\n\n\n<p>Aunque en Reino Unido se hab\u00eda hecho un aumento de tasas importante que le permit\u00eda seguir fuerte en el mercado, ha habido un revuelo pol\u00edtico en los \u00faltimos d\u00edas que impacta directamente en su apreciaci\u00f3n. Nates se refiere a las renuncias de los principales secretarios de Gobierno y del&nbsp;primer ministro Boris Johnson.&nbsp;<\/p>\n\n\n\n<p>&#8220;Esto genera una incertidumbre importante que resulta castigada a trav\u00e9s de la moneda&#8221;, puntualiza.&nbsp;<\/p>\n\n\n\n<p>Ahora bien, ambos expertos coinciden en que la depreciaci\u00f3n de ciertas monedas est\u00e1 sujeta tambi\u00e9n a sus pol\u00edticas de tasas de inter\u00e9s.<\/p>\n\n\n\n<p>&#8220;El yen, el d\u00f3lar australiano, el franco suizo y otras monedas independientes al euro est\u00e1n teniendo una desvalorizaci\u00f3n importante por el diferencial de tasas&#8221;, aclararon.\u00a0<\/p>\n\n\n\n<p><\/p>\n\n\n\n<p>Fuente: <a href=\"https:\/\/www.portafolio.co\/economia\/finanzas\/los-efectos-que-tendria-la-superacion-del-precio-del-dolar-sobre-euro-567951\">https:\/\/www.portafolio.co\/economia\/finanzas\/los-efectos-que-tendria-la-superacion-del-precio-del-dolar-sobre-euro-567951<\/a><\/p>\n","protected":false},"excerpt":{"rendered":"<p>En las \u00faltimas jornadas, la divisa estadounidense ha aumentado su valor por encima de la moneda de la zona europea. Estas son las implicaciones.\u00a0 Por primera vez en la historia,&nbsp;el&hellip; <\/p>\n","protected":false},"author":4,"featured_media":5663,"comment_status":"closed","ping_status":"open","sticky":false,"template":"","format":"standard","meta":{"_monsterinsights_skip_tracking":false,"_monsterinsights_sitenote_active":false,"_monsterinsights_sitenote_note":"","_monsterinsights_sitenote_category":0,"footnotes":""},"categories":[19],"tags":[],"class_list":["post-5655","post","type-post","status-publish","format-standard","has-post-thumbnail","hentry","category-operaciones"],"yoast_head":"<!-- This site is optimized with the Yoast SEO plugin v16.1.1 - https:\/\/yoast.com\/wordpress\/plugins\/seo\/ -->\n<title>Los efectos que tendr\u00eda la paridad de precios entre el d\u00f3lar y el euro - Noticias Sunrise Cargo<\/title>\n<link rel=\"canonical\" href=\"https:\/\/noticias.sunrisecargo.com\/?p=5655\" \/>\n<meta property=\"og:locale\" content=\"es_ES\" \/>\n<meta property=\"og:type\" content=\"article\" \/>\n<meta property=\"og:title\" content=\"Los efectos que tendr\u00eda la paridad de precios entre el d\u00f3lar y el euro - Noticias Sunrise Cargo\" \/>\n<meta property=\"og:description\" content=\"En las \u00faltimas jornadas, la divisa estadounidense ha aumentado su valor por encima de la moneda de la zona europea. Estas son las implicaciones.\u00a0 Por primera vez en la historia,&nbsp;el&hellip;\" \/>\n<meta property=\"og:url\" content=\"https:\/\/noticias.sunrisecargo.com\/?p=5655\" \/>\n<meta property=\"og:site_name\" content=\"Noticias Sunrise Cargo\" \/>\n<meta property=\"article:published_time\" content=\"2022-07-11T20:21:34+00:00\" \/>\n<meta property=\"article:modified_time\" content=\"2022-07-11T20:21:35+00:00\" \/>\n<meta property=\"og:image\" content=\"https:\/\/noticias.sunrisecargo.com\/wp-content\/uploads\/2022\/07\/op2-1.jpg\" \/>\n\t<meta property=\"og:image:width\" content=\"800\" \/>\n\t<meta property=\"og:image:height\" content=\"480\" \/>\n<meta name=\"twitter:card\" content=\"summary_large_image\" \/>\n<meta name=\"twitter:label1\" content=\"Est. reading time\">\n\t<meta name=\"twitter:data1\" content=\"3 minutos\">\n<script type=\"application\/ld+json\" class=\"yoast-schema-graph\">{\"@context\":\"https:\/\/schema.org\",\"@graph\":[{\"@type\":\"Organization\",\"@id\":\"https:\/\/noticias.sunrisecargo.com\/#organization\",\"name\":\"Sunrise Cargo SAS\",\"url\":\"https:\/\/noticias.sunrisecargo.com\/\",\"sameAs\":[],\"logo\":{\"@type\":\"ImageObject\",\"@id\":\"https:\/\/noticias.sunrisecargo.com\/#logo\",\"inLanguage\":\"es-CO\",\"url\":\"https:\/\/noticias.sunrisecargo.com\/wp-content\/uploads\/2021\/04\/ICONO-NOTI-SUNRISE.png\",\"contentUrl\":\"https:\/\/noticias.sunrisecargo.com\/wp-content\/uploads\/2021\/04\/ICONO-NOTI-SUNRISE.png\",\"width\":37,\"height\":37,\"caption\":\"Sunrise Cargo SAS\"},\"image\":{\"@id\":\"https:\/\/noticias.sunrisecargo.com\/#logo\"}},{\"@type\":\"WebSite\",\"@id\":\"https:\/\/noticias.sunrisecargo.com\/#website\",\"url\":\"https:\/\/noticias.sunrisecargo.com\/\",\"name\":\"Noticias Sunrise Cargo\",\"description\":\"Noticias de Inter\\u00e9s\",\"publisher\":{\"@id\":\"https:\/\/noticias.sunrisecargo.com\/#organization\"},\"potentialAction\":[{\"@type\":\"SearchAction\",\"target\":\"https:\/\/noticias.sunrisecargo.com\/?s={search_term_string}\",\"query-input\":\"required name=search_term_string\"}],\"inLanguage\":\"es-CO\"},{\"@type\":\"ImageObject\",\"@id\":\"https:\/\/noticias.sunrisecargo.com\/?p=5655#primaryimage\",\"inLanguage\":\"es-CO\",\"url\":\"https:\/\/noticias.sunrisecargo.com\/wp-content\/uploads\/2022\/07\/op2-1.jpg\",\"contentUrl\":\"https:\/\/noticias.sunrisecargo.com\/wp-content\/uploads\/2022\/07\/op2-1.jpg\",\"width\":800,\"height\":480},{\"@type\":\"WebPage\",\"@id\":\"https:\/\/noticias.sunrisecargo.com\/?p=5655#webpage\",\"url\":\"https:\/\/noticias.sunrisecargo.com\/?p=5655\",\"name\":\"Los efectos que tendr\\u00eda la paridad de precios entre el d\\u00f3lar y el euro - Noticias Sunrise Cargo\",\"isPartOf\":{\"@id\":\"https:\/\/noticias.sunrisecargo.com\/#website\"},\"primaryImageOfPage\":{\"@id\":\"https:\/\/noticias.sunrisecargo.com\/?p=5655#primaryimage\"},\"datePublished\":\"2022-07-11T20:21:34+00:00\",\"dateModified\":\"2022-07-11T20:21:35+00:00\",\"breadcrumb\":{\"@id\":\"https:\/\/noticias.sunrisecargo.com\/?p=5655#breadcrumb\"},\"inLanguage\":\"es-CO\",\"potentialAction\":[{\"@type\":\"ReadAction\",\"target\":[\"https:\/\/noticias.sunrisecargo.com\/?p=5655\"]}]},{\"@type\":\"BreadcrumbList\",\"@id\":\"https:\/\/noticias.sunrisecargo.com\/?p=5655#breadcrumb\",\"itemListElement\":[{\"@type\":\"ListItem\",\"position\":1,\"item\":{\"@type\":\"WebPage\",\"@id\":\"https:\/\/noticias.sunrisecargo.com\/\",\"url\":\"https:\/\/noticias.sunrisecargo.com\/\",\"name\":\"Home\"}},{\"@type\":\"ListItem\",\"position\":2,\"item\":{\"@type\":\"WebPage\",\"@id\":\"https:\/\/noticias.sunrisecargo.com\/?p=5655\",\"url\":\"https:\/\/noticias.sunrisecargo.com\/?p=5655\",\"name\":\"Los efectos que tendr\\u00eda la paridad de precios entre el d\\u00f3lar y el euro\"}}]},{\"@type\":\"Article\",\"@id\":\"https:\/\/noticias.sunrisecargo.com\/?p=5655#article\",\"isPartOf\":{\"@id\":\"https:\/\/noticias.sunrisecargo.com\/?p=5655#webpage\"},\"author\":{\"@id\":\"https:\/\/noticias.sunrisecargo.com\/#\/schema\/person\/6dc68534970689383af81dce59c92bbc\"},\"headline\":\"Los efectos que tendr\\u00eda la paridad de precios entre el d\\u00f3lar y el euro\",\"datePublished\":\"2022-07-11T20:21:34+00:00\",\"dateModified\":\"2022-07-11T20:21:35+00:00\",\"mainEntityOfPage\":{\"@id\":\"https:\/\/noticias.sunrisecargo.com\/?p=5655#webpage\"},\"publisher\":{\"@id\":\"https:\/\/noticias.sunrisecargo.com\/#organization\"},\"image\":{\"@id\":\"https:\/\/noticias.sunrisecargo.com\/?p=5655#primaryimage\"},\"articleSection\":\"Operaciones\",\"inLanguage\":\"es-CO\"},{\"@type\":\"Person\",\"@id\":\"https:\/\/noticias.sunrisecargo.com\/#\/schema\/person\/6dc68534970689383af81dce59c92bbc\",\"name\":\"Sunrise Cargo\",\"image\":{\"@type\":\"ImageObject\",\"@id\":\"https:\/\/noticias.sunrisecargo.com\/#personlogo\",\"inLanguage\":\"es-CO\",\"url\":\"https:\/\/secure.gravatar.com\/avatar\/064fc68894aee252e3d51c81d7d0798bc56bf526018995fa222e730d9052fdd8?s=96&d=mm&r=g\",\"contentUrl\":\"https:\/\/secure.gravatar.com\/avatar\/064fc68894aee252e3d51c81d7d0798bc56bf526018995fa222e730d9052fdd8?s=96&d=mm&r=g\",\"caption\":\"Sunrise Cargo\"},\"sameAs\":[\"http:\/\/noticias.sunrisecargo.com\"]}]}<\/script>\n<!-- \/ Yoast SEO plugin. -->","_links":{"self":[{"href":"https:\/\/noticias.sunrisecargo.com\/index.php?rest_route=\/wp\/v2\/posts\/5655","targetHints":{"allow":["GET"]}}],"collection":[{"href":"https:\/\/noticias.sunrisecargo.com\/index.php?rest_route=\/wp\/v2\/posts"}],"about":[{"href":"https:\/\/noticias.sunrisecargo.com\/index.php?rest_route=\/wp\/v2\/types\/post"}],"author":[{"embeddable":true,"href":"https:\/\/noticias.sunrisecargo.com\/index.php?rest_route=\/wp\/v2\/users\/4"}],"replies":[{"embeddable":true,"href":"https:\/\/noticias.sunrisecargo.com\/index.php?rest_route=%2Fwp%2Fv2%2Fcomments&post=5655"}],"version-history":[{"count":1,"href":"https:\/\/noticias.sunrisecargo.com\/index.php?rest_route=\/wp\/v2\/posts\/5655\/revisions"}],"predecessor-version":[{"id":5664,"href":"https:\/\/noticias.sunrisecargo.com\/index.php?rest_route=\/wp\/v2\/posts\/5655\/revisions\/5664"}],"wp:featuredmedia":[{"embeddable":true,"href":"https:\/\/noticias.sunrisecargo.com\/index.php?rest_route=\/wp\/v2\/media\/5663"}],"wp:attachment":[{"href":"https:\/\/noticias.sunrisecargo.com\/index.php?rest_route=%2Fwp%2Fv2%2Fmedia&parent=5655"}],"wp:term":[{"taxonomy":"category","embeddable":true,"href":"https:\/\/noticias.sunrisecargo.com\/index.php?rest_route=%2Fwp%2Fv2%2Fcategories&post=5655"},{"taxonomy":"post_tag","embeddable":true,"href":"https:\/\/noticias.sunrisecargo.com\/index.php?rest_route=%2Fwp%2Fv2%2Ftags&post=5655"}],"curies":[{"name":"wp","href":"https:\/\/api.w.org\/{rel}","templated":true}]}}