{"id":5638,"date":"2022-07-05T14:47:50","date_gmt":"2022-07-05T19:47:50","guid":{"rendered":"https:\/\/noticias.sunrisecargo.com\/?p=5638"},"modified":"2022-07-05T14:47:52","modified_gmt":"2022-07-05T19:47:52","slug":"los-sindicatos-anuncian-12-dias-mas-de-huelga-en-ryanair-que-sufre-nuevas-cancelaciones","status":"publish","type":"post","link":"https:\/\/noticias.sunrisecargo.com\/?p=5638","title":{"rendered":"Los sindicatos anuncian 12 d\u00edas m\u00e1s de huelga en Ryanair, que sufre nuevas cancelaciones"},"content":{"rendered":"\n<p><strong><em>Anuncian nuevas jornadas de paros los d\u00edas 12, 13, 14, 15, 18, 19, 20, 21, 25, 26, 27 y 28 de este mes en los 10 aeropuertos espa\u00f1oles en los que operan<\/em><\/strong>.<\/p>\n\n\n\n<figure class=\"wp-block-image size-large\"><img loading=\"lazy\" decoding=\"async\" width=\"1024\" height=\"523\" src=\"https:\/\/noticias.sunrisecargo.com\/wp-content\/uploads\/2022\/07\/image-7-1024x523.png\" alt=\"\" class=\"wp-image-5639\" srcset=\"https:\/\/noticias.sunrisecargo.com\/wp-content\/uploads\/2022\/07\/image-7-1024x523.png 1024w, https:\/\/noticias.sunrisecargo.com\/wp-content\/uploads\/2022\/07\/image-7-300x153.png 300w, https:\/\/noticias.sunrisecargo.com\/wp-content\/uploads\/2022\/07\/image-7-768x392.png 768w, https:\/\/noticias.sunrisecargo.com\/wp-content\/uploads\/2022\/07\/image-7-1536x784.png 1536w, https:\/\/noticias.sunrisecargo.com\/wp-content\/uploads\/2022\/07\/image-7.png 1960w\" sizes=\"auto, (max-width: 1024px) 100vw, 1024px\" \/><\/figure>\n\n\n\n<p>\u00a0Los sindicatos de Ryanair han convocado 12 jornadas m\u00e1s de huelga para sus tripulantes de cabina durante el mes de julio, tras los seis d\u00edas de paros que han llevado a cabo y que finalizaban hoy.<\/p>\n\n\n\n<p>En un comunicado remitido este s\u00e1bado, los sindicatos convocantes USO y Sitcpla anuncian nuevas jornadas de paros los d\u00edas 12, 13, 14, 15, 18, 19, 20, 21, 25, 26, 27 y 28 de julio en los diez aeropuertos espa\u00f1oles en los que opera Ryanair -Madrid, M\u00e1laga, Sevilla, Alicante, Valencia, Barcelona, Girona, Santiago de Compostela, Ibiza y Palma de Mallorca-.<\/p>\n\n\n\n<p>En declaraciones a los medios, la secretaria general de USO en Ryanair, Lidia Arasanz, ha asegurado que los sindicatos &#8220;se han visto obligados&#8221; a volver a convocar nuevas jornadas de paro despu\u00e9s de los seis d\u00edas de huelga que han generado hasta ahora 200 cancelaciones y casi mil retrasos en todo el pa\u00eds.<\/p>\n\n\n\n<p>Asimismo, ha criticado &#8220;la impasibilidad de la empresa para no escuchar a sus trabajadores y preferir dejar a miles de pasajeros en tierra antes que sentarse a negociar un convenio bajo la legislaci\u00f3n espa\u00f1ola&#8221;.<\/p>\n\n\n\n<p>La 12 nuevas jornadas de huelga ser\u00e1n, igual que las anteriores, de 24 horas y est\u00e1n llamados a secundarlas todos los trabajadores de Ryanair en Espa\u00f1a.<\/p>\n\n\n\n<p>&#8220;Esperamos que las pr\u00f3ximas sean exactamente iguales que estas porque los trabajadores no han dejado de luchar por sus derechos y la empresa debe escucharles y sentarse a la mesa&#8221; para retomar la negociaci\u00f3n del convenio colectivo, ha reclamado Arasanz.<\/p>\n\n\n\n<p>En este sentido, ha instado al Ministerio de Trabajo a que intervenga porque Ryanair &#8220;est\u00e1 vulnerando el derecho a huelga&#8221; y le ha pedido que act\u00fae contra una empresa que no acata las sentencias judiciales, no cumple con la ley y utiliza el miedo, la coacci\u00f3n y la amenaza con sus empleados&#8221;.<\/p>\n\n\n\n<p>&#8220;No somos trabajadores de tercera y merecemos el mismo derecho que cualquier trabajador del Estado espa\u00f1ol&#8221;, ha dicho.<\/p>\n\n\n\n<p><strong>Nuevas cancelaciones<\/strong><\/p>\n\n\n\n<p>Hasta las 19 horas, se han cancelado 16 vuelos y producido 281 retrasos en esta sexta jornada de huelga de los tripulantes de cabina de Ryanair en las diez bases de la aerol\u00ednea en Espa\u00f1a pese a contar con unos servicios m\u00ednimos del 100 %.<\/p>\n\n\n\n<p>Esta jornada de huelga en Ryanair coincide con la segunda, de un total de nueve, de los tripulantes de cabina de la compa\u00f1\u00eda brit\u00e1nica de bajo coste EasyJet, a las que ha convocado el sindicato USO para los d\u00edas 1, 2, 3, 15, 16, 17, 29, 30 y 31 de julio en los aeropuertos de M\u00e1laga, El Prat y Palma de Mallorca.<\/p>\n\n\n\n<p>En Easyjet, se han producido este s\u00e1bado nueve cancelaciones y 85 retrasos de vuelos hasta las 19 horas.<\/p>\n\n\n\n<p>El secretario general de USO en Easyjet, Miguel Gal\u00e1n, ha asegurado que la jornada de este s\u00e1bado &#8220;esta siendo apoyada por la amplia mayor\u00eda de los tripulantes de cabina&#8221; en todas las bases, especialmente en M\u00e1laga, donde se han cancelado el 50 % de los vuelos. Y todo ello, &#8220;a pesar de los servicios m\u00ednimos abusivos aplicados por Easyjet&#8221;.<\/p>\n\n\n\n<p><\/p>\n\n\n\n<p>Fuente: <a href=\"https:\/\/cincodias.elpais.com\/cincodias\/2022\/07\/02\/companias\/1656763948_964130.html\">https:\/\/cincodias.elpais.com\/cincodias\/2022\/07\/02\/companias\/1656763948_964130.html<\/a><\/p>\n","protected":false},"excerpt":{"rendered":"<p>Anuncian nuevas jornadas de paros los d\u00edas 12, 13, 14, 15, 18, 19, 20, 21, 25, 26, 27 y 28 de este mes en los 10 aeropuertos espa\u00f1oles en los&hellip; <\/p>\n","protected":false},"author":4,"featured_media":5640,"comment_status":"closed","ping_status":"open","sticky":false,"template":"","format":"standard","meta":{"_monsterinsights_skip_tracking":false,"_monsterinsights_sitenote_active":false,"_monsterinsights_sitenote_note":"","_monsterinsights_sitenote_category":0,"footnotes":""},"categories":[17],"tags":[],"class_list":["post-5638","post","type-post","status-publish","format-standard","has-post-thumbnail","hentry","category-comercial"],"yoast_head":"<!-- This site is optimized with the Yoast SEO plugin v16.1.1 - https:\/\/yoast.com\/wordpress\/plugins\/seo\/ -->\n<title>Los sindicatos anuncian 12 d\u00edas m\u00e1s de huelga en Ryanair, que sufre nuevas cancelaciones - Noticias Sunrise Cargo<\/title>\n<link rel=\"canonical\" href=\"https:\/\/noticias.sunrisecargo.com\/?p=5638\" \/>\n<meta property=\"og:locale\" content=\"es_ES\" \/>\n<meta property=\"og:type\" content=\"article\" \/>\n<meta property=\"og:title\" content=\"Los sindicatos anuncian 12 d\u00edas m\u00e1s de huelga en Ryanair, que sufre nuevas cancelaciones - Noticias Sunrise Cargo\" \/>\n<meta property=\"og:description\" content=\"Anuncian nuevas jornadas de paros los d\u00edas 12, 13, 14, 15, 18, 19, 20, 21, 25, 26, 27 y 28 de este mes en los 10 aeropuertos espa\u00f1oles en los&hellip;\" \/>\n<meta property=\"og:url\" content=\"https:\/\/noticias.sunrisecargo.com\/?p=5638\" \/>\n<meta property=\"og:site_name\" content=\"Noticias Sunrise Cargo\" \/>\n<meta property=\"article:published_time\" content=\"2022-07-05T19:47:50+00:00\" \/>\n<meta property=\"article:modified_time\" content=\"2022-07-05T19:47:52+00:00\" \/>\n<meta property=\"og:image\" content=\"https:\/\/noticias.sunrisecargo.com\/wp-content\/uploads\/2022\/07\/co4.jpg\" \/>\n\t<meta property=\"og:image:width\" content=\"800\" \/>\n\t<meta property=\"og:image:height\" content=\"480\" \/>\n<meta name=\"twitter:card\" content=\"summary_large_image\" \/>\n<meta name=\"twitter:label1\" content=\"Est. reading time\">\n\t<meta name=\"twitter:data1\" content=\"3 minutos\">\n<script type=\"application\/ld+json\" class=\"yoast-schema-graph\">{\"@context\":\"https:\/\/schema.org\",\"@graph\":[{\"@type\":\"Organization\",\"@id\":\"https:\/\/noticias.sunrisecargo.com\/#organization\",\"name\":\"Sunrise Cargo SAS\",\"url\":\"https:\/\/noticias.sunrisecargo.com\/\",\"sameAs\":[],\"logo\":{\"@type\":\"ImageObject\",\"@id\":\"https:\/\/noticias.sunrisecargo.com\/#logo\",\"inLanguage\":\"es-CO\",\"url\":\"https:\/\/noticias.sunrisecargo.com\/wp-content\/uploads\/2021\/04\/ICONO-NOTI-SUNRISE.png\",\"contentUrl\":\"https:\/\/noticias.sunrisecargo.com\/wp-content\/uploads\/2021\/04\/ICONO-NOTI-SUNRISE.png\",\"width\":37,\"height\":37,\"caption\":\"Sunrise Cargo SAS\"},\"image\":{\"@id\":\"https:\/\/noticias.sunrisecargo.com\/#logo\"}},{\"@type\":\"WebSite\",\"@id\":\"https:\/\/noticias.sunrisecargo.com\/#website\",\"url\":\"https:\/\/noticias.sunrisecargo.com\/\",\"name\":\"Noticias Sunrise Cargo\",\"description\":\"Noticias de Inter\\u00e9s\",\"publisher\":{\"@id\":\"https:\/\/noticias.sunrisecargo.com\/#organization\"},\"potentialAction\":[{\"@type\":\"SearchAction\",\"target\":\"https:\/\/noticias.sunrisecargo.com\/?s={search_term_string}\",\"query-input\":\"required name=search_term_string\"}],\"inLanguage\":\"es-CO\"},{\"@type\":\"ImageObject\",\"@id\":\"https:\/\/noticias.sunrisecargo.com\/?p=5638#primaryimage\",\"inLanguage\":\"es-CO\",\"url\":\"https:\/\/noticias.sunrisecargo.com\/wp-content\/uploads\/2022\/07\/co4.jpg\",\"contentUrl\":\"https:\/\/noticias.sunrisecargo.com\/wp-content\/uploads\/2022\/07\/co4.jpg\",\"width\":800,\"height\":480},{\"@type\":\"WebPage\",\"@id\":\"https:\/\/noticias.sunrisecargo.com\/?p=5638#webpage\",\"url\":\"https:\/\/noticias.sunrisecargo.com\/?p=5638\",\"name\":\"Los sindicatos anuncian 12 d\\u00edas m\\u00e1s de huelga en Ryanair, que sufre nuevas cancelaciones - Noticias Sunrise Cargo\",\"isPartOf\":{\"@id\":\"https:\/\/noticias.sunrisecargo.com\/#website\"},\"primaryImageOfPage\":{\"@id\":\"https:\/\/noticias.sunrisecargo.com\/?p=5638#primaryimage\"},\"datePublished\":\"2022-07-05T19:47:50+00:00\",\"dateModified\":\"2022-07-05T19:47:52+00:00\",\"breadcrumb\":{\"@id\":\"https:\/\/noticias.sunrisecargo.com\/?p=5638#breadcrumb\"},\"inLanguage\":\"es-CO\",\"potentialAction\":[{\"@type\":\"ReadAction\",\"target\":[\"https:\/\/noticias.sunrisecargo.com\/?p=5638\"]}]},{\"@type\":\"BreadcrumbList\",\"@id\":\"https:\/\/noticias.sunrisecargo.com\/?p=5638#breadcrumb\",\"itemListElement\":[{\"@type\":\"ListItem\",\"position\":1,\"item\":{\"@type\":\"WebPage\",\"@id\":\"https:\/\/noticias.sunrisecargo.com\/\",\"url\":\"https:\/\/noticias.sunrisecargo.com\/\",\"name\":\"Home\"}},{\"@type\":\"ListItem\",\"position\":2,\"item\":{\"@type\":\"WebPage\",\"@id\":\"https:\/\/noticias.sunrisecargo.com\/?p=5638\",\"url\":\"https:\/\/noticias.sunrisecargo.com\/?p=5638\",\"name\":\"Los sindicatos anuncian 12 d\\u00edas m\\u00e1s de huelga en Ryanair, que sufre nuevas cancelaciones\"}}]},{\"@type\":\"Article\",\"@id\":\"https:\/\/noticias.sunrisecargo.com\/?p=5638#article\",\"isPartOf\":{\"@id\":\"https:\/\/noticias.sunrisecargo.com\/?p=5638#webpage\"},\"author\":{\"@id\":\"https:\/\/noticias.sunrisecargo.com\/#\/schema\/person\/6dc68534970689383af81dce59c92bbc\"},\"headline\":\"Los sindicatos anuncian 12 d\\u00edas m\\u00e1s de huelga en Ryanair, que sufre nuevas cancelaciones\",\"datePublished\":\"2022-07-05T19:47:50+00:00\",\"dateModified\":\"2022-07-05T19:47:52+00:00\",\"mainEntityOfPage\":{\"@id\":\"https:\/\/noticias.sunrisecargo.com\/?p=5638#webpage\"},\"publisher\":{\"@id\":\"https:\/\/noticias.sunrisecargo.com\/#organization\"},\"image\":{\"@id\":\"https:\/\/noticias.sunrisecargo.com\/?p=5638#primaryimage\"},\"articleSection\":\"Comercial\",\"inLanguage\":\"es-CO\"},{\"@type\":\"Person\",\"@id\":\"https:\/\/noticias.sunrisecargo.com\/#\/schema\/person\/6dc68534970689383af81dce59c92bbc\",\"name\":\"Sunrise Cargo\",\"image\":{\"@type\":\"ImageObject\",\"@id\":\"https:\/\/noticias.sunrisecargo.com\/#personlogo\",\"inLanguage\":\"es-CO\",\"url\":\"https:\/\/secure.gravatar.com\/avatar\/064fc68894aee252e3d51c81d7d0798bc56bf526018995fa222e730d9052fdd8?s=96&d=mm&r=g\",\"contentUrl\":\"https:\/\/secure.gravatar.com\/avatar\/064fc68894aee252e3d51c81d7d0798bc56bf526018995fa222e730d9052fdd8?s=96&d=mm&r=g\",\"caption\":\"Sunrise Cargo\"},\"sameAs\":[\"http:\/\/noticias.sunrisecargo.com\"]}]}<\/script>\n<!-- \/ Yoast SEO plugin. -->","_links":{"self":[{"href":"https:\/\/noticias.sunrisecargo.com\/index.php?rest_route=\/wp\/v2\/posts\/5638","targetHints":{"allow":["GET"]}}],"collection":[{"href":"https:\/\/noticias.sunrisecargo.com\/index.php?rest_route=\/wp\/v2\/posts"}],"about":[{"href":"https:\/\/noticias.sunrisecargo.com\/index.php?rest_route=\/wp\/v2\/types\/post"}],"author":[{"embeddable":true,"href":"https:\/\/noticias.sunrisecargo.com\/index.php?rest_route=\/wp\/v2\/users\/4"}],"replies":[{"embeddable":true,"href":"https:\/\/noticias.sunrisecargo.com\/index.php?rest_route=%2Fwp%2Fv2%2Fcomments&post=5638"}],"version-history":[{"count":1,"href":"https:\/\/noticias.sunrisecargo.com\/index.php?rest_route=\/wp\/v2\/posts\/5638\/revisions"}],"predecessor-version":[{"id":5641,"href":"https:\/\/noticias.sunrisecargo.com\/index.php?rest_route=\/wp\/v2\/posts\/5638\/revisions\/5641"}],"wp:featuredmedia":[{"embeddable":true,"href":"https:\/\/noticias.sunrisecargo.com\/index.php?rest_route=\/wp\/v2\/media\/5640"}],"wp:attachment":[{"href":"https:\/\/noticias.sunrisecargo.com\/index.php?rest_route=%2Fwp%2Fv2%2Fmedia&parent=5638"}],"wp:term":[{"taxonomy":"category","embeddable":true,"href":"https:\/\/noticias.sunrisecargo.com\/index.php?rest_route=%2Fwp%2Fv2%2Fcategories&post=5638"},{"taxonomy":"post_tag","embeddable":true,"href":"https:\/\/noticias.sunrisecargo.com\/index.php?rest_route=%2Fwp%2Fv2%2Ftags&post=5638"}],"curies":[{"name":"wp","href":"https:\/\/api.w.org\/{rel}","templated":true}]}}