{"id":5055,"date":"2022-03-22T12:56:02","date_gmt":"2022-03-22T17:56:02","guid":{"rendered":"https:\/\/noticias.sunrisecargo.com\/?p=5055"},"modified":"2022-03-22T15:12:52","modified_gmt":"2022-03-22T20:12:52","slug":"air-france-klm-fortalece-operacion-en-colombia","status":"publish","type":"post","link":"https:\/\/noticias.sunrisecargo.com\/?p=5055","title":{"rendered":"AIR FRANCE-KLM FORTALECE OPERACI\u00d3N EN COLOMBIA"},"content":{"rendered":"\n<div class=\"wp-block-image\"><figure class=\"aligncenter\"><img decoding=\"async\" src=\"https:\/\/volavi.co\/wp-content\/uploads\/2022\/03\/Air-France_KLM_Grupo.jpg.webp\" alt=\"Grupo Air France-KLM.\" class=\"wp-image-56582\" title=\"Grupo Air France-KLM.\"\/><\/figure><\/div>\n\n\n\n<p class=\"justificar\">A medida que los pa\u00edses han reabierto sus fronteras y han ido disminuyendo las restricciones de entrada a su territorio, Air France y KLM contin\u00faan fortaleciendo su red europea e intercontinental para ofrecer a sus clientes una gama amplia de destinos.<\/p>\n\n\n\n<p class=\"justificar\">Para acompa\u00f1ar la demanda creciente de viajes de negocios y de visitas a familiares y amigos, el Grupo est\u00e1 incrementando su oferta a 13 vuelos semanales desde\/hacia Colombia. En enero, KLM a\u00f1adi\u00f3 una frecuencia y opera semanalmente 6 vuelos en la ruta Bogot\u00e1-Cartagena-\u00c1msterdam. Por su parte, Air France aument\u00f3 una frecuencia en febrero y, a partir del 27 de marzo, reanudar\u00e1 su vuelo diario Bogot\u00e1-Par\u00eds. Estos 3 vuelos adicionales representan un incremento de capacidad del 20% para KLM y del 40% para Air France, comparado con el \u00faltimo trimestre de 2021.<\/p>\n\n\n\n<p class=\"justificar\">\u201c<em>Estamos orgullosos de poder ofrecerle al mercado colombiano 13 vuelos semanales de Air France y KLM a Europa y el mundo, desde el pr\u00f3ximo 27 de marzo. Aunque nunca dejamos de operar durante la pandemia, garantizando la conexi\u00f3n a\u00e9rea del pa\u00eds con Europa con vuelos de repatriaci\u00f3n, hace un a\u00f1o, tan pronto el pa\u00eds reabri\u00f3 fronteras, retomamos los vuelos comerciales: 3 vuelos semanales a Par\u00eds y 3 a \u00c1msterdam. Ver que hemos logrado recuperar el nivel de la oferta de vuelos que ten\u00edamos antes de la pandemia, nos llena de esperanza. La reactivaci\u00f3n de la econom\u00eda colombiana impulsa la demanda de viajes de negocios y Air France y KLM respaldan a Colombia ajustando su oferta a la demanda del mercado. Es m\u00e1s, reanudando la operaci\u00f3n del vuelo diario de Air France a Par\u00eds, como nos lo ped\u00edan nuestros clientes, y ofreciendo seis vuelos semanales a \u00c1msterdam estamos superando el nivel de la oferta que ten\u00edamos antes de la pandemia. Quiero agradecer el respaldo y la confianza de nuestros clientes, aliados comerciales y autoridades por el trabajo conjunto que nos permite dar este gran paso adelante.<\/em>\u201d \u2013 declar\u00f3 Maristella Rodr\u00edguez, gerente de ventas de Air France y KLM para Colombia.<\/p>\n\n\n\n<p class=\"justificar\">Por su parte, Flavia Santoro Presidente de ProColombia, detalla: \u201c<em>Colombia ha sido un referente regional en materia de conectividad a\u00e9rea luego de la pandemia, y se ha venido posicionando como destino vacacional y de negocios para cada vez m\u00e1s viajeros procedentes de Europa. Celebramos que estas dos aerol\u00edneas sigan confiando en Colombia como el pa\u00eds m\u00e1s acogedor del mundo<\/em>\u201d.<\/p>\n\n\n\n<p class=\"justificar\">Air France operar\u00e1 un vuelo diario Bogot\u00e1-Par\u00eds-Bogot\u00e1 desde el pr\u00f3ximo 27 de marzo en un Boeing 787-9, con capacidad para 279 pasajeros: 30 sillas en Business Class; 21 en Premium Economy y 228 en Economy Class.<\/p>\n\n\n\n<p class=\"justificar\">KLM opera su ruta Bogot\u00e1-Cartagena-\u00c1msterdam-Bogot\u00e1 6 veces por semana, de lunes a s\u00e1bado, en Boeing 787-9 de KLM puede acoger 294 pasajeros: 30 en Business Class y 264 en Economy Class.<\/p>\n\n\n\n<p>Los vuelos est\u00e1n disponibles para la venta a trav\u00e9s de los sitios web&nbsp;<a href=\"http:\/\/www.airfrance.com.co\/\">www.airfrance.com.co<\/a>&nbsp;y&nbsp;<a href=\"http:\/\/www.klm.com.co\/\">www.klm.com.co<\/a><\/p>\n\n\n\n<p><strong>Flexibilidad para cambios<\/strong><\/p>\n\n\n\n<p class=\"justificar\">Air France y KLM han adoptado medidas comerciales excepcionales que permiten a sus clientes reservar su pr\u00f3ximo viaje con toda confianza.<\/p>\n\n\n\n<p class=\"justificar\">El cliente puede modificar su reserva hasta el d\u00eda de su salida o solicitar un bono para futuro viaje. Las condiciones de la pol\u00edtica de cambios y reembolsos de Air France KLM pueden consultarse en las p\u00e1ginas web de las aerol\u00edneas.<\/p>\n\n\n\n<p><\/p>\n\n\n\n<p>Fuente: <a href=\"https:\/\/volavi.co\/aviacion\/noticias\/air-france-klm-fortalece-operacion-colombia?utm_source=newsletter-96&amp;utm_medium=email&amp;utm_campaign=Newsletter+Semanal\" target=\"_blank\" rel=\"noreferrer noopener\">https:\/\/volavi.co\/aviacion\/noticias\/air-france-klm-fortalece-operacion-colombia?utm_source=newsletter-96&amp;utm_medium=email&amp;utm_campaign=Newsletter+Semanal<\/a><\/p>\n","protected":false},"excerpt":{"rendered":"<p>A medida que los pa\u00edses han reabierto sus fronteras y han ido disminuyendo las restricciones de entrada a su territorio, Air France y KLM contin\u00faan fortaleciendo su red europea e&hellip; <\/p>\n","protected":false},"author":4,"featured_media":5062,"comment_status":"closed","ping_status":"open","sticky":false,"template":"","format":"standard","meta":{"_monsterinsights_skip_tracking":false,"_monsterinsights_sitenote_active":false,"_monsterinsights_sitenote_note":"","_monsterinsights_sitenote_category":0,"footnotes":""},"categories":[18],"tags":[],"class_list":["post-5055","post","type-post","status-publish","format-standard","has-post-thumbnail","hentry","category-pricing"],"yoast_head":"<!-- This site is optimized with the Yoast SEO plugin v16.1.1 - https:\/\/yoast.com\/wordpress\/plugins\/seo\/ -->\n<title>AIR FRANCE-KLM FORTALECE OPERACI\u00d3N EN COLOMBIA - Noticias Sunrise Cargo<\/title>\n<link rel=\"canonical\" href=\"https:\/\/noticias.sunrisecargo.com\/?p=5055\" \/>\n<meta property=\"og:locale\" content=\"es_ES\" \/>\n<meta property=\"og:type\" content=\"article\" \/>\n<meta property=\"og:title\" content=\"AIR FRANCE-KLM FORTALECE OPERACI\u00d3N EN COLOMBIA - Noticias Sunrise Cargo\" \/>\n<meta property=\"og:description\" content=\"A medida que los pa\u00edses han reabierto sus fronteras y han ido disminuyendo las restricciones de entrada a su territorio, Air France y KLM contin\u00faan fortaleciendo su red europea e&hellip;\" \/>\n<meta property=\"og:url\" content=\"https:\/\/noticias.sunrisecargo.com\/?p=5055\" \/>\n<meta property=\"og:site_name\" content=\"Noticias Sunrise Cargo\" \/>\n<meta property=\"article:published_time\" content=\"2022-03-22T17:56:02+00:00\" \/>\n<meta property=\"article:modified_time\" content=\"2022-03-22T20:12:52+00:00\" \/>\n<meta property=\"og:image\" content=\"https:\/\/noticias.sunrisecargo.com\/wp-content\/uploads\/2022\/03\/pr1.jpg\" \/>\n\t<meta property=\"og:image:width\" content=\"800\" \/>\n\t<meta property=\"og:image:height\" content=\"480\" \/>\n<meta name=\"twitter:card\" content=\"summary_large_image\" \/>\n<meta name=\"twitter:label1\" content=\"Est. reading time\">\n\t<meta name=\"twitter:data1\" content=\"3 minutos\">\n<script type=\"application\/ld+json\" class=\"yoast-schema-graph\">{\"@context\":\"https:\/\/schema.org\",\"@graph\":[{\"@type\":\"Organization\",\"@id\":\"https:\/\/noticias.sunrisecargo.com\/#organization\",\"name\":\"Sunrise Cargo SAS\",\"url\":\"https:\/\/noticias.sunrisecargo.com\/\",\"sameAs\":[],\"logo\":{\"@type\":\"ImageObject\",\"@id\":\"https:\/\/noticias.sunrisecargo.com\/#logo\",\"inLanguage\":\"es-CO\",\"url\":\"https:\/\/noticias.sunrisecargo.com\/wp-content\/uploads\/2021\/04\/ICONO-NOTI-SUNRISE.png\",\"contentUrl\":\"https:\/\/noticias.sunrisecargo.com\/wp-content\/uploads\/2021\/04\/ICONO-NOTI-SUNRISE.png\",\"width\":37,\"height\":37,\"caption\":\"Sunrise Cargo SAS\"},\"image\":{\"@id\":\"https:\/\/noticias.sunrisecargo.com\/#logo\"}},{\"@type\":\"WebSite\",\"@id\":\"https:\/\/noticias.sunrisecargo.com\/#website\",\"url\":\"https:\/\/noticias.sunrisecargo.com\/\",\"name\":\"Noticias Sunrise Cargo\",\"description\":\"Noticias de Inter\\u00e9s\",\"publisher\":{\"@id\":\"https:\/\/noticias.sunrisecargo.com\/#organization\"},\"potentialAction\":[{\"@type\":\"SearchAction\",\"target\":\"https:\/\/noticias.sunrisecargo.com\/?s={search_term_string}\",\"query-input\":\"required name=search_term_string\"}],\"inLanguage\":\"es-CO\"},{\"@type\":\"ImageObject\",\"@id\":\"https:\/\/noticias.sunrisecargo.com\/?p=5055#primaryimage\",\"inLanguage\":\"es-CO\",\"url\":\"https:\/\/noticias.sunrisecargo.com\/wp-content\/uploads\/2022\/03\/pr1.jpg\",\"contentUrl\":\"https:\/\/noticias.sunrisecargo.com\/wp-content\/uploads\/2022\/03\/pr1.jpg\",\"width\":800,\"height\":480},{\"@type\":\"WebPage\",\"@id\":\"https:\/\/noticias.sunrisecargo.com\/?p=5055#webpage\",\"url\":\"https:\/\/noticias.sunrisecargo.com\/?p=5055\",\"name\":\"AIR FRANCE-KLM FORTALECE OPERACI\\u00d3N EN COLOMBIA - Noticias Sunrise Cargo\",\"isPartOf\":{\"@id\":\"https:\/\/noticias.sunrisecargo.com\/#website\"},\"primaryImageOfPage\":{\"@id\":\"https:\/\/noticias.sunrisecargo.com\/?p=5055#primaryimage\"},\"datePublished\":\"2022-03-22T17:56:02+00:00\",\"dateModified\":\"2022-03-22T20:12:52+00:00\",\"breadcrumb\":{\"@id\":\"https:\/\/noticias.sunrisecargo.com\/?p=5055#breadcrumb\"},\"inLanguage\":\"es-CO\",\"potentialAction\":[{\"@type\":\"ReadAction\",\"target\":[\"https:\/\/noticias.sunrisecargo.com\/?p=5055\"]}]},{\"@type\":\"BreadcrumbList\",\"@id\":\"https:\/\/noticias.sunrisecargo.com\/?p=5055#breadcrumb\",\"itemListElement\":[{\"@type\":\"ListItem\",\"position\":1,\"item\":{\"@type\":\"WebPage\",\"@id\":\"https:\/\/noticias.sunrisecargo.com\/\",\"url\":\"https:\/\/noticias.sunrisecargo.com\/\",\"name\":\"Home\"}},{\"@type\":\"ListItem\",\"position\":2,\"item\":{\"@type\":\"WebPage\",\"@id\":\"https:\/\/noticias.sunrisecargo.com\/?p=5055\",\"url\":\"https:\/\/noticias.sunrisecargo.com\/?p=5055\",\"name\":\"AIR FRANCE-KLM FORTALECE OPERACI\\u00d3N EN COLOMBIA\"}}]},{\"@type\":\"Article\",\"@id\":\"https:\/\/noticias.sunrisecargo.com\/?p=5055#article\",\"isPartOf\":{\"@id\":\"https:\/\/noticias.sunrisecargo.com\/?p=5055#webpage\"},\"author\":{\"@id\":\"https:\/\/noticias.sunrisecargo.com\/#\/schema\/person\/6dc68534970689383af81dce59c92bbc\"},\"headline\":\"AIR FRANCE-KLM FORTALECE OPERACI\\u00d3N EN COLOMBIA\",\"datePublished\":\"2022-03-22T17:56:02+00:00\",\"dateModified\":\"2022-03-22T20:12:52+00:00\",\"mainEntityOfPage\":{\"@id\":\"https:\/\/noticias.sunrisecargo.com\/?p=5055#webpage\"},\"publisher\":{\"@id\":\"https:\/\/noticias.sunrisecargo.com\/#organization\"},\"image\":{\"@id\":\"https:\/\/noticias.sunrisecargo.com\/?p=5055#primaryimage\"},\"articleSection\":\"Pricing\",\"inLanguage\":\"es-CO\"},{\"@type\":\"Person\",\"@id\":\"https:\/\/noticias.sunrisecargo.com\/#\/schema\/person\/6dc68534970689383af81dce59c92bbc\",\"name\":\"Sunrise Cargo\",\"image\":{\"@type\":\"ImageObject\",\"@id\":\"https:\/\/noticias.sunrisecargo.com\/#personlogo\",\"inLanguage\":\"es-CO\",\"url\":\"https:\/\/secure.gravatar.com\/avatar\/064fc68894aee252e3d51c81d7d0798bc56bf526018995fa222e730d9052fdd8?s=96&d=mm&r=g\",\"contentUrl\":\"https:\/\/secure.gravatar.com\/avatar\/064fc68894aee252e3d51c81d7d0798bc56bf526018995fa222e730d9052fdd8?s=96&d=mm&r=g\",\"caption\":\"Sunrise Cargo\"},\"sameAs\":[\"http:\/\/noticias.sunrisecargo.com\"]}]}<\/script>\n<!-- \/ Yoast SEO plugin. -->","_links":{"self":[{"href":"https:\/\/noticias.sunrisecargo.com\/index.php?rest_route=\/wp\/v2\/posts\/5055","targetHints":{"allow":["GET"]}}],"collection":[{"href":"https:\/\/noticias.sunrisecargo.com\/index.php?rest_route=\/wp\/v2\/posts"}],"about":[{"href":"https:\/\/noticias.sunrisecargo.com\/index.php?rest_route=\/wp\/v2\/types\/post"}],"author":[{"embeddable":true,"href":"https:\/\/noticias.sunrisecargo.com\/index.php?rest_route=\/wp\/v2\/users\/4"}],"replies":[{"embeddable":true,"href":"https:\/\/noticias.sunrisecargo.com\/index.php?rest_route=%2Fwp%2Fv2%2Fcomments&post=5055"}],"version-history":[{"count":2,"href":"https:\/\/noticias.sunrisecargo.com\/index.php?rest_route=\/wp\/v2\/posts\/5055\/revisions"}],"predecessor-version":[{"id":5092,"href":"https:\/\/noticias.sunrisecargo.com\/index.php?rest_route=\/wp\/v2\/posts\/5055\/revisions\/5092"}],"wp:featuredmedia":[{"embeddable":true,"href":"https:\/\/noticias.sunrisecargo.com\/index.php?rest_route=\/wp\/v2\/media\/5062"}],"wp:attachment":[{"href":"https:\/\/noticias.sunrisecargo.com\/index.php?rest_route=%2Fwp%2Fv2%2Fmedia&parent=5055"}],"wp:term":[{"taxonomy":"category","embeddable":true,"href":"https:\/\/noticias.sunrisecargo.com\/index.php?rest_route=%2Fwp%2Fv2%2Fcategories&post=5055"},{"taxonomy":"post_tag","embeddable":true,"href":"https:\/\/noticias.sunrisecargo.com\/index.php?rest_route=%2Fwp%2Fv2%2Ftags&post=5055"}],"curies":[{"name":"wp","href":"https:\/\/api.w.org\/{rel}","templated":true}]}}