{"id":3453,"date":"2021-07-06T15:27:23","date_gmt":"2021-07-06T20:27:23","guid":{"rendered":"https:\/\/noticias.sunrisecargo.com\/?p=3453"},"modified":"2021-07-06T15:29:26","modified_gmt":"2021-07-06T20:29:26","slug":"boletin-julio-06","status":"publish","type":"post","link":"https:\/\/noticias.sunrisecargo.com\/?p=3453","title":{"rendered":"Bolet\u00edn Julio 06"},"content":{"rendered":"\n<figure class=\"wp-block-image size-large\"><a href=\"https:\/\/noticias.sunrisecargo.com\/\"><img loading=\"lazy\" decoding=\"async\" width=\"1024\" height=\"534\" src=\"https:\/\/noticias.sunrisecargo.com\/wp-content\/uploads\/2021\/07\/Montaje-Noti-Sunrise-2-1024x534.jpg\" alt=\"\" class=\"wp-image-3456\" srcset=\"https:\/\/noticias.sunrisecargo.com\/wp-content\/uploads\/2021\/07\/Montaje-Noti-Sunrise-2-1024x534.jpg 1024w, https:\/\/noticias.sunrisecargo.com\/wp-content\/uploads\/2021\/07\/Montaje-Noti-Sunrise-2-300x156.jpg 300w, https:\/\/noticias.sunrisecargo.com\/wp-content\/uploads\/2021\/07\/Montaje-Noti-Sunrise-2-768x400.jpg 768w, https:\/\/noticias.sunrisecargo.com\/wp-content\/uploads\/2021\/07\/Montaje-Noti-Sunrise-2.jpg 1366w\" sizes=\"auto, (max-width: 1024px) 100vw, 1024px\" \/><\/a><\/figure>\n\n\n\n<div class=\"wp-block-columns is-layout-flex wp-container-core-columns-is-layout-9d6595d7 wp-block-columns-is-layout-flex\">\n<div class=\"wp-block-column is-layout-flow wp-block-column-is-layout-flow\">\n<figure class=\"wp-block-image size-large\"><img loading=\"lazy\" decoding=\"async\" width=\"535\" height=\"299\" src=\"https:\/\/noticias.sunrisecargo.com\/wp-content\/uploads\/2021\/07\/2-1.png\" alt=\"\" class=\"wp-image-3466\" srcset=\"https:\/\/noticias.sunrisecargo.com\/wp-content\/uploads\/2021\/07\/2-1.png 535w, https:\/\/noticias.sunrisecargo.com\/wp-content\/uploads\/2021\/07\/2-1-300x168.png 300w\" sizes=\"auto, (max-width: 535px) 100vw, 535px\" \/><\/figure>\n<\/div>\n\n\n\n<div class=\"wp-block-column is-layout-flow wp-block-column-is-layout-flow\">\n<p class=\"justificar\"><strong>Supertransporte abre investigaci\u00f3n contra PROTEKTO LTDA por presuntamente causar demoras<\/strong><\/p>\n\n\n\n<p class=\"justificar\">La Superintendencia de Transporte abri\u00f3 investigaci\u00f3n y formul\u00f3 pliego de cargos en contra del operador portuario Sociedad Protekto Ltda., por el presunto incumplimiento en la prestaci\u00f3n eficiente, del servicio p\u00fablico portuario en las instalaciones de la Sociedad Portuaria Regional de Buenaventura S.A<\/p>\n\n\n\n<div class=\"wp-block-buttons is-layout-flex wp-block-buttons-is-layout-flex\">\n<div class=\"wp-block-button\"><a class=\"wp-block-button__link has-white-color has-text-color has-background\" href=\"https:\/\/noticias.sunrisecargo.com\/?p=3429\" style=\"border-radius:12px;background-color:#eac40a\" target=\"_blank\" rel=\"noreferrer noopener\"><strong>Ver m\u00e1s<\/strong><\/a><\/div>\n<\/div>\n<\/div>\n<\/div>\n\n\n\n<hr class=\"wp-block-separator\"\/>\n\n\n\n<div class=\"wp-block-columns is-layout-flex wp-container-core-columns-is-layout-9d6595d7 wp-block-columns-is-layout-flex\">\n<div class=\"wp-block-column is-layout-flow wp-block-column-is-layout-flow\">\n<figure class=\"wp-block-image size-large\"><img loading=\"lazy\" decoding=\"async\" width=\"535\" height=\"299\" src=\"https:\/\/noticias.sunrisecargo.com\/wp-content\/uploads\/2021\/07\/1-1.png\" alt=\"\" class=\"wp-image-3467\" srcset=\"https:\/\/noticias.sunrisecargo.com\/wp-content\/uploads\/2021\/07\/1-1.png 535w, https:\/\/noticias.sunrisecargo.com\/wp-content\/uploads\/2021\/07\/1-1-300x168.png 300w\" sizes=\"auto, (max-width: 535px) 100vw, 535px\" \/><\/figure>\n<\/div>\n\n\n\n<div class=\"wp-block-column is-layout-flow wp-block-column-is-layout-flow\">\n<p class=\"justificar\"><strong>Puerto de Callao, Per\u00fa: Agentes mar\u00edtimos alertan sobre congesti\u00f3n portuaria en el Muelle Norte<\/strong><\/p>\n\n\n\n<p class=\"justificar\">La Asociaci\u00f3n Peruana de Agentes Mar\u00edtimos (APAM) alert\u00f3 a la Comunidad Portuaria respecto a los graves problemas de congesti\u00f3n portuaria que se est\u00e1 presentando en el Terminal Norte del Puerto del Callao derivado de una reducida dotaci\u00f3n de estibadores, lo que origina que las naves tengan que esperar entre siete a diez d\u00edas para ser atendidos.\u00a0<\/p>\n\n\n\n<div class=\"wp-block-buttons is-layout-flex wp-block-buttons-is-layout-flex\">\n<div class=\"wp-block-button\"><a class=\"wp-block-button__link has-white-color has-text-color has-background\" href=\"https:\/\/noticias.sunrisecargo.com\/?p=3425\" style=\"border-radius:12px;background-color:#eac40a\" target=\"_blank\" rel=\"noreferrer noopener\"><strong>Ver m\u00e1s<\/strong><\/a><\/div>\n<\/div>\n<\/div>\n<\/div>\n\n\n\n<hr class=\"wp-block-separator\"\/>\n\n\n\n<div class=\"wp-block-columns is-layout-flex wp-container-core-columns-is-layout-9d6595d7 wp-block-columns-is-layout-flex\">\n<div class=\"wp-block-column is-layout-flow wp-block-column-is-layout-flow\">\n<figure class=\"wp-block-image size-large\"><img loading=\"lazy\" decoding=\"async\" width=\"535\" height=\"299\" src=\"https:\/\/noticias.sunrisecargo.com\/wp-content\/uploads\/2021\/07\/3.png\" alt=\"\" class=\"wp-image-3460\" srcset=\"https:\/\/noticias.sunrisecargo.com\/wp-content\/uploads\/2021\/07\/3.png 535w, https:\/\/noticias.sunrisecargo.com\/wp-content\/uploads\/2021\/07\/3-300x168.png 300w\" sizes=\"auto, (max-width: 535px) 100vw, 535px\" \/><\/figure>\n<\/div>\n\n\n\n<div class=\"wp-block-column is-layout-flow wp-block-column-is-layout-flow\">\n<p class=\"justificar\"><strong>Crisis en Colombia: colapso en Buenaventura genera importantes sobrecostos al comercio exterior<\/strong><\/p>\n\n\n\n<p class=\"justificar\">El alto precio de los fletes mar\u00edtimos a nivel global y la interrupci\u00f3n del transporte log\u00edstico por el paro generaron un problem\u00e1tico c\u00f3ctel para el comercio exterior colombiano. El resultado: los sobrecostos adicionales para la industria han elevado un 500% los precios log\u00edsticos normales en el puerto de Buenaventura<\/p>\n\n\n\n<div class=\"wp-block-buttons is-layout-flex wp-block-buttons-is-layout-flex\">\n<div class=\"wp-block-button\"><a class=\"wp-block-button__link has-white-color has-text-color has-background\" href=\"https:\/\/noticias.sunrisecargo.com\/?p=3433\" style=\"border-radius:12px;background-color:#eac40a\" target=\"_blank\" rel=\"noreferrer noopener\"><strong>Ver m\u00e1s<\/strong><\/a><\/div>\n<\/div>\n<\/div>\n<\/div>\n\n\n\n<hr class=\"wp-block-separator\"\/>\n\n\n\n<div class=\"wp-block-columns is-layout-flex wp-container-core-columns-is-layout-9d6595d7 wp-block-columns-is-layout-flex\">\n<div class=\"wp-block-column is-layout-flow wp-block-column-is-layout-flow\">\n<figure class=\"wp-block-image size-large\"><img loading=\"lazy\" decoding=\"async\" width=\"535\" height=\"299\" src=\"https:\/\/noticias.sunrisecargo.com\/wp-content\/uploads\/2021\/07\/6-1.png\" alt=\"\" class=\"wp-image-3468\" srcset=\"https:\/\/noticias.sunrisecargo.com\/wp-content\/uploads\/2021\/07\/6-1.png 535w, https:\/\/noticias.sunrisecargo.com\/wp-content\/uploads\/2021\/07\/6-1-300x168.png 300w\" sizes=\"auto, (max-width: 535px) 100vw, 535px\" \/><\/figure>\n<\/div>\n\n\n\n<div class=\"wp-block-column is-layout-flow wp-block-column-is-layout-flow\">\n<p class=\"justificar\"><strong>Por ventas de combustibles, exportaciones en mayo crecieron 39,4 %<\/strong><\/p>\n\n\n\n<p class=\"justificar\" id=\"pnull-m137-1-138\">La diferencia con el quinto mes del 2019 fue de 651 millones de d\u00f3lares. En 2021, totalizaron 3.097 millones de d\u00f3lares. Un crecimiento del 66,5%\u00a0en las ventas externas del grupo de combustibles impuls\u00f3 las exportaciones de Colombia en mayo, as\u00ed lo revel\u00f3 el reciente informe del Dane.<\/p>\n\n\n\n<div class=\"wp-block-buttons is-layout-flex wp-block-buttons-is-layout-flex\">\n<div class=\"wp-block-button\"><a class=\"wp-block-button__link has-white-color has-text-color has-background\" href=\"https:\/\/noticias.sunrisecargo.com\/?p=3449\" style=\"border-radius:12px;background-color:#eac40a\" target=\"_blank\" rel=\"noreferrer noopener\"><strong>Ver m\u00e1s<\/strong><\/a><\/div>\n<\/div>\n<\/div>\n<\/div>\n\n\n\n<hr class=\"wp-block-separator\"\/>\n\n\n\n<div class=\"wp-block-columns is-layout-flex wp-container-core-columns-is-layout-9d6595d7 wp-block-columns-is-layout-flex\">\n<div class=\"wp-block-column is-layout-flow wp-block-column-is-layout-flow\">\n<figure class=\"wp-block-image size-large\"><img loading=\"lazy\" decoding=\"async\" width=\"535\" height=\"299\" src=\"https:\/\/noticias.sunrisecargo.com\/wp-content\/uploads\/2021\/07\/5.png\" alt=\"\" class=\"wp-image-3462\" srcset=\"https:\/\/noticias.sunrisecargo.com\/wp-content\/uploads\/2021\/07\/5.png 535w, https:\/\/noticias.sunrisecargo.com\/wp-content\/uploads\/2021\/07\/5-300x168.png 300w\" sizes=\"auto, (max-width: 535px) 100vw, 535px\" \/><\/figure>\n<\/div>\n\n\n\n<div class=\"wp-block-column is-layout-flow wp-block-column-is-layout-flow\">\n<p class=\"justificar\"><strong>M\u00e1s l\u00edneas a\u00e9reas podr\u00edan irse de Argentina por el l\u00edmite de cupos que aplic\u00f3 el Gobierno<\/strong><\/p>\n\n\n\n<p class=\"justificar\">Por la reciente decisi\u00f3n del Gobierno, que redujo de 2.000 a 600 el cupo diario de pasajeros que pueden salir o ingresar de la Argentina, m\u00e1s aerol\u00edneas podr\u00edan dejar de operar en el pa\u00eds. As\u00ed lo advirti\u00f3 Federico Baravalle, director ejecutivo de Jurca, la c\u00e1mara local de las empresas del sector.<\/p>\n\n\n\n<div class=\"wp-block-buttons is-layout-flex wp-block-buttons-is-layout-flex\">\n<div class=\"wp-block-button\"><a class=\"wp-block-button__link has-white-color has-text-color has-background\" href=\"https:\/\/noticias.sunrisecargo.com\/?p=3445\" style=\"border-radius:12px;background-color:#eac40a\" target=\"_blank\" rel=\"noreferrer noopener\"><strong>Ver m\u00e1s<\/strong><\/a><\/div>\n<\/div>\n<\/div>\n<\/div>\n\n\n\n<hr class=\"wp-block-separator\"\/>\n\n\n\n<div class=\"wp-block-columns is-layout-flex wp-container-core-columns-is-layout-9d6595d7 wp-block-columns-is-layout-flex\">\n<div class=\"wp-block-column is-layout-flow wp-block-column-is-layout-flow\">\n<figure class=\"wp-block-image size-large\"><img loading=\"lazy\" decoding=\"async\" width=\"535\" height=\"299\" src=\"https:\/\/noticias.sunrisecargo.com\/wp-content\/uploads\/2021\/07\/4-1.png\" alt=\"\" class=\"wp-image-3469\" srcset=\"https:\/\/noticias.sunrisecargo.com\/wp-content\/uploads\/2021\/07\/4-1.png 535w, https:\/\/noticias.sunrisecargo.com\/wp-content\/uploads\/2021\/07\/4-1-300x168.png 300w\" sizes=\"auto, (max-width: 535px) 100vw, 535px\" \/><\/figure>\n<\/div>\n\n\n\n<div class=\"wp-block-column is-layout-flow wp-block-column-is-layout-flow\">\n<p class=\"justificar\"><strong>Transporte terrestre: panorama actual principales puertos nacionales<\/strong><\/p>\n\n\n\n<p class=\"justificar\">Las empresas de transporte informan que la mayor\u00eda de los patios del interior est\u00e1n cerrados, en el caso de Patios Colombia las citas de entrega se deben tomar con anterioridad por que la plataforma tiene disponibilidad de citas entre 2 a 3 d\u00edas.<\/p>\n\n\n\n<div class=\"wp-block-buttons is-layout-flex wp-block-buttons-is-layout-flex\">\n<div class=\"wp-block-button\"><a class=\"wp-block-button__link has-white-color has-text-color has-background\" href=\"https:\/\/noticias.sunrisecargo.com\/?p=3440\" style=\"border-radius:12px;background-color:#eac40a\" target=\"_blank\" rel=\"noreferrer noopener\"><strong>Ver m\u00e1s<\/strong><\/a><\/div>\n<\/div>\n<\/div>\n<\/div>\n","protected":false},"excerpt":{"rendered":"<p>Supertransporte abre investigaci\u00f3n contra PROTEKTO LTDA por presuntamente causar demoras La Superintendencia de Transporte abri\u00f3 investigaci\u00f3n y formul\u00f3 pliego de cargos en contra del operador portuario Sociedad Protekto Ltda., por&hellip; <\/p>\n","protected":false},"author":4,"featured_media":3457,"comment_status":"closed","ping_status":"open","sticky":false,"template":"","format":"standard","meta":{"_monsterinsights_skip_tracking":false,"_monsterinsights_sitenote_active":false,"_monsterinsights_sitenote_note":"","_monsterinsights_sitenote_category":0,"footnotes":""},"categories":[50],"tags":[],"class_list":["post-3453","post","type-post","status-publish","format-standard","has-post-thumbnail","hentry","category-boletin-noticias"],"yoast_head":"<!-- This site is optimized with the Yoast SEO plugin v16.1.1 - https:\/\/yoast.com\/wordpress\/plugins\/seo\/ -->\n<title>Bolet\u00edn Julio 06 - Noticias Sunrise Cargo<\/title>\n<link rel=\"canonical\" href=\"https:\/\/noticias.sunrisecargo.com\/?p=3453\" \/>\n<meta property=\"og:locale\" content=\"es_ES\" \/>\n<meta property=\"og:type\" content=\"article\" \/>\n<meta property=\"og:title\" content=\"Bolet\u00edn Julio 06 - Noticias Sunrise Cargo\" \/>\n<meta property=\"og:description\" content=\"Supertransporte abre investigaci\u00f3n contra PROTEKTO LTDA por presuntamente causar demoras La Superintendencia de Transporte abri\u00f3 investigaci\u00f3n y formul\u00f3 pliego de cargos en contra del operador portuario Sociedad Protekto Ltda., por&hellip;\" \/>\n<meta property=\"og:url\" content=\"https:\/\/noticias.sunrisecargo.com\/?p=3453\" \/>\n<meta property=\"og:site_name\" content=\"Noticias Sunrise Cargo\" \/>\n<meta property=\"article:published_time\" content=\"2021-07-06T20:27:23+00:00\" \/>\n<meta property=\"article:modified_time\" content=\"2021-07-06T20:29:26+00:00\" \/>\n<meta property=\"og:image\" content=\"https:\/\/noticias.sunrisecargo.com\/wp-content\/uploads\/2021\/07\/xcvx.jpg\" \/>\n\t<meta property=\"og:image:width\" content=\"800\" \/>\n\t<meta property=\"og:image:height\" content=\"480\" \/>\n<meta name=\"twitter:card\" content=\"summary_large_image\" \/>\n<meta name=\"twitter:label1\" content=\"Est. reading time\">\n\t<meta name=\"twitter:data1\" content=\"4 minutos\">\n<script type=\"application\/ld+json\" class=\"yoast-schema-graph\">{\"@context\":\"https:\/\/schema.org\",\"@graph\":[{\"@type\":\"Organization\",\"@id\":\"https:\/\/noticias.sunrisecargo.com\/#organization\",\"name\":\"Sunrise Cargo SAS\",\"url\":\"https:\/\/noticias.sunrisecargo.com\/\",\"sameAs\":[],\"logo\":{\"@type\":\"ImageObject\",\"@id\":\"https:\/\/noticias.sunrisecargo.com\/#logo\",\"inLanguage\":\"es-CO\",\"url\":\"https:\/\/noticias.sunrisecargo.com\/wp-content\/uploads\/2021\/04\/ICONO-NOTI-SUNRISE.png\",\"contentUrl\":\"https:\/\/noticias.sunrisecargo.com\/wp-content\/uploads\/2021\/04\/ICONO-NOTI-SUNRISE.png\",\"width\":37,\"height\":37,\"caption\":\"Sunrise Cargo SAS\"},\"image\":{\"@id\":\"https:\/\/noticias.sunrisecargo.com\/#logo\"}},{\"@type\":\"WebSite\",\"@id\":\"https:\/\/noticias.sunrisecargo.com\/#website\",\"url\":\"https:\/\/noticias.sunrisecargo.com\/\",\"name\":\"Noticias Sunrise Cargo\",\"description\":\"Noticias de Inter\\u00e9s\",\"publisher\":{\"@id\":\"https:\/\/noticias.sunrisecargo.com\/#organization\"},\"potentialAction\":[{\"@type\":\"SearchAction\",\"target\":\"https:\/\/noticias.sunrisecargo.com\/?s={search_term_string}\",\"query-input\":\"required name=search_term_string\"}],\"inLanguage\":\"es-CO\"},{\"@type\":\"ImageObject\",\"@id\":\"https:\/\/noticias.sunrisecargo.com\/?p=3453#primaryimage\",\"inLanguage\":\"es-CO\",\"url\":\"https:\/\/noticias.sunrisecargo.com\/wp-content\/uploads\/2021\/07\/xcvx.jpg\",\"contentUrl\":\"https:\/\/noticias.sunrisecargo.com\/wp-content\/uploads\/2021\/07\/xcvx.jpg\",\"width\":800,\"height\":480},{\"@type\":\"WebPage\",\"@id\":\"https:\/\/noticias.sunrisecargo.com\/?p=3453#webpage\",\"url\":\"https:\/\/noticias.sunrisecargo.com\/?p=3453\",\"name\":\"Bolet\\u00edn Julio 06 - Noticias Sunrise Cargo\",\"isPartOf\":{\"@id\":\"https:\/\/noticias.sunrisecargo.com\/#website\"},\"primaryImageOfPage\":{\"@id\":\"https:\/\/noticias.sunrisecargo.com\/?p=3453#primaryimage\"},\"datePublished\":\"2021-07-06T20:27:23+00:00\",\"dateModified\":\"2021-07-06T20:29:26+00:00\",\"breadcrumb\":{\"@id\":\"https:\/\/noticias.sunrisecargo.com\/?p=3453#breadcrumb\"},\"inLanguage\":\"es-CO\",\"potentialAction\":[{\"@type\":\"ReadAction\",\"target\":[\"https:\/\/noticias.sunrisecargo.com\/?p=3453\"]}]},{\"@type\":\"BreadcrumbList\",\"@id\":\"https:\/\/noticias.sunrisecargo.com\/?p=3453#breadcrumb\",\"itemListElement\":[{\"@type\":\"ListItem\",\"position\":1,\"item\":{\"@type\":\"WebPage\",\"@id\":\"https:\/\/noticias.sunrisecargo.com\/\",\"url\":\"https:\/\/noticias.sunrisecargo.com\/\",\"name\":\"Home\"}},{\"@type\":\"ListItem\",\"position\":2,\"item\":{\"@type\":\"WebPage\",\"@id\":\"https:\/\/noticias.sunrisecargo.com\/?p=3453\",\"url\":\"https:\/\/noticias.sunrisecargo.com\/?p=3453\",\"name\":\"Bolet\\u00edn Julio 06\"}}]},{\"@type\":\"Article\",\"@id\":\"https:\/\/noticias.sunrisecargo.com\/?p=3453#article\",\"isPartOf\":{\"@id\":\"https:\/\/noticias.sunrisecargo.com\/?p=3453#webpage\"},\"author\":{\"@id\":\"https:\/\/noticias.sunrisecargo.com\/#\/schema\/person\/6dc68534970689383af81dce59c92bbc\"},\"headline\":\"Bolet\\u00edn Julio 06\",\"datePublished\":\"2021-07-06T20:27:23+00:00\",\"dateModified\":\"2021-07-06T20:29:26+00:00\",\"mainEntityOfPage\":{\"@id\":\"https:\/\/noticias.sunrisecargo.com\/?p=3453#webpage\"},\"publisher\":{\"@id\":\"https:\/\/noticias.sunrisecargo.com\/#organization\"},\"image\":{\"@id\":\"https:\/\/noticias.sunrisecargo.com\/?p=3453#primaryimage\"},\"articleSection\":\"Bolet\\u00edn Noticias\",\"inLanguage\":\"es-CO\"},{\"@type\":\"Person\",\"@id\":\"https:\/\/noticias.sunrisecargo.com\/#\/schema\/person\/6dc68534970689383af81dce59c92bbc\",\"name\":\"Sunrise Cargo\",\"image\":{\"@type\":\"ImageObject\",\"@id\":\"https:\/\/noticias.sunrisecargo.com\/#personlogo\",\"inLanguage\":\"es-CO\",\"url\":\"https:\/\/secure.gravatar.com\/avatar\/064fc68894aee252e3d51c81d7d0798bc56bf526018995fa222e730d9052fdd8?s=96&d=mm&r=g\",\"contentUrl\":\"https:\/\/secure.gravatar.com\/avatar\/064fc68894aee252e3d51c81d7d0798bc56bf526018995fa222e730d9052fdd8?s=96&d=mm&r=g\",\"caption\":\"Sunrise Cargo\"},\"sameAs\":[\"http:\/\/noticias.sunrisecargo.com\"]}]}<\/script>\n<!-- \/ Yoast SEO plugin. -->","_links":{"self":[{"href":"https:\/\/noticias.sunrisecargo.com\/index.php?rest_route=\/wp\/v2\/posts\/3453","targetHints":{"allow":["GET"]}}],"collection":[{"href":"https:\/\/noticias.sunrisecargo.com\/index.php?rest_route=\/wp\/v2\/posts"}],"about":[{"href":"https:\/\/noticias.sunrisecargo.com\/index.php?rest_route=\/wp\/v2\/types\/post"}],"author":[{"embeddable":true,"href":"https:\/\/noticias.sunrisecargo.com\/index.php?rest_route=\/wp\/v2\/users\/4"}],"replies":[{"embeddable":true,"href":"https:\/\/noticias.sunrisecargo.com\/index.php?rest_route=%2Fwp%2Fv2%2Fcomments&post=3453"}],"version-history":[{"count":3,"href":"https:\/\/noticias.sunrisecargo.com\/index.php?rest_route=\/wp\/v2\/posts\/3453\/revisions"}],"predecessor-version":[{"id":3510,"href":"https:\/\/noticias.sunrisecargo.com\/index.php?rest_route=\/wp\/v2\/posts\/3453\/revisions\/3510"}],"wp:featuredmedia":[{"embeddable":true,"href":"https:\/\/noticias.sunrisecargo.com\/index.php?rest_route=\/wp\/v2\/media\/3457"}],"wp:attachment":[{"href":"https:\/\/noticias.sunrisecargo.com\/index.php?rest_route=%2Fwp%2Fv2%2Fmedia&parent=3453"}],"wp:term":[{"taxonomy":"category","embeddable":true,"href":"https:\/\/noticias.sunrisecargo.com\/index.php?rest_route=%2Fwp%2Fv2%2Fcategories&post=3453"},{"taxonomy":"post_tag","embeddable":true,"href":"https:\/\/noticias.sunrisecargo.com\/index.php?rest_route=%2Fwp%2Fv2%2Ftags&post=3453"}],"curies":[{"name":"wp","href":"https:\/\/api.w.org\/{rel}","templated":true}]}}