{"id":3163,"date":"2021-05-24T14:43:36","date_gmt":"2021-05-24T19:43:36","guid":{"rendered":"https:\/\/noticias.sunrisecargo.com\/?p=3163"},"modified":"2021-05-24T14:43:38","modified_gmt":"2021-05-24T19:43:38","slug":"actualizacion-semanal-aerea-y-maritima","status":"publish","type":"post","link":"https:\/\/noticias.sunrisecargo.com\/?p=3163","title":{"rendered":"Actualizaci\u00f3n semanal a\u00e9rea y mar\u00edtima"},"content":{"rendered":"\n<figure class=\"wp-block-image size-large is-resized\"><img loading=\"lazy\" decoding=\"async\" src=\"https:\/\/noticias.sunrisecargo.com\/wp-content\/uploads\/2021\/05\/aire.jpg\" alt=\"\" class=\"wp-image-3164\" width=\"839\" height=\"346\" srcset=\"https:\/\/noticias.sunrisecargo.com\/wp-content\/uploads\/2021\/05\/aire.jpg 760w, https:\/\/noticias.sunrisecargo.com\/wp-content\/uploads\/2021\/05\/aire-300x124.jpg 300w\" sizes=\"auto, (max-width: 839px) 100vw, 839px\" \/><\/figure>\n\n\n\n<p><strong>A\u00e9reo:<\/strong><\/p>\n\n\n\n<p>LATAM ampliar\u00e1 su flota carguera a 21 nuevas naves<\/p>\n\n\n\n<p class=\"justificar\">Con la adquisici\u00f3n de nuevos aviones y la conversi\u00f3n de otros, el grupo LATAM expandir\u00e1 su flota carguera gradualmente con 10 Boeing 767-300 Boeing Converted Freighters en los pr\u00f3ximos tres a\u00f1os.<\/p>\n\n\n\n<p class=\"justificar\">Esto le dar\u00e1 la cifra de 21 aviones de carga a fines de 2023, que pr\u00e1cticamente se duplica y reduce su edad promedio de 17 a 14 a\u00f1os.<\/p>\n\n\n\n<p>LATAM espera recibir el primero de estos aviones a fines de este a\u00f1o.<\/p>\n\n\n\n<figure class=\"wp-block-image size-large is-resized\"><img loading=\"lazy\" decoding=\"async\" src=\"https:\/\/noticias.sunrisecargo.com\/wp-content\/uploads\/2021\/05\/barco.jpg\" alt=\"\" class=\"wp-image-3165\" width=\"841\" height=\"346\" srcset=\"https:\/\/noticias.sunrisecargo.com\/wp-content\/uploads\/2021\/05\/barco.jpg 760w, https:\/\/noticias.sunrisecargo.com\/wp-content\/uploads\/2021\/05\/barco-300x124.jpg 300w\" sizes=\"auto, (max-width: 841px) 100vw, 841px\" \/><\/figure>\n\n\n\n<p><strong>Mar\u00edtimo:<\/strong><\/p>\n\n\n\n<p class=\"justificar\">Vol\u00famenes de contenedores se disparar\u00e1n en 2021, pero correlaci\u00f3n con el PIB mundial sigue debilit\u00e1ndose.<\/p>\n\n\n\n<p class=\"justificar\">Los vol\u00famenes de contenedores se disparar\u00e1n en 2021, pero la tendencia a largo plazo muestra una disminuci\u00f3n continua del multiplicador de crecimiento TEU-PIB que vincula la movilizaci\u00f3n de contenedores con el crecimiento econ\u00f3mico mundial, reporta Alphaliner.<\/p>\n\n\n\n<p class=\"justificar\">La \u00faltima previsi\u00f3n de la consultora muestra un potencial aumento del 5,8% en el desempe\u00f1o portuario de contenedores a nivel mundial este a\u00f1o, frente a las previsiones iniciales del 2,7% realizadas en enero de 2020. Por su parte, el FMI ha revisado recientemente su previsi\u00f3n de crecimiento econ\u00f3mico y comercial mundial para 2021, situ\u00e1ndola en el 6%, lo que supone un aumento de las previsiones, respecto al 5,5% de principios de a\u00f1o.<\/p>\n\n\n\n<p class=\"justificar\">Sin embargo, los datos muestran que la correlaci\u00f3n entre el crecimiento del PIB y los vol\u00famenes de contenedores en todo el mundo sigue debilit\u00e1ndose, con el multiplicador TEU-PIB -que promedi\u00f3 3,4x recientemente en la d\u00e9cada de 1990, cayendo a 2,6x en 2000-2008 y de nuevo a 1,4x en 2010-2019.<\/p>\n\n\n\n<p class=\"justificar\">Desde 2015, cuatro a\u00f1os (de forma individual) han ca\u00eddo por debajo de 1x, una situaci\u00f3n que puede repetirse en 2021. Los datos parecen reflejar el proteccionismo en todo el mundo y una disminuci\u00f3n del comercio transfronterizo global y elimina lo que antes era un indicador clave para el sector.<\/p>\n\n\n\n<p class=\"justificar\">Las previsiones de producci\u00f3n para este a\u00f1o est\u00e1n sujetas a una enorme incertidumbre, debido a las dudas sobre el avance de la vacunaci\u00f3n mundial y por el impacto de la escasez de tonelaje que podr\u00eda frenar la elevada demanda de los consumidores.<\/p>\n\n\n\n<p class=\"justificar\">Los \u00faltimos incrementos en el desempe\u00f1o mundial de los contenedores se observaron en 2017 y 2018, cuando se registr\u00f3 un crecimiento del 6,7% y del 5,2% respectivamente. Mientras tanto, el tumultuoso mercado de 2020 termin\u00f3 con un resultado sorprendentemente plano, con un desempe\u00f1o s\u00f3lo -0,7% inferior al de 2019 a pesar de una contracci\u00f3n del 3,3% del PIB.<\/p>\n","protected":false},"excerpt":{"rendered":"<p>A\u00e9reo: LATAM ampliar\u00e1 su flota carguera a 21 nuevas naves Con la adquisici\u00f3n de nuevos aviones y la conversi\u00f3n de otros, el grupo LATAM expandir\u00e1 su flota carguera gradualmente con&hellip; <\/p>\n","protected":false},"author":4,"featured_media":3166,"comment_status":"closed","ping_status":"open","sticky":false,"template":"","format":"standard","meta":{"_monsterinsights_skip_tracking":false,"_monsterinsights_sitenote_active":false,"_monsterinsights_sitenote_note":"","_monsterinsights_sitenote_category":0,"footnotes":""},"categories":[17],"tags":[85,83,41,37,38,22,86],"class_list":["post-3163","post","type-post","status-publish","format-standard","has-post-thumbnail","hentry","category-comercial","tag-carga-internacional","tag-cargo","tag-db-schenker","tag-sunrise-cargo","tag-transporte-aereo","tag-transportemaritimo","tag-world"],"yoast_head":"<!-- This site is optimized with the Yoast SEO plugin v16.1.1 - https:\/\/yoast.com\/wordpress\/plugins\/seo\/ -->\n<title>Actualizaci\u00f3n semanal a\u00e9rea y mar\u00edtima - Noticias Sunrise Cargo<\/title>\n<link rel=\"canonical\" href=\"https:\/\/noticias.sunrisecargo.com\/?p=3163\" \/>\n<meta property=\"og:locale\" content=\"es_ES\" \/>\n<meta property=\"og:type\" content=\"article\" \/>\n<meta property=\"og:title\" content=\"Actualizaci\u00f3n semanal a\u00e9rea y mar\u00edtima - Noticias Sunrise Cargo\" \/>\n<meta property=\"og:description\" content=\"A\u00e9reo: LATAM ampliar\u00e1 su flota carguera a 21 nuevas naves Con la adquisici\u00f3n de nuevos aviones y la conversi\u00f3n de otros, el grupo LATAM expandir\u00e1 su flota carguera gradualmente con&hellip;\" \/>\n<meta property=\"og:url\" content=\"https:\/\/noticias.sunrisecargo.com\/?p=3163\" \/>\n<meta property=\"og:site_name\" content=\"Noticias Sunrise Cargo\" \/>\n<meta property=\"article:published_time\" content=\"2021-05-24T19:43:36+00:00\" \/>\n<meta property=\"article:modified_time\" content=\"2021-05-24T19:43:38+00:00\" \/>\n<meta property=\"og:image\" content=\"https:\/\/noticias.sunrisecargo.com\/wp-content\/uploads\/2021\/05\/comercial.jpg\" \/>\n\t<meta property=\"og:image:width\" content=\"800\" \/>\n\t<meta property=\"og:image:height\" content=\"480\" \/>\n<meta name=\"twitter:card\" content=\"summary_large_image\" \/>\n<meta name=\"twitter:label1\" content=\"Est. reading time\">\n\t<meta name=\"twitter:data1\" content=\"3 minutos\">\n<script type=\"application\/ld+json\" class=\"yoast-schema-graph\">{\"@context\":\"https:\/\/schema.org\",\"@graph\":[{\"@type\":\"Organization\",\"@id\":\"https:\/\/noticias.sunrisecargo.com\/#organization\",\"name\":\"Sunrise Cargo SAS\",\"url\":\"https:\/\/noticias.sunrisecargo.com\/\",\"sameAs\":[],\"logo\":{\"@type\":\"ImageObject\",\"@id\":\"https:\/\/noticias.sunrisecargo.com\/#logo\",\"inLanguage\":\"es-CO\",\"url\":\"https:\/\/noticias.sunrisecargo.com\/wp-content\/uploads\/2021\/04\/ICONO-NOTI-SUNRISE.png\",\"contentUrl\":\"https:\/\/noticias.sunrisecargo.com\/wp-content\/uploads\/2021\/04\/ICONO-NOTI-SUNRISE.png\",\"width\":37,\"height\":37,\"caption\":\"Sunrise Cargo SAS\"},\"image\":{\"@id\":\"https:\/\/noticias.sunrisecargo.com\/#logo\"}},{\"@type\":\"WebSite\",\"@id\":\"https:\/\/noticias.sunrisecargo.com\/#website\",\"url\":\"https:\/\/noticias.sunrisecargo.com\/\",\"name\":\"Noticias Sunrise Cargo\",\"description\":\"Noticias de Inter\\u00e9s\",\"publisher\":{\"@id\":\"https:\/\/noticias.sunrisecargo.com\/#organization\"},\"potentialAction\":[{\"@type\":\"SearchAction\",\"target\":\"https:\/\/noticias.sunrisecargo.com\/?s={search_term_string}\",\"query-input\":\"required name=search_term_string\"}],\"inLanguage\":\"es-CO\"},{\"@type\":\"ImageObject\",\"@id\":\"https:\/\/noticias.sunrisecargo.com\/?p=3163#primaryimage\",\"inLanguage\":\"es-CO\",\"url\":\"https:\/\/noticias.sunrisecargo.com\/wp-content\/uploads\/2021\/05\/comercial.jpg\",\"contentUrl\":\"https:\/\/noticias.sunrisecargo.com\/wp-content\/uploads\/2021\/05\/comercial.jpg\",\"width\":800,\"height\":480},{\"@type\":\"WebPage\",\"@id\":\"https:\/\/noticias.sunrisecargo.com\/?p=3163#webpage\",\"url\":\"https:\/\/noticias.sunrisecargo.com\/?p=3163\",\"name\":\"Actualizaci\\u00f3n semanal a\\u00e9rea y mar\\u00edtima - Noticias Sunrise Cargo\",\"isPartOf\":{\"@id\":\"https:\/\/noticias.sunrisecargo.com\/#website\"},\"primaryImageOfPage\":{\"@id\":\"https:\/\/noticias.sunrisecargo.com\/?p=3163#primaryimage\"},\"datePublished\":\"2021-05-24T19:43:36+00:00\",\"dateModified\":\"2021-05-24T19:43:38+00:00\",\"breadcrumb\":{\"@id\":\"https:\/\/noticias.sunrisecargo.com\/?p=3163#breadcrumb\"},\"inLanguage\":\"es-CO\",\"potentialAction\":[{\"@type\":\"ReadAction\",\"target\":[\"https:\/\/noticias.sunrisecargo.com\/?p=3163\"]}]},{\"@type\":\"BreadcrumbList\",\"@id\":\"https:\/\/noticias.sunrisecargo.com\/?p=3163#breadcrumb\",\"itemListElement\":[{\"@type\":\"ListItem\",\"position\":1,\"item\":{\"@type\":\"WebPage\",\"@id\":\"https:\/\/noticias.sunrisecargo.com\/\",\"url\":\"https:\/\/noticias.sunrisecargo.com\/\",\"name\":\"Home\"}},{\"@type\":\"ListItem\",\"position\":2,\"item\":{\"@type\":\"WebPage\",\"@id\":\"https:\/\/noticias.sunrisecargo.com\/?p=3163\",\"url\":\"https:\/\/noticias.sunrisecargo.com\/?p=3163\",\"name\":\"Actualizaci\\u00f3n semanal a\\u00e9rea y mar\\u00edtima\"}}]},{\"@type\":\"Article\",\"@id\":\"https:\/\/noticias.sunrisecargo.com\/?p=3163#article\",\"isPartOf\":{\"@id\":\"https:\/\/noticias.sunrisecargo.com\/?p=3163#webpage\"},\"author\":{\"@id\":\"https:\/\/noticias.sunrisecargo.com\/#\/schema\/person\/6dc68534970689383af81dce59c92bbc\"},\"headline\":\"Actualizaci\\u00f3n semanal a\\u00e9rea y mar\\u00edtima\",\"datePublished\":\"2021-05-24T19:43:36+00:00\",\"dateModified\":\"2021-05-24T19:43:38+00:00\",\"mainEntityOfPage\":{\"@id\":\"https:\/\/noticias.sunrisecargo.com\/?p=3163#webpage\"},\"publisher\":{\"@id\":\"https:\/\/noticias.sunrisecargo.com\/#organization\"},\"image\":{\"@id\":\"https:\/\/noticias.sunrisecargo.com\/?p=3163#primaryimage\"},\"keywords\":\"Carga internacional,Cargo,DB Schenker,Sunrise Cargo,transporte a\\u00e9reo,transportemaritimo,World\",\"articleSection\":\"Comercial\",\"inLanguage\":\"es-CO\"},{\"@type\":\"Person\",\"@id\":\"https:\/\/noticias.sunrisecargo.com\/#\/schema\/person\/6dc68534970689383af81dce59c92bbc\",\"name\":\"Sunrise Cargo\",\"image\":{\"@type\":\"ImageObject\",\"@id\":\"https:\/\/noticias.sunrisecargo.com\/#personlogo\",\"inLanguage\":\"es-CO\",\"url\":\"https:\/\/secure.gravatar.com\/avatar\/064fc68894aee252e3d51c81d7d0798bc56bf526018995fa222e730d9052fdd8?s=96&d=mm&r=g\",\"contentUrl\":\"https:\/\/secure.gravatar.com\/avatar\/064fc68894aee252e3d51c81d7d0798bc56bf526018995fa222e730d9052fdd8?s=96&d=mm&r=g\",\"caption\":\"Sunrise Cargo\"},\"sameAs\":[\"http:\/\/noticias.sunrisecargo.com\"]}]}<\/script>\n<!-- \/ Yoast SEO plugin. -->","_links":{"self":[{"href":"https:\/\/noticias.sunrisecargo.com\/index.php?rest_route=\/wp\/v2\/posts\/3163","targetHints":{"allow":["GET"]}}],"collection":[{"href":"https:\/\/noticias.sunrisecargo.com\/index.php?rest_route=\/wp\/v2\/posts"}],"about":[{"href":"https:\/\/noticias.sunrisecargo.com\/index.php?rest_route=\/wp\/v2\/types\/post"}],"author":[{"embeddable":true,"href":"https:\/\/noticias.sunrisecargo.com\/index.php?rest_route=\/wp\/v2\/users\/4"}],"replies":[{"embeddable":true,"href":"https:\/\/noticias.sunrisecargo.com\/index.php?rest_route=%2Fwp%2Fv2%2Fcomments&post=3163"}],"version-history":[{"count":1,"href":"https:\/\/noticias.sunrisecargo.com\/index.php?rest_route=\/wp\/v2\/posts\/3163\/revisions"}],"predecessor-version":[{"id":3167,"href":"https:\/\/noticias.sunrisecargo.com\/index.php?rest_route=\/wp\/v2\/posts\/3163\/revisions\/3167"}],"wp:featuredmedia":[{"embeddable":true,"href":"https:\/\/noticias.sunrisecargo.com\/index.php?rest_route=\/wp\/v2\/media\/3166"}],"wp:attachment":[{"href":"https:\/\/noticias.sunrisecargo.com\/index.php?rest_route=%2Fwp%2Fv2%2Fmedia&parent=3163"}],"wp:term":[{"taxonomy":"category","embeddable":true,"href":"https:\/\/noticias.sunrisecargo.com\/index.php?rest_route=%2Fwp%2Fv2%2Fcategories&post=3163"},{"taxonomy":"post_tag","embeddable":true,"href":"https:\/\/noticias.sunrisecargo.com\/index.php?rest_route=%2Fwp%2Fv2%2Ftags&post=3163"}],"curies":[{"name":"wp","href":"https:\/\/api.w.org\/{rel}","templated":true}]}}