{"id":3131,"date":"2021-05-19T14:15:52","date_gmt":"2021-05-19T19:15:52","guid":{"rendered":"https:\/\/noticias.sunrisecargo.com\/?p=3131"},"modified":"2021-05-19T14:15:54","modified_gmt":"2021-05-19T19:15:54","slug":"transporte-aereo-de-carga-en-su-maximo-historico","status":"publish","type":"post","link":"https:\/\/noticias.sunrisecargo.com\/?p=3131","title":{"rendered":"Transporte a\u00e9reo de carga, en su m\u00e1ximo hist\u00f3rico"},"content":{"rendered":"\n<figure class=\"wp-block-image size-large is-resized\"><img loading=\"lazy\" decoding=\"async\" src=\"https:\/\/noticias.sunrisecargo.com\/wp-content\/uploads\/2021\/05\/A1.jpg\" alt=\"\" class=\"wp-image-3132\" width=\"835\" height=\"344\" srcset=\"https:\/\/noticias.sunrisecargo.com\/wp-content\/uploads\/2021\/05\/A1.jpg 760w, https:\/\/noticias.sunrisecargo.com\/wp-content\/uploads\/2021\/05\/A1-300x124.jpg 300w\" sizes=\"auto, (max-width: 835px) 100vw, 835px\" \/><\/figure>\n\n\n\n<p class=\"justificar\">Durante el mes de marzo, la&nbsp;<strong>demanda del transporte a\u00e9reo de carga alcanz\u00f3 su m\u00e1ximo hist\u00f3rico como resultado del incremento del comercio electr\u00f3nico<\/strong>&nbsp;y el transporte mundial de mercanc\u00edas en el contexto de la crisis del COVID-19, se\u00f1al\u00f3 la&nbsp;<a href=\"https:\/\/www.iata.org\/\">Asociaci\u00f3n de Transporte A\u00e9reo Internacional (IATA)<\/a>.&nbsp;<\/p>\n\n\n\n<blockquote class=\"wp-block-quote justificar is-layout-flow wp-block-quote-is-layout-flow\"><p>\u201cEl transporte de carga contin\u00faa como un segmento brillante para la aviaci\u00f3n. La demanda alcanz\u00f3 su m\u00e1ximo hist\u00f3rico en marzo, con un&nbsp;<strong>crecimiento del 4.4% en comparaci\u00f3n con los niveles prepand\u00e9micos<\/strong>. La crisis ha mostrado que el transporte a\u00e9reo de carga puede enfrentar nuevos retos con la innovaci\u00f3n\u201d,&nbsp;<strong>se\u00f1al\u00f3 Willie Walsh, director general de la IATA.&nbsp;<\/strong><\/p><\/blockquote>\n\n\n\n<p class=\"justificar\">Pese a que la demanda est\u00e1 en niveles nunca antes visto, la&nbsp;<strong>capacidad global contin\u00faa 11.7% por debajo de los niveles prepand\u00e9micos<\/strong>, debido a que muchas aerol\u00edneas tienen en tierra sus flotas.<\/p>\n\n\n\n<p class=\"justificar\">Asimismo, la regi\u00f3n latinoamericana contin\u00faa con un&nbsp;<strong>rendimiento mucho menor al de las dem\u00e1s regiones del mundo.&nbsp;<\/strong><\/p>\n\n\n\n<p class=\"justificar\">Durante marzo,&nbsp;<strong>las aerol\u00edneas de carga latinoamericanas reportaron una<\/strong>&nbsp;<strong>ca\u00edda del 23.6% en los vol\u00famenes transportados<\/strong>, en comparaci\u00f3n con marzo de hace 2 a\u00f1os. Junto con la regi\u00f3n de Asia-Pac\u00edfico, fueron las \u00fanicas 2 que tuvieron una ca\u00edda en el comparativo interanual.<\/p>\n\n\n\n<p class=\"justificar\">Sin embargo, la regi\u00f3n de&nbsp;<strong>Asia Pac\u00edfico s\u00f3lo registr\u00f3 una ca\u00edda del 0.3%&nbsp;<\/strong>en la demanda del transporte a\u00e9reo de carga, pero, por el contrario, tuvo el<strong>&nbsp;mayor factor de carga a nivel mundial con un 78.4 por ciento.&nbsp;<\/strong><\/p>\n\n\n\n<p class=\"justificar\">Willie Walsh finaliz\u00f3 se\u00f1alando que el sector de carga necesita\u00a0<strong>capitalizar en este incremento para lograr la tan buscada eficiencia de largo plazo<\/strong>\u00a0en la aviaci\u00f3n de carga, junto con la digitalizaci\u00f3n para la industria.<\/p>\n\n\n\n<p><\/p>\n\n\n\n<p>Fuente: <a href=\"http:\/\/t21.com.mx\/aereo\/2021\/05\/04\/transporte-aereo-carga-su-maximo-historico\" target=\"_blank\" rel=\"noreferrer noopener\">http:\/\/t21.com.mx\/aereo\/2021\/05\/04\/transporte-aereo-carga-su-maximo-historico<\/a><\/p>\n","protected":false},"excerpt":{"rendered":"<p>Durante el mes de marzo, la&nbsp;demanda del transporte a\u00e9reo de carga alcanz\u00f3 su m\u00e1ximo hist\u00f3rico como resultado del incremento del comercio electr\u00f3nico&nbsp;y el transporte mundial de mercanc\u00edas en el contexto&hellip; <\/p>\n","protected":false},"author":4,"featured_media":3133,"comment_status":"closed","ping_status":"open","sticky":false,"template":"","format":"standard","meta":{"_monsterinsights_skip_tracking":false,"_monsterinsights_sitenote_active":false,"_monsterinsights_sitenote_note":"","_monsterinsights_sitenote_category":0,"footnotes":""},"categories":[17],"tags":[],"class_list":["post-3131","post","type-post","status-publish","format-standard","has-post-thumbnail","hentry","category-comercial"],"yoast_head":"<!-- This site is optimized with the Yoast SEO plugin v16.1.1 - https:\/\/yoast.com\/wordpress\/plugins\/seo\/ -->\n<title>Transporte a\u00e9reo de carga, en su m\u00e1ximo hist\u00f3rico - Noticias Sunrise Cargo<\/title>\n<link rel=\"canonical\" href=\"https:\/\/noticias.sunrisecargo.com\/?p=3131\" \/>\n<meta property=\"og:locale\" content=\"es_ES\" \/>\n<meta property=\"og:type\" content=\"article\" \/>\n<meta property=\"og:title\" content=\"Transporte a\u00e9reo de carga, en su m\u00e1ximo hist\u00f3rico - Noticias Sunrise Cargo\" \/>\n<meta property=\"og:description\" content=\"Durante el mes de marzo, la&nbsp;demanda del transporte a\u00e9reo de carga alcanz\u00f3 su m\u00e1ximo hist\u00f3rico como resultado del incremento del comercio electr\u00f3nico&nbsp;y el transporte mundial de mercanc\u00edas en el contexto&hellip;\" \/>\n<meta property=\"og:url\" content=\"https:\/\/noticias.sunrisecargo.com\/?p=3131\" \/>\n<meta property=\"og:site_name\" content=\"Noticias Sunrise Cargo\" \/>\n<meta property=\"article:published_time\" content=\"2021-05-19T19:15:52+00:00\" \/>\n<meta property=\"article:modified_time\" content=\"2021-05-19T19:15:54+00:00\" \/>\n<meta property=\"og:image\" content=\"https:\/\/noticias.sunrisecargo.com\/wp-content\/uploads\/2021\/05\/A2.jpg\" \/>\n\t<meta property=\"og:image:width\" content=\"800\" \/>\n\t<meta property=\"og:image:height\" content=\"480\" \/>\n<meta name=\"twitter:card\" content=\"summary_large_image\" \/>\n<meta name=\"twitter:label1\" content=\"Est. reading time\">\n\t<meta name=\"twitter:data1\" content=\"2 minutos\">\n<script type=\"application\/ld+json\" class=\"yoast-schema-graph\">{\"@context\":\"https:\/\/schema.org\",\"@graph\":[{\"@type\":\"Organization\",\"@id\":\"https:\/\/noticias.sunrisecargo.com\/#organization\",\"name\":\"Sunrise Cargo SAS\",\"url\":\"https:\/\/noticias.sunrisecargo.com\/\",\"sameAs\":[],\"logo\":{\"@type\":\"ImageObject\",\"@id\":\"https:\/\/noticias.sunrisecargo.com\/#logo\",\"inLanguage\":\"es-CO\",\"url\":\"https:\/\/noticias.sunrisecargo.com\/wp-content\/uploads\/2021\/04\/ICONO-NOTI-SUNRISE.png\",\"contentUrl\":\"https:\/\/noticias.sunrisecargo.com\/wp-content\/uploads\/2021\/04\/ICONO-NOTI-SUNRISE.png\",\"width\":37,\"height\":37,\"caption\":\"Sunrise Cargo SAS\"},\"image\":{\"@id\":\"https:\/\/noticias.sunrisecargo.com\/#logo\"}},{\"@type\":\"WebSite\",\"@id\":\"https:\/\/noticias.sunrisecargo.com\/#website\",\"url\":\"https:\/\/noticias.sunrisecargo.com\/\",\"name\":\"Noticias Sunrise Cargo\",\"description\":\"Noticias de Inter\\u00e9s\",\"publisher\":{\"@id\":\"https:\/\/noticias.sunrisecargo.com\/#organization\"},\"potentialAction\":[{\"@type\":\"SearchAction\",\"target\":\"https:\/\/noticias.sunrisecargo.com\/?s={search_term_string}\",\"query-input\":\"required name=search_term_string\"}],\"inLanguage\":\"es-CO\"},{\"@type\":\"ImageObject\",\"@id\":\"https:\/\/noticias.sunrisecargo.com\/?p=3131#primaryimage\",\"inLanguage\":\"es-CO\",\"url\":\"https:\/\/noticias.sunrisecargo.com\/wp-content\/uploads\/2021\/05\/A2.jpg\",\"contentUrl\":\"https:\/\/noticias.sunrisecargo.com\/wp-content\/uploads\/2021\/05\/A2.jpg\",\"width\":800,\"height\":480},{\"@type\":\"WebPage\",\"@id\":\"https:\/\/noticias.sunrisecargo.com\/?p=3131#webpage\",\"url\":\"https:\/\/noticias.sunrisecargo.com\/?p=3131\",\"name\":\"Transporte a\\u00e9reo de carga, en su m\\u00e1ximo hist\\u00f3rico - Noticias Sunrise Cargo\",\"isPartOf\":{\"@id\":\"https:\/\/noticias.sunrisecargo.com\/#website\"},\"primaryImageOfPage\":{\"@id\":\"https:\/\/noticias.sunrisecargo.com\/?p=3131#primaryimage\"},\"datePublished\":\"2021-05-19T19:15:52+00:00\",\"dateModified\":\"2021-05-19T19:15:54+00:00\",\"breadcrumb\":{\"@id\":\"https:\/\/noticias.sunrisecargo.com\/?p=3131#breadcrumb\"},\"inLanguage\":\"es-CO\",\"potentialAction\":[{\"@type\":\"ReadAction\",\"target\":[\"https:\/\/noticias.sunrisecargo.com\/?p=3131\"]}]},{\"@type\":\"BreadcrumbList\",\"@id\":\"https:\/\/noticias.sunrisecargo.com\/?p=3131#breadcrumb\",\"itemListElement\":[{\"@type\":\"ListItem\",\"position\":1,\"item\":{\"@type\":\"WebPage\",\"@id\":\"https:\/\/noticias.sunrisecargo.com\/\",\"url\":\"https:\/\/noticias.sunrisecargo.com\/\",\"name\":\"Home\"}},{\"@type\":\"ListItem\",\"position\":2,\"item\":{\"@type\":\"WebPage\",\"@id\":\"https:\/\/noticias.sunrisecargo.com\/?p=3131\",\"url\":\"https:\/\/noticias.sunrisecargo.com\/?p=3131\",\"name\":\"Transporte a\\u00e9reo de carga, en su m\\u00e1ximo hist\\u00f3rico\"}}]},{\"@type\":\"Article\",\"@id\":\"https:\/\/noticias.sunrisecargo.com\/?p=3131#article\",\"isPartOf\":{\"@id\":\"https:\/\/noticias.sunrisecargo.com\/?p=3131#webpage\"},\"author\":{\"@id\":\"https:\/\/noticias.sunrisecargo.com\/#\/schema\/person\/6dc68534970689383af81dce59c92bbc\"},\"headline\":\"Transporte a\\u00e9reo de carga, en su m\\u00e1ximo hist\\u00f3rico\",\"datePublished\":\"2021-05-19T19:15:52+00:00\",\"dateModified\":\"2021-05-19T19:15:54+00:00\",\"mainEntityOfPage\":{\"@id\":\"https:\/\/noticias.sunrisecargo.com\/?p=3131#webpage\"},\"publisher\":{\"@id\":\"https:\/\/noticias.sunrisecargo.com\/#organization\"},\"image\":{\"@id\":\"https:\/\/noticias.sunrisecargo.com\/?p=3131#primaryimage\"},\"articleSection\":\"Comercial\",\"inLanguage\":\"es-CO\"},{\"@type\":\"Person\",\"@id\":\"https:\/\/noticias.sunrisecargo.com\/#\/schema\/person\/6dc68534970689383af81dce59c92bbc\",\"name\":\"Sunrise Cargo\",\"image\":{\"@type\":\"ImageObject\",\"@id\":\"https:\/\/noticias.sunrisecargo.com\/#personlogo\",\"inLanguage\":\"es-CO\",\"url\":\"https:\/\/secure.gravatar.com\/avatar\/064fc68894aee252e3d51c81d7d0798bc56bf526018995fa222e730d9052fdd8?s=96&d=mm&r=g\",\"contentUrl\":\"https:\/\/secure.gravatar.com\/avatar\/064fc68894aee252e3d51c81d7d0798bc56bf526018995fa222e730d9052fdd8?s=96&d=mm&r=g\",\"caption\":\"Sunrise Cargo\"},\"sameAs\":[\"http:\/\/noticias.sunrisecargo.com\"]}]}<\/script>\n<!-- \/ Yoast SEO plugin. -->","_links":{"self":[{"href":"https:\/\/noticias.sunrisecargo.com\/index.php?rest_route=\/wp\/v2\/posts\/3131","targetHints":{"allow":["GET"]}}],"collection":[{"href":"https:\/\/noticias.sunrisecargo.com\/index.php?rest_route=\/wp\/v2\/posts"}],"about":[{"href":"https:\/\/noticias.sunrisecargo.com\/index.php?rest_route=\/wp\/v2\/types\/post"}],"author":[{"embeddable":true,"href":"https:\/\/noticias.sunrisecargo.com\/index.php?rest_route=\/wp\/v2\/users\/4"}],"replies":[{"embeddable":true,"href":"https:\/\/noticias.sunrisecargo.com\/index.php?rest_route=%2Fwp%2Fv2%2Fcomments&post=3131"}],"version-history":[{"count":1,"href":"https:\/\/noticias.sunrisecargo.com\/index.php?rest_route=\/wp\/v2\/posts\/3131\/revisions"}],"predecessor-version":[{"id":3134,"href":"https:\/\/noticias.sunrisecargo.com\/index.php?rest_route=\/wp\/v2\/posts\/3131\/revisions\/3134"}],"wp:featuredmedia":[{"embeddable":true,"href":"https:\/\/noticias.sunrisecargo.com\/index.php?rest_route=\/wp\/v2\/media\/3133"}],"wp:attachment":[{"href":"https:\/\/noticias.sunrisecargo.com\/index.php?rest_route=%2Fwp%2Fv2%2Fmedia&parent=3131"}],"wp:term":[{"taxonomy":"category","embeddable":true,"href":"https:\/\/noticias.sunrisecargo.com\/index.php?rest_route=%2Fwp%2Fv2%2Fcategories&post=3131"},{"taxonomy":"post_tag","embeddable":true,"href":"https:\/\/noticias.sunrisecargo.com\/index.php?rest_route=%2Fwp%2Fv2%2Ftags&post=3131"}],"curies":[{"name":"wp","href":"https:\/\/api.w.org\/{rel}","templated":true}]}}