{"id":3115,"date":"2021-05-18T15:25:54","date_gmt":"2021-05-18T20:25:54","guid":{"rendered":"https:\/\/noticias.sunrisecargo.com\/?p=3115"},"modified":"2021-05-18T15:25:55","modified_gmt":"2021-05-18T20:25:55","slug":"21-dias-de-paro-nacional-actualizacion-principales-puertos","status":"publish","type":"post","link":"https:\/\/noticias.sunrisecargo.com\/?p=3115","title":{"rendered":"21 d\u00edas de Paro Nacional \u2013 Actualizaci\u00f3n Principales Puertos"},"content":{"rendered":"\n<p class=\"justificar\">Debido a las manifestaciones, bloqueos y protestas que se est\u00e1n presentando en la principales ciudades y v\u00edas del pa\u00eds se agudiza la ESCASEZ DE VEHICULOS DE CARGA en los principales puertos del pa\u00eds. La Situaci\u00f3n en el Valle del Cauca sigue siendo cr\u00edtica puesto que se mantienen bloqueadas las v\u00edas de ingreso y salida desde el puerto de Buenaventura hacia el valle y el interior del pa\u00eds desde el 28 de abril. En Cartagena en este momento el volumen de los veh\u00edculos que retornan a puerto ha aumentado ligeramente. En las diferentes rutas del pa\u00eds se mantienen los incrementos en los fletes de Importaci\u00f3n y exportaci\u00f3n.<\/p>\n\n\n\n<p><strong><em>INGRESO DE TC BUEN<\/em><\/strong><\/p>\n\n\n\n<figure class=\"wp-block-image size-large is-resized\"><img loading=\"lazy\" decoding=\"async\" src=\"https:\/\/noticias.sunrisecargo.com\/wp-content\/uploads\/2021\/05\/maerks.jpg\" alt=\"\" class=\"wp-image-3116\" width=\"838\" height=\"396\" srcset=\"https:\/\/noticias.sunrisecargo.com\/wp-content\/uploads\/2021\/05\/maerks.jpg 760w, https:\/\/noticias.sunrisecargo.com\/wp-content\/uploads\/2021\/05\/maerks-300x142.jpg 300w\" sizes=\"auto, (max-width: 838px) 100vw, 838px\" \/><\/figure>\n\n\n\n<p><strong><em>\u00a0ZARZAL, VALLE DEL CAUCA<\/em><\/strong><\/p>\n\n\n\n<figure class=\"wp-block-image size-large\"><img loading=\"lazy\" decoding=\"async\" width=\"478\" height=\"317\" src=\"https:\/\/noticias.sunrisecargo.com\/wp-content\/uploads\/2021\/05\/zarzal.jpg\" alt=\"\" class=\"wp-image-3117\" srcset=\"https:\/\/noticias.sunrisecargo.com\/wp-content\/uploads\/2021\/05\/zarzal.jpg 478w, https:\/\/noticias.sunrisecargo.com\/wp-content\/uploads\/2021\/05\/zarzal-300x199.jpg 300w\" sizes=\"auto, (max-width: 478px) 100vw, 478px\" \/><\/figure>\n\n\n\n<p class=\"justificar\">Tambi\u00e9n se presentan retrasos en el retiro y entrega de las unidades vac\u00edas hacia los patios de puerto y en el interior del pa\u00eds. El d\u00eda de hoy est\u00e1n habilitadas las v\u00edas de acceso a la ciudad de Bogot\u00e1., aunque se prev\u00e9 que se puedan presentar algunas protestas en horas de la tarde. Los patios de las L\u00edneas Navieras confirman que dependiendo como trascurran las protestas el d\u00eda de hoy mantendr\u00e1n su horario de atenci\u00f3n. Agradecemos tener presente esta informaci\u00f3n para programar sus despachos y entrega de vac\u00edos.<\/p>\n\n\n\n<p class=\"justificar\"><strong><u>Nota:<\/u><\/strong> Se confirma el aumento de fletes tanto para los veh\u00edculos que se encuentran asegurados por bloqueos como para las cargas que se logren despachar en los pr\u00f3ximos d\u00edas, estos incrementos se informaran puntualmente.<\/p>\n\n\n\n<p class=\"justificar\">Para las cargas en continuaci\u00f3n de viaje informamos que DIAN emiti\u00f3 el d\u00eda 10 de mayo la Resoluci\u00f3n No 00040 por medio de la cual se suspenden los t\u00e9rminos para presentaci\u00f3n, Aceptaci\u00f3n y Ejecuci\u00f3n de las declaraciones de tr\u00e1nsito a nivel nacional hasta el 18 de mayo. EL DIA DE HOY ESTAMOS A LA ESPERA DE LA EMISION DE EL ALCANCE DE UNA NUEVA RESOLUCION QUE EXTIENDA LA CONGELACION DE TERMINOS.<\/p>\n\n\n\n<p><em style=\"\"><b>Fuente: <\/b><\/em><strong><em>Log\u00edstica Total OTM Transporte Terrestre<\/em><\/strong><\/p>\n","protected":false},"excerpt":{"rendered":"<p>Debido a las manifestaciones, bloqueos y protestas que se est\u00e1n presentando en la principales ciudades y v\u00edas del pa\u00eds se agudiza la ESCASEZ DE VEHICULOS DE CARGA en los principales&hellip; <\/p>\n","protected":false},"author":4,"featured_media":3118,"comment_status":"closed","ping_status":"open","sticky":false,"template":"","format":"standard","meta":{"_monsterinsights_skip_tracking":false,"_monsterinsights_sitenote_active":false,"_monsterinsights_sitenote_note":"","_monsterinsights_sitenote_category":0,"footnotes":""},"categories":[50],"tags":[51,63,81],"class_list":["post-3115","post","type-post","status-publish","format-standard","has-post-thumbnail","hentry","category-boletin-noticias","tag-bloqueos","tag-paro-nacional","tag-puertos"],"yoast_head":"<!-- This site is optimized with the Yoast SEO plugin v16.1.1 - https:\/\/yoast.com\/wordpress\/plugins\/seo\/ -->\n<title>21 d\u00edas de Paro Nacional \u2013 Actualizaci\u00f3n Principales Puertos - Noticias Sunrise Cargo<\/title>\n<link rel=\"canonical\" href=\"https:\/\/noticias.sunrisecargo.com\/?p=3115\" \/>\n<meta property=\"og:locale\" content=\"es_ES\" \/>\n<meta property=\"og:type\" content=\"article\" \/>\n<meta property=\"og:title\" content=\"21 d\u00edas de Paro Nacional \u2013 Actualizaci\u00f3n Principales Puertos - Noticias Sunrise Cargo\" \/>\n<meta property=\"og:description\" content=\"Debido a las manifestaciones, bloqueos y protestas que se est\u00e1n presentando en la principales ciudades y v\u00edas del pa\u00eds se agudiza la ESCASEZ DE VEHICULOS DE CARGA en los principales&hellip;\" \/>\n<meta property=\"og:url\" content=\"https:\/\/noticias.sunrisecargo.com\/?p=3115\" \/>\n<meta property=\"og:site_name\" content=\"Noticias Sunrise Cargo\" \/>\n<meta property=\"article:published_time\" content=\"2021-05-18T20:25:54+00:00\" \/>\n<meta property=\"article:modified_time\" content=\"2021-05-18T20:25:55+00:00\" \/>\n<meta property=\"og:image\" content=\"https:\/\/noticias.sunrisecargo.com\/wp-content\/uploads\/2021\/05\/puerto.jpg\" \/>\n\t<meta property=\"og:image:width\" content=\"800\" \/>\n\t<meta property=\"og:image:height\" content=\"480\" \/>\n<meta name=\"twitter:card\" content=\"summary_large_image\" \/>\n<meta name=\"twitter:label1\" content=\"Est. reading time\">\n\t<meta name=\"twitter:data1\" content=\"2 minutos\">\n<script type=\"application\/ld+json\" class=\"yoast-schema-graph\">{\"@context\":\"https:\/\/schema.org\",\"@graph\":[{\"@type\":\"Organization\",\"@id\":\"https:\/\/noticias.sunrisecargo.com\/#organization\",\"name\":\"Sunrise Cargo SAS\",\"url\":\"https:\/\/noticias.sunrisecargo.com\/\",\"sameAs\":[],\"logo\":{\"@type\":\"ImageObject\",\"@id\":\"https:\/\/noticias.sunrisecargo.com\/#logo\",\"inLanguage\":\"es-CO\",\"url\":\"https:\/\/noticias.sunrisecargo.com\/wp-content\/uploads\/2021\/04\/ICONO-NOTI-SUNRISE.png\",\"contentUrl\":\"https:\/\/noticias.sunrisecargo.com\/wp-content\/uploads\/2021\/04\/ICONO-NOTI-SUNRISE.png\",\"width\":37,\"height\":37,\"caption\":\"Sunrise Cargo SAS\"},\"image\":{\"@id\":\"https:\/\/noticias.sunrisecargo.com\/#logo\"}},{\"@type\":\"WebSite\",\"@id\":\"https:\/\/noticias.sunrisecargo.com\/#website\",\"url\":\"https:\/\/noticias.sunrisecargo.com\/\",\"name\":\"Noticias Sunrise Cargo\",\"description\":\"Noticias de Inter\\u00e9s\",\"publisher\":{\"@id\":\"https:\/\/noticias.sunrisecargo.com\/#organization\"},\"potentialAction\":[{\"@type\":\"SearchAction\",\"target\":\"https:\/\/noticias.sunrisecargo.com\/?s={search_term_string}\",\"query-input\":\"required name=search_term_string\"}],\"inLanguage\":\"es-CO\"},{\"@type\":\"ImageObject\",\"@id\":\"https:\/\/noticias.sunrisecargo.com\/?p=3115#primaryimage\",\"inLanguage\":\"es-CO\",\"url\":\"https:\/\/noticias.sunrisecargo.com\/wp-content\/uploads\/2021\/05\/puerto.jpg\",\"contentUrl\":\"https:\/\/noticias.sunrisecargo.com\/wp-content\/uploads\/2021\/05\/puerto.jpg\",\"width\":800,\"height\":480},{\"@type\":\"WebPage\",\"@id\":\"https:\/\/noticias.sunrisecargo.com\/?p=3115#webpage\",\"url\":\"https:\/\/noticias.sunrisecargo.com\/?p=3115\",\"name\":\"21 d\\u00edas de Paro Nacional \\u2013 Actualizaci\\u00f3n Principales Puertos - Noticias Sunrise Cargo\",\"isPartOf\":{\"@id\":\"https:\/\/noticias.sunrisecargo.com\/#website\"},\"primaryImageOfPage\":{\"@id\":\"https:\/\/noticias.sunrisecargo.com\/?p=3115#primaryimage\"},\"datePublished\":\"2021-05-18T20:25:54+00:00\",\"dateModified\":\"2021-05-18T20:25:55+00:00\",\"breadcrumb\":{\"@id\":\"https:\/\/noticias.sunrisecargo.com\/?p=3115#breadcrumb\"},\"inLanguage\":\"es-CO\",\"potentialAction\":[{\"@type\":\"ReadAction\",\"target\":[\"https:\/\/noticias.sunrisecargo.com\/?p=3115\"]}]},{\"@type\":\"BreadcrumbList\",\"@id\":\"https:\/\/noticias.sunrisecargo.com\/?p=3115#breadcrumb\",\"itemListElement\":[{\"@type\":\"ListItem\",\"position\":1,\"item\":{\"@type\":\"WebPage\",\"@id\":\"https:\/\/noticias.sunrisecargo.com\/\",\"url\":\"https:\/\/noticias.sunrisecargo.com\/\",\"name\":\"Home\"}},{\"@type\":\"ListItem\",\"position\":2,\"item\":{\"@type\":\"WebPage\",\"@id\":\"https:\/\/noticias.sunrisecargo.com\/?p=3115\",\"url\":\"https:\/\/noticias.sunrisecargo.com\/?p=3115\",\"name\":\"21 d\\u00edas de Paro Nacional \\u2013 Actualizaci\\u00f3n Principales Puertos\"}}]},{\"@type\":\"Article\",\"@id\":\"https:\/\/noticias.sunrisecargo.com\/?p=3115#article\",\"isPartOf\":{\"@id\":\"https:\/\/noticias.sunrisecargo.com\/?p=3115#webpage\"},\"author\":{\"@id\":\"https:\/\/noticias.sunrisecargo.com\/#\/schema\/person\/6dc68534970689383af81dce59c92bbc\"},\"headline\":\"21 d\\u00edas de Paro Nacional \\u2013 Actualizaci\\u00f3n Principales Puertos\",\"datePublished\":\"2021-05-18T20:25:54+00:00\",\"dateModified\":\"2021-05-18T20:25:55+00:00\",\"mainEntityOfPage\":{\"@id\":\"https:\/\/noticias.sunrisecargo.com\/?p=3115#webpage\"},\"publisher\":{\"@id\":\"https:\/\/noticias.sunrisecargo.com\/#organization\"},\"image\":{\"@id\":\"https:\/\/noticias.sunrisecargo.com\/?p=3115#primaryimage\"},\"keywords\":\"Bloqueos,Paro Nacional,Puertos\",\"articleSection\":\"Bolet\\u00edn Noticias\",\"inLanguage\":\"es-CO\"},{\"@type\":\"Person\",\"@id\":\"https:\/\/noticias.sunrisecargo.com\/#\/schema\/person\/6dc68534970689383af81dce59c92bbc\",\"name\":\"Sunrise Cargo\",\"image\":{\"@type\":\"ImageObject\",\"@id\":\"https:\/\/noticias.sunrisecargo.com\/#personlogo\",\"inLanguage\":\"es-CO\",\"url\":\"https:\/\/secure.gravatar.com\/avatar\/064fc68894aee252e3d51c81d7d0798bc56bf526018995fa222e730d9052fdd8?s=96&d=mm&r=g\",\"contentUrl\":\"https:\/\/secure.gravatar.com\/avatar\/064fc68894aee252e3d51c81d7d0798bc56bf526018995fa222e730d9052fdd8?s=96&d=mm&r=g\",\"caption\":\"Sunrise Cargo\"},\"sameAs\":[\"http:\/\/noticias.sunrisecargo.com\"]}]}<\/script>\n<!-- \/ Yoast SEO plugin. -->","_links":{"self":[{"href":"https:\/\/noticias.sunrisecargo.com\/index.php?rest_route=\/wp\/v2\/posts\/3115","targetHints":{"allow":["GET"]}}],"collection":[{"href":"https:\/\/noticias.sunrisecargo.com\/index.php?rest_route=\/wp\/v2\/posts"}],"about":[{"href":"https:\/\/noticias.sunrisecargo.com\/index.php?rest_route=\/wp\/v2\/types\/post"}],"author":[{"embeddable":true,"href":"https:\/\/noticias.sunrisecargo.com\/index.php?rest_route=\/wp\/v2\/users\/4"}],"replies":[{"embeddable":true,"href":"https:\/\/noticias.sunrisecargo.com\/index.php?rest_route=%2Fwp%2Fv2%2Fcomments&post=3115"}],"version-history":[{"count":1,"href":"https:\/\/noticias.sunrisecargo.com\/index.php?rest_route=\/wp\/v2\/posts\/3115\/revisions"}],"predecessor-version":[{"id":3119,"href":"https:\/\/noticias.sunrisecargo.com\/index.php?rest_route=\/wp\/v2\/posts\/3115\/revisions\/3119"}],"wp:featuredmedia":[{"embeddable":true,"href":"https:\/\/noticias.sunrisecargo.com\/index.php?rest_route=\/wp\/v2\/media\/3118"}],"wp:attachment":[{"href":"https:\/\/noticias.sunrisecargo.com\/index.php?rest_route=%2Fwp%2Fv2%2Fmedia&parent=3115"}],"wp:term":[{"taxonomy":"category","embeddable":true,"href":"https:\/\/noticias.sunrisecargo.com\/index.php?rest_route=%2Fwp%2Fv2%2Fcategories&post=3115"},{"taxonomy":"post_tag","embeddable":true,"href":"https:\/\/noticias.sunrisecargo.com\/index.php?rest_route=%2Fwp%2Fv2%2Ftags&post=3115"}],"curies":[{"name":"wp","href":"https:\/\/api.w.org\/{rel}","templated":true}]}}