{"id":3084,"date":"2021-05-10T16:39:55","date_gmt":"2021-05-10T21:39:55","guid":{"rendered":"https:\/\/noticias.sunrisecargo.com\/?p=3084"},"modified":"2021-05-10T16:39:57","modified_gmt":"2021-05-10T21:39:57","slug":"turkish-airlines-busca-en-colombia-un-hub-hacia-latinoamerica","status":"publish","type":"post","link":"https:\/\/noticias.sunrisecargo.com\/?p=3084","title":{"rendered":"Turkish Airlines busca en Colombia un hub hacia Latinoam\u00e9rica"},"content":{"rendered":"\n<figure class=\"wp-block-image size-large is-resized\"><img loading=\"lazy\" decoding=\"async\" src=\"https:\/\/noticias.sunrisecargo.com\/wp-content\/uploads\/2021\/05\/02.jpg\" alt=\"\" class=\"wp-image-3085\" width=\"836\" height=\"287\" srcset=\"https:\/\/noticias.sunrisecargo.com\/wp-content\/uploads\/2021\/05\/02.jpg 760w, https:\/\/noticias.sunrisecargo.com\/wp-content\/uploads\/2021\/05\/02-300x103.jpg 300w\" sizes=\"auto, (max-width: 836px) 100vw, 836px\" \/><\/figure>\n\n\n\n<p class=\"justificar\"><a href=\"https:\/\/www.mascontainer.com\/iata-pide-a-espana-un-plan-de-reactivacion-del-transporte-aereo\/\"><strong>Turkish Airlines<\/strong><\/a>, la primera aerol\u00ednea del mundo por destinos en m\u00e1s pa\u00edses anunci\u00f3 que intentar\u00e1 que&nbsp;<a href=\"https:\/\/www.mascontainer.com\/mercado-pago-autorizado-para-ser-compania-de-financiamiento-en-colombia\/\"><strong>Colombia<\/strong>&nbsp;<\/a>se convierta en un&nbsp;<strong>hub hacia Latinoam\u00e9rica para los viajeros de Europa \u2013 Asia<\/strong>.<\/p>\n\n\n\n<p class=\"justificar\">\u201cCon&nbsp;<a href=\"https:\/\/www.mascontainer.com\/colombia-sube-un-66-la-inversion-extranjera-en-el-primer-trimestre\/\"><strong>ProColombia<\/strong><\/a>&nbsp;hacemos diferentes reuniones para retomar las acciones en 2021 para tr\u00e1fico de turismo hacia Colombia, porque&nbsp;<strong>hemos desarrollado el mercado desde Colombia hacia Turqu\u00eda y alrededores bastante bien<\/strong>, pero tambi\u00e9n queremos que Turqu\u00eda y alrededores vengan a Colombia\u201d, dijo Cemal Kaya, gerente general de Turkish Airlines para Colombia y Panam\u00e1.<\/p>\n\n\n\n<p class=\"justificar\">Seg\u00fan publica TRT, el embajador de&nbsp;<a href=\"https:\/\/www.mascontainer.com\/video-buque-msc-tina-sufre-graves-danos-tras-golpear-muelle-en-turquia\/\"><strong>Colombia en Turqu\u00eda<\/strong><\/a>, Julio An\u00edbal Ria\u00f1o, coment\u00f3 que \u00abno s\u00f3lo cada vez m\u00e1s empresas colombianas exportan a Turqu\u00eda productos tales como&nbsp;<a href=\"https:\/\/www.mascontainer.com\/peru-impulsa-proyectos-para-potenciar-exportacion-de-banano-cafe-y-cacao\/\"><strong>caf\u00e9, banano, cacao y derivados<\/strong><\/a>, sino que&nbsp;<strong>cada vez m\u00e1s turcos llegan de turismo a Colombia buscando experiencias culturales, naturaleza y playa<\/strong>, siendo sus destinos favoritos Cartagena, Medell\u00edn, Bogot\u00e1 y el Eje Cafetero\u00bb.<\/p>\n\n\n\n<p class=\"justificar\">Cabe recordar, que&nbsp;<a href=\"https:\/\/www.mascontainer.com\/delta-reiniciara-en-noviembre-vuelos-diarios-colombia-estados-unidos\/\"><strong>en 2019, m\u00e1s de 20.000 viajeros procedentes de Colombia viajaron a Turqu\u00eda y alrededor de 7.000 llegaron a Suram\u00e9rica<\/strong><\/a>. Sin embargo, la aparici\u00f3n de&nbsp;<strong>la pandemia del coronavirus ces\u00f3 los vuelos cerca de seis meses<\/strong>.<\/p>\n\n\n\n<p class=\"justificar\">Cemal Kaya, explic\u00f3 que \u00abno s\u00f3lo el n\u00famero de pasajeros es importante, sino que en el tema de&nbsp;<a href=\"https:\/\/www.mascontainer.com\/seal-y-los-consejos-para-una-importacion-exitosa\/\"><strong>importaci\u00f3n<\/strong><\/a>&nbsp;y&nbsp;<a href=\"https:\/\/www.mascontainer.com\/paranagua-tendra-corredor-de-exportacion-con-zona-productiva\/\"><strong>exportaci\u00f3n<\/strong><\/a>&nbsp;siempre<strong>&nbsp;tenemos carga que nos est\u00e1 aportando mucho\u00bb<\/strong>.<\/p>\n\n\n\n<p class=\"justificar\">Por el momento, s<strong>\u00f3lo est\u00e1n movilizando pasajeros esenciales, es decir, aquellos que tienen que viajar entre pa\u00edses por un motivo espec\u00edfico<\/strong>&nbsp;y no por motivos tur\u00edsticos.<\/p>\n\n\n\n<p>Fuente: <a href=\"https:\/\/www.mascontainer.com\/turkish-airlines-busca-en-colombia-un-hub-hacia-latinoamerica\">https:\/\/www.mascontainer.com\/turkish-airlines-busca-en-colombia-un-hub-hacia-latinoamerica<\/a><\/p>\n","protected":false},"excerpt":{"rendered":"<p>Turkish Airlines, la primera aerol\u00ednea del mundo por destinos en m\u00e1s pa\u00edses anunci\u00f3 que intentar\u00e1 que&nbsp;Colombia&nbsp;se convierta en un&nbsp;hub hacia Latinoam\u00e9rica para los viajeros de Europa \u2013 Asia. \u201cCon&nbsp;ProColombia&nbsp;hacemos diferentes&hellip; <\/p>\n","protected":false},"author":4,"featured_media":3086,"comment_status":"closed","ping_status":"open","sticky":false,"template":"","format":"standard","meta":{"_monsterinsights_skip_tracking":false,"_monsterinsights_sitenote_active":false,"_monsterinsights_sitenote_note":"","_monsterinsights_sitenote_category":0,"footnotes":""},"categories":[19],"tags":[41,71,37,72],"class_list":["post-3084","post","type-post","status-publish","format-standard","has-post-thumbnail","hentry","category-operaciones","tag-db-schenker","tag-hub","tag-sunrise-cargo","tag-turkish-airlines"],"yoast_head":"<!-- This site is optimized with the Yoast SEO plugin v16.1.1 - https:\/\/yoast.com\/wordpress\/plugins\/seo\/ -->\n<title>Turkish Airlines busca en Colombia un hub hacia Latinoam\u00e9rica - Noticias Sunrise Cargo<\/title>\n<link rel=\"canonical\" href=\"https:\/\/noticias.sunrisecargo.com\/?p=3084\" \/>\n<meta property=\"og:locale\" content=\"es_ES\" \/>\n<meta property=\"og:type\" content=\"article\" \/>\n<meta property=\"og:title\" content=\"Turkish Airlines busca en Colombia un hub hacia Latinoam\u00e9rica - Noticias Sunrise Cargo\" \/>\n<meta property=\"og:description\" content=\"Turkish Airlines, la primera aerol\u00ednea del mundo por destinos en m\u00e1s pa\u00edses anunci\u00f3 que intentar\u00e1 que&nbsp;Colombia&nbsp;se convierta en un&nbsp;hub hacia Latinoam\u00e9rica para los viajeros de Europa \u2013 Asia. \u201cCon&nbsp;ProColombia&nbsp;hacemos diferentes&hellip;\" \/>\n<meta property=\"og:url\" content=\"https:\/\/noticias.sunrisecargo.com\/?p=3084\" \/>\n<meta property=\"og:site_name\" content=\"Noticias Sunrise Cargo\" \/>\n<meta property=\"article:published_time\" content=\"2021-05-10T21:39:55+00:00\" \/>\n<meta property=\"article:modified_time\" content=\"2021-05-10T21:39:57+00:00\" \/>\n<meta property=\"og:image\" content=\"https:\/\/noticias.sunrisecargo.com\/wp-content\/uploads\/2021\/05\/01.jpg\" \/>\n\t<meta property=\"og:image:width\" content=\"800\" \/>\n\t<meta property=\"og:image:height\" content=\"480\" \/>\n<meta name=\"twitter:card\" content=\"summary_large_image\" \/>\n<meta name=\"twitter:label1\" content=\"Est. reading time\">\n\t<meta name=\"twitter:data1\" content=\"2 minutos\">\n<script type=\"application\/ld+json\" class=\"yoast-schema-graph\">{\"@context\":\"https:\/\/schema.org\",\"@graph\":[{\"@type\":\"Organization\",\"@id\":\"https:\/\/noticias.sunrisecargo.com\/#organization\",\"name\":\"Sunrise Cargo SAS\",\"url\":\"https:\/\/noticias.sunrisecargo.com\/\",\"sameAs\":[],\"logo\":{\"@type\":\"ImageObject\",\"@id\":\"https:\/\/noticias.sunrisecargo.com\/#logo\",\"inLanguage\":\"es-CO\",\"url\":\"https:\/\/noticias.sunrisecargo.com\/wp-content\/uploads\/2021\/04\/ICONO-NOTI-SUNRISE.png\",\"contentUrl\":\"https:\/\/noticias.sunrisecargo.com\/wp-content\/uploads\/2021\/04\/ICONO-NOTI-SUNRISE.png\",\"width\":37,\"height\":37,\"caption\":\"Sunrise Cargo SAS\"},\"image\":{\"@id\":\"https:\/\/noticias.sunrisecargo.com\/#logo\"}},{\"@type\":\"WebSite\",\"@id\":\"https:\/\/noticias.sunrisecargo.com\/#website\",\"url\":\"https:\/\/noticias.sunrisecargo.com\/\",\"name\":\"Noticias Sunrise Cargo\",\"description\":\"Noticias de Inter\\u00e9s\",\"publisher\":{\"@id\":\"https:\/\/noticias.sunrisecargo.com\/#organization\"},\"potentialAction\":[{\"@type\":\"SearchAction\",\"target\":\"https:\/\/noticias.sunrisecargo.com\/?s={search_term_string}\",\"query-input\":\"required name=search_term_string\"}],\"inLanguage\":\"es-CO\"},{\"@type\":\"ImageObject\",\"@id\":\"https:\/\/noticias.sunrisecargo.com\/?p=3084#primaryimage\",\"inLanguage\":\"es-CO\",\"url\":\"https:\/\/noticias.sunrisecargo.com\/wp-content\/uploads\/2021\/05\/01.jpg\",\"contentUrl\":\"https:\/\/noticias.sunrisecargo.com\/wp-content\/uploads\/2021\/05\/01.jpg\",\"width\":800,\"height\":480},{\"@type\":\"WebPage\",\"@id\":\"https:\/\/noticias.sunrisecargo.com\/?p=3084#webpage\",\"url\":\"https:\/\/noticias.sunrisecargo.com\/?p=3084\",\"name\":\"Turkish Airlines busca en Colombia un hub hacia Latinoam\\u00e9rica - Noticias Sunrise Cargo\",\"isPartOf\":{\"@id\":\"https:\/\/noticias.sunrisecargo.com\/#website\"},\"primaryImageOfPage\":{\"@id\":\"https:\/\/noticias.sunrisecargo.com\/?p=3084#primaryimage\"},\"datePublished\":\"2021-05-10T21:39:55+00:00\",\"dateModified\":\"2021-05-10T21:39:57+00:00\",\"breadcrumb\":{\"@id\":\"https:\/\/noticias.sunrisecargo.com\/?p=3084#breadcrumb\"},\"inLanguage\":\"es-CO\",\"potentialAction\":[{\"@type\":\"ReadAction\",\"target\":[\"https:\/\/noticias.sunrisecargo.com\/?p=3084\"]}]},{\"@type\":\"BreadcrumbList\",\"@id\":\"https:\/\/noticias.sunrisecargo.com\/?p=3084#breadcrumb\",\"itemListElement\":[{\"@type\":\"ListItem\",\"position\":1,\"item\":{\"@type\":\"WebPage\",\"@id\":\"https:\/\/noticias.sunrisecargo.com\/\",\"url\":\"https:\/\/noticias.sunrisecargo.com\/\",\"name\":\"Home\"}},{\"@type\":\"ListItem\",\"position\":2,\"item\":{\"@type\":\"WebPage\",\"@id\":\"https:\/\/noticias.sunrisecargo.com\/?p=3084\",\"url\":\"https:\/\/noticias.sunrisecargo.com\/?p=3084\",\"name\":\"Turkish Airlines busca en Colombia un hub hacia Latinoam\\u00e9rica\"}}]},{\"@type\":\"Article\",\"@id\":\"https:\/\/noticias.sunrisecargo.com\/?p=3084#article\",\"isPartOf\":{\"@id\":\"https:\/\/noticias.sunrisecargo.com\/?p=3084#webpage\"},\"author\":{\"@id\":\"https:\/\/noticias.sunrisecargo.com\/#\/schema\/person\/6dc68534970689383af81dce59c92bbc\"},\"headline\":\"Turkish Airlines busca en Colombia un hub hacia Latinoam\\u00e9rica\",\"datePublished\":\"2021-05-10T21:39:55+00:00\",\"dateModified\":\"2021-05-10T21:39:57+00:00\",\"mainEntityOfPage\":{\"@id\":\"https:\/\/noticias.sunrisecargo.com\/?p=3084#webpage\"},\"publisher\":{\"@id\":\"https:\/\/noticias.sunrisecargo.com\/#organization\"},\"image\":{\"@id\":\"https:\/\/noticias.sunrisecargo.com\/?p=3084#primaryimage\"},\"keywords\":\"DB Schenker,Hub,Sunrise Cargo,Turkish Airlines\",\"articleSection\":\"Operaciones\",\"inLanguage\":\"es-CO\"},{\"@type\":\"Person\",\"@id\":\"https:\/\/noticias.sunrisecargo.com\/#\/schema\/person\/6dc68534970689383af81dce59c92bbc\",\"name\":\"Sunrise Cargo\",\"image\":{\"@type\":\"ImageObject\",\"@id\":\"https:\/\/noticias.sunrisecargo.com\/#personlogo\",\"inLanguage\":\"es-CO\",\"url\":\"https:\/\/secure.gravatar.com\/avatar\/064fc68894aee252e3d51c81d7d0798bc56bf526018995fa222e730d9052fdd8?s=96&d=mm&r=g\",\"contentUrl\":\"https:\/\/secure.gravatar.com\/avatar\/064fc68894aee252e3d51c81d7d0798bc56bf526018995fa222e730d9052fdd8?s=96&d=mm&r=g\",\"caption\":\"Sunrise Cargo\"},\"sameAs\":[\"http:\/\/noticias.sunrisecargo.com\"]}]}<\/script>\n<!-- \/ Yoast SEO plugin. -->","_links":{"self":[{"href":"https:\/\/noticias.sunrisecargo.com\/index.php?rest_route=\/wp\/v2\/posts\/3084","targetHints":{"allow":["GET"]}}],"collection":[{"href":"https:\/\/noticias.sunrisecargo.com\/index.php?rest_route=\/wp\/v2\/posts"}],"about":[{"href":"https:\/\/noticias.sunrisecargo.com\/index.php?rest_route=\/wp\/v2\/types\/post"}],"author":[{"embeddable":true,"href":"https:\/\/noticias.sunrisecargo.com\/index.php?rest_route=\/wp\/v2\/users\/4"}],"replies":[{"embeddable":true,"href":"https:\/\/noticias.sunrisecargo.com\/index.php?rest_route=%2Fwp%2Fv2%2Fcomments&post=3084"}],"version-history":[{"count":1,"href":"https:\/\/noticias.sunrisecargo.com\/index.php?rest_route=\/wp\/v2\/posts\/3084\/revisions"}],"predecessor-version":[{"id":3087,"href":"https:\/\/noticias.sunrisecargo.com\/index.php?rest_route=\/wp\/v2\/posts\/3084\/revisions\/3087"}],"wp:featuredmedia":[{"embeddable":true,"href":"https:\/\/noticias.sunrisecargo.com\/index.php?rest_route=\/wp\/v2\/media\/3086"}],"wp:attachment":[{"href":"https:\/\/noticias.sunrisecargo.com\/index.php?rest_route=%2Fwp%2Fv2%2Fmedia&parent=3084"}],"wp:term":[{"taxonomy":"category","embeddable":true,"href":"https:\/\/noticias.sunrisecargo.com\/index.php?rest_route=%2Fwp%2Fv2%2Fcategories&post=3084"},{"taxonomy":"post_tag","embeddable":true,"href":"https:\/\/noticias.sunrisecargo.com\/index.php?rest_route=%2Fwp%2Fv2%2Ftags&post=3084"}],"curies":[{"name":"wp","href":"https:\/\/api.w.org\/{rel}","templated":true}]}}