{"id":3056,"date":"2021-05-05T16:42:54","date_gmt":"2021-05-05T21:42:54","guid":{"rendered":"https:\/\/noticias.sunrisecargo.com\/?p=3056"},"modified":"2021-05-05T16:43:23","modified_gmt":"2021-05-05T21:43:23","slug":"escasez-vehiculos-de-carga-principales-ciudades-del-pais-paro-nacional","status":"publish","type":"post","link":"https:\/\/noticias.sunrisecargo.com\/?p=3056","title":{"rendered":"Escasez de veh\u00edculos de carga en principales ciudades del pa\u00eds: Paro Nacional"},"content":{"rendered":"\n<figure class=\"wp-block-image size-large\"><img loading=\"lazy\" decoding=\"async\" width=\"760\" height=\"316\" src=\"https:\/\/noticias.sunrisecargo.com\/wp-content\/uploads\/2021\/05\/vehivulos-carga.png\" alt=\"\" class=\"wp-image-3058\" srcset=\"https:\/\/noticias.sunrisecargo.com\/wp-content\/uploads\/2021\/05\/vehivulos-carga.png 760w, https:\/\/noticias.sunrisecargo.com\/wp-content\/uploads\/2021\/05\/vehivulos-carga-300x125.png 300w\" sizes=\"auto, (max-width: 760px) 100vw, 760px\" \/><\/figure>\n\n\n\n<p class=\"has-text-color\" style=\"color:#2e3485\"><strong>Apreciado cliente, para Sunrise Cargo lo m\u00e1s importante es mantenerte informado.<\/strong><\/p>\n\n\n\n<p class=\"justificar\">Les informamos que debido a las manifestaciones, bloqueos y protestas que se est\u00e1n presentando en la principales ciudades y v\u00edas del pa\u00eds, en este momento se sigue presentando <strong>ESCASEZ IMPORTANTE DE VEHICULOS DE CARGA.<\/strong><\/p>\n\n\n\n<p class=\"justificar\">La Situaci\u00f3n en el <strong>Valle del Cauca <\/strong>es cr\u00edtica en este momento puesto que se mantienen bloqueadas las v\u00edas de ingreso y salida desde el puerto de Buenaventura hacia el valle y el interior.<\/p>\n\n\n\n<p class=\"justificar\">En Cartagena se ha despachado con las precauciones necesarias. Aunque se debe tener en cuenta que el d\u00eda de hoy se convocaron manifestaciones en el ingreso de Mamonal lo cual no permitir\u00eda el retiro y entrega de carga en los diferentes muelles.<\/p>\n\n\n\n<p class=\"justificar\">Tambi\u00e9n se presentan retrasos en el retiro y entrega de las unidades vac\u00edas hacia los patios de puerto y en el interior del pa\u00eds. Actualmente se presentan cierres totales para veh\u00edculos de carga en (<strong>Zipaquir\u00e1, Peaje Roble Gachancip\u00e1, Glorieta Sosiego Madrid, Guaduas calle 80, V\u00eda Tenjo &#8211; Siberia<\/strong>). Agradecemos tener presente esta informaci\u00f3n para programar sus despachos y entrega de vac\u00edos.<\/p>\n\n\n\n<p class=\"justificar\">Para las cargas en continuaci\u00f3n de viaje informamos que DIAN emiti\u00f3 el d\u00eda de ayer 04 de mayo la <strong>Resoluci\u00f3n No 00036<\/strong> (<a href=\"https:\/\/www.dian.gov.co\/normatividad\/Paginas\/Resoluciones.aspx\">https:\/\/www.dian.gov.co\/normatividad\/Paginas\/Resoluciones.aspx<\/a>) por medio de la cual se suspenden los t\u00e9rminos para presentaci\u00f3n, Aceptaci\u00f3n y Ejecuci\u00f3n de las declaraciones de tr\u00e1nsito a nivel nacional hasta el 09 de mayo.<\/p>\n\n\n\n<p class=\"justificar\">Debido a las marchas y manifestaciones en las ciudades capitales la mayor\u00eda de los conductores no est\u00e1n dispuestos a cargar en este momento por el riesgo que representa, agradecemos tener presente esta informaci\u00f3n para programar sus despachos y entrega de vac\u00edos.<\/p>\n","protected":false},"excerpt":{"rendered":"<p>Apreciado cliente, para Sunrise Cargo lo m\u00e1s importante es mantenerte informado. Les informamos que debido a las manifestaciones, bloqueos y protestas que se est\u00e1n presentando en la principales ciudades y&hellip; <\/p>\n","protected":false},"author":4,"featured_media":3059,"comment_status":"closed","ping_status":"open","sticky":false,"template":"","format":"standard","meta":{"_monsterinsights_skip_tracking":false,"_monsterinsights_sitenote_active":false,"_monsterinsights_sitenote_note":"","_monsterinsights_sitenote_category":0,"footnotes":""},"categories":[18],"tags":[65,41,62,63,37,64],"class_list":["post-3056","post","type-post","status-publish","format-standard","has-post-thumbnail","hentry","category-pricing","tag-camiones","tag-db-schenker","tag-escasez-vehiculos","tag-paro-nacional","tag-sunrise-cargo","tag-transporte"],"yoast_head":"<!-- This site is optimized with the Yoast SEO plugin v16.1.1 - https:\/\/yoast.com\/wordpress\/plugins\/seo\/ -->\n<title>Escasez de veh\u00edculos de carga en principales ciudades del pa\u00eds: Paro Nacional - Noticias Sunrise Cargo<\/title>\n<link rel=\"canonical\" href=\"https:\/\/noticias.sunrisecargo.com\/?p=3056\" \/>\n<meta property=\"og:locale\" content=\"es_ES\" \/>\n<meta property=\"og:type\" content=\"article\" \/>\n<meta property=\"og:title\" content=\"Escasez de veh\u00edculos de carga en principales ciudades del pa\u00eds: Paro Nacional - Noticias Sunrise Cargo\" \/>\n<meta property=\"og:description\" content=\"Apreciado cliente, para Sunrise Cargo lo m\u00e1s importante es mantenerte informado. Les informamos que debido a las manifestaciones, bloqueos y protestas que se est\u00e1n presentando en la principales ciudades y&hellip;\" \/>\n<meta property=\"og:url\" content=\"https:\/\/noticias.sunrisecargo.com\/?p=3056\" \/>\n<meta property=\"og:site_name\" content=\"Noticias Sunrise Cargo\" \/>\n<meta property=\"article:published_time\" content=\"2021-05-05T21:42:54+00:00\" \/>\n<meta property=\"article:modified_time\" content=\"2021-05-05T21:43:23+00:00\" \/>\n<meta property=\"og:image\" content=\"https:\/\/noticias.sunrisecargo.com\/wp-content\/uploads\/2021\/05\/vehivulos-carga-.png\" \/>\n\t<meta property=\"og:image:width\" content=\"800\" \/>\n\t<meta property=\"og:image:height\" content=\"480\" \/>\n<meta name=\"twitter:card\" content=\"summary_large_image\" \/>\n<meta name=\"twitter:label1\" content=\"Est. reading time\">\n\t<meta name=\"twitter:data1\" content=\"2 minutos\">\n<script type=\"application\/ld+json\" class=\"yoast-schema-graph\">{\"@context\":\"https:\/\/schema.org\",\"@graph\":[{\"@type\":\"Organization\",\"@id\":\"https:\/\/noticias.sunrisecargo.com\/#organization\",\"name\":\"Sunrise Cargo SAS\",\"url\":\"https:\/\/noticias.sunrisecargo.com\/\",\"sameAs\":[],\"logo\":{\"@type\":\"ImageObject\",\"@id\":\"https:\/\/noticias.sunrisecargo.com\/#logo\",\"inLanguage\":\"es-CO\",\"url\":\"https:\/\/noticias.sunrisecargo.com\/wp-content\/uploads\/2021\/04\/ICONO-NOTI-SUNRISE.png\",\"contentUrl\":\"https:\/\/noticias.sunrisecargo.com\/wp-content\/uploads\/2021\/04\/ICONO-NOTI-SUNRISE.png\",\"width\":37,\"height\":37,\"caption\":\"Sunrise Cargo SAS\"},\"image\":{\"@id\":\"https:\/\/noticias.sunrisecargo.com\/#logo\"}},{\"@type\":\"WebSite\",\"@id\":\"https:\/\/noticias.sunrisecargo.com\/#website\",\"url\":\"https:\/\/noticias.sunrisecargo.com\/\",\"name\":\"Noticias Sunrise Cargo\",\"description\":\"Noticias de Inter\\u00e9s\",\"publisher\":{\"@id\":\"https:\/\/noticias.sunrisecargo.com\/#organization\"},\"potentialAction\":[{\"@type\":\"SearchAction\",\"target\":\"https:\/\/noticias.sunrisecargo.com\/?s={search_term_string}\",\"query-input\":\"required name=search_term_string\"}],\"inLanguage\":\"es-CO\"},{\"@type\":\"ImageObject\",\"@id\":\"https:\/\/noticias.sunrisecargo.com\/?p=3056#primaryimage\",\"inLanguage\":\"es-CO\",\"url\":\"https:\/\/noticias.sunrisecargo.com\/wp-content\/uploads\/2021\/05\/vehivulos-carga-.png\",\"contentUrl\":\"https:\/\/noticias.sunrisecargo.com\/wp-content\/uploads\/2021\/05\/vehivulos-carga-.png\",\"width\":800,\"height\":480},{\"@type\":\"WebPage\",\"@id\":\"https:\/\/noticias.sunrisecargo.com\/?p=3056#webpage\",\"url\":\"https:\/\/noticias.sunrisecargo.com\/?p=3056\",\"name\":\"Escasez de veh\\u00edculos de carga en principales ciudades del pa\\u00eds: Paro Nacional - Noticias Sunrise Cargo\",\"isPartOf\":{\"@id\":\"https:\/\/noticias.sunrisecargo.com\/#website\"},\"primaryImageOfPage\":{\"@id\":\"https:\/\/noticias.sunrisecargo.com\/?p=3056#primaryimage\"},\"datePublished\":\"2021-05-05T21:42:54+00:00\",\"dateModified\":\"2021-05-05T21:43:23+00:00\",\"breadcrumb\":{\"@id\":\"https:\/\/noticias.sunrisecargo.com\/?p=3056#breadcrumb\"},\"inLanguage\":\"es-CO\",\"potentialAction\":[{\"@type\":\"ReadAction\",\"target\":[\"https:\/\/noticias.sunrisecargo.com\/?p=3056\"]}]},{\"@type\":\"BreadcrumbList\",\"@id\":\"https:\/\/noticias.sunrisecargo.com\/?p=3056#breadcrumb\",\"itemListElement\":[{\"@type\":\"ListItem\",\"position\":1,\"item\":{\"@type\":\"WebPage\",\"@id\":\"https:\/\/noticias.sunrisecargo.com\/\",\"url\":\"https:\/\/noticias.sunrisecargo.com\/\",\"name\":\"Home\"}},{\"@type\":\"ListItem\",\"position\":2,\"item\":{\"@type\":\"WebPage\",\"@id\":\"https:\/\/noticias.sunrisecargo.com\/?p=3056\",\"url\":\"https:\/\/noticias.sunrisecargo.com\/?p=3056\",\"name\":\"Escasez de veh\\u00edculos de carga en principales ciudades del pa\\u00eds: Paro Nacional\"}}]},{\"@type\":\"Article\",\"@id\":\"https:\/\/noticias.sunrisecargo.com\/?p=3056#article\",\"isPartOf\":{\"@id\":\"https:\/\/noticias.sunrisecargo.com\/?p=3056#webpage\"},\"author\":{\"@id\":\"https:\/\/noticias.sunrisecargo.com\/#\/schema\/person\/6dc68534970689383af81dce59c92bbc\"},\"headline\":\"Escasez de veh\\u00edculos de carga en principales ciudades del pa\\u00eds: Paro Nacional\",\"datePublished\":\"2021-05-05T21:42:54+00:00\",\"dateModified\":\"2021-05-05T21:43:23+00:00\",\"mainEntityOfPage\":{\"@id\":\"https:\/\/noticias.sunrisecargo.com\/?p=3056#webpage\"},\"publisher\":{\"@id\":\"https:\/\/noticias.sunrisecargo.com\/#organization\"},\"image\":{\"@id\":\"https:\/\/noticias.sunrisecargo.com\/?p=3056#primaryimage\"},\"keywords\":\"Camiones,DB Schenker,Escasez veh\\u00edculos,Paro Nacional,Sunrise Cargo,Transporte\",\"articleSection\":\"Pricing\",\"inLanguage\":\"es-CO\"},{\"@type\":\"Person\",\"@id\":\"https:\/\/noticias.sunrisecargo.com\/#\/schema\/person\/6dc68534970689383af81dce59c92bbc\",\"name\":\"Sunrise Cargo\",\"image\":{\"@type\":\"ImageObject\",\"@id\":\"https:\/\/noticias.sunrisecargo.com\/#personlogo\",\"inLanguage\":\"es-CO\",\"url\":\"https:\/\/secure.gravatar.com\/avatar\/064fc68894aee252e3d51c81d7d0798bc56bf526018995fa222e730d9052fdd8?s=96&d=mm&r=g\",\"contentUrl\":\"https:\/\/secure.gravatar.com\/avatar\/064fc68894aee252e3d51c81d7d0798bc56bf526018995fa222e730d9052fdd8?s=96&d=mm&r=g\",\"caption\":\"Sunrise Cargo\"},\"sameAs\":[\"http:\/\/noticias.sunrisecargo.com\"]}]}<\/script>\n<!-- \/ Yoast SEO plugin. -->","_links":{"self":[{"href":"https:\/\/noticias.sunrisecargo.com\/index.php?rest_route=\/wp\/v2\/posts\/3056","targetHints":{"allow":["GET"]}}],"collection":[{"href":"https:\/\/noticias.sunrisecargo.com\/index.php?rest_route=\/wp\/v2\/posts"}],"about":[{"href":"https:\/\/noticias.sunrisecargo.com\/index.php?rest_route=\/wp\/v2\/types\/post"}],"author":[{"embeddable":true,"href":"https:\/\/noticias.sunrisecargo.com\/index.php?rest_route=\/wp\/v2\/users\/4"}],"replies":[{"embeddable":true,"href":"https:\/\/noticias.sunrisecargo.com\/index.php?rest_route=%2Fwp%2Fv2%2Fcomments&post=3056"}],"version-history":[{"count":3,"href":"https:\/\/noticias.sunrisecargo.com\/index.php?rest_route=\/wp\/v2\/posts\/3056\/revisions"}],"predecessor-version":[{"id":3063,"href":"https:\/\/noticias.sunrisecargo.com\/index.php?rest_route=\/wp\/v2\/posts\/3056\/revisions\/3063"}],"wp:featuredmedia":[{"embeddable":true,"href":"https:\/\/noticias.sunrisecargo.com\/index.php?rest_route=\/wp\/v2\/media\/3059"}],"wp:attachment":[{"href":"https:\/\/noticias.sunrisecargo.com\/index.php?rest_route=%2Fwp%2Fv2%2Fmedia&parent=3056"}],"wp:term":[{"taxonomy":"category","embeddable":true,"href":"https:\/\/noticias.sunrisecargo.com\/index.php?rest_route=%2Fwp%2Fv2%2Fcategories&post=3056"},{"taxonomy":"post_tag","embeddable":true,"href":"https:\/\/noticias.sunrisecargo.com\/index.php?rest_route=%2Fwp%2Fv2%2Ftags&post=3056"}],"curies":[{"name":"wp","href":"https:\/\/api.w.org\/{rel}","templated":true}]}}