{"id":2855,"date":"2021-04-28T13:48:20","date_gmt":"2021-04-28T18:48:20","guid":{"rendered":"https:\/\/noticias.sunrisecargo.com\/?p=2855"},"modified":"2021-04-28T13:48:22","modified_gmt":"2021-04-28T18:48:22","slug":"mincit-modifica-parcialmente-el-arancel-de-aduanas-para-la-importacion-de-confecciones","status":"publish","type":"post","link":"https:\/\/noticias.sunrisecargo.com\/?p=2855","title":{"rendered":"MinCIT modifica parcialmente el arancel de aduanas para la importaci\u00f3n de confecciones"},"content":{"rendered":"\n<figure class=\"wp-block-image size-large is-resized\"><img loading=\"lazy\" decoding=\"async\" src=\"https:\/\/noticias.sunrisecargo.com\/wp-content\/uploads\/2021\/04\/confecciones.jpg\" alt=\"\" class=\"wp-image-2857\" width=\"839\" height=\"288\" srcset=\"https:\/\/noticias.sunrisecargo.com\/wp-content\/uploads\/2021\/04\/confecciones.jpg 760w, https:\/\/noticias.sunrisecargo.com\/wp-content\/uploads\/2021\/04\/confecciones-300x103.jpg 300w\" sizes=\"auto, (max-width: 839px) 100vw, 839px\" \/><\/figure>\n\n\n\n<p><a href=\"https:\/\/dapre.presidencia.gov.co\/normativa\/normativa\/DECRETO%20414%20DEL%2016%20DE%20ABRIL%20DE%202021.pdf\" target=\"_blank\" rel=\"noreferrer noopener\"><strong>Ver Decreto 414 del 16-04-2021, MinCIT<\/strong><\/a><\/p>\n\n\n\n<p class=\"justificar\">Mediante el Decreto 414 expedido el 16 de abril de 2021, por el Ministerio de Comercio, Industria y Turismo, se establece:<\/p>\n\n\n\n<p class=\"justificar\">Un arancel del (40%) a las importaciones de cualquier pa\u00eds de origen, de confecciones clasificadas en los cap\u00edtulos 61 y 62 del Arancel de Aduanas, cuando el precio FOB declarado sea inferior o igual a USD 10 por kilogramo bruto.<\/p>\n\n\n\n<p class=\"justificar\">Un arancel del 15% m\u00e1s USD 1.5 por kilogramo bruto, a las importaciones de cualquier pa\u00eds de origen, de confecciones clasificadas en los cap\u00edtulos 61 y 62 del Arancel de Aduanas, cuando el precio FOB declarado sea superior a USD 10 por kilogramo bruto.<\/p>\n\n\n\n<p class=\"justificar\">El gravamen arancelario establecido en el Decreto 414, ser\u00e1 revisado semestralmente por el Comit\u00e9 de Asuntos Aduaneros, Arancelarios y de Comercio Exterior.<\/p>\n\n\n\n<p>Quedan excluidas de la aplicaci\u00f3n de estos aranceles, las importaciones al territorio nacional de:<\/p>\n\n\n\n<p class=\"justificar\">1. Los residuos y\/o desperdicios de la industria de la confecci\u00f3n resultantes de los procesos productivos desarrollados por un usuario industrial de Zona Franca o al amparo de los Sistemas Especiales de Importaci\u00f3n &#8211; Exportaci\u00f3n &#8220;Plan Vallejo&#8221; que tengan valor comercial y<\/p>\n\n\n\n<p>2. Las reimportaciones en el mismo estado que cumplen con los requisitos de la modalidad.<\/p>\n\n\n\n<p class=\"justificar\">El Decreto 414 de 2021 entrar\u00e1 en vigencia transcurridos (15) d\u00edas calendario contados desde la fecha de su publicaci\u00f3n en el Diario Oficial, de la cual a\u00fan no tenemos confirmaci\u00f3n, y regir\u00e1 por dos (2) a\u00f1os contados a partir de su vigencia.<\/p>\n\n\n\n<p>Les estaremos confirmando la fecha de publicaci\u00f3n de esta norma.<\/p>\n\n\n\n<p>Fuente: SIACOMEX<\/p>\n","protected":false},"excerpt":{"rendered":"<p>Ver Decreto 414 del 16-04-2021, MinCIT Mediante el Decreto 414 expedido el 16 de abril de 2021, por el Ministerio de Comercio, Industria y Turismo, se establece: Un arancel del&hellip; <\/p>\n","protected":false},"author":4,"featured_media":2856,"comment_status":"closed","ping_status":"open","sticky":false,"template":"","format":"standard","meta":{"_monsterinsights_skip_tracking":false,"_monsterinsights_sitenote_active":false,"_monsterinsights_sitenote_note":"","_monsterinsights_sitenote_category":0,"footnotes":""},"categories":[19],"tags":[42,43,37],"class_list":["post-2855","post","type-post","status-publish","format-standard","has-post-thumbnail","hentry","category-operaciones","tag-arancel","tag-importacion","tag-sunrise-cargo"],"yoast_head":"<!-- This site is optimized with the Yoast SEO plugin v16.1.1 - https:\/\/yoast.com\/wordpress\/plugins\/seo\/ -->\n<title>MinCIT modifica parcialmente el arancel de aduanas para la importaci\u00f3n de confecciones - Noticias Sunrise Cargo<\/title>\n<link rel=\"canonical\" href=\"https:\/\/noticias.sunrisecargo.com\/?p=2855\" \/>\n<meta property=\"og:locale\" content=\"es_ES\" \/>\n<meta property=\"og:type\" content=\"article\" \/>\n<meta property=\"og:title\" content=\"MinCIT modifica parcialmente el arancel de aduanas para la importaci\u00f3n de confecciones - Noticias Sunrise Cargo\" \/>\n<meta property=\"og:description\" content=\"Ver Decreto 414 del 16-04-2021, MinCIT Mediante el Decreto 414 expedido el 16 de abril de 2021, por el Ministerio de Comercio, Industria y Turismo, se establece: Un arancel del&hellip;\" \/>\n<meta property=\"og:url\" content=\"https:\/\/noticias.sunrisecargo.com\/?p=2855\" \/>\n<meta property=\"og:site_name\" content=\"Noticias Sunrise Cargo\" \/>\n<meta property=\"article:published_time\" content=\"2021-04-28T18:48:20+00:00\" \/>\n<meta property=\"article:modified_time\" content=\"2021-04-28T18:48:22+00:00\" \/>\n<meta property=\"og:image\" content=\"https:\/\/noticias.sunrisecargo.com\/wp-content\/uploads\/2021\/04\/aduana.jpg\" \/>\n\t<meta property=\"og:image:width\" content=\"800\" \/>\n\t<meta property=\"og:image:height\" content=\"480\" \/>\n<meta name=\"twitter:card\" content=\"summary_large_image\" \/>\n<meta name=\"twitter:label1\" content=\"Est. reading time\">\n\t<meta name=\"twitter:data1\" content=\"2 minutos\">\n<script type=\"application\/ld+json\" class=\"yoast-schema-graph\">{\"@context\":\"https:\/\/schema.org\",\"@graph\":[{\"@type\":\"Organization\",\"@id\":\"https:\/\/noticias.sunrisecargo.com\/#organization\",\"name\":\"Sunrise Cargo SAS\",\"url\":\"https:\/\/noticias.sunrisecargo.com\/\",\"sameAs\":[],\"logo\":{\"@type\":\"ImageObject\",\"@id\":\"https:\/\/noticias.sunrisecargo.com\/#logo\",\"inLanguage\":\"es-CO\",\"url\":\"https:\/\/noticias.sunrisecargo.com\/wp-content\/uploads\/2021\/04\/ICONO-NOTI-SUNRISE.png\",\"contentUrl\":\"https:\/\/noticias.sunrisecargo.com\/wp-content\/uploads\/2021\/04\/ICONO-NOTI-SUNRISE.png\",\"width\":37,\"height\":37,\"caption\":\"Sunrise Cargo SAS\"},\"image\":{\"@id\":\"https:\/\/noticias.sunrisecargo.com\/#logo\"}},{\"@type\":\"WebSite\",\"@id\":\"https:\/\/noticias.sunrisecargo.com\/#website\",\"url\":\"https:\/\/noticias.sunrisecargo.com\/\",\"name\":\"Noticias Sunrise Cargo\",\"description\":\"Noticias de Inter\\u00e9s\",\"publisher\":{\"@id\":\"https:\/\/noticias.sunrisecargo.com\/#organization\"},\"potentialAction\":[{\"@type\":\"SearchAction\",\"target\":\"https:\/\/noticias.sunrisecargo.com\/?s={search_term_string}\",\"query-input\":\"required name=search_term_string\"}],\"inLanguage\":\"es-CO\"},{\"@type\":\"ImageObject\",\"@id\":\"https:\/\/noticias.sunrisecargo.com\/?p=2855#primaryimage\",\"inLanguage\":\"es-CO\",\"url\":\"https:\/\/noticias.sunrisecargo.com\/wp-content\/uploads\/2021\/04\/aduana.jpg\",\"contentUrl\":\"https:\/\/noticias.sunrisecargo.com\/wp-content\/uploads\/2021\/04\/aduana.jpg\",\"width\":800,\"height\":480},{\"@type\":\"WebPage\",\"@id\":\"https:\/\/noticias.sunrisecargo.com\/?p=2855#webpage\",\"url\":\"https:\/\/noticias.sunrisecargo.com\/?p=2855\",\"name\":\"MinCIT modifica parcialmente el arancel de aduanas para la importaci\\u00f3n de confecciones - Noticias Sunrise Cargo\",\"isPartOf\":{\"@id\":\"https:\/\/noticias.sunrisecargo.com\/#website\"},\"primaryImageOfPage\":{\"@id\":\"https:\/\/noticias.sunrisecargo.com\/?p=2855#primaryimage\"},\"datePublished\":\"2021-04-28T18:48:20+00:00\",\"dateModified\":\"2021-04-28T18:48:22+00:00\",\"breadcrumb\":{\"@id\":\"https:\/\/noticias.sunrisecargo.com\/?p=2855#breadcrumb\"},\"inLanguage\":\"es-CO\",\"potentialAction\":[{\"@type\":\"ReadAction\",\"target\":[\"https:\/\/noticias.sunrisecargo.com\/?p=2855\"]}]},{\"@type\":\"BreadcrumbList\",\"@id\":\"https:\/\/noticias.sunrisecargo.com\/?p=2855#breadcrumb\",\"itemListElement\":[{\"@type\":\"ListItem\",\"position\":1,\"item\":{\"@type\":\"WebPage\",\"@id\":\"https:\/\/noticias.sunrisecargo.com\/\",\"url\":\"https:\/\/noticias.sunrisecargo.com\/\",\"name\":\"Home\"}},{\"@type\":\"ListItem\",\"position\":2,\"item\":{\"@type\":\"WebPage\",\"@id\":\"https:\/\/noticias.sunrisecargo.com\/?p=2855\",\"url\":\"https:\/\/noticias.sunrisecargo.com\/?p=2855\",\"name\":\"MinCIT modifica parcialmente el arancel de aduanas para la importaci\\u00f3n de confecciones\"}}]},{\"@type\":\"Article\",\"@id\":\"https:\/\/noticias.sunrisecargo.com\/?p=2855#article\",\"isPartOf\":{\"@id\":\"https:\/\/noticias.sunrisecargo.com\/?p=2855#webpage\"},\"author\":{\"@id\":\"https:\/\/noticias.sunrisecargo.com\/#\/schema\/person\/6dc68534970689383af81dce59c92bbc\"},\"headline\":\"MinCIT modifica parcialmente el arancel de aduanas para la importaci\\u00f3n de confecciones\",\"datePublished\":\"2021-04-28T18:48:20+00:00\",\"dateModified\":\"2021-04-28T18:48:22+00:00\",\"mainEntityOfPage\":{\"@id\":\"https:\/\/noticias.sunrisecargo.com\/?p=2855#webpage\"},\"publisher\":{\"@id\":\"https:\/\/noticias.sunrisecargo.com\/#organization\"},\"image\":{\"@id\":\"https:\/\/noticias.sunrisecargo.com\/?p=2855#primaryimage\"},\"keywords\":\"Arancel,Importaci\\u00f3n,Sunrise Cargo\",\"articleSection\":\"Operaciones\",\"inLanguage\":\"es-CO\"},{\"@type\":\"Person\",\"@id\":\"https:\/\/noticias.sunrisecargo.com\/#\/schema\/person\/6dc68534970689383af81dce59c92bbc\",\"name\":\"Sunrise Cargo\",\"image\":{\"@type\":\"ImageObject\",\"@id\":\"https:\/\/noticias.sunrisecargo.com\/#personlogo\",\"inLanguage\":\"es-CO\",\"url\":\"https:\/\/secure.gravatar.com\/avatar\/064fc68894aee252e3d51c81d7d0798bc56bf526018995fa222e730d9052fdd8?s=96&d=mm&r=g\",\"contentUrl\":\"https:\/\/secure.gravatar.com\/avatar\/064fc68894aee252e3d51c81d7d0798bc56bf526018995fa222e730d9052fdd8?s=96&d=mm&r=g\",\"caption\":\"Sunrise Cargo\"},\"sameAs\":[\"http:\/\/noticias.sunrisecargo.com\"]}]}<\/script>\n<!-- \/ Yoast SEO plugin. -->","_links":{"self":[{"href":"https:\/\/noticias.sunrisecargo.com\/index.php?rest_route=\/wp\/v2\/posts\/2855","targetHints":{"allow":["GET"]}}],"collection":[{"href":"https:\/\/noticias.sunrisecargo.com\/index.php?rest_route=\/wp\/v2\/posts"}],"about":[{"href":"https:\/\/noticias.sunrisecargo.com\/index.php?rest_route=\/wp\/v2\/types\/post"}],"author":[{"embeddable":true,"href":"https:\/\/noticias.sunrisecargo.com\/index.php?rest_route=\/wp\/v2\/users\/4"}],"replies":[{"embeddable":true,"href":"https:\/\/noticias.sunrisecargo.com\/index.php?rest_route=%2Fwp%2Fv2%2Fcomments&post=2855"}],"version-history":[{"count":1,"href":"https:\/\/noticias.sunrisecargo.com\/index.php?rest_route=\/wp\/v2\/posts\/2855\/revisions"}],"predecessor-version":[{"id":2858,"href":"https:\/\/noticias.sunrisecargo.com\/index.php?rest_route=\/wp\/v2\/posts\/2855\/revisions\/2858"}],"wp:featuredmedia":[{"embeddable":true,"href":"https:\/\/noticias.sunrisecargo.com\/index.php?rest_route=\/wp\/v2\/media\/2856"}],"wp:attachment":[{"href":"https:\/\/noticias.sunrisecargo.com\/index.php?rest_route=%2Fwp%2Fv2%2Fmedia&parent=2855"}],"wp:term":[{"taxonomy":"category","embeddable":true,"href":"https:\/\/noticias.sunrisecargo.com\/index.php?rest_route=%2Fwp%2Fv2%2Fcategories&post=2855"},{"taxonomy":"post_tag","embeddable":true,"href":"https:\/\/noticias.sunrisecargo.com\/index.php?rest_route=%2Fwp%2Fv2%2Ftags&post=2855"}],"curies":[{"name":"wp","href":"https:\/\/api.w.org\/{rel}","templated":true}]}}