{"id":12216,"date":"2025-07-07T01:33:00","date_gmt":"2025-07-07T06:33:00","guid":{"rendered":"https:\/\/noticias.sunrisecargo.com\/?p=12216"},"modified":"2025-07-04T18:43:32","modified_gmt":"2025-07-04T23:43:32","slug":"tarifas-de-carga-aerea-en-descenso-pero-levantan-vuelo-fletes-de-transporte-maritimo","status":"publish","type":"post","link":"https:\/\/noticias.sunrisecargo.com\/?p=12216","title":{"rendered":"Tarifas de carga a\u00e9rea en descenso, pero \u201clevantan vuelo\u201d fletes de transporte mar\u00edtimo"},"content":{"rendered":"\n<figure class=\"wp-block-image size-full\"><img loading=\"lazy\" decoding=\"async\" width=\"800\" height=\"480\" src=\"https:\/\/noticias.sunrisecargo.com\/wp-content\/uploads\/2025\/07\/05.png\" alt=\"\" class=\"wp-image-12218\" srcset=\"https:\/\/noticias.sunrisecargo.com\/wp-content\/uploads\/2025\/07\/05.png 800w, https:\/\/noticias.sunrisecargo.com\/wp-content\/uploads\/2025\/07\/05-300x180.png 300w, https:\/\/noticias.sunrisecargo.com\/wp-content\/uploads\/2025\/07\/05-768x461.png 768w\" sizes=\"auto, (max-width: 800px) 100vw, 800px\" \/><\/figure>\n\n\n\n<h2 class=\"wp-block-heading\">Mayor costo del servicio de l\u00edneas navieras en el hemisferio norte tambi\u00e9n afecta a operaciones de comercio exterior en Per\u00fa.<\/h2>\n\n\n\n<p><strong>El 95% del\u00a0<\/strong><a href=\"https:\/\/gestion.pe\/noticias\/transporte\/\"><strong>transporte<\/strong><\/a><strong>\u00a0de mercanc\u00edas de\u00a0<\/strong><a href=\"https:\/\/gestion.pe\/noticias\/comercio-exterior\/\"><strong>comercio exterior<\/strong><\/a><strong>\u00a0del Per\u00fa se mueve por v\u00eda mar\u00edtima, y aunque nuestros\u00a0<\/strong><a href=\"https:\/\/gestion.pe\/noticias\/puertos\/\"><strong>puertos<\/strong><\/a><strong>\u00a0reciben cada vez buques de mayor envergadura, sus\u00a0<\/strong><a href=\"https:\/\/gestion.pe\/noticias\/tarifas\/\"><strong>tarifas<\/strong><\/a><strong>\u00a0est\u00e1n ahora en tendencia ascendente. Por el contrario, el transporte de\u00a0<\/strong><a href=\"https:\/\/gestion.pe\/noticias\/carga\/\"><strong>carga<\/strong><\/a><strong>\u00a0v\u00eda a\u00e9rea muestra una tendencia declinante en sus\u00a0<\/strong><a href=\"https:\/\/gestion.pe\/noticias\/fletes\/\"><strong>fletes<\/strong><\/a><strong>, atrayendo -en parte- a los\u00a0<\/strong><a href=\"https:\/\/gestion.pe\/noticias\/agroexportacion\/\"><strong>agroexportadores<\/strong><\/a><strong>.<\/strong><\/p>\n\n\n\n<p>Seg\u00fan cifras que dio a conocer&nbsp;<a href=\"https:\/\/gestion.pe\/noticias\/comex\/\"><strong>ComexPer\u00fa<\/strong><\/a><strong>,<\/strong>&nbsp;el&nbsp;<strong>\u00cdndice Global de Flete A\u00e9reo&nbsp;<\/strong>(Freightos Air Index) mostr\u00f3 una cifra de US$ 2.22 por kilogramo, es decir, una ca\u00edda de<strong>&nbsp;5.53%&nbsp;<\/strong>frente a los US$ 2.35 por kilo registrados en la segunda mitad de mayo \u00faltimo.<\/p>\n\n\n\n<p>Adem\u00e1s,&nbsp;<strong>entre enero y abril de 2025<\/strong>, las&nbsp;<a href=\"https:\/\/gestion.pe\/noticias\/exportacion\/\"><strong>exportaciones<\/strong><\/a>&nbsp;peruanas realizadas por<strong>&nbsp;v\u00eda a\u00e9rea alcanzaron las 36,203 toneladas<\/strong>, lo que representa un&nbsp;<strong>incremento del 32.2%<\/strong>&nbsp;respecto al mismo periodo del a\u00f1o anterior.<\/p>\n\n\n\n<p>El gremio atribuy\u00f3 ese crecimiento<strong>\u00a0al mayor volumen exportado de productos como\u00a0<\/strong><a href=\"https:\/\/gestion.pe\/noticias\/mango\/\"><strong>mangos<\/strong><\/a><strong>, esp\u00e1rragos y\u00a0<\/strong><a href=\"https:\/\/gestion.pe\/noticias\/arandanos\/\"><strong>ar\u00e1ndanos<\/strong><\/a><strong>\u00a0frescos<\/strong>, que en conjunto concentraron el 65.36% del total despachado.<\/p>\n\n\n\n<h2 class=\"wp-block-heading\"><strong>Fletes mar\u00edtimos con tendencia al alza<\/strong><\/h2>\n\n\n\n<p>Por el contrario,<strong>\u00a0las tarifas de transporte mar\u00edtimo acusan una tendencia al alza en junio<\/strong>\u00a0de este a\u00f1o, conforme lo indica la evoluci\u00f3n de los \u00edndices\u00a0<strong>World Container Index (WCI)<\/strong>, de la consultora Drewry, y\u00a0<strong>Global Container Freight Index (FBX)<\/strong>.<\/p>\n\n\n\n<p>En junio, ambos indicadores registraban que el&nbsp;<strong>flete de transporte mar\u00edtimo&nbsp;<\/strong>oscil\u00f3 entre los&nbsp;<strong>US$ 3,543 y los US$ 3,704.25<\/strong>&nbsp;por contenedor, cuando entre marzo y abril estaban en torno a los US$ 2,000.<\/p>\n\n\n\n<p>En la primera mitad del \u00faltimo mes -observa ComexPer\u00fa- el \u00cdndice mundial de Contenedores de Drewry (WCI) registr\u00f3 un flete promedio de US$ 3,543 en su \u00faltima actualizaci\u00f3n del 12 de junio,&nbsp;<strong>lo que reflej\u00f3 un aumento del 58.6% frente a los US$ 2,233 registrados el 15 de mayo de 2024.<\/strong><\/p>\n\n\n\n<p>Vale indicar que el costo del transporte mar\u00edtimo para exportadores e importadores en Per\u00fa&nbsp;<strong>puede representar entre el 20% y el 50% del valor de los productos<\/strong>, dependiendo del sector y de la eficiencia log\u00edstica involucrada.<\/p>\n\n\n\n<p>Para productos agr\u00edcolas, por ejemplo,\u00a0<strong>el costo log\u00edstico puede alcanzar el 21% del valor exportado,<\/strong>\u00a0y en algunos casos espec\u00edficos, como la\u00a0<a href=\"https:\/\/gestion.pe\/noticias\/cebolla\/\"><strong>cebolla<\/strong><\/a>, puede llegar a<strong>\u00a0casi el doble del porcentaje<\/strong>\u00a0<strong>observado en otros pa\u00edses\u00a0<\/strong>de la regi\u00f3n.<\/p>\n\n\n\n<h2 class=\"wp-block-heading\"><strong>Alza de tarifas tambi\u00e9n afecta al Per\u00fa<\/strong><\/h2>\n\n\n\n<p>En el caso del Per\u00fa, seg\u00fan&nbsp;<strong>Alberto Ego Aguirre, presidente de la Comisi\u00f3n de Asuntos Portuarios de la&nbsp;<\/strong><a href=\"https:\/\/gestion.pe\/noticias\/ccl\/\"><strong>C\u00e1mara de Comercio de Lima (CCL)<\/strong><\/a>los fletes de l\u00edneas navieras que recalan en puertos peruanos pueden oscilar, en el caso de la carga congelada,&nbsp;<strong>entre los US$ 3,500 a los US$ 4,500&nbsp;<\/strong>por contenedor refrigerado de 40 pies.<\/p>\n\n\n\n<p>Observ\u00f3 que&nbsp;<strong>estos precios han estado al alza desde hace alg\u00fan tiempo atr\u00e1s<\/strong>, y consider\u00f3 que una causa de ello podr\u00eda ser el<strong>&nbsp;alto costo del&nbsp;<\/strong><a href=\"https:\/\/gestion.pe\/noticias\/petroleo\/\"><strong>petr\u00f3leo<\/strong><\/a><strong>&nbsp;y&nbsp;<\/strong><a href=\"https:\/\/gestion.pe\/noticias\/combustibles\/\"><strong>combustibles<\/strong><\/a><strong>&nbsp;en el Per\u00fa,<\/strong>&nbsp;del cual se tienen que abastecer los buques cuando acoderan en puertos locales, considerando que consumimos en su mayor parte&nbsp;<strong>derivados importados<\/strong>&nbsp;(de mayor costo).<\/p>\n\n\n\n<p>Sin embargo, m\u00e1s all\u00e1 de ello, Ego Aguirre se\u00f1al\u00f3 que<strong>\u00a0no habr\u00eda razones de fondo para que los fletes a escala internacional est\u00e9n con tendencia al alza,\u00a0<\/strong>pues ya se han superado los problemas de recepci\u00f3n de buques procedentes de\u00a0<a href=\"https:\/\/gestion.pe\/noticias\/china\/\"><strong>China<\/strong><\/a><strong>\u00a0en puertos de\u00a0<\/strong><a href=\"https:\/\/gestion.pe\/noticias\/ee-uu\/\"><strong>Estados Unidos<\/strong><\/a>, tras el acuerdo que firm\u00f3 el presidente Donald Trump con esa naci\u00f3n asi\u00e1tica.<\/p>\n\n\n\n<h2 class=\"wp-block-heading\"><strong>Fletes de camiones tambi\u00e9n se elevan<\/strong><\/h2>\n\n\n\n<p><strong>Juan Carlos Le\u00f3n Siles, experto en comercio exterior,&nbsp;<\/strong>confirm\u00f3 que, en efecto,&nbsp;<strong>se est\u00e1 viendo tambi\u00e9n en el Per\u00fa una tendencia ascendente en los fletes de carga mar\u00edtima<\/strong>, y lo atribuy\u00f3 a la&nbsp;<strong>congesti\u00f3n<\/strong>&nbsp;que existe desde hace alg\u00fan tiempo<strong>&nbsp;en puertos de&nbsp;<\/strong><a href=\"https:\/\/gestion.pe\/noticias\/europa\/\"><strong>Europa<\/strong><\/a>.<\/p>\n\n\n\n<p>Explic\u00f3 que en los terminales portuarios de ese continente&nbsp;<strong>se est\u00e1n produciendo congestiones<\/strong>&nbsp;que generan retrasos para la salida de buques llenos.<\/p>\n\n\n\n<p>Por esa raz\u00f3n, observ\u00f3 que&nbsp;<strong>las&nbsp;<\/strong><a href=\"https:\/\/gestion.pe\/noticias\/navieras\/\"><strong>navieras<\/strong><\/a><strong>&nbsp;est\u00e1n reduciendo sus frecuencias de viajes<\/strong>, causando&nbsp;<strong>menor oferta disponible&nbsp;<\/strong>de transporte por mar, y&nbsp;<strong>sobrecostos que elevan los fletes<\/strong>.<\/p>\n\n\n\n<p>Esa situaci\u00f3n, se\u00f1al\u00f3, fue exacerbada tambi\u00e9n por el inicio de la&nbsp;<strong>guerra comercial entre Estados Unidos y China&nbsp;<\/strong>y la aplicaci\u00f3n de&nbsp;<a href=\"https:\/\/gestion.pe\/noticias\/aranceles\/\"><strong>aranceles<\/strong><\/a>, que llev\u00f3 a que el indicador de tr\u00e1fico de carga entre la costa oeste de EE.UU. y Asia&nbsp;<strong>cayera en m\u00e1s del 20%.<\/strong><\/p>\n\n\n\n<p>A esto Le\u00f3n Siles le sum\u00f3 el\u00a0<strong>incremento de costos log\u00edsticos en el Per\u00fa<\/strong>, que, en parte, se explican por la\u00a0<strong>creciente congesti\u00f3n en el puerto del Callao<\/strong>, y que han llevado que los transportistas en camiones\u00a0<strong>incrementen a su vez sus fletes en un aproximado del 10%<\/strong>\u00a0en los \u00faltimos a\u00f1os.<\/p>\n\n\n\n<p><\/p>\n\n\n\n<p>Fuente: <a href=\"https:\/\/gestion.pe\/economia\/tarifas-de-carga-aerea-en-descenso-pero-levantan-vuelo-fletes-de-transporte-maritimo-noticia\/\">https:\/\/gestion.pe\/economia\/tarifas-de-carga-aerea-en-descenso-pero-levantan-vuelo-fletes-de-transporte-maritimo-noticia\/<\/a><\/p>\n","protected":false},"excerpt":{"rendered":"<p>Mayor costo del servicio de l\u00edneas navieras en el hemisferio norte tambi\u00e9n afecta a operaciones de comercio exterior en Per\u00fa. El 95% del\u00a0transporte\u00a0de mercanc\u00edas de\u00a0comercio exterior\u00a0del Per\u00fa se mueve por&hellip; <\/p>\n","protected":false},"author":4,"featured_media":12219,"comment_status":"closed","ping_status":"open","sticky":false,"template":"","format":"standard","meta":{"_monsterinsights_skip_tracking":false,"_monsterinsights_sitenote_active":false,"_monsterinsights_sitenote_note":"","_monsterinsights_sitenote_category":0,"footnotes":""},"categories":[18],"tags":[],"class_list":["post-12216","post","type-post","status-publish","format-standard","has-post-thumbnail","hentry","category-pricing"],"yoast_head":"<!-- This site is optimized with the Yoast SEO plugin v16.1.1 - https:\/\/yoast.com\/wordpress\/plugins\/seo\/ -->\n<title>Tarifas de carga a\u00e9rea en descenso, pero \u201clevantan vuelo\u201d fletes de transporte mar\u00edtimo - Noticias Sunrise Cargo<\/title>\n<link rel=\"canonical\" href=\"https:\/\/noticias.sunrisecargo.com\/?p=12216\" \/>\n<meta property=\"og:locale\" content=\"es_ES\" \/>\n<meta property=\"og:type\" content=\"article\" \/>\n<meta property=\"og:title\" content=\"Tarifas de carga a\u00e9rea en descenso, pero \u201clevantan vuelo\u201d fletes de transporte mar\u00edtimo - Noticias Sunrise Cargo\" \/>\n<meta property=\"og:description\" content=\"Mayor costo del servicio de l\u00edneas navieras en el hemisferio norte tambi\u00e9n afecta a operaciones de comercio exterior en Per\u00fa. El 95% del\u00a0transporte\u00a0de mercanc\u00edas de\u00a0comercio exterior\u00a0del Per\u00fa se mueve por&hellip;\" \/>\n<meta property=\"og:url\" content=\"https:\/\/noticias.sunrisecargo.com\/?p=12216\" \/>\n<meta property=\"og:site_name\" content=\"Noticias Sunrise Cargo\" \/>\n<meta property=\"article:published_time\" content=\"2025-07-07T06:33:00+00:00\" \/>\n<meta property=\"article:modified_time\" content=\"2025-07-04T23:43:32+00:00\" \/>\n<meta property=\"og:image\" content=\"https:\/\/noticias.sunrisecargo.com\/wp-content\/uploads\/2025\/07\/05-1.png\" \/>\n\t<meta property=\"og:image:width\" content=\"800\" \/>\n\t<meta property=\"og:image:height\" content=\"480\" \/>\n<meta name=\"twitter:card\" content=\"summary_large_image\" \/>\n<meta name=\"twitter:label1\" content=\"Est. reading time\">\n\t<meta name=\"twitter:data1\" content=\"4 minutos\">\n<script type=\"application\/ld+json\" class=\"yoast-schema-graph\">{\"@context\":\"https:\/\/schema.org\",\"@graph\":[{\"@type\":\"Organization\",\"@id\":\"https:\/\/noticias.sunrisecargo.com\/#organization\",\"name\":\"Sunrise Cargo SAS\",\"url\":\"https:\/\/noticias.sunrisecargo.com\/\",\"sameAs\":[],\"logo\":{\"@type\":\"ImageObject\",\"@id\":\"https:\/\/noticias.sunrisecargo.com\/#logo\",\"inLanguage\":\"es-CO\",\"url\":\"https:\/\/noticias.sunrisecargo.com\/wp-content\/uploads\/2021\/04\/ICONO-NOTI-SUNRISE.png\",\"contentUrl\":\"https:\/\/noticias.sunrisecargo.com\/wp-content\/uploads\/2021\/04\/ICONO-NOTI-SUNRISE.png\",\"width\":37,\"height\":37,\"caption\":\"Sunrise Cargo SAS\"},\"image\":{\"@id\":\"https:\/\/noticias.sunrisecargo.com\/#logo\"}},{\"@type\":\"WebSite\",\"@id\":\"https:\/\/noticias.sunrisecargo.com\/#website\",\"url\":\"https:\/\/noticias.sunrisecargo.com\/\",\"name\":\"Noticias Sunrise Cargo\",\"description\":\"Noticias de Inter\\u00e9s\",\"publisher\":{\"@id\":\"https:\/\/noticias.sunrisecargo.com\/#organization\"},\"potentialAction\":[{\"@type\":\"SearchAction\",\"target\":\"https:\/\/noticias.sunrisecargo.com\/?s={search_term_string}\",\"query-input\":\"required name=search_term_string\"}],\"inLanguage\":\"es-CO\"},{\"@type\":\"ImageObject\",\"@id\":\"https:\/\/noticias.sunrisecargo.com\/?p=12216#primaryimage\",\"inLanguage\":\"es-CO\",\"url\":\"https:\/\/noticias.sunrisecargo.com\/wp-content\/uploads\/2025\/07\/05-1.png\",\"contentUrl\":\"https:\/\/noticias.sunrisecargo.com\/wp-content\/uploads\/2025\/07\/05-1.png\",\"width\":800,\"height\":480},{\"@type\":\"WebPage\",\"@id\":\"https:\/\/noticias.sunrisecargo.com\/?p=12216#webpage\",\"url\":\"https:\/\/noticias.sunrisecargo.com\/?p=12216\",\"name\":\"Tarifas de carga a\\u00e9rea en descenso, pero \\u201clevantan vuelo\\u201d fletes de transporte mar\\u00edtimo - Noticias Sunrise Cargo\",\"isPartOf\":{\"@id\":\"https:\/\/noticias.sunrisecargo.com\/#website\"},\"primaryImageOfPage\":{\"@id\":\"https:\/\/noticias.sunrisecargo.com\/?p=12216#primaryimage\"},\"datePublished\":\"2025-07-07T06:33:00+00:00\",\"dateModified\":\"2025-07-04T23:43:32+00:00\",\"breadcrumb\":{\"@id\":\"https:\/\/noticias.sunrisecargo.com\/?p=12216#breadcrumb\"},\"inLanguage\":\"es-CO\",\"potentialAction\":[{\"@type\":\"ReadAction\",\"target\":[\"https:\/\/noticias.sunrisecargo.com\/?p=12216\"]}]},{\"@type\":\"BreadcrumbList\",\"@id\":\"https:\/\/noticias.sunrisecargo.com\/?p=12216#breadcrumb\",\"itemListElement\":[{\"@type\":\"ListItem\",\"position\":1,\"item\":{\"@type\":\"WebPage\",\"@id\":\"https:\/\/noticias.sunrisecargo.com\/\",\"url\":\"https:\/\/noticias.sunrisecargo.com\/\",\"name\":\"Home\"}},{\"@type\":\"ListItem\",\"position\":2,\"item\":{\"@type\":\"WebPage\",\"@id\":\"https:\/\/noticias.sunrisecargo.com\/?p=12216\",\"url\":\"https:\/\/noticias.sunrisecargo.com\/?p=12216\",\"name\":\"Tarifas de carga a\\u00e9rea en descenso, pero \\u201clevantan vuelo\\u201d fletes de transporte mar\\u00edtimo\"}}]},{\"@type\":\"Article\",\"@id\":\"https:\/\/noticias.sunrisecargo.com\/?p=12216#article\",\"isPartOf\":{\"@id\":\"https:\/\/noticias.sunrisecargo.com\/?p=12216#webpage\"},\"author\":{\"@id\":\"https:\/\/noticias.sunrisecargo.com\/#\/schema\/person\/6dc68534970689383af81dce59c92bbc\"},\"headline\":\"Tarifas de carga a\\u00e9rea en descenso, pero \\u201clevantan vuelo\\u201d fletes de transporte mar\\u00edtimo\",\"datePublished\":\"2025-07-07T06:33:00+00:00\",\"dateModified\":\"2025-07-04T23:43:32+00:00\",\"mainEntityOfPage\":{\"@id\":\"https:\/\/noticias.sunrisecargo.com\/?p=12216#webpage\"},\"publisher\":{\"@id\":\"https:\/\/noticias.sunrisecargo.com\/#organization\"},\"image\":{\"@id\":\"https:\/\/noticias.sunrisecargo.com\/?p=12216#primaryimage\"},\"articleSection\":\"Pricing\",\"inLanguage\":\"es-CO\"},{\"@type\":\"Person\",\"@id\":\"https:\/\/noticias.sunrisecargo.com\/#\/schema\/person\/6dc68534970689383af81dce59c92bbc\",\"name\":\"Sunrise Cargo\",\"image\":{\"@type\":\"ImageObject\",\"@id\":\"https:\/\/noticias.sunrisecargo.com\/#personlogo\",\"inLanguage\":\"es-CO\",\"url\":\"https:\/\/secure.gravatar.com\/avatar\/064fc68894aee252e3d51c81d7d0798bc56bf526018995fa222e730d9052fdd8?s=96&d=mm&r=g\",\"contentUrl\":\"https:\/\/secure.gravatar.com\/avatar\/064fc68894aee252e3d51c81d7d0798bc56bf526018995fa222e730d9052fdd8?s=96&d=mm&r=g\",\"caption\":\"Sunrise Cargo\"},\"sameAs\":[\"http:\/\/noticias.sunrisecargo.com\"]}]}<\/script>\n<!-- \/ Yoast SEO plugin. -->","_links":{"self":[{"href":"https:\/\/noticias.sunrisecargo.com\/index.php?rest_route=\/wp\/v2\/posts\/12216","targetHints":{"allow":["GET"]}}],"collection":[{"href":"https:\/\/noticias.sunrisecargo.com\/index.php?rest_route=\/wp\/v2\/posts"}],"about":[{"href":"https:\/\/noticias.sunrisecargo.com\/index.php?rest_route=\/wp\/v2\/types\/post"}],"author":[{"embeddable":true,"href":"https:\/\/noticias.sunrisecargo.com\/index.php?rest_route=\/wp\/v2\/users\/4"}],"replies":[{"embeddable":true,"href":"https:\/\/noticias.sunrisecargo.com\/index.php?rest_route=%2Fwp%2Fv2%2Fcomments&post=12216"}],"version-history":[{"count":1,"href":"https:\/\/noticias.sunrisecargo.com\/index.php?rest_route=\/wp\/v2\/posts\/12216\/revisions"}],"predecessor-version":[{"id":12220,"href":"https:\/\/noticias.sunrisecargo.com\/index.php?rest_route=\/wp\/v2\/posts\/12216\/revisions\/12220"}],"wp:featuredmedia":[{"embeddable":true,"href":"https:\/\/noticias.sunrisecargo.com\/index.php?rest_route=\/wp\/v2\/media\/12219"}],"wp:attachment":[{"href":"https:\/\/noticias.sunrisecargo.com\/index.php?rest_route=%2Fwp%2Fv2%2Fmedia&parent=12216"}],"wp:term":[{"taxonomy":"category","embeddable":true,"href":"https:\/\/noticias.sunrisecargo.com\/index.php?rest_route=%2Fwp%2Fv2%2Fcategories&post=12216"},{"taxonomy":"post_tag","embeddable":true,"href":"https:\/\/noticias.sunrisecargo.com\/index.php?rest_route=%2Fwp%2Fv2%2Ftags&post=12216"}],"curies":[{"name":"wp","href":"https:\/\/api.w.org\/{rel}","templated":true}]}}