{"id":12209,"date":"2025-07-07T01:42:00","date_gmt":"2025-07-07T06:42:00","guid":{"rendered":"https:\/\/noticias.sunrisecargo.com\/?p=12209"},"modified":"2025-07-04T11:01:32","modified_gmt":"2025-07-04T16:01:32","slug":"la-demanda-global-de-carga-aerea-crecio-un-22-pese-a-la-presion-de-nuevas-politicas-comerciales","status":"publish","type":"post","link":"https:\/\/noticias.sunrisecargo.com\/?p=12209","title":{"rendered":"La demanda global de carga a\u00e9rea creci\u00f3 un 2,2 % pese a la presi\u00f3n de nuevas pol\u00edticas comerciales"},"content":{"rendered":"\n<figure class=\"wp-block-image size-full\"><img loading=\"lazy\" decoding=\"async\" width=\"992\" height=\"558\" src=\"https:\/\/noticias.sunrisecargo.com\/wp-content\/uploads\/2025\/07\/image-4.png\" alt=\"\" class=\"wp-image-12211\" srcset=\"https:\/\/noticias.sunrisecargo.com\/wp-content\/uploads\/2025\/07\/image-4.png 992w, https:\/\/noticias.sunrisecargo.com\/wp-content\/uploads\/2025\/07\/image-4-300x169.png 300w, https:\/\/noticias.sunrisecargo.com\/wp-content\/uploads\/2025\/07\/image-4-768x432.png 768w\" sizes=\"auto, (max-width: 992px) 100vw, 992px\" \/><\/figure>\n\n\n\n<h2 class=\"wp-block-heading\">Las rutas comerciales de Asia impulsaron el crecimiento del sector log\u00edstico a\u00e9reo, compensando ca\u00eddas en otros mercados y mostrando adaptaci\u00f3n frente a cambios regulatorios<\/h2>\n\n\n\n<p>El\u00a0<a href=\"https:\/\/www.infobae.com\/movant\/2025\/06\/30\/el-aumento-de-impuestos-al-gasoil-encarece-el-transporte-de-cargas-desde-julio\/\" target=\"_blank\" rel=\"noreferrer noopener\">transporte<\/a>\u00a0a\u00e9reo de carga cerr\u00f3 mayo de 2025 con un\u00a0<strong>crecimiento interanual<\/strong>\u00a0del2,2 %, seg\u00fan los \u00faltimos datos publicados por la\u00a0<strong>Asociaci\u00f3n de Transporte A\u00e9reo Internacional<\/strong>\u00a0(IATA). La capacidad tambi\u00e9n creci\u00f3 un 2 %, consolidando una recuperaci\u00f3n progresiva del sector, aunque con se\u00f1ales de desaceleraci\u00f3n frente a meses anteriores. Esta din\u00e1mica se produce en un contexto de\u00a0<strong>tensiones comerciales<\/strong>\u00a0que afectan especialmente a las\u00a0<a href=\"https:\/\/www.infobae.com\/movant\/2025\/06\/29\/centroamerica-impulsa-su-transformacion-en-hub-logistico-con-apoyo-europeo\/\" target=\"_blank\" rel=\"noreferrer noopener\">rutas<\/a>\u00a0entre Asia y Am\u00e9rica del Norte.<\/p>\n\n\n\n<p>A pesar de que el tr\u00e1fico en ese corredor cay\u00f3 un 10,7 %, los mercados de Asia-Pac\u00edfico, Medio Oriente y Europa mantuvieron el\u00a0<strong>dinamismo<\/strong>\u00a0del sector. Las aerol\u00edneas asi\u00e1ticas lideraron el crecimiento con una suba del 8,3 % en la<strong>\u00a0demanda de carga<\/strong>, impulsadas por el traslado anticipado de productos tecnol\u00f3gicos ante la entrada en vigor de nuevos aranceles.<\/p>\n\n\n\n<p>Por otra parte, el tr\u00e1fico en Norteam\u00e9rica se contrajo un 5,8 %, reflejando el impacto directo de la eliminaci\u00f3n de&nbsp;<strong>exenciones<\/strong>&nbsp;para env\u00edos peque\u00f1os y los&nbsp;<strong>cambios regulatorios<\/strong>&nbsp;en materia de comercio electr\u00f3nico.<\/p>\n\n\n\n<h2 class=\"wp-block-heading\">El impacto log\u00edstico de los cambios normativos<\/h2>\n\n\n\n<p>La transformaci\u00f3n en las\u00a0<strong>reglas comerciales<\/strong>\u00a0impuso nuevos desaf\u00edos para la\u00a0<strong>planificaci\u00f3n\u00a0<\/strong>log\u00edstica internacional. La eliminaci\u00f3n de beneficios fiscales en Estados Unidos reconfigur\u00f3 flujos tradicionales, obligando a desviar, acelerar o retrasar env\u00edos. En ese escenario, la carga a\u00e9rea volvi\u00f3 a demostrar su\u00a0<strong>capacidad de respuesta r\u00e1pida<\/strong>\u00a0ante disrupciones, ajustando rutas y estrategias de entrega.<\/p>\n\n\n\n<p>El\u00a0<strong>volumen global de carga a\u00e9rea<\/strong>\u00a0(medido en toneladas-kil\u00f3metro de carga) creci\u00f3 por encima del comercio mundial de bienes (3,8 %) y de la producci\u00f3n industrial (2,6 %) durante abril, lo que evidencia una\u00a0<strong>recuperaci\u00f3n de la demanda<\/strong>\u00a0vinculada a cadenas de suministro sensibles al tiempo. Sin embargo, el \u00edndice PMI manufacturero \u2014que mide el nivel de actividad del sector y cuya barrera de expansi\u00f3n se ubica en 50\u2014 cay\u00f3 a 49,1, lo que podr\u00eda anticipar menores vol\u00famenes en los pr\u00f3ximos meses.<\/p>\n\n\n\n<h2 class=\"wp-block-heading\">Tendencias regionales<\/h2>\n\n\n\n<p>Las<strong>&nbsp;rutas<\/strong>&nbsp;Asia\u2013Europa (+13,4 %), Medio Oriente\u2013Asia (+10,8 %) y dentro de Asia (+9,1 %) fueron las que m\u00e1s crecieron, impulsadas por una&nbsp;<strong>mayor demanda intrarregional<\/strong>&nbsp;y por la capacidad de adaptaci\u00f3n frente a los&nbsp;<strong>nuevos escenarios normativos<\/strong>. En Europa, el aumento fue del 1,6 %, mientras que Medio Oriente registr\u00f3 una mejora del 3,6 %.<\/p>\n\n\n\n<p>Am\u00e9rica Latina tuvo un desempe\u00f1o moderado, con un incremento del 3,1 %, mientras que \u00c1frica registr\u00f3 una contracci\u00f3n del 2,1 %. Europa se mantuvo como la regi\u00f3n con mayor factor de carga (51,8 %), lo que refleja una buena utilizaci\u00f3n de la capacidad disponible. Por el contrario, Am\u00e9rica del Norte y Am\u00e9rica Latina mostraron los niveles m\u00e1s bajos, con 38,2 % y 36,1 %, respectivamente, lo que plantea interrogantes sobre la\u00a0<strong>eficiencia<\/strong>\u00a0de las operaciones en esos mercados.<\/p>\n\n\n\n<figure class=\"wp-block-image size-full\"><img loading=\"lazy\" decoding=\"async\" width=\"992\" height=\"661\" src=\"https:\/\/noticias.sunrisecargo.com\/wp-content\/uploads\/2025\/07\/image-3.png\" alt=\"\" class=\"wp-image-12210\" srcset=\"https:\/\/noticias.sunrisecargo.com\/wp-content\/uploads\/2025\/07\/image-3.png 992w, https:\/\/noticias.sunrisecargo.com\/wp-content\/uploads\/2025\/07\/image-3-300x200.png 300w, https:\/\/noticias.sunrisecargo.com\/wp-content\/uploads\/2025\/07\/image-3-768x512.png 768w\" sizes=\"auto, (max-width: 992px) 100vw, 992px\" \/><\/figure>\n\n\n\n<h2 class=\"wp-block-heading\">Ajustes en capacidad y rentabilidad<\/h2>\n\n\n\n<p>Los&nbsp;<strong>costos operativos<\/strong>&nbsp;se vieron favorecidos por una reducci\u00f3n del 18,8 % en el&nbsp;<strong>precio del combustible<\/strong>&nbsp;para aviones respecto a mayo de 2024. Sin embargo, esta variable no se tradujo en mejores m\u00e1rgenes, ya que los rendimientos del transporte cayeron por primera vez en el a\u00f1o (-2,9 % interanual).<\/p>\n\n\n\n<p>En t\u00e9rminos de&nbsp;<strong>capacidad<\/strong>, el aumento se concentr\u00f3 en la bodega de aviones de pasajeros, mientras que la oferta de aviones exclusivamente cargueros disminuy\u00f3 ligeramente. Esta tendencia refleja la recuperaci\u00f3n de la demanda tur\u00edstica y podr\u00eda generar tensiones adicionales en mercados donde la log\u00edstica a\u00e9rea depende fuertemente de&nbsp;<strong>aviones de carga&nbsp;<\/strong>dedicados.<\/p>\n\n\n\n<h2 class=\"wp-block-heading\">Flexibilidad y digitalizaci\u00f3n como claves log\u00edsticas<\/h2>\n\n\n\n<p>El comportamiento del sector durante mayo confirma que la log\u00edstica a\u00e9rea se adapta con agilidad a los&nbsp;<strong>cambios globales<\/strong>, pero tambi\u00e9n revela&nbsp;<strong>vulnerabilidades<\/strong>&nbsp;frente a decisiones comerciales unilaterales. La digitalizaci\u00f3n, la diversificaci\u00f3n de rutas y el uso estrat\u00e9gico de los hubs regionales se vuelven fundamentales para asegurar entregas eficientes.<\/p>\n\n\n\n<p>En un entorno de incertidumbre regulatoria y volatilidad econ\u00f3mica, la<strong>\u00a0log\u00edstica a\u00e9rea\u00a0<\/strong>se consolida como una herramienta significativa para sostener el comercio internacional. A medida que se intensifican las\u00a0<strong>exigencias\u00a0<\/strong>de trazabilidad y previsibilidad, las empresas log\u00edsticas deber\u00e1n apostar por tecnolog\u00edas que aumenten la eficiencia y mitiguen los riesgos de disrupci\u00f3n en la cadena de suministro global.<\/p>\n\n\n\n<p><\/p>\n\n\n\n<p>Fuente: <a href=\"https:\/\/www.infobae.com\/movant\/2025\/07\/01\/la-demanda-global-de-carga-aerea-crecio-un-22-pese-a-la-presion-de-nuevas-politicas-comerciales\/\">https:\/\/www.infobae.com\/movant\/2025\/07\/01\/la-demanda-global-de-carga-aerea-crecio-un-22-pese-a-la-presion-de-nuevas-politicas-comerciales\/<\/a><\/p>\n\n\n\n<p><a href=\"https:\/\/www.infobae.com\/movant\/2025\/07\/02\/simplifican-el-proceso-de-homologacion-de-vehiculos-de-carga-con-foco-en-la-modernizacion-del-sector\/\" target=\"_blank\" rel=\"noreferrer noopener\"><\/a><\/p>\n","protected":false},"excerpt":{"rendered":"<p>Las rutas comerciales de Asia impulsaron el crecimiento del sector log\u00edstico a\u00e9reo, compensando ca\u00eddas en otros mercados y mostrando adaptaci\u00f3n frente a cambios regulatorios El\u00a0transporte\u00a0a\u00e9reo de carga cerr\u00f3 mayo de&hellip; <\/p>\n","protected":false},"author":4,"featured_media":12212,"comment_status":"closed","ping_status":"open","sticky":false,"template":"","format":"standard","meta":{"_monsterinsights_skip_tracking":false,"_monsterinsights_sitenote_active":false,"_monsterinsights_sitenote_note":"","_monsterinsights_sitenote_category":0,"footnotes":""},"categories":[17],"tags":[],"class_list":["post-12209","post","type-post","status-publish","format-standard","has-post-thumbnail","hentry","category-comercial"],"yoast_head":"<!-- This site is optimized with the Yoast SEO plugin v16.1.1 - https:\/\/yoast.com\/wordpress\/plugins\/seo\/ -->\n<title>La demanda global de carga a\u00e9rea creci\u00f3 un 2,2 % pese a la presi\u00f3n de nuevas pol\u00edticas comerciales - Noticias Sunrise Cargo<\/title>\n<link rel=\"canonical\" href=\"https:\/\/noticias.sunrisecargo.com\/?p=12209\" \/>\n<meta property=\"og:locale\" content=\"es_ES\" \/>\n<meta property=\"og:type\" content=\"article\" \/>\n<meta property=\"og:title\" content=\"La demanda global de carga a\u00e9rea creci\u00f3 un 2,2 % pese a la presi\u00f3n de nuevas pol\u00edticas comerciales - Noticias Sunrise Cargo\" \/>\n<meta property=\"og:description\" content=\"Las rutas comerciales de Asia impulsaron el crecimiento del sector log\u00edstico a\u00e9reo, compensando ca\u00eddas en otros mercados y mostrando adaptaci\u00f3n frente a cambios regulatorios El\u00a0transporte\u00a0a\u00e9reo de carga cerr\u00f3 mayo de&hellip;\" \/>\n<meta property=\"og:url\" content=\"https:\/\/noticias.sunrisecargo.com\/?p=12209\" \/>\n<meta property=\"og:site_name\" content=\"Noticias Sunrise Cargo\" \/>\n<meta property=\"article:published_time\" content=\"2025-07-07T06:42:00+00:00\" \/>\n<meta property=\"article:modified_time\" content=\"2025-07-04T16:01:32+00:00\" \/>\n<meta property=\"og:image\" content=\"https:\/\/noticias.sunrisecargo.com\/wp-content\/uploads\/2025\/07\/04.png\" \/>\n\t<meta property=\"og:image:width\" content=\"800\" \/>\n\t<meta property=\"og:image:height\" content=\"480\" \/>\n<meta name=\"twitter:card\" content=\"summary_large_image\" \/>\n<meta name=\"twitter:label1\" content=\"Est. reading time\">\n\t<meta name=\"twitter:data1\" content=\"4 minutos\">\n<script type=\"application\/ld+json\" class=\"yoast-schema-graph\">{\"@context\":\"https:\/\/schema.org\",\"@graph\":[{\"@type\":\"Organization\",\"@id\":\"https:\/\/noticias.sunrisecargo.com\/#organization\",\"name\":\"Sunrise Cargo SAS\",\"url\":\"https:\/\/noticias.sunrisecargo.com\/\",\"sameAs\":[],\"logo\":{\"@type\":\"ImageObject\",\"@id\":\"https:\/\/noticias.sunrisecargo.com\/#logo\",\"inLanguage\":\"es-CO\",\"url\":\"https:\/\/noticias.sunrisecargo.com\/wp-content\/uploads\/2021\/04\/ICONO-NOTI-SUNRISE.png\",\"contentUrl\":\"https:\/\/noticias.sunrisecargo.com\/wp-content\/uploads\/2021\/04\/ICONO-NOTI-SUNRISE.png\",\"width\":37,\"height\":37,\"caption\":\"Sunrise Cargo SAS\"},\"image\":{\"@id\":\"https:\/\/noticias.sunrisecargo.com\/#logo\"}},{\"@type\":\"WebSite\",\"@id\":\"https:\/\/noticias.sunrisecargo.com\/#website\",\"url\":\"https:\/\/noticias.sunrisecargo.com\/\",\"name\":\"Noticias Sunrise Cargo\",\"description\":\"Noticias de Inter\\u00e9s\",\"publisher\":{\"@id\":\"https:\/\/noticias.sunrisecargo.com\/#organization\"},\"potentialAction\":[{\"@type\":\"SearchAction\",\"target\":\"https:\/\/noticias.sunrisecargo.com\/?s={search_term_string}\",\"query-input\":\"required name=search_term_string\"}],\"inLanguage\":\"es-CO\"},{\"@type\":\"ImageObject\",\"@id\":\"https:\/\/noticias.sunrisecargo.com\/?p=12209#primaryimage\",\"inLanguage\":\"es-CO\",\"url\":\"https:\/\/noticias.sunrisecargo.com\/wp-content\/uploads\/2025\/07\/04.png\",\"contentUrl\":\"https:\/\/noticias.sunrisecargo.com\/wp-content\/uploads\/2025\/07\/04.png\",\"width\":800,\"height\":480},{\"@type\":\"WebPage\",\"@id\":\"https:\/\/noticias.sunrisecargo.com\/?p=12209#webpage\",\"url\":\"https:\/\/noticias.sunrisecargo.com\/?p=12209\",\"name\":\"La demanda global de carga a\\u00e9rea creci\\u00f3 un 2,2 % pese a la presi\\u00f3n de nuevas pol\\u00edticas comerciales - Noticias Sunrise Cargo\",\"isPartOf\":{\"@id\":\"https:\/\/noticias.sunrisecargo.com\/#website\"},\"primaryImageOfPage\":{\"@id\":\"https:\/\/noticias.sunrisecargo.com\/?p=12209#primaryimage\"},\"datePublished\":\"2025-07-07T06:42:00+00:00\",\"dateModified\":\"2025-07-04T16:01:32+00:00\",\"breadcrumb\":{\"@id\":\"https:\/\/noticias.sunrisecargo.com\/?p=12209#breadcrumb\"},\"inLanguage\":\"es-CO\",\"potentialAction\":[{\"@type\":\"ReadAction\",\"target\":[\"https:\/\/noticias.sunrisecargo.com\/?p=12209\"]}]},{\"@type\":\"BreadcrumbList\",\"@id\":\"https:\/\/noticias.sunrisecargo.com\/?p=12209#breadcrumb\",\"itemListElement\":[{\"@type\":\"ListItem\",\"position\":1,\"item\":{\"@type\":\"WebPage\",\"@id\":\"https:\/\/noticias.sunrisecargo.com\/\",\"url\":\"https:\/\/noticias.sunrisecargo.com\/\",\"name\":\"Home\"}},{\"@type\":\"ListItem\",\"position\":2,\"item\":{\"@type\":\"WebPage\",\"@id\":\"https:\/\/noticias.sunrisecargo.com\/?p=12209\",\"url\":\"https:\/\/noticias.sunrisecargo.com\/?p=12209\",\"name\":\"La demanda global de carga a\\u00e9rea creci\\u00f3 un 2,2 % pese a la presi\\u00f3n de nuevas pol\\u00edticas comerciales\"}}]},{\"@type\":\"Article\",\"@id\":\"https:\/\/noticias.sunrisecargo.com\/?p=12209#article\",\"isPartOf\":{\"@id\":\"https:\/\/noticias.sunrisecargo.com\/?p=12209#webpage\"},\"author\":{\"@id\":\"https:\/\/noticias.sunrisecargo.com\/#\/schema\/person\/6dc68534970689383af81dce59c92bbc\"},\"headline\":\"La demanda global de carga a\\u00e9rea creci\\u00f3 un 2,2 % pese a la presi\\u00f3n de nuevas pol\\u00edticas comerciales\",\"datePublished\":\"2025-07-07T06:42:00+00:00\",\"dateModified\":\"2025-07-04T16:01:32+00:00\",\"mainEntityOfPage\":{\"@id\":\"https:\/\/noticias.sunrisecargo.com\/?p=12209#webpage\"},\"publisher\":{\"@id\":\"https:\/\/noticias.sunrisecargo.com\/#organization\"},\"image\":{\"@id\":\"https:\/\/noticias.sunrisecargo.com\/?p=12209#primaryimage\"},\"articleSection\":\"Comercial\",\"inLanguage\":\"es-CO\"},{\"@type\":\"Person\",\"@id\":\"https:\/\/noticias.sunrisecargo.com\/#\/schema\/person\/6dc68534970689383af81dce59c92bbc\",\"name\":\"Sunrise Cargo\",\"image\":{\"@type\":\"ImageObject\",\"@id\":\"https:\/\/noticias.sunrisecargo.com\/#personlogo\",\"inLanguage\":\"es-CO\",\"url\":\"https:\/\/secure.gravatar.com\/avatar\/064fc68894aee252e3d51c81d7d0798bc56bf526018995fa222e730d9052fdd8?s=96&d=mm&r=g\",\"contentUrl\":\"https:\/\/secure.gravatar.com\/avatar\/064fc68894aee252e3d51c81d7d0798bc56bf526018995fa222e730d9052fdd8?s=96&d=mm&r=g\",\"caption\":\"Sunrise Cargo\"},\"sameAs\":[\"http:\/\/noticias.sunrisecargo.com\"]}]}<\/script>\n<!-- \/ Yoast SEO plugin. -->","_links":{"self":[{"href":"https:\/\/noticias.sunrisecargo.com\/index.php?rest_route=\/wp\/v2\/posts\/12209","targetHints":{"allow":["GET"]}}],"collection":[{"href":"https:\/\/noticias.sunrisecargo.com\/index.php?rest_route=\/wp\/v2\/posts"}],"about":[{"href":"https:\/\/noticias.sunrisecargo.com\/index.php?rest_route=\/wp\/v2\/types\/post"}],"author":[{"embeddable":true,"href":"https:\/\/noticias.sunrisecargo.com\/index.php?rest_route=\/wp\/v2\/users\/4"}],"replies":[{"embeddable":true,"href":"https:\/\/noticias.sunrisecargo.com\/index.php?rest_route=%2Fwp%2Fv2%2Fcomments&post=12209"}],"version-history":[{"count":1,"href":"https:\/\/noticias.sunrisecargo.com\/index.php?rest_route=\/wp\/v2\/posts\/12209\/revisions"}],"predecessor-version":[{"id":12213,"href":"https:\/\/noticias.sunrisecargo.com\/index.php?rest_route=\/wp\/v2\/posts\/12209\/revisions\/12213"}],"wp:featuredmedia":[{"embeddable":true,"href":"https:\/\/noticias.sunrisecargo.com\/index.php?rest_route=\/wp\/v2\/media\/12212"}],"wp:attachment":[{"href":"https:\/\/noticias.sunrisecargo.com\/index.php?rest_route=%2Fwp%2Fv2%2Fmedia&parent=12209"}],"wp:term":[{"taxonomy":"category","embeddable":true,"href":"https:\/\/noticias.sunrisecargo.com\/index.php?rest_route=%2Fwp%2Fv2%2Fcategories&post=12209"},{"taxonomy":"post_tag","embeddable":true,"href":"https:\/\/noticias.sunrisecargo.com\/index.php?rest_route=%2Fwp%2Fv2%2Ftags&post=12209"}],"curies":[{"name":"wp","href":"https:\/\/api.w.org\/{rel}","templated":true}]}}