{"id":12204,"date":"2025-07-07T01:31:00","date_gmt":"2025-07-07T06:31:00","guid":{"rendered":"https:\/\/noticias.sunrisecargo.com\/?p=12204"},"modified":"2025-07-04T10:40:24","modified_gmt":"2025-07-04T15:40:24","slug":"industria-maritima-ahora-fija-la-mirada-en-el-fin-de-la-tregua-arancelaria-el-proximo-9-de-julio","status":"publish","type":"post","link":"https:\/\/noticias.sunrisecargo.com\/?p=12204","title":{"rendered":"Industria mar\u00edtima ahora fija la mirada en el fin de la &#8220;tregua arancelaria&#8221; el pr\u00f3ximo 9 de julio"},"content":{"rendered":"\n<figure class=\"wp-block-image size-full\"><img loading=\"lazy\" decoding=\"async\" width=\"800\" height=\"480\" src=\"https:\/\/noticias.sunrisecargo.com\/wp-content\/uploads\/2025\/07\/03.png\" alt=\"\" class=\"wp-image-12205\" srcset=\"https:\/\/noticias.sunrisecargo.com\/wp-content\/uploads\/2025\/07\/03.png 800w, https:\/\/noticias.sunrisecargo.com\/wp-content\/uploads\/2025\/07\/03-300x180.png 300w, https:\/\/noticias.sunrisecargo.com\/wp-content\/uploads\/2025\/07\/03-768x461.png 768w\" sizes=\"auto, (max-width: 800px) 100vw, 800px\" \/><\/figure>\n\n\n\n<p><strong>Si bien el plazo podr\u00eda extenderse, la reposici\u00f3n de los aranceles incidir\u00eda en una baja del comercio contenerizado<\/strong>.<\/p>\n\n\n\n<p>El pr\u00f3ximo mi\u00e9rcoles 9 de julio vence el plazo de la \u201ctregua\u201d de 90 d\u00edas en la aplicaci\u00f3n de los aranceles rec\u00edprocos por parte de EE. UU. a la mayor\u00eda de los pa\u00edses del mundo. China no est\u00e1 incorporada, ya que excepcionalmente su plazo se extiende hasta el pr\u00f3ximo 12 de agosto. &nbsp;Para el analista de la industria mar\u00edtima,&nbsp;<em>Lars Jensen<\/em>, \u201cla cruda realidad actual es que los aranceles rec\u00edprocos volver\u00e1n a tener pleno efecto\u201d.<\/p>\n\n\n\n<p>Sin embargo, no todo esta resulto y la inc\u00f3gnita para el analista es si se pospondr\u00e1 la fecha l\u00edmite para alg\u00fan o todos los pa\u00edses o si los nuevos aranceles a aplicar ser\u00e1n m\u00e1s altos o bajos que los dados a conocer el 2 de abril, en \u201cEl d\u00eda de la Liberaci\u00f3n\u201d.<\/p>\n\n\n\n<p>&nbsp;Sobre cu\u00e1l ser\u00e1 el pr\u00f3ximo panorama arancelario no hay muchas certezas, ya que la administraci\u00f3n norteamericana ha declarado en m\u00faltiples ocasiones en las \u00faltimas semanas que cualquier cambio podr\u00eda ser posible.<\/p>\n\n\n\n<p><strong>\u00bfC\u00f3mo han avanzado las negociaciones?<\/strong><\/p>\n\n\n\n<ol class=\"wp-block-list\">\n<li>UU. ha llevado negociaciones arancelarias en paralelo con m\u00faltiples pa\u00edses, teniendo avances dispares con cada uno de ellos. Con&nbsp;<strong>Jap\u00f3n<\/strong>, aunque ha avanzado, no han cerrado ning\u00fan acuerdo definitivo. El arancel del 25% a los autom\u00f3viles se mantiene, y EE.\u202fUU. amenaz\u00f3 con imponer otro 24% adicional si no alcanzaba prontamente un acuerdo. La&nbsp;<strong>Uni\u00f3n Europea<\/strong>&nbsp;negocia un arancel general del 10% sobre la mayor\u00eda de sus productos y la posible exenci\u00f3n o cuotas para sectores como automotriz, acero, semiconductores y farmac\u00e9utica. El bloque igualmente ha advertido sobre posibles represalias si no se concretan acuerdos espec\u00edficos.&nbsp;<strong>Canad\u00e1<\/strong>&nbsp;espera cerrar un acuerdo antes del 21 de julio, con negociaciones enfocadas en el acero, aluminio, autos y servicios digitales.<\/li>\n<\/ol>\n\n\n\n<p>Si bien&nbsp;<strong>M\u00e9xico&nbsp;<\/strong>ha logrado avances, no ha logrado a\u00fan un trato global. Aunque cuenta con la protecci\u00f3n para buena parte de su producci\u00f3n bajo el acuerdo de Libre Comercio T-MEC que debe ser revisado a partir de julio de 2026, aunque los procesos de consulta iniciar\u00e1n en septiembre. El panorama que se espera para el resto de&nbsp;<strong>Am\u00e9rica Latina&nbsp;<\/strong>es la aplicaci\u00f3n de un arancel de un 10% con la excepci\u00f3n de&nbsp;<strong>Nicaragua<\/strong>&nbsp;y&nbsp;<strong>Venezuela&nbsp;<\/strong>con un 18% y 15% respectivamente.&nbsp;<strong>Argentina&nbsp;<\/strong>y&nbsp;<strong>Brasil&nbsp;<\/strong>han negociado activamente y otros como&nbsp;<strong>Colombia&nbsp;<\/strong>o&nbsp;<strong>Chile<\/strong>&#8211; que logr\u00f3 la exenci\u00f3n arancelaria para el cobre y la madera- negocian bajo el amparo de sus tratados libre comercio.<\/p>\n\n\n\n<p>La situaci\u00f3n se aprecia m\u00e1s compleja para el&nbsp;<strong>Sudeste Asi\u00e1tico<\/strong>&nbsp;con<strong>&nbsp;<\/strong>varios pa\u00edses con aranceles por encima del 40%. El caso de&nbsp;<strong>Vietnam<\/strong>&nbsp;tiene matices especiales, dado que sus productos enfrentan un arancel del 20% al ingresar a EE. UU., pero Donald Trump habl\u00f3 de un arancel del 40% en \u201ccualquier transbordo\u201d, lo que seg\u00fan&nbsp;<em>Jensen<\/em>&nbsp;puede apuntar a imponer un arancel m\u00e1s alto a los bienes producidos fuera de Vietnam, pero que son vendidos a EE. UU., se\u00f1alando precisamente a ese pa\u00eds como punto de origen. Esto apuntar\u00eda m\u00e1s bien a perseguir bienes fabricados en China y \u201crelocalizados\u201d en Vietnam.<\/p>\n\n\n\n<p>Como sea, de acuerdo con al analista, los pa\u00edses del Sudeste Asi\u00e1tico podr\u00edan observar una marcada disminuci\u00f3n en las reservas de pedidos en los pr\u00f3ximos d\u00edas y semanas si nada cambia. \u201cEs probable que los importadores estadounidenses adopten un enfoque de \u2018esperar y ver\u2019 si los aranceles vuelven a entrar en vigor como lo hicieron la primera vez\u201d, indica.<\/p>\n\n\n\n<p><strong>Impacto en la industria mar\u00edtima<\/strong><\/p>\n\n\n\n<p>En un primer momento la pausa arancelaria, sumada al impacto de las cancelaciones de itinerarios (<em>blank sailings<\/em>) de abril y la acumulaci\u00f3n de bienes fabricados en China, contribuy\u00f3 a una r\u00e1pida recuperaci\u00f3n de la demanda de transporte mar\u00edtimo de contenedores, llevando a l\u00edneas navieras como Maersk Y Hapag- Lloyd a reponer los itinerarios cancelados, dando la pauta a l\u00edneas navieras de nicho a sumar sus buques en los servicios de la ruta Transpac\u00edficos. &nbsp;La imposibilidad de reponer portacontenedores con prontitud en la ruta tambi\u00e9n fue un factor que llev\u00f3 a alzas de tarifas spot en la ruta Shangh\u00e1i-Los \u00c1ngeles que alcanzaron a inicios de junio los US$6.000\/FEU frente a los US$2.700 del mea anterior.<\/p>\n\n\n\n<p>Sin embargo, el panorama actual ya es otro, el ritmo de la demanda ha vuelto a descender y al parecer el adelanto de la temporada alta fue completado. Como resultado, las tarifas spot en la ruta Shangh\u00e1i- Los \u00c1ngeles, de acuerdo con las \u00faltimas cifras entregadas por el&nbsp;<em>World Container Index<\/em>&nbsp;(WCI) de&nbsp;<em>Drewry<\/em>, presentaron un descenso semanal del 15% hasta los US$3.180\/FEU la semana pasada, mientras que, de manera similar, en la ruta Shangh\u00e1i- New York, cayeron un 11% semanal a US$5.070\/FEU.<\/p>\n\n\n\n<p>De hacerse efectiva la reposici\u00f3n de los aranceles (del 11% al 50%) a partir del 9 de julio es muy probable incentive a muchos importadores a congelar compras (si es que todav\u00eda existe inter\u00e9s por hacer pedidos, luego del adelanto de la temporada alta), con el fin de evitar tarifas m\u00e1s altas. Esto a su vez impulsar\u00e1 a las l\u00edneas navieras a disminuir sus servicios, incrementando nuevamente el n\u00famero de &#8220;<em>blank sailings<\/em>&#8220;.<\/p>\n\n\n\n<p><\/p>\n\n\n\n<p>Fuente:<a href=\" https:\/\/www.mundomaritimo.cl\/noticias\/industria-maritima-ahora-fija-la-mirada-en-el-fin-de-la-tregua-arancelaria-el-proximo-9-de-julio\"> https:\/\/www.mundomaritimo.cl\/noticias\/industria-maritima-ahora-fija-la-mirada-en-el-fin-de-la-tregua-arancelaria-el-proximo-9-de-julio<\/a><\/p>\n","protected":false},"excerpt":{"rendered":"<p>Si bien el plazo podr\u00eda extenderse, la reposici\u00f3n de los aranceles incidir\u00eda en una baja del comercio contenerizado. El pr\u00f3ximo mi\u00e9rcoles 9 de julio vence el plazo de la \u201ctregua\u201d&hellip; <\/p>\n","protected":false},"author":4,"featured_media":12206,"comment_status":"closed","ping_status":"open","sticky":false,"template":"","format":"standard","meta":{"_monsterinsights_skip_tracking":false,"_monsterinsights_sitenote_active":false,"_monsterinsights_sitenote_note":"","_monsterinsights_sitenote_category":0,"footnotes":""},"categories":[17],"tags":[],"class_list":["post-12204","post","type-post","status-publish","format-standard","has-post-thumbnail","hentry","category-comercial"],"yoast_head":"<!-- This site is optimized with the Yoast SEO plugin v16.1.1 - https:\/\/yoast.com\/wordpress\/plugins\/seo\/ -->\n<title>Industria mar\u00edtima ahora fija la mirada en el fin de la &quot;tregua arancelaria&quot; el pr\u00f3ximo 9 de julio - Noticias Sunrise Cargo<\/title>\n<link rel=\"canonical\" href=\"https:\/\/noticias.sunrisecargo.com\/?p=12204\" \/>\n<meta property=\"og:locale\" content=\"es_ES\" \/>\n<meta property=\"og:type\" content=\"article\" \/>\n<meta property=\"og:title\" content=\"Industria mar\u00edtima ahora fija la mirada en el fin de la &quot;tregua arancelaria&quot; el pr\u00f3ximo 9 de julio - Noticias Sunrise Cargo\" \/>\n<meta property=\"og:description\" content=\"Si bien el plazo podr\u00eda extenderse, la reposici\u00f3n de los aranceles incidir\u00eda en una baja del comercio contenerizado. El pr\u00f3ximo mi\u00e9rcoles 9 de julio vence el plazo de la \u201ctregua\u201d&hellip;\" \/>\n<meta property=\"og:url\" content=\"https:\/\/noticias.sunrisecargo.com\/?p=12204\" \/>\n<meta property=\"og:site_name\" content=\"Noticias Sunrise Cargo\" \/>\n<meta property=\"article:published_time\" content=\"2025-07-07T06:31:00+00:00\" \/>\n<meta property=\"article:modified_time\" content=\"2025-07-04T15:40:24+00:00\" \/>\n<meta property=\"og:image\" content=\"https:\/\/noticias.sunrisecargo.com\/wp-content\/uploads\/2025\/07\/03-1.png\" \/>\n\t<meta property=\"og:image:width\" content=\"800\" \/>\n\t<meta property=\"og:image:height\" content=\"480\" \/>\n<meta name=\"twitter:card\" content=\"summary_large_image\" \/>\n<meta name=\"twitter:label1\" content=\"Est. reading time\">\n\t<meta name=\"twitter:data1\" content=\"4 minutos\">\n<script type=\"application\/ld+json\" class=\"yoast-schema-graph\">{\"@context\":\"https:\/\/schema.org\",\"@graph\":[{\"@type\":\"Organization\",\"@id\":\"https:\/\/noticias.sunrisecargo.com\/#organization\",\"name\":\"Sunrise Cargo SAS\",\"url\":\"https:\/\/noticias.sunrisecargo.com\/\",\"sameAs\":[],\"logo\":{\"@type\":\"ImageObject\",\"@id\":\"https:\/\/noticias.sunrisecargo.com\/#logo\",\"inLanguage\":\"es-CO\",\"url\":\"https:\/\/noticias.sunrisecargo.com\/wp-content\/uploads\/2021\/04\/ICONO-NOTI-SUNRISE.png\",\"contentUrl\":\"https:\/\/noticias.sunrisecargo.com\/wp-content\/uploads\/2021\/04\/ICONO-NOTI-SUNRISE.png\",\"width\":37,\"height\":37,\"caption\":\"Sunrise Cargo SAS\"},\"image\":{\"@id\":\"https:\/\/noticias.sunrisecargo.com\/#logo\"}},{\"@type\":\"WebSite\",\"@id\":\"https:\/\/noticias.sunrisecargo.com\/#website\",\"url\":\"https:\/\/noticias.sunrisecargo.com\/\",\"name\":\"Noticias Sunrise Cargo\",\"description\":\"Noticias de Inter\\u00e9s\",\"publisher\":{\"@id\":\"https:\/\/noticias.sunrisecargo.com\/#organization\"},\"potentialAction\":[{\"@type\":\"SearchAction\",\"target\":\"https:\/\/noticias.sunrisecargo.com\/?s={search_term_string}\",\"query-input\":\"required name=search_term_string\"}],\"inLanguage\":\"es-CO\"},{\"@type\":\"ImageObject\",\"@id\":\"https:\/\/noticias.sunrisecargo.com\/?p=12204#primaryimage\",\"inLanguage\":\"es-CO\",\"url\":\"https:\/\/noticias.sunrisecargo.com\/wp-content\/uploads\/2025\/07\/03-1.png\",\"contentUrl\":\"https:\/\/noticias.sunrisecargo.com\/wp-content\/uploads\/2025\/07\/03-1.png\",\"width\":800,\"height\":480},{\"@type\":\"WebPage\",\"@id\":\"https:\/\/noticias.sunrisecargo.com\/?p=12204#webpage\",\"url\":\"https:\/\/noticias.sunrisecargo.com\/?p=12204\",\"name\":\"Industria mar\\u00edtima ahora fija la mirada en el fin de la \\\"tregua arancelaria\\\" el pr\\u00f3ximo 9 de julio - Noticias Sunrise Cargo\",\"isPartOf\":{\"@id\":\"https:\/\/noticias.sunrisecargo.com\/#website\"},\"primaryImageOfPage\":{\"@id\":\"https:\/\/noticias.sunrisecargo.com\/?p=12204#primaryimage\"},\"datePublished\":\"2025-07-07T06:31:00+00:00\",\"dateModified\":\"2025-07-04T15:40:24+00:00\",\"breadcrumb\":{\"@id\":\"https:\/\/noticias.sunrisecargo.com\/?p=12204#breadcrumb\"},\"inLanguage\":\"es-CO\",\"potentialAction\":[{\"@type\":\"ReadAction\",\"target\":[\"https:\/\/noticias.sunrisecargo.com\/?p=12204\"]}]},{\"@type\":\"BreadcrumbList\",\"@id\":\"https:\/\/noticias.sunrisecargo.com\/?p=12204#breadcrumb\",\"itemListElement\":[{\"@type\":\"ListItem\",\"position\":1,\"item\":{\"@type\":\"WebPage\",\"@id\":\"https:\/\/noticias.sunrisecargo.com\/\",\"url\":\"https:\/\/noticias.sunrisecargo.com\/\",\"name\":\"Home\"}},{\"@type\":\"ListItem\",\"position\":2,\"item\":{\"@type\":\"WebPage\",\"@id\":\"https:\/\/noticias.sunrisecargo.com\/?p=12204\",\"url\":\"https:\/\/noticias.sunrisecargo.com\/?p=12204\",\"name\":\"Industria mar\\u00edtima ahora fija la mirada en el fin de la &#8220;tregua arancelaria&#8221; el pr\\u00f3ximo 9 de julio\"}}]},{\"@type\":\"Article\",\"@id\":\"https:\/\/noticias.sunrisecargo.com\/?p=12204#article\",\"isPartOf\":{\"@id\":\"https:\/\/noticias.sunrisecargo.com\/?p=12204#webpage\"},\"author\":{\"@id\":\"https:\/\/noticias.sunrisecargo.com\/#\/schema\/person\/6dc68534970689383af81dce59c92bbc\"},\"headline\":\"Industria mar\\u00edtima ahora fija la mirada en el fin de la &#8220;tregua arancelaria&#8221; el pr\\u00f3ximo 9 de julio\",\"datePublished\":\"2025-07-07T06:31:00+00:00\",\"dateModified\":\"2025-07-04T15:40:24+00:00\",\"mainEntityOfPage\":{\"@id\":\"https:\/\/noticias.sunrisecargo.com\/?p=12204#webpage\"},\"publisher\":{\"@id\":\"https:\/\/noticias.sunrisecargo.com\/#organization\"},\"image\":{\"@id\":\"https:\/\/noticias.sunrisecargo.com\/?p=12204#primaryimage\"},\"articleSection\":\"Comercial\",\"inLanguage\":\"es-CO\"},{\"@type\":\"Person\",\"@id\":\"https:\/\/noticias.sunrisecargo.com\/#\/schema\/person\/6dc68534970689383af81dce59c92bbc\",\"name\":\"Sunrise Cargo\",\"image\":{\"@type\":\"ImageObject\",\"@id\":\"https:\/\/noticias.sunrisecargo.com\/#personlogo\",\"inLanguage\":\"es-CO\",\"url\":\"https:\/\/secure.gravatar.com\/avatar\/064fc68894aee252e3d51c81d7d0798bc56bf526018995fa222e730d9052fdd8?s=96&d=mm&r=g\",\"contentUrl\":\"https:\/\/secure.gravatar.com\/avatar\/064fc68894aee252e3d51c81d7d0798bc56bf526018995fa222e730d9052fdd8?s=96&d=mm&r=g\",\"caption\":\"Sunrise Cargo\"},\"sameAs\":[\"http:\/\/noticias.sunrisecargo.com\"]}]}<\/script>\n<!-- \/ Yoast SEO plugin. -->","_links":{"self":[{"href":"https:\/\/noticias.sunrisecargo.com\/index.php?rest_route=\/wp\/v2\/posts\/12204","targetHints":{"allow":["GET"]}}],"collection":[{"href":"https:\/\/noticias.sunrisecargo.com\/index.php?rest_route=\/wp\/v2\/posts"}],"about":[{"href":"https:\/\/noticias.sunrisecargo.com\/index.php?rest_route=\/wp\/v2\/types\/post"}],"author":[{"embeddable":true,"href":"https:\/\/noticias.sunrisecargo.com\/index.php?rest_route=\/wp\/v2\/users\/4"}],"replies":[{"embeddable":true,"href":"https:\/\/noticias.sunrisecargo.com\/index.php?rest_route=%2Fwp%2Fv2%2Fcomments&post=12204"}],"version-history":[{"count":1,"href":"https:\/\/noticias.sunrisecargo.com\/index.php?rest_route=\/wp\/v2\/posts\/12204\/revisions"}],"predecessor-version":[{"id":12207,"href":"https:\/\/noticias.sunrisecargo.com\/index.php?rest_route=\/wp\/v2\/posts\/12204\/revisions\/12207"}],"wp:featuredmedia":[{"embeddable":true,"href":"https:\/\/noticias.sunrisecargo.com\/index.php?rest_route=\/wp\/v2\/media\/12206"}],"wp:attachment":[{"href":"https:\/\/noticias.sunrisecargo.com\/index.php?rest_route=%2Fwp%2Fv2%2Fmedia&parent=12204"}],"wp:term":[{"taxonomy":"category","embeddable":true,"href":"https:\/\/noticias.sunrisecargo.com\/index.php?rest_route=%2Fwp%2Fv2%2Fcategories&post=12204"},{"taxonomy":"post_tag","embeddable":true,"href":"https:\/\/noticias.sunrisecargo.com\/index.php?rest_route=%2Fwp%2Fv2%2Ftags&post=12204"}],"curies":[{"name":"wp","href":"https:\/\/api.w.org\/{rel}","templated":true}]}}