{"id":12176,"date":"2025-07-01T01:04:00","date_gmt":"2025-07-01T06:04:00","guid":{"rendered":"https:\/\/noticias.sunrisecargo.com\/?p=12176"},"modified":"2025-06-28T09:17:23","modified_gmt":"2025-06-28T14:17:23","slug":"puertos-bajo-la-lupa-esta-china-tejiendo-una-red-estrategica-en-america-latina","status":"publish","type":"post","link":"https:\/\/noticias.sunrisecargo.com\/?p=12176","title":{"rendered":"Se anuncia en Colombia el IATA Cargo Day para impulsar el debate regional sobre la carga a\u00e9rea"},"content":{"rendered":"\n<figure class=\"wp-block-image size-large\"><img loading=\"lazy\" decoding=\"async\" width=\"1024\" height=\"576\" src=\"https:\/\/noticias.sunrisecargo.com\/wp-content\/uploads\/2025\/06\/image-34-1024x576.png\" alt=\"\" class=\"wp-image-12185\" srcset=\"https:\/\/noticias.sunrisecargo.com\/wp-content\/uploads\/2025\/06\/image-34-1024x576.png 1024w, https:\/\/noticias.sunrisecargo.com\/wp-content\/uploads\/2025\/06\/image-34-300x169.png 300w, https:\/\/noticias.sunrisecargo.com\/wp-content\/uploads\/2025\/06\/image-34-768x432.png 768w, https:\/\/noticias.sunrisecargo.com\/wp-content\/uploads\/2025\/06\/image-34.png 1280w\" sizes=\"auto, (max-width: 1024px) 100vw, 1024px\" \/><\/figure>\n\n\n\n<p>La\u00a0<strong>Asociaci\u00f3n de Transporte A\u00e9reo Internacional (<\/strong><a href=\"https:\/\/www.iata.org\/\" target=\"_blank\" rel=\"noreferrer noopener\"><strong>IATA<\/strong><\/a><strong>)<\/strong>\u00a0present\u00f3 en\u00a0<strong>IATA Wings of Change\u00a0<\/strong>un panel centrado en los retos y posibilidades de la industria de<strong>\u00a0carga a\u00e9rea<\/strong>\u00a0en Am\u00e9rica Latina. Participaron representantes de empresas clave como\u00a0<strong>Talma Servicios Aeroportuarios, Avianca Cargo, Expeditors y BoxC.<\/strong><\/p>\n\n\n\n<p>Durante la sesi\u00f3n, se destac\u00f3 el papel de las\u00a0<strong>alianzas estrat\u00e9gicas<\/strong>\u00a0para afrontar las tensiones geopol\u00edticas, los\u00a0<strong>avances tecnol\u00f3gicos<\/strong>\u00a0y los cambios normativos que afectan al sector. Las empresas participantes compartieron sus estrategias para adaptarse a un entorno cambiante:<strong>\u00a0<\/strong><a href=\"https:\/\/www.aviancacargo.com\/index.aspx\" target=\"_blank\" rel=\"noreferrer noopener\"><strong>Avianca Cargo<\/strong><\/a>, por ejemplo, ampli\u00f3 su flota y estableci\u00f3\u00a0<a href=\"https:\/\/www.aviacionline.com\/nace-avianca-cargo-mexico-nueva-marca-para-aerounion\" target=\"_blank\" rel=\"noreferrer noopener\">acuerdos con otras compa\u00f1\u00edas como\u00a0<strong>Aero Uni\u00f3n<\/strong><\/a><strong>\u00a0y Amazon Air Cargo<\/strong>. Talma subray\u00f3 la necesidad de mantener una comunicaci\u00f3n constante con actores del ecosistema log\u00edstico para fortalecer la\u00a0<strong>resiliencia operativa<\/strong>. Por su parte, Expeditors resalt\u00f3 el valor de las relaciones a largo plazo con un enfoque flexible.<\/p>\n\n\n\n<p>Uno de los temas abordados fue el rol de los reguladores y la importancia de una colaboraci\u00f3n efectiva para facilitar el comercio. En este sentido, se comparti\u00f3 la experiencia de cooperaci\u00f3n entre<strong>\u00a0Talma\u00a0<\/strong>y autoridades aduaneras en Per\u00fa, como ejemplo de c\u00f3mo generar confianza institucional.<\/p>\n\n\n\n<p>La tecnolog\u00eda tambi\u00e9n ocup\u00f3 un espacio relevante en la discusi\u00f3n. Se destac\u00f3 su funci\u00f3n como soporte de la cadena de valor y su potencial para responder a los desaf\u00edos del mercado, siempre que existan sinergias entre empresas y proveedores.<\/p>\n\n\n\n<p>En cuanto a infraestructura, Talma mencion\u00f3 inversiones orientadas a cubrir las demandas del\u00a0<strong>comercio electr\u00f3nico<\/strong>, destacando la necesidad de una planificaci\u00f3n conjunta para minimizar riesgos.<\/p>\n\n\n\n<p>La sesi\u00f3n concluy\u00f3 con el anuncio de\u00a0<strong>IATA Cargo Day que se celebrar\u00e1 el 28 de octubre en la ciudad de Bogot\u00e1<\/strong>, donde se profundizar\u00e1n estas y muchas m\u00e1s tem\u00e1ticas sobre la carga a\u00e9rea.<\/p>\n\n\n\n<p><\/p>\n\n\n\n<p>Fuente: <a href=\"https:\/\/www.aviacionline.com\/se-anuncia-en-colombia-el-iata-cargo-day-para-impulsar-el-debate-regional-sobre-la-carga-aerea\">https:\/\/www.aviacionline.com\/se-anuncia-en-colombia-el-iata-cargo-day-para-impulsar-el-debate-regional-sobre-la-carga-aerea<\/a><\/p>\n","protected":false},"excerpt":{"rendered":"<p>La\u00a0Asociaci\u00f3n de Transporte A\u00e9reo Internacional (IATA)\u00a0present\u00f3 en\u00a0IATA Wings of Change\u00a0un panel centrado en los retos y posibilidades de la industria de\u00a0carga a\u00e9rea\u00a0en Am\u00e9rica Latina. Participaron representantes de empresas clave como\u00a0Talma&hellip; <\/p>\n","protected":false},"author":4,"featured_media":12180,"comment_status":"closed","ping_status":"open","sticky":false,"template":"","format":"standard","meta":{"_monsterinsights_skip_tracking":false,"_monsterinsights_sitenote_active":false,"_monsterinsights_sitenote_note":"","_monsterinsights_sitenote_category":0,"footnotes":""},"categories":[18],"tags":[],"class_list":["post-12176","post","type-post","status-publish","format-standard","has-post-thumbnail","hentry","category-pricing"],"yoast_head":"<!-- This site is optimized with the Yoast SEO plugin v16.1.1 - https:\/\/yoast.com\/wordpress\/plugins\/seo\/ -->\n<title>Se anuncia en Colombia el IATA Cargo Day para impulsar el debate regional sobre la carga a\u00e9rea - Noticias Sunrise Cargo<\/title>\n<link rel=\"canonical\" href=\"https:\/\/noticias.sunrisecargo.com\/?p=12176\" \/>\n<meta property=\"og:locale\" content=\"es_ES\" \/>\n<meta property=\"og:type\" content=\"article\" \/>\n<meta property=\"og:title\" content=\"Se anuncia en Colombia el IATA Cargo Day para impulsar el debate regional sobre la carga a\u00e9rea - Noticias Sunrise Cargo\" \/>\n<meta property=\"og:description\" content=\"La\u00a0Asociaci\u00f3n de Transporte A\u00e9reo Internacional (IATA)\u00a0present\u00f3 en\u00a0IATA Wings of Change\u00a0un panel centrado en los retos y posibilidades de la industria de\u00a0carga a\u00e9rea\u00a0en Am\u00e9rica Latina. Participaron representantes de empresas clave como\u00a0Talma&hellip;\" \/>\n<meta property=\"og:url\" content=\"https:\/\/noticias.sunrisecargo.com\/?p=12176\" \/>\n<meta property=\"og:site_name\" content=\"Noticias Sunrise Cargo\" \/>\n<meta property=\"article:published_time\" content=\"2025-07-01T06:04:00+00:00\" \/>\n<meta property=\"article:modified_time\" content=\"2025-06-28T14:17:23+00:00\" \/>\n<meta property=\"og:image\" content=\"https:\/\/noticias.sunrisecargo.com\/wp-content\/uploads\/2025\/06\/06-9.png\" \/>\n\t<meta property=\"og:image:width\" content=\"800\" \/>\n\t<meta property=\"og:image:height\" content=\"480\" \/>\n<meta name=\"twitter:card\" content=\"summary_large_image\" \/>\n<meta name=\"twitter:label1\" content=\"Est. reading time\">\n\t<meta name=\"twitter:data1\" content=\"2 minutos\">\n<script type=\"application\/ld+json\" class=\"yoast-schema-graph\">{\"@context\":\"https:\/\/schema.org\",\"@graph\":[{\"@type\":\"Organization\",\"@id\":\"https:\/\/noticias.sunrisecargo.com\/#organization\",\"name\":\"Sunrise Cargo SAS\",\"url\":\"https:\/\/noticias.sunrisecargo.com\/\",\"sameAs\":[],\"logo\":{\"@type\":\"ImageObject\",\"@id\":\"https:\/\/noticias.sunrisecargo.com\/#logo\",\"inLanguage\":\"es-CO\",\"url\":\"https:\/\/noticias.sunrisecargo.com\/wp-content\/uploads\/2021\/04\/ICONO-NOTI-SUNRISE.png\",\"contentUrl\":\"https:\/\/noticias.sunrisecargo.com\/wp-content\/uploads\/2021\/04\/ICONO-NOTI-SUNRISE.png\",\"width\":37,\"height\":37,\"caption\":\"Sunrise Cargo SAS\"},\"image\":{\"@id\":\"https:\/\/noticias.sunrisecargo.com\/#logo\"}},{\"@type\":\"WebSite\",\"@id\":\"https:\/\/noticias.sunrisecargo.com\/#website\",\"url\":\"https:\/\/noticias.sunrisecargo.com\/\",\"name\":\"Noticias Sunrise Cargo\",\"description\":\"Noticias de Inter\\u00e9s\",\"publisher\":{\"@id\":\"https:\/\/noticias.sunrisecargo.com\/#organization\"},\"potentialAction\":[{\"@type\":\"SearchAction\",\"target\":\"https:\/\/noticias.sunrisecargo.com\/?s={search_term_string}\",\"query-input\":\"required name=search_term_string\"}],\"inLanguage\":\"es-CO\"},{\"@type\":\"ImageObject\",\"@id\":\"https:\/\/noticias.sunrisecargo.com\/?p=12176#primaryimage\",\"inLanguage\":\"es-CO\",\"url\":\"https:\/\/noticias.sunrisecargo.com\/wp-content\/uploads\/2025\/06\/06-9.png\",\"contentUrl\":\"https:\/\/noticias.sunrisecargo.com\/wp-content\/uploads\/2025\/06\/06-9.png\",\"width\":800,\"height\":480},{\"@type\":\"WebPage\",\"@id\":\"https:\/\/noticias.sunrisecargo.com\/?p=12176#webpage\",\"url\":\"https:\/\/noticias.sunrisecargo.com\/?p=12176\",\"name\":\"Se anuncia en Colombia el IATA Cargo Day para impulsar el debate regional sobre la carga a\\u00e9rea - Noticias Sunrise Cargo\",\"isPartOf\":{\"@id\":\"https:\/\/noticias.sunrisecargo.com\/#website\"},\"primaryImageOfPage\":{\"@id\":\"https:\/\/noticias.sunrisecargo.com\/?p=12176#primaryimage\"},\"datePublished\":\"2025-07-01T06:04:00+00:00\",\"dateModified\":\"2025-06-28T14:17:23+00:00\",\"breadcrumb\":{\"@id\":\"https:\/\/noticias.sunrisecargo.com\/?p=12176#breadcrumb\"},\"inLanguage\":\"es-CO\",\"potentialAction\":[{\"@type\":\"ReadAction\",\"target\":[\"https:\/\/noticias.sunrisecargo.com\/?p=12176\"]}]},{\"@type\":\"BreadcrumbList\",\"@id\":\"https:\/\/noticias.sunrisecargo.com\/?p=12176#breadcrumb\",\"itemListElement\":[{\"@type\":\"ListItem\",\"position\":1,\"item\":{\"@type\":\"WebPage\",\"@id\":\"https:\/\/noticias.sunrisecargo.com\/\",\"url\":\"https:\/\/noticias.sunrisecargo.com\/\",\"name\":\"Home\"}},{\"@type\":\"ListItem\",\"position\":2,\"item\":{\"@type\":\"WebPage\",\"@id\":\"https:\/\/noticias.sunrisecargo.com\/?p=12176\",\"url\":\"https:\/\/noticias.sunrisecargo.com\/?p=12176\",\"name\":\"Se anuncia en Colombia el IATA Cargo Day para impulsar el debate regional sobre la carga a\\u00e9rea\"}}]},{\"@type\":\"Article\",\"@id\":\"https:\/\/noticias.sunrisecargo.com\/?p=12176#article\",\"isPartOf\":{\"@id\":\"https:\/\/noticias.sunrisecargo.com\/?p=12176#webpage\"},\"author\":{\"@id\":\"https:\/\/noticias.sunrisecargo.com\/#\/schema\/person\/6dc68534970689383af81dce59c92bbc\"},\"headline\":\"Se anuncia en Colombia el IATA Cargo Day para impulsar el debate regional sobre la carga a\\u00e9rea\",\"datePublished\":\"2025-07-01T06:04:00+00:00\",\"dateModified\":\"2025-06-28T14:17:23+00:00\",\"mainEntityOfPage\":{\"@id\":\"https:\/\/noticias.sunrisecargo.com\/?p=12176#webpage\"},\"publisher\":{\"@id\":\"https:\/\/noticias.sunrisecargo.com\/#organization\"},\"image\":{\"@id\":\"https:\/\/noticias.sunrisecargo.com\/?p=12176#primaryimage\"},\"articleSection\":\"Pricing\",\"inLanguage\":\"es-CO\"},{\"@type\":\"Person\",\"@id\":\"https:\/\/noticias.sunrisecargo.com\/#\/schema\/person\/6dc68534970689383af81dce59c92bbc\",\"name\":\"Sunrise Cargo\",\"image\":{\"@type\":\"ImageObject\",\"@id\":\"https:\/\/noticias.sunrisecargo.com\/#personlogo\",\"inLanguage\":\"es-CO\",\"url\":\"https:\/\/secure.gravatar.com\/avatar\/064fc68894aee252e3d51c81d7d0798bc56bf526018995fa222e730d9052fdd8?s=96&d=mm&r=g\",\"contentUrl\":\"https:\/\/secure.gravatar.com\/avatar\/064fc68894aee252e3d51c81d7d0798bc56bf526018995fa222e730d9052fdd8?s=96&d=mm&r=g\",\"caption\":\"Sunrise Cargo\"},\"sameAs\":[\"http:\/\/noticias.sunrisecargo.com\"]}]}<\/script>\n<!-- \/ Yoast SEO plugin. -->","_links":{"self":[{"href":"https:\/\/noticias.sunrisecargo.com\/index.php?rest_route=\/wp\/v2\/posts\/12176","targetHints":{"allow":["GET"]}}],"collection":[{"href":"https:\/\/noticias.sunrisecargo.com\/index.php?rest_route=\/wp\/v2\/posts"}],"about":[{"href":"https:\/\/noticias.sunrisecargo.com\/index.php?rest_route=\/wp\/v2\/types\/post"}],"author":[{"embeddable":true,"href":"https:\/\/noticias.sunrisecargo.com\/index.php?rest_route=\/wp\/v2\/users\/4"}],"replies":[{"embeddable":true,"href":"https:\/\/noticias.sunrisecargo.com\/index.php?rest_route=%2Fwp%2Fv2%2Fcomments&post=12176"}],"version-history":[{"count":2,"href":"https:\/\/noticias.sunrisecargo.com\/index.php?rest_route=\/wp\/v2\/posts\/12176\/revisions"}],"predecessor-version":[{"id":12187,"href":"https:\/\/noticias.sunrisecargo.com\/index.php?rest_route=\/wp\/v2\/posts\/12176\/revisions\/12187"}],"wp:featuredmedia":[{"embeddable":true,"href":"https:\/\/noticias.sunrisecargo.com\/index.php?rest_route=\/wp\/v2\/media\/12180"}],"wp:attachment":[{"href":"https:\/\/noticias.sunrisecargo.com\/index.php?rest_route=%2Fwp%2Fv2%2Fmedia&parent=12176"}],"wp:term":[{"taxonomy":"category","embeddable":true,"href":"https:\/\/noticias.sunrisecargo.com\/index.php?rest_route=%2Fwp%2Fv2%2Fcategories&post=12176"},{"taxonomy":"post_tag","embeddable":true,"href":"https:\/\/noticias.sunrisecargo.com\/index.php?rest_route=%2Fwp%2Fv2%2Ftags&post=12176"}],"curies":[{"name":"wp","href":"https:\/\/api.w.org\/{rel}","templated":true}]}}