{"id":10314,"date":"2024-08-20T00:11:00","date_gmt":"2024-08-20T05:11:00","guid":{"rendered":"https:\/\/noticias.sunrisecargo.com\/?p=10314"},"modified":"2024-08-17T12:14:16","modified_gmt":"2024-08-17T17:14:16","slug":"la-demanda-de-carga-aerea-crecio-un-141-en-junio","status":"publish","type":"post","link":"https:\/\/noticias.sunrisecargo.com\/?p=10314","title":{"rendered":"La demanda de carga a\u00e9rea creci\u00f3 un 14,1% en junio"},"content":{"rendered":"\n<figure class=\"wp-block-image size-full\"><img loading=\"lazy\" decoding=\"async\" width=\"992\" height=\"661\" src=\"https:\/\/noticias.sunrisecargo.com\/wp-content\/uploads\/2024\/08\/image-16.png\" alt=\"\" class=\"wp-image-10315\" srcset=\"https:\/\/noticias.sunrisecargo.com\/wp-content\/uploads\/2024\/08\/image-16.png 992w, https:\/\/noticias.sunrisecargo.com\/wp-content\/uploads\/2024\/08\/image-16-300x200.png 300w, https:\/\/noticias.sunrisecargo.com\/wp-content\/uploads\/2024\/08\/image-16-768x512.png 768w\" sizes=\"auto, (max-width: 992px) 100vw, 992px\" \/><\/figure>\n\n\n\n<h2 class=\"wp-block-heading\"><\/h2>\n\n\n\n<p>La Asociaci\u00f3n de Transporte A\u00e9reo Internacional (IATA) public\u00f3 los datos de junio de 2024 para los mercados mundiales de carga a\u00e9rea, revelando un crecimiento anual s\u00f3lido y continuo en la demanda<\/p>\n\n\n\n<p>Esto result\u00f3 en un&nbsp;<strong>desempe\u00f1o excepcional en el primer semestre del a\u00f1o<\/strong>, con vol\u00famenes que superaron los registrados en 2023, 2022 e incluso los niveles r\u00e9cord alcanzados en 2021.<\/p>\n\n\n\n<p>La demanda total, medida en toneladas-kil\u00f3metro de carga (CTK*), registr\u00f3 un aumento del 14,1% en comparaci\u00f3n con los niveles de junio de 2023 (15,6% para las operaciones internacionales). Este incremento marca el&nbsp;<strong>s\u00e9ptimo mes consecutivo de crecimiento interanual de dos d\u00edgitos<\/strong>.<\/p>\n\n\n\n<p>En adici\u00f3n, la capacidad, medida en toneladas-kil\u00f3metro de carga disponibles (ACTK), creci\u00f3 un 8,8% en comparaci\u00f3n con junio de 2023 (10,8% para las operaciones internacionales).<\/p>\n\n\n\n<p>En este sentido, la demanda total en el primer semestre se increment\u00f3 un 13,4% en comparaci\u00f3n con el mismo periodo de 2023, un 4,3% respecto al primer semestre de 2022 y un 0,02% frente al primer semestre de 2021.<\/p>\n\n\n\n<p>\u201cLa demanda de carga a\u00e9rea aument\u00f3 en junio. El\u00a0<strong>s\u00f3lido crecimiento en todas las regiones<\/strong>\u00a0y las principales rutas comerciales se combin\u00f3 para lograr un desempe\u00f1o r\u00e9cord en el primer semestre en t\u00e9rminos de CTK. Las\u00a0<strong>limitaciones del transporte mar\u00edtimo<\/strong>\u00a0y un sector de\u00a0<strong>comercio electr\u00f3nico en auge<\/strong>\u00a0se encuentran entre los principales impulsores del crecimiento. La carga a\u00e9rea parece estar en terreno s\u00f3lido para continuar con su s\u00f3lido desempe\u00f1o en la segunda mitad de 2024\u2033, dijo Willie Walsh, Director General de IATA.<\/p>\n\n\n\n<h2 class=\"wp-block-heading\">Factores que justifican el incremento<\/h2>\n\n\n\n<p>En junio, el \u00edndice de gerentes de compras (PMI) para la producci\u00f3n manufacturera global se\u00f1al\u00f3 una expansi\u00f3n con un valor de 52,3, mientras que el PMI de nuevos pedidos de exportaci\u00f3n mostr\u00f3 una ligera contracci\u00f3n, descendiendo por debajo del punto cr\u00edtico de 50, situ\u00e1ndose en 49,3.<\/p>\n\n\n\n<p>El&nbsp;<strong>comercio transfronterizo global<\/strong>&nbsp;creci\u00f3 un 0,1% de un mes a otro en mayo, mientras que la producci\u00f3n industrial se mantuvo estable en comparaci\u00f3n con el mes anterior.<\/p>\n\n\n\n<p>En junio,\u00a0<strong>la inflaci\u00f3n mostr\u00f3 un comportamiento desigual<\/strong>. En la UE y Jap\u00f3n, las tasas de inflaci\u00f3n se mantuvieron casi constantes en comparaci\u00f3n con el mes anterior, situ\u00e1ndose en el 2,6% y 2,8%, respectivamente, mientras que en Estados Unidos descendieron al 3,0%. En contraste, la inflaci\u00f3n en China se mantuvo cercana a cero (0,3%), reflejando una d\u00e9bil demanda interna en un contexto de alto desempleo, lento crecimiento de los ingresos y una crisis en el sector inmobiliario, una tendencia que ha persistido desde 2023.<\/p>\n\n\n\n<h2 class=\"wp-block-heading\">Desempe\u00f1o regional de junio<\/h2>\n\n\n\n<p>Las&nbsp;<strong>aerol\u00edneas de la regi\u00f3n Asia-Pac\u00edfico&nbsp;<\/strong>experimentaron un incremento anual del 17% en la demanda de carga a\u00e9rea en junio, destac\u00e1ndose como el&nbsp;<strong>mayor crecimiento entre todas las regiones<\/strong>. En la ruta comercial \u00c1frica-Asia, la demanda se elev\u00f3 un 37,5% respecto al a\u00f1o anterior, mientras que las rutas Europa-Asia, Asia Interna y Oriente Medio-Asia mostraron aumentos del 20,3%, 21,0% y 15,1% respectivamente. La capacidad creci\u00f3 un 10,7% en comparaci\u00f3n con el mismo periodo del a\u00f1o anterior.<\/p>\n\n\n\n<p>Las&nbsp;<strong>aerol\u00edneas de Norteam\u00e9rica<\/strong>&nbsp;mostraron el&nbsp;<strong>crecimiento m\u00e1s bajo en la demanda de carga a\u00e9rea<\/strong>&nbsp;en junio, con un incremento interanual del 9,5%, el m\u00e1s d\u00e9bil entre todas las regiones. La demanda en la ruta comercial Norteam\u00e9rica-Europa aument\u00f3 un 6,7%, mientras que la ruta Asia-Norteam\u00e9rica, considerada la m\u00e1s grande del mundo, experiment\u00f3 un crecimiento del 12,8% en comparaci\u00f3n con el a\u00f1o anterior, marcando el mayor aumento en cinco meses. La capacidad para el mes de junio creci\u00f3 un 6,0% respecto al mismo periodo del a\u00f1o anterior.<\/p>\n\n\n\n<p>En junio, las&nbsp;<strong>aerol\u00edneas europeas<\/strong>&nbsp;experimentaron un crecimiento interanual del 16,1% en la demanda de carga a\u00e9rea. La carga a\u00e9rea dentro de Europa aument\u00f3 un 16,7% en comparaci\u00f3n con junio de 2023, marcando el&nbsp;<strong>sexto mes consecutivo de crecimiento anual en dos d\u00edgitos<\/strong>. Las rutas entre Europa y Oriente Medio y entre Europa y Asia mostraron un incremento en la demanda del 30,2% y 20,3% respectivamente. La capacidad para junio creci\u00f3 un 9,1% en comparaci\u00f3n con el mismo mes del a\u00f1o anterior.<\/p>\n\n\n\n<p>Las&nbsp;<strong>aerol\u00edneas de Oriente Medio<\/strong>&nbsp;experimentaron un crecimiento interanual del 13,8% en la demanda de carga a\u00e9rea durante junio. El mercado entre Oriente Medio y Europa destac\u00f3 con un&nbsp;<strong>aumento anual del 30,2%<\/strong>, superando el crecimiento del 15,1% interanual registrado entre Oriente Medio y Asia. La capacidad en junio creci\u00f3 un 6,9% en comparaci\u00f3n con el mismo per\u00edodo del a\u00f1o anterior.<\/p>\n\n\n\n<p>En junio, las&nbsp;<strong>aerol\u00edneas de Am\u00e9rica Latina<\/strong>&nbsp;reportaron un incremento interanual del 13,1% en la demanda de carga a\u00e9rea. La capacidad creci\u00f3 un 15,5% en comparaci\u00f3n con el a\u00f1o anterior. Es importante mencionar que Am\u00e9rica Latina tuvo el&nbsp;<strong>segundo mayor incremento en la demanda internacional<\/strong>, alcanzando un 17,2% en junio, lo que representa un aumento de 6,3 puntos porcentuales respecto al mes anterior.<\/p>\n\n\n\n<p>En junio, las\u00a0<strong>aerol\u00edneas africanas\u00a0<\/strong>experimentaron un crecimiento interanual del 11,8% en la demanda de carga a\u00e9rea. La demanda en el mercado entre \u00c1frica y Asia creci\u00f3 un 37,5% en comparaci\u00f3n con junio de 2023, lo que representa el\u00a0<strong>mejor desempe\u00f1o entre todas las rutas comerciales<\/strong>. La capacidad aument\u00f3 un 23,8% en comparaci\u00f3n con el a\u00f1o anterior.<\/p>\n\n\n\n<p><\/p>\n\n\n\n<p>Fuente: <a href=\"https:\/\/www.infobae.com\/movant\/2024\/08\/03\/la-demanda-de-carga-aerea-crecio-un-141-en-junio\/\" target=\"_blank\" rel=\"noreferrer noopener\">https:\/\/www.infobae.com\/movant\/2024\/08\/03\/la-demanda-de-carga-aerea-crecio-un-141-en-junio\/<\/a><\/p>\n\n\n\n<p><a href=\"https:\/\/www.infobae.com\/movant\/2024\/08\/17\/mexico-capitales-chinos-complican-la-revision-de-un-importante-acuerdo-comercial-con-estados-unidos\/\" target=\"_blank\" rel=\"noreferrer noopener\"><\/a><\/p>\n","protected":false},"excerpt":{"rendered":"<p>La Asociaci\u00f3n de Transporte A\u00e9reo Internacional (IATA) public\u00f3 los datos de junio de 2024 para los mercados mundiales de carga a\u00e9rea, revelando un crecimiento anual s\u00f3lido y continuo en la&hellip; <\/p>\n","protected":false},"author":4,"featured_media":10316,"comment_status":"closed","ping_status":"open","sticky":false,"template":"","format":"standard","meta":{"_monsterinsights_skip_tracking":false,"_monsterinsights_sitenote_active":false,"_monsterinsights_sitenote_note":"","_monsterinsights_sitenote_category":0,"footnotes":""},"categories":[19],"tags":[],"class_list":["post-10314","post","type-post","status-publish","format-standard","has-post-thumbnail","hentry","category-operaciones"],"yoast_head":"<!-- This site is optimized with the Yoast SEO plugin v16.1.1 - https:\/\/yoast.com\/wordpress\/plugins\/seo\/ -->\n<title>La demanda de carga a\u00e9rea creci\u00f3 un 14,1% en junio - Noticias Sunrise Cargo<\/title>\n<link rel=\"canonical\" href=\"https:\/\/noticias.sunrisecargo.com\/?p=10314\" \/>\n<meta property=\"og:locale\" content=\"es_ES\" \/>\n<meta property=\"og:type\" content=\"article\" \/>\n<meta property=\"og:title\" content=\"La demanda de carga a\u00e9rea creci\u00f3 un 14,1% en junio - Noticias Sunrise Cargo\" \/>\n<meta property=\"og:description\" content=\"La Asociaci\u00f3n de Transporte A\u00e9reo Internacional (IATA) public\u00f3 los datos de junio de 2024 para los mercados mundiales de carga a\u00e9rea, revelando un crecimiento anual s\u00f3lido y continuo en la&hellip;\" \/>\n<meta property=\"og:url\" content=\"https:\/\/noticias.sunrisecargo.com\/?p=10314\" \/>\n<meta property=\"og:site_name\" content=\"Noticias Sunrise Cargo\" \/>\n<meta property=\"article:published_time\" content=\"2024-08-20T05:11:00+00:00\" \/>\n<meta property=\"article:modified_time\" content=\"2024-08-17T17:14:16+00:00\" \/>\n<meta property=\"og:image\" content=\"https:\/\/noticias.sunrisecargo.com\/wp-content\/uploads\/2024\/08\/02-3.png\" \/>\n\t<meta property=\"og:image:width\" content=\"800\" \/>\n\t<meta property=\"og:image:height\" content=\"480\" \/>\n<meta name=\"twitter:card\" content=\"summary_large_image\" \/>\n<meta name=\"twitter:label1\" content=\"Est. reading time\">\n\t<meta name=\"twitter:data1\" content=\"4 minutos\">\n<script type=\"application\/ld+json\" class=\"yoast-schema-graph\">{\"@context\":\"https:\/\/schema.org\",\"@graph\":[{\"@type\":\"Organization\",\"@id\":\"https:\/\/noticias.sunrisecargo.com\/#organization\",\"name\":\"Sunrise Cargo SAS\",\"url\":\"https:\/\/noticias.sunrisecargo.com\/\",\"sameAs\":[],\"logo\":{\"@type\":\"ImageObject\",\"@id\":\"https:\/\/noticias.sunrisecargo.com\/#logo\",\"inLanguage\":\"es-CO\",\"url\":\"https:\/\/noticias.sunrisecargo.com\/wp-content\/uploads\/2021\/04\/ICONO-NOTI-SUNRISE.png\",\"contentUrl\":\"https:\/\/noticias.sunrisecargo.com\/wp-content\/uploads\/2021\/04\/ICONO-NOTI-SUNRISE.png\",\"width\":37,\"height\":37,\"caption\":\"Sunrise Cargo SAS\"},\"image\":{\"@id\":\"https:\/\/noticias.sunrisecargo.com\/#logo\"}},{\"@type\":\"WebSite\",\"@id\":\"https:\/\/noticias.sunrisecargo.com\/#website\",\"url\":\"https:\/\/noticias.sunrisecargo.com\/\",\"name\":\"Noticias Sunrise Cargo\",\"description\":\"Noticias de Inter\\u00e9s\",\"publisher\":{\"@id\":\"https:\/\/noticias.sunrisecargo.com\/#organization\"},\"potentialAction\":[{\"@type\":\"SearchAction\",\"target\":\"https:\/\/noticias.sunrisecargo.com\/?s={search_term_string}\",\"query-input\":\"required name=search_term_string\"}],\"inLanguage\":\"es-CO\"},{\"@type\":\"ImageObject\",\"@id\":\"https:\/\/noticias.sunrisecargo.com\/?p=10314#primaryimage\",\"inLanguage\":\"es-CO\",\"url\":\"https:\/\/noticias.sunrisecargo.com\/wp-content\/uploads\/2024\/08\/02-3.png\",\"contentUrl\":\"https:\/\/noticias.sunrisecargo.com\/wp-content\/uploads\/2024\/08\/02-3.png\",\"width\":800,\"height\":480},{\"@type\":\"WebPage\",\"@id\":\"https:\/\/noticias.sunrisecargo.com\/?p=10314#webpage\",\"url\":\"https:\/\/noticias.sunrisecargo.com\/?p=10314\",\"name\":\"La demanda de carga a\\u00e9rea creci\\u00f3 un 14,1% en junio - Noticias Sunrise Cargo\",\"isPartOf\":{\"@id\":\"https:\/\/noticias.sunrisecargo.com\/#website\"},\"primaryImageOfPage\":{\"@id\":\"https:\/\/noticias.sunrisecargo.com\/?p=10314#primaryimage\"},\"datePublished\":\"2024-08-20T05:11:00+00:00\",\"dateModified\":\"2024-08-17T17:14:16+00:00\",\"breadcrumb\":{\"@id\":\"https:\/\/noticias.sunrisecargo.com\/?p=10314#breadcrumb\"},\"inLanguage\":\"es-CO\",\"potentialAction\":[{\"@type\":\"ReadAction\",\"target\":[\"https:\/\/noticias.sunrisecargo.com\/?p=10314\"]}]},{\"@type\":\"BreadcrumbList\",\"@id\":\"https:\/\/noticias.sunrisecargo.com\/?p=10314#breadcrumb\",\"itemListElement\":[{\"@type\":\"ListItem\",\"position\":1,\"item\":{\"@type\":\"WebPage\",\"@id\":\"https:\/\/noticias.sunrisecargo.com\/\",\"url\":\"https:\/\/noticias.sunrisecargo.com\/\",\"name\":\"Home\"}},{\"@type\":\"ListItem\",\"position\":2,\"item\":{\"@type\":\"WebPage\",\"@id\":\"https:\/\/noticias.sunrisecargo.com\/?p=10314\",\"url\":\"https:\/\/noticias.sunrisecargo.com\/?p=10314\",\"name\":\"La demanda de carga a\\u00e9rea creci\\u00f3 un 14,1% en junio\"}}]},{\"@type\":\"Article\",\"@id\":\"https:\/\/noticias.sunrisecargo.com\/?p=10314#article\",\"isPartOf\":{\"@id\":\"https:\/\/noticias.sunrisecargo.com\/?p=10314#webpage\"},\"author\":{\"@id\":\"https:\/\/noticias.sunrisecargo.com\/#\/schema\/person\/6dc68534970689383af81dce59c92bbc\"},\"headline\":\"La demanda de carga a\\u00e9rea creci\\u00f3 un 14,1% en junio\",\"datePublished\":\"2024-08-20T05:11:00+00:00\",\"dateModified\":\"2024-08-17T17:14:16+00:00\",\"mainEntityOfPage\":{\"@id\":\"https:\/\/noticias.sunrisecargo.com\/?p=10314#webpage\"},\"publisher\":{\"@id\":\"https:\/\/noticias.sunrisecargo.com\/#organization\"},\"image\":{\"@id\":\"https:\/\/noticias.sunrisecargo.com\/?p=10314#primaryimage\"},\"articleSection\":\"Operaciones\",\"inLanguage\":\"es-CO\"},{\"@type\":\"Person\",\"@id\":\"https:\/\/noticias.sunrisecargo.com\/#\/schema\/person\/6dc68534970689383af81dce59c92bbc\",\"name\":\"Sunrise Cargo\",\"image\":{\"@type\":\"ImageObject\",\"@id\":\"https:\/\/noticias.sunrisecargo.com\/#personlogo\",\"inLanguage\":\"es-CO\",\"url\":\"https:\/\/secure.gravatar.com\/avatar\/064fc68894aee252e3d51c81d7d0798bc56bf526018995fa222e730d9052fdd8?s=96&d=mm&r=g\",\"contentUrl\":\"https:\/\/secure.gravatar.com\/avatar\/064fc68894aee252e3d51c81d7d0798bc56bf526018995fa222e730d9052fdd8?s=96&d=mm&r=g\",\"caption\":\"Sunrise Cargo\"},\"sameAs\":[\"http:\/\/noticias.sunrisecargo.com\"]}]}<\/script>\n<!-- \/ Yoast SEO plugin. -->","_links":{"self":[{"href":"https:\/\/noticias.sunrisecargo.com\/index.php?rest_route=\/wp\/v2\/posts\/10314","targetHints":{"allow":["GET"]}}],"collection":[{"href":"https:\/\/noticias.sunrisecargo.com\/index.php?rest_route=\/wp\/v2\/posts"}],"about":[{"href":"https:\/\/noticias.sunrisecargo.com\/index.php?rest_route=\/wp\/v2\/types\/post"}],"author":[{"embeddable":true,"href":"https:\/\/noticias.sunrisecargo.com\/index.php?rest_route=\/wp\/v2\/users\/4"}],"replies":[{"embeddable":true,"href":"https:\/\/noticias.sunrisecargo.com\/index.php?rest_route=%2Fwp%2Fv2%2Fcomments&post=10314"}],"version-history":[{"count":1,"href":"https:\/\/noticias.sunrisecargo.com\/index.php?rest_route=\/wp\/v2\/posts\/10314\/revisions"}],"predecessor-version":[{"id":10317,"href":"https:\/\/noticias.sunrisecargo.com\/index.php?rest_route=\/wp\/v2\/posts\/10314\/revisions\/10317"}],"wp:featuredmedia":[{"embeddable":true,"href":"https:\/\/noticias.sunrisecargo.com\/index.php?rest_route=\/wp\/v2\/media\/10316"}],"wp:attachment":[{"href":"https:\/\/noticias.sunrisecargo.com\/index.php?rest_route=%2Fwp%2Fv2%2Fmedia&parent=10314"}],"wp:term":[{"taxonomy":"category","embeddable":true,"href":"https:\/\/noticias.sunrisecargo.com\/index.php?rest_route=%2Fwp%2Fv2%2Fcategories&post=10314"},{"taxonomy":"post_tag","embeddable":true,"href":"https:\/\/noticias.sunrisecargo.com\/index.php?rest_route=%2Fwp%2Fv2%2Ftags&post=10314"}],"curies":[{"name":"wp","href":"https:\/\/api.w.org\/{rel}","templated":true}]}}