{"id":10051,"date":"2024-07-02T01:00:00","date_gmt":"2024-07-02T06:00:00","guid":{"rendered":"https:\/\/noticias.sunrisecargo.com\/?p=10051"},"modified":"2024-07-01T23:06:55","modified_gmt":"2024-07-02T04:06:55","slug":"volumenes-globales-de-transporte-maritimo-de-contenedores-crecen-79-puntos-en-2024-sobre-2023","status":"publish","type":"post","link":"https:\/\/noticias.sunrisecargo.com\/?p=10051","title":{"rendered":"Vol\u00famenes globales de transporte mar\u00edtimo de contenedores crecen 7,9 puntos en 2024 sobre 2023"},"content":{"rendered":"\n<figure class=\"wp-block-image size-large\"><img loading=\"lazy\" decoding=\"async\" width=\"1024\" height=\"732\" src=\"https:\/\/noticias.sunrisecargo.com\/wp-content\/uploads\/2024\/07\/image-5-1024x732.png\" alt=\"\" class=\"wp-image-10068\" srcset=\"https:\/\/noticias.sunrisecargo.com\/wp-content\/uploads\/2024\/07\/image-5-1024x732.png 1024w, https:\/\/noticias.sunrisecargo.com\/wp-content\/uploads\/2024\/07\/image-5-300x214.png 300w, https:\/\/noticias.sunrisecargo.com\/wp-content\/uploads\/2024\/07\/image-5-768x549.png 768w, https:\/\/noticias.sunrisecargo.com\/wp-content\/uploads\/2024\/07\/image-5-1536x1098.png 1536w, https:\/\/noticias.sunrisecargo.com\/wp-content\/uploads\/2024\/07\/image-5.png 1920w\" sizes=\"auto, (max-width: 1024px) 100vw, 1024px\" \/><\/figure>\n\n\n\n<p><strong>En tanto, se aguarda un violento cambio a un exceso de capacidad una vez que se rehabilite el tr\u00e1nsito por Suez<\/strong>.<\/p>\n\n\n\n<p>Los vol\u00famenes generales han tenido una tendencia al alza desde 1T 2023. En la comparaci\u00f3n interanual 2024-2023, los vol\u00famenes globales han aumentado 7,9 puntos, pasando de 102,4 a 110,3, seg\u00fan datos del&nbsp;<em>Ti\u2019s Global Volumes Index<\/em>, expuestos en el reporte&nbsp;<em>Ocean Freight Rate Tracker&nbsp;<\/em>de<em>&nbsp;Ti<\/em>.<\/p>\n\n\n\n<p>De acuerdo con este informe, en la comparativa trimestral, el \u00edndice de vol\u00famenes globales ha experimentado una disminuci\u00f3n del 1,5%, impulsada principalmente por una disminuci\u00f3n del 2,9% en los vol\u00famenes asi\u00e1ticos. Los puertos norteamericanos tambi\u00e9n han experimentado un ligero descenso del 0,1%, mientras que, por el contrario, los puertos europeos han contribuido positivamente, con un aumento interanual del 3,5% en el primer trimestre de 2024, lo que de acuerdo con&nbsp;<em>Ti<\/em>&nbsp;se\u00f1ala el primer crecimiento intertrimestral observado en los \u00faltimos seis trimestres.<\/p>\n\n\n\n<p>El informe de&nbsp;<em>Ti&nbsp;<\/em>explica que en el 1T 2024 muchas econom\u00edas salieron de los efectos de las pol\u00edticas monetarias y fiscales extraordinarias del periodo 2020-2022. La inflaci\u00f3n en muchas econom\u00edas occidentales ha disminuido y, como resultado, existe la posibilidad de un fortalecimiento monetario. Se destaca el caso de la econom\u00eda estadounidense que todav\u00eda parece estar creciendo de manera sostenible.&nbsp;<\/p>\n\n\n\n<p>Por otra parte, pese a que los niveles de desempleo en Estados Unidos han aumentado, se mantienen por debajo del 4% y el gasto de los consumidores sigue creciendo, aunque no al 9% de los \u00faltimos 12 meses.&nbsp; No obstante, la expectativa es que tanto el gasto de los consumidores en bienes como otros factores como la inversi\u00f3n industrial se desaceleren. Esto \u00faltimo se complica por los importantes subsidios gubernamentales; sin embargo, no se espera que el gasto de los consumidores genere \u201cshocks\u201d en la demanda en el corto plazo.<\/p>\n\n\n\n<p>En tanto, la eurozona est\u00e1 siendo arrastrada por la debilidad de la econom\u00eda alemana, aunque el desempe\u00f1o de econom\u00edas como Espa\u00f1a y Francia no ha sido tan malo. China, por el contrario, est\u00e1 viendo una demanda interna m\u00e1s d\u00e9bil contrarrestada por un crecimiento sustancial del comercio y aunque los super\u00e1vits comerciales con las econom\u00edas desarrolladas siguen siendo importantes, los vol\u00famenes comerciales con las econom\u00edas del Sudeste Asi\u00e1tico est\u00e1n creciendo en forma desproporcionada.<\/p>\n\n\n\n<p><strong>Capacidad<\/strong><\/p>\n\n\n\n<p>De acuerdo con el informe, la capacidad del transporte mar\u00edtimo de contenedores registr\u00f3 en el 2T 2024 un aumento del 1,5%&nbsp;respecto a igual periodo de 2023. Sin embargo, una comparaci\u00f3n intertrimestral muestra una ligera ca\u00edda del 0,7% en la capacidad promedio global. adem\u00e1s, mensualmente, la capacidad aument\u00f3 un 1,6% de marzo a abril. Cabe destacar que la capacidad m\u00e1xima se registr\u00f3 en junio de 2022 y, desde entonces, ha habido una disminuci\u00f3n significativa del 10,2%.&nbsp;<\/p>\n\n\n\n<p><em>Ti<\/em>&nbsp;estima que, a corto y medio plazo, el efecto de la capacidad se determinar\u00e1 en funci\u00f3n de si la actividad normal vuelve o no al Canal de Suez; y por supuesto, si hay un exceso de capacidad en el futuro, esta ejercer\u00e1 una presi\u00f3n a la baja sobre las tarifas de fletes.<\/p>\n\n\n\n<p>El reporte reconoce que la situaci\u00f3n del \u201clado de la oferta\u201d en el transporte mar\u00edtimo de contenedores \u201ces febril y extrema\u201d y detalla que el sector se equilibra entre un fuerte aumento en la demanda de capacidad como resultado de la necesidad de reconfigurar rutas y un gran aumento en la oferta de nuevos buques. \u201cEsta necesidad ha sido una de las fuerzas m\u00e1s impredecibles que han dado forma al mercado actual, as\u00ed como una de las m\u00e1s importantes\u201d, plantea el informe.<\/p>\n\n\n\n<p>Se destaca adem\u00e1s que, si bien las restricciones en el Canal de Panam\u00e1 se conocen y se comprenden desde hace alg\u00fan tiempo, los problemas en el Mar Rojo y el Canal de Suez se anticiparon menos. Por otra parte, la aparente propagaci\u00f3n de amenazas al Oc\u00e9ano \u00cdndico y posiblemente al Mediterr\u00e1neo contin\u00faa cambiando el volumen de la demanda de transporte de contenedores.<\/p>\n\n\n\n<p><strong>\u00bfCu\u00e1l es la demanda real de capacidad?&nbsp;<\/strong><\/p>\n\n\n\n<p>El informe resalta que una de las caracter\u00edsticas del mercado es la incertidumbre sobre cu\u00e1l es realmente es la demanda. La ruta alrededor del Cabo de Buena Esperanza probablemente ha aumentado la demanda de transporte de contenedores en un 10-15%; tampoco est\u00e1 claro cu\u00e1nto tiempo pasan los buques en ciertos puertos clave que se han convertido en hubs clave, como Colombo, en la India, o los puertos del Mediterr\u00e1neo occidental.<\/p>\n\n\n\n<p>Por otro lado, la incorporaci\u00f3n de nuevos buques procedentes de astilleros chinos y surcoreanos sigue creciendo. De hecho, el n\u00famero de portacontenedores nuevos es una de las razones por las que la ruta del Cabo ha causado s\u00f3lo un da\u00f1o moderado al mercado, seg\u00fan el reporte.&nbsp;<\/p>\n\n\n\n<p>Lo que se cierne sobre el mercado, plantea el informe, es la duda sobre c\u00f3mo se ver\u00e1 cuando regrese la ruta del Canal de Suez. Parece probable que el equilibrio entre la oferta y la demanda se desplace violentamente hacia lo que podr\u00eda denominarse un exceso de capacidad de transporte de contenedores.<\/p>\n\n\n\n<p><\/p>\n\n\n\n<p>Fuente:<a href=\" https:\/\/www.mundomaritimo.cl\/noticias\/volumenes-globales-de-transporte-maritimo-de-contenedores-crecen-79-puntos-en-2024-sobre-2023\"> https:\/\/www.mundomaritimo.cl\/noticias\/volumenes-globales-de-transporte-maritimo-de-contenedores-crecen-79-puntos-en-2024-sobre-2023<\/a><\/p>\n","protected":false},"excerpt":{"rendered":"<p>En tanto, se aguarda un violento cambio a un exceso de capacidad una vez que se rehabilite el tr\u00e1nsito por Suez. Los vol\u00famenes generales han tenido una tendencia al alza&hellip; <\/p>\n","protected":false},"author":4,"featured_media":10069,"comment_status":"closed","ping_status":"open","sticky":false,"template":"","format":"standard","meta":{"_monsterinsights_skip_tracking":false,"_monsterinsights_sitenote_active":false,"_monsterinsights_sitenote_note":"","_monsterinsights_sitenote_category":0,"footnotes":""},"categories":[18],"tags":[],"class_list":["post-10051","post","type-post","status-publish","format-standard","has-post-thumbnail","hentry","category-pricing"],"yoast_head":"<!-- This site is optimized with the Yoast SEO plugin v16.1.1 - https:\/\/yoast.com\/wordpress\/plugins\/seo\/ -->\n<title>Vol\u00famenes globales de transporte mar\u00edtimo de contenedores crecen 7,9 puntos en 2024 sobre 2023 - Noticias Sunrise Cargo<\/title>\n<link rel=\"canonical\" href=\"https:\/\/noticias.sunrisecargo.com\/?p=10051\" \/>\n<meta property=\"og:locale\" content=\"es_ES\" \/>\n<meta property=\"og:type\" content=\"article\" \/>\n<meta property=\"og:title\" content=\"Vol\u00famenes globales de transporte mar\u00edtimo de contenedores crecen 7,9 puntos en 2024 sobre 2023 - Noticias Sunrise Cargo\" \/>\n<meta property=\"og:description\" content=\"En tanto, se aguarda un violento cambio a un exceso de capacidad una vez que se rehabilite el tr\u00e1nsito por Suez. Los vol\u00famenes generales han tenido una tendencia al alza&hellip;\" \/>\n<meta property=\"og:url\" content=\"https:\/\/noticias.sunrisecargo.com\/?p=10051\" \/>\n<meta property=\"og:site_name\" content=\"Noticias Sunrise Cargo\" \/>\n<meta property=\"article:published_time\" content=\"2024-07-02T06:00:00+00:00\" \/>\n<meta property=\"article:modified_time\" content=\"2024-07-02T04:06:55+00:00\" \/>\n<meta property=\"og:image\" content=\"https:\/\/noticias.sunrisecargo.com\/wp-content\/uploads\/2024\/07\/05.png\" \/>\n\t<meta property=\"og:image:width\" content=\"800\" \/>\n\t<meta property=\"og:image:height\" content=\"480\" \/>\n<meta name=\"twitter:card\" content=\"summary_large_image\" \/>\n<meta name=\"twitter:label1\" content=\"Est. reading time\">\n\t<meta name=\"twitter:data1\" content=\"4 minutos\">\n<script type=\"application\/ld+json\" class=\"yoast-schema-graph\">{\"@context\":\"https:\/\/schema.org\",\"@graph\":[{\"@type\":\"Organization\",\"@id\":\"https:\/\/noticias.sunrisecargo.com\/#organization\",\"name\":\"Sunrise Cargo SAS\",\"url\":\"https:\/\/noticias.sunrisecargo.com\/\",\"sameAs\":[],\"logo\":{\"@type\":\"ImageObject\",\"@id\":\"https:\/\/noticias.sunrisecargo.com\/#logo\",\"inLanguage\":\"es-CO\",\"url\":\"https:\/\/noticias.sunrisecargo.com\/wp-content\/uploads\/2021\/04\/ICONO-NOTI-SUNRISE.png\",\"contentUrl\":\"https:\/\/noticias.sunrisecargo.com\/wp-content\/uploads\/2021\/04\/ICONO-NOTI-SUNRISE.png\",\"width\":37,\"height\":37,\"caption\":\"Sunrise Cargo SAS\"},\"image\":{\"@id\":\"https:\/\/noticias.sunrisecargo.com\/#logo\"}},{\"@type\":\"WebSite\",\"@id\":\"https:\/\/noticias.sunrisecargo.com\/#website\",\"url\":\"https:\/\/noticias.sunrisecargo.com\/\",\"name\":\"Noticias Sunrise Cargo\",\"description\":\"Noticias de Inter\\u00e9s\",\"publisher\":{\"@id\":\"https:\/\/noticias.sunrisecargo.com\/#organization\"},\"potentialAction\":[{\"@type\":\"SearchAction\",\"target\":\"https:\/\/noticias.sunrisecargo.com\/?s={search_term_string}\",\"query-input\":\"required name=search_term_string\"}],\"inLanguage\":\"es-CO\"},{\"@type\":\"ImageObject\",\"@id\":\"https:\/\/noticias.sunrisecargo.com\/?p=10051#primaryimage\",\"inLanguage\":\"es-CO\",\"url\":\"https:\/\/noticias.sunrisecargo.com\/wp-content\/uploads\/2024\/07\/05.png\",\"contentUrl\":\"https:\/\/noticias.sunrisecargo.com\/wp-content\/uploads\/2024\/07\/05.png\",\"width\":800,\"height\":480},{\"@type\":\"WebPage\",\"@id\":\"https:\/\/noticias.sunrisecargo.com\/?p=10051#webpage\",\"url\":\"https:\/\/noticias.sunrisecargo.com\/?p=10051\",\"name\":\"Vol\\u00famenes globales de transporte mar\\u00edtimo de contenedores crecen 7,9 puntos en 2024 sobre 2023 - Noticias Sunrise Cargo\",\"isPartOf\":{\"@id\":\"https:\/\/noticias.sunrisecargo.com\/#website\"},\"primaryImageOfPage\":{\"@id\":\"https:\/\/noticias.sunrisecargo.com\/?p=10051#primaryimage\"},\"datePublished\":\"2024-07-02T06:00:00+00:00\",\"dateModified\":\"2024-07-02T04:06:55+00:00\",\"breadcrumb\":{\"@id\":\"https:\/\/noticias.sunrisecargo.com\/?p=10051#breadcrumb\"},\"inLanguage\":\"es-CO\",\"potentialAction\":[{\"@type\":\"ReadAction\",\"target\":[\"https:\/\/noticias.sunrisecargo.com\/?p=10051\"]}]},{\"@type\":\"BreadcrumbList\",\"@id\":\"https:\/\/noticias.sunrisecargo.com\/?p=10051#breadcrumb\",\"itemListElement\":[{\"@type\":\"ListItem\",\"position\":1,\"item\":{\"@type\":\"WebPage\",\"@id\":\"https:\/\/noticias.sunrisecargo.com\/\",\"url\":\"https:\/\/noticias.sunrisecargo.com\/\",\"name\":\"Home\"}},{\"@type\":\"ListItem\",\"position\":2,\"item\":{\"@type\":\"WebPage\",\"@id\":\"https:\/\/noticias.sunrisecargo.com\/?p=10051\",\"url\":\"https:\/\/noticias.sunrisecargo.com\/?p=10051\",\"name\":\"Vol\\u00famenes globales de transporte mar\\u00edtimo de contenedores crecen 7,9 puntos en 2024 sobre 2023\"}}]},{\"@type\":\"Article\",\"@id\":\"https:\/\/noticias.sunrisecargo.com\/?p=10051#article\",\"isPartOf\":{\"@id\":\"https:\/\/noticias.sunrisecargo.com\/?p=10051#webpage\"},\"author\":{\"@id\":\"https:\/\/noticias.sunrisecargo.com\/#\/schema\/person\/6dc68534970689383af81dce59c92bbc\"},\"headline\":\"Vol\\u00famenes globales de transporte mar\\u00edtimo de contenedores crecen 7,9 puntos en 2024 sobre 2023\",\"datePublished\":\"2024-07-02T06:00:00+00:00\",\"dateModified\":\"2024-07-02T04:06:55+00:00\",\"mainEntityOfPage\":{\"@id\":\"https:\/\/noticias.sunrisecargo.com\/?p=10051#webpage\"},\"publisher\":{\"@id\":\"https:\/\/noticias.sunrisecargo.com\/#organization\"},\"image\":{\"@id\":\"https:\/\/noticias.sunrisecargo.com\/?p=10051#primaryimage\"},\"articleSection\":\"Pricing\",\"inLanguage\":\"es-CO\"},{\"@type\":\"Person\",\"@id\":\"https:\/\/noticias.sunrisecargo.com\/#\/schema\/person\/6dc68534970689383af81dce59c92bbc\",\"name\":\"Sunrise Cargo\",\"image\":{\"@type\":\"ImageObject\",\"@id\":\"https:\/\/noticias.sunrisecargo.com\/#personlogo\",\"inLanguage\":\"es-CO\",\"url\":\"https:\/\/secure.gravatar.com\/avatar\/064fc68894aee252e3d51c81d7d0798bc56bf526018995fa222e730d9052fdd8?s=96&d=mm&r=g\",\"contentUrl\":\"https:\/\/secure.gravatar.com\/avatar\/064fc68894aee252e3d51c81d7d0798bc56bf526018995fa222e730d9052fdd8?s=96&d=mm&r=g\",\"caption\":\"Sunrise Cargo\"},\"sameAs\":[\"http:\/\/noticias.sunrisecargo.com\"]}]}<\/script>\n<!-- \/ Yoast SEO plugin. -->","_links":{"self":[{"href":"https:\/\/noticias.sunrisecargo.com\/index.php?rest_route=\/wp\/v2\/posts\/10051","targetHints":{"allow":["GET"]}}],"collection":[{"href":"https:\/\/noticias.sunrisecargo.com\/index.php?rest_route=\/wp\/v2\/posts"}],"about":[{"href":"https:\/\/noticias.sunrisecargo.com\/index.php?rest_route=\/wp\/v2\/types\/post"}],"author":[{"embeddable":true,"href":"https:\/\/noticias.sunrisecargo.com\/index.php?rest_route=\/wp\/v2\/users\/4"}],"replies":[{"embeddable":true,"href":"https:\/\/noticias.sunrisecargo.com\/index.php?rest_route=%2Fwp%2Fv2%2Fcomments&post=10051"}],"version-history":[{"count":1,"href":"https:\/\/noticias.sunrisecargo.com\/index.php?rest_route=\/wp\/v2\/posts\/10051\/revisions"}],"predecessor-version":[{"id":10070,"href":"https:\/\/noticias.sunrisecargo.com\/index.php?rest_route=\/wp\/v2\/posts\/10051\/revisions\/10070"}],"wp:featuredmedia":[{"embeddable":true,"href":"https:\/\/noticias.sunrisecargo.com\/index.php?rest_route=\/wp\/v2\/media\/10069"}],"wp:attachment":[{"href":"https:\/\/noticias.sunrisecargo.com\/index.php?rest_route=%2Fwp%2Fv2%2Fmedia&parent=10051"}],"wp:term":[{"taxonomy":"category","embeddable":true,"href":"https:\/\/noticias.sunrisecargo.com\/index.php?rest_route=%2Fwp%2Fv2%2Fcategories&post=10051"},{"taxonomy":"post_tag","embeddable":true,"href":"https:\/\/noticias.sunrisecargo.com\/index.php?rest_route=%2Fwp%2Fv2%2Ftags&post=10051"}],"curies":[{"name":"wp","href":"https:\/\/api.w.org\/{rel}","templated":true}]}}