{"id":10045,"date":"2024-07-02T01:00:00","date_gmt":"2024-07-02T06:00:00","guid":{"rendered":"https:\/\/noticias.sunrisecargo.com\/?p=10045"},"modified":"2024-07-01T22:41:23","modified_gmt":"2024-07-02T03:41:23","slug":"canal-de-panama-aumentara-numero-de-reservas-y-calado-maximo","status":"publish","type":"post","link":"https:\/\/noticias.sunrisecargo.com\/?p=10045","title":{"rendered":"Canal de Panam\u00e1 aumentar\u00e1 n\u00famero de reservas y calado m\u00e1ximo"},"content":{"rendered":"\n<figure class=\"wp-block-image size-large\"><img loading=\"lazy\" decoding=\"async\" width=\"1024\" height=\"682\" src=\"https:\/\/noticias.sunrisecargo.com\/wp-content\/uploads\/2024\/07\/image-1024x682.png\" alt=\"\" class=\"wp-image-10047\" srcset=\"https:\/\/noticias.sunrisecargo.com\/wp-content\/uploads\/2024\/07\/image-1024x682.png 1024w, https:\/\/noticias.sunrisecargo.com\/wp-content\/uploads\/2024\/07\/image-300x200.png 300w, https:\/\/noticias.sunrisecargo.com\/wp-content\/uploads\/2024\/07\/image-768x511.png 768w, https:\/\/noticias.sunrisecargo.com\/wp-content\/uploads\/2024\/07\/image.png 1200w\" sizes=\"auto, (max-width: 1024px) 100vw, 1024px\" \/><\/figure>\n\n\n\n<p><strong>Anuncio se da en medio del octavo aniversario del inicio de las operaciones de la ampliaci\u00f3n de la v\u00eda<\/strong>.<\/p>\n\n\n\n<p>A partir del 5 de agosto de 2024, la Autoridad del Canal de Panam\u00e1 (ACP) ofrecer\u00e1 un cupo adicional de reserva en las Esclusas Neopanamax durante el Per\u00edodo de Reserva 2. Este incremento se realizar\u00e1 mediante la apertura del Concurso del Segundo Per\u00edodo, programada para el 22 de julio. Con esta medida, el total de reservas disponibles tanto para las Esclusas Neopanamax como Panamax se elevar\u00e1 a 35 cupos.&nbsp;<\/p>\n\n\n\n<p>En el mismo contexto, se estipul\u00f3 que para las fechas de reserva a partir del 5 de agosto, el n\u00famero m\u00e1ximo de cupos disponibles en las Esclusas Neopanamax ser\u00e1 de cuatro en ambos sentidos de la v\u00eda durante todos los periodos de reserva. Esta disposici\u00f3n excluye el&nbsp; cupo condicionado y aquellos subastados en el Per\u00edodo 3.&nbsp;<\/p>\n\n\n\n<p><strong>Transferencias y aumentos en el calado m\u00e1ximo&nbsp;<\/strong><\/p>\n\n\n\n<p>Por otra parte, la ACP decidi\u00f3 transferir una reserva para la categor\u00eda Supers del Per\u00edodo de Reserva 3 al Per\u00edodo de Reserva 2 a partir del 11 de julio. Este cupo&nbsp; adicional se ofrecer\u00e1 en la apertura del Concurso del Segundo Per\u00edodo el 27 de junio.<\/p>\n\n\n\n<p>Tambi\u00e9n cabe destacar que debido a las recientes precipitaciones en la cuenca hidrogr\u00e1fica del Canal, se increment\u00f3 el calado m\u00e1ximo autorizado en las esclusas Neopanamax a 14,33 metros y, a partir del 11 de julio, el m\u00e1ximo autorizado ser\u00e1 de 14,63 m.<\/p>\n\n\n\n<p><strong>Un trabajo fruct\u00edfero&nbsp;<\/strong>&nbsp;<\/p>\n\n\n\n<p>El Canal celebra el octavo aniversario desde el inicio de las operaciones de la ampliaci\u00f3n. El 26 de junio de 2016, el portacontenedores &#8220;Cosco Shipping Panam\u00e1&#8221; realiz\u00f3 el tr\u00e1nsito inaugural por las nuevas esclusas de Agua Clara y Cocol\u00ed.&nbsp;<\/p>\n\n\n\n<p>Inicialmente, se proyect\u00f3 que las nuevas esclusas tendr\u00edan la capacidad de trabajar con buques de hasta 12.600 TEUs. Sin embargo, pronto super\u00f3 esta capacidad, permitiendo el tr\u00e1nsito de naves a\u00fan m\u00e1s grandes. Ejemplos de esto incluyen el car carrrier &#8220;H\u00f6egh Target&#8221;, conocido por ser el m\u00e1s grande del mundo en su categor\u00eda, y los cruceros &#8220;Norwegian Bliss&#8221; y &#8220;Norwegian Encore&#8221;, que representan a los buques de pasajeros de mayor capacidad en transitar por la v\u00eda interoce\u00e1nica. M\u00e1s recientemente, el portacontenedores &#8220;CMA CGM Zephyr&#8221;, con una capacidad de 16.285 TEUs, y el &#8220;Ever Max&#8221;, con 17.312 TEUs, tambi\u00e9n navegaron en la v\u00eda.<\/p>\n\n\n\n<p><strong>Desaf\u00edos h\u00eddricos<\/strong><\/p>\n\n\n\n<p>En este octavo aniversario, el Canal de Panam\u00e1 enfrenta retos significativos debido a una prolongada temporada seca que afect\u00f3 la capacidad de tr\u00e1nsitos diarios a lo largo del \u00faltimo a\u00f1o. A pesar de la llegada de la temporada de lluvias, la situaci\u00f3n h\u00eddrica sigue siendo cr\u00edtica, reflejando los efectos tangibles del cambio clim\u00e1tico y la necesidad de acciones inmediatas y sostenibles.<\/p>\n\n\n\n<p>Para abordar estos desaf\u00edos, se est\u00e1n explorando diversas estrategias, como la identificaci\u00f3n de fuentes alternativas de agua en las 51 cuencas y lagos de Panam\u00e1, y el desarrollo de proyectos destinados a aumentar la capacidad de almacenamiento h\u00eddrico.\u00a0<\/p>\n\n\n\n<p><\/p>\n\n\n\n<p>Fuente: <a href=\"https:\/\/www.mundomaritimo.cl\/noticias\/canal-de-panama-aumentara-numero-de-reservas-y-calado-maximo\" target=\"_blank\" rel=\"noreferrer noopener\">https:\/\/www.mundomaritimo.cl\/noticias\/canal-de-panama-aumentara-numero-de-reservas-y-calado-maximo<\/a><\/p>\n","protected":false},"excerpt":{"rendered":"<p>Anuncio se da en medio del octavo aniversario del inicio de las operaciones de la ampliaci\u00f3n de la v\u00eda. A partir del 5 de agosto de 2024, la Autoridad del&hellip; <\/p>\n","protected":false},"author":4,"featured_media":10046,"comment_status":"closed","ping_status":"open","sticky":false,"template":"","format":"standard","meta":{"_monsterinsights_skip_tracking":false,"_monsterinsights_sitenote_active":false,"_monsterinsights_sitenote_note":"","_monsterinsights_sitenote_category":0,"footnotes":""},"categories":[19],"tags":[],"class_list":["post-10045","post","type-post","status-publish","format-standard","has-post-thumbnail","hentry","category-operaciones"],"yoast_head":"<!-- This site is optimized with the Yoast SEO plugin v16.1.1 - https:\/\/yoast.com\/wordpress\/plugins\/seo\/ -->\n<title>Canal de Panam\u00e1 aumentar\u00e1 n\u00famero de reservas y calado m\u00e1ximo - Noticias Sunrise Cargo<\/title>\n<link rel=\"canonical\" href=\"https:\/\/noticias.sunrisecargo.com\/?p=10045\" \/>\n<meta property=\"og:locale\" content=\"es_ES\" \/>\n<meta property=\"og:type\" content=\"article\" \/>\n<meta property=\"og:title\" content=\"Canal de Panam\u00e1 aumentar\u00e1 n\u00famero de reservas y calado m\u00e1ximo - Noticias Sunrise Cargo\" \/>\n<meta property=\"og:description\" content=\"Anuncio se da en medio del octavo aniversario del inicio de las operaciones de la ampliaci\u00f3n de la v\u00eda. A partir del 5 de agosto de 2024, la Autoridad del&hellip;\" \/>\n<meta property=\"og:url\" content=\"https:\/\/noticias.sunrisecargo.com\/?p=10045\" \/>\n<meta property=\"og:site_name\" content=\"Noticias Sunrise Cargo\" \/>\n<meta property=\"article:published_time\" content=\"2024-07-02T06:00:00+00:00\" \/>\n<meta property=\"article:modified_time\" content=\"2024-07-02T03:41:23+00:00\" \/>\n<meta property=\"og:image\" content=\"https:\/\/noticias.sunrisecargo.com\/wp-content\/uploads\/2024\/07\/01.png\" \/>\n\t<meta property=\"og:image:width\" content=\"800\" \/>\n\t<meta property=\"og:image:height\" content=\"480\" \/>\n<meta name=\"twitter:card\" content=\"summary_large_image\" \/>\n<meta name=\"twitter:label1\" content=\"Est. reading time\">\n\t<meta name=\"twitter:data1\" content=\"3 minutos\">\n<script type=\"application\/ld+json\" class=\"yoast-schema-graph\">{\"@context\":\"https:\/\/schema.org\",\"@graph\":[{\"@type\":\"Organization\",\"@id\":\"https:\/\/noticias.sunrisecargo.com\/#organization\",\"name\":\"Sunrise Cargo SAS\",\"url\":\"https:\/\/noticias.sunrisecargo.com\/\",\"sameAs\":[],\"logo\":{\"@type\":\"ImageObject\",\"@id\":\"https:\/\/noticias.sunrisecargo.com\/#logo\",\"inLanguage\":\"es-CO\",\"url\":\"https:\/\/noticias.sunrisecargo.com\/wp-content\/uploads\/2021\/04\/ICONO-NOTI-SUNRISE.png\",\"contentUrl\":\"https:\/\/noticias.sunrisecargo.com\/wp-content\/uploads\/2021\/04\/ICONO-NOTI-SUNRISE.png\",\"width\":37,\"height\":37,\"caption\":\"Sunrise Cargo SAS\"},\"image\":{\"@id\":\"https:\/\/noticias.sunrisecargo.com\/#logo\"}},{\"@type\":\"WebSite\",\"@id\":\"https:\/\/noticias.sunrisecargo.com\/#website\",\"url\":\"https:\/\/noticias.sunrisecargo.com\/\",\"name\":\"Noticias Sunrise Cargo\",\"description\":\"Noticias de Inter\\u00e9s\",\"publisher\":{\"@id\":\"https:\/\/noticias.sunrisecargo.com\/#organization\"},\"potentialAction\":[{\"@type\":\"SearchAction\",\"target\":\"https:\/\/noticias.sunrisecargo.com\/?s={search_term_string}\",\"query-input\":\"required name=search_term_string\"}],\"inLanguage\":\"es-CO\"},{\"@type\":\"ImageObject\",\"@id\":\"https:\/\/noticias.sunrisecargo.com\/?p=10045#primaryimage\",\"inLanguage\":\"es-CO\",\"url\":\"https:\/\/noticias.sunrisecargo.com\/wp-content\/uploads\/2024\/07\/01.png\",\"contentUrl\":\"https:\/\/noticias.sunrisecargo.com\/wp-content\/uploads\/2024\/07\/01.png\",\"width\":800,\"height\":480},{\"@type\":\"WebPage\",\"@id\":\"https:\/\/noticias.sunrisecargo.com\/?p=10045#webpage\",\"url\":\"https:\/\/noticias.sunrisecargo.com\/?p=10045\",\"name\":\"Canal de Panam\\u00e1 aumentar\\u00e1 n\\u00famero de reservas y calado m\\u00e1ximo - Noticias Sunrise Cargo\",\"isPartOf\":{\"@id\":\"https:\/\/noticias.sunrisecargo.com\/#website\"},\"primaryImageOfPage\":{\"@id\":\"https:\/\/noticias.sunrisecargo.com\/?p=10045#primaryimage\"},\"datePublished\":\"2024-07-02T06:00:00+00:00\",\"dateModified\":\"2024-07-02T03:41:23+00:00\",\"breadcrumb\":{\"@id\":\"https:\/\/noticias.sunrisecargo.com\/?p=10045#breadcrumb\"},\"inLanguage\":\"es-CO\",\"potentialAction\":[{\"@type\":\"ReadAction\",\"target\":[\"https:\/\/noticias.sunrisecargo.com\/?p=10045\"]}]},{\"@type\":\"BreadcrumbList\",\"@id\":\"https:\/\/noticias.sunrisecargo.com\/?p=10045#breadcrumb\",\"itemListElement\":[{\"@type\":\"ListItem\",\"position\":1,\"item\":{\"@type\":\"WebPage\",\"@id\":\"https:\/\/noticias.sunrisecargo.com\/\",\"url\":\"https:\/\/noticias.sunrisecargo.com\/\",\"name\":\"Home\"}},{\"@type\":\"ListItem\",\"position\":2,\"item\":{\"@type\":\"WebPage\",\"@id\":\"https:\/\/noticias.sunrisecargo.com\/?p=10045\",\"url\":\"https:\/\/noticias.sunrisecargo.com\/?p=10045\",\"name\":\"Canal de Panam\\u00e1 aumentar\\u00e1 n\\u00famero de reservas y calado m\\u00e1ximo\"}}]},{\"@type\":\"Article\",\"@id\":\"https:\/\/noticias.sunrisecargo.com\/?p=10045#article\",\"isPartOf\":{\"@id\":\"https:\/\/noticias.sunrisecargo.com\/?p=10045#webpage\"},\"author\":{\"@id\":\"https:\/\/noticias.sunrisecargo.com\/#\/schema\/person\/6dc68534970689383af81dce59c92bbc\"},\"headline\":\"Canal de Panam\\u00e1 aumentar\\u00e1 n\\u00famero de reservas y calado m\\u00e1ximo\",\"datePublished\":\"2024-07-02T06:00:00+00:00\",\"dateModified\":\"2024-07-02T03:41:23+00:00\",\"mainEntityOfPage\":{\"@id\":\"https:\/\/noticias.sunrisecargo.com\/?p=10045#webpage\"},\"publisher\":{\"@id\":\"https:\/\/noticias.sunrisecargo.com\/#organization\"},\"image\":{\"@id\":\"https:\/\/noticias.sunrisecargo.com\/?p=10045#primaryimage\"},\"articleSection\":\"Operaciones\",\"inLanguage\":\"es-CO\"},{\"@type\":\"Person\",\"@id\":\"https:\/\/noticias.sunrisecargo.com\/#\/schema\/person\/6dc68534970689383af81dce59c92bbc\",\"name\":\"Sunrise Cargo\",\"image\":{\"@type\":\"ImageObject\",\"@id\":\"https:\/\/noticias.sunrisecargo.com\/#personlogo\",\"inLanguage\":\"es-CO\",\"url\":\"https:\/\/secure.gravatar.com\/avatar\/064fc68894aee252e3d51c81d7d0798bc56bf526018995fa222e730d9052fdd8?s=96&d=mm&r=g\",\"contentUrl\":\"https:\/\/secure.gravatar.com\/avatar\/064fc68894aee252e3d51c81d7d0798bc56bf526018995fa222e730d9052fdd8?s=96&d=mm&r=g\",\"caption\":\"Sunrise Cargo\"},\"sameAs\":[\"http:\/\/noticias.sunrisecargo.com\"]}]}<\/script>\n<!-- \/ Yoast SEO plugin. -->","_links":{"self":[{"href":"https:\/\/noticias.sunrisecargo.com\/index.php?rest_route=\/wp\/v2\/posts\/10045","targetHints":{"allow":["GET"]}}],"collection":[{"href":"https:\/\/noticias.sunrisecargo.com\/index.php?rest_route=\/wp\/v2\/posts"}],"about":[{"href":"https:\/\/noticias.sunrisecargo.com\/index.php?rest_route=\/wp\/v2\/types\/post"}],"author":[{"embeddable":true,"href":"https:\/\/noticias.sunrisecargo.com\/index.php?rest_route=\/wp\/v2\/users\/4"}],"replies":[{"embeddable":true,"href":"https:\/\/noticias.sunrisecargo.com\/index.php?rest_route=%2Fwp%2Fv2%2Fcomments&post=10045"}],"version-history":[{"count":1,"href":"https:\/\/noticias.sunrisecargo.com\/index.php?rest_route=\/wp\/v2\/posts\/10045\/revisions"}],"predecessor-version":[{"id":10048,"href":"https:\/\/noticias.sunrisecargo.com\/index.php?rest_route=\/wp\/v2\/posts\/10045\/revisions\/10048"}],"wp:featuredmedia":[{"embeddable":true,"href":"https:\/\/noticias.sunrisecargo.com\/index.php?rest_route=\/wp\/v2\/media\/10046"}],"wp:attachment":[{"href":"https:\/\/noticias.sunrisecargo.com\/index.php?rest_route=%2Fwp%2Fv2%2Fmedia&parent=10045"}],"wp:term":[{"taxonomy":"category","embeddable":true,"href":"https:\/\/noticias.sunrisecargo.com\/index.php?rest_route=%2Fwp%2Fv2%2Fcategories&post=10045"},{"taxonomy":"post_tag","embeddable":true,"href":"https:\/\/noticias.sunrisecargo.com\/index.php?rest_route=%2Fwp%2Fv2%2Ftags&post=10045"}],"curies":[{"name":"wp","href":"https:\/\/api.w.org\/{rel}","templated":true}]}}