{"id":10019,"date":"2024-06-24T01:18:00","date_gmt":"2024-06-24T06:18:00","guid":{"rendered":"https:\/\/noticias.sunrisecargo.com\/?p=10019"},"modified":"2024-06-23T11:27:51","modified_gmt":"2024-06-23T16:27:51","slug":"alzas-de-tarifas-alcanzarian-su-punto-maximo-en-los-meses-de-julio-y-agosto","status":"publish","type":"post","link":"https:\/\/noticias.sunrisecargo.com\/?p=10019","title":{"rendered":"Alzas de tarifas alcanzar\u00edan su punto m\u00e1ximo en los meses de julio y agosto"},"content":{"rendered":"\n<figure class=\"wp-block-image size-full\"><img loading=\"lazy\" decoding=\"async\" width=\"798\" height=\"599\" src=\"https:\/\/noticias.sunrisecargo.com\/wp-content\/uploads\/2024\/06\/image-21.png\" alt=\"\" class=\"wp-image-10024\" srcset=\"https:\/\/noticias.sunrisecargo.com\/wp-content\/uploads\/2024\/06\/image-21.png 798w, https:\/\/noticias.sunrisecargo.com\/wp-content\/uploads\/2024\/06\/image-21-300x225.png 300w, https:\/\/noticias.sunrisecargo.com\/wp-content\/uploads\/2024\/06\/image-21-768x576.png 768w\" sizes=\"auto, (max-width: 798px) 100vw, 798px\" \/><\/figure>\n\n\n\n<p><strong>Luego, en septiembre, la demanda bajar\u00eda su intensidad permitiendo cierta descompresi\u00f3n del panorama<\/strong><\/p>\n\n\n\n<p>Las tarifas de flete spot desde Asia se mantuvieron estables la semana pasada, pero ya han comenzado a subir debido a los aumentos de los recargos de temporada alta que se comenzaron a aplicar esta semana, ya que la demanda sigue siendo fuerte y la congesti\u00f3n provocada por el Mar Rojo persiste tanto en el Mediterr\u00e1neo occidental como en el Lejano Oriente.<\/p>\n\n\n\n<p>De acuerdo con el jefe de An\u00e1lisis de&nbsp;<em>Freightos<\/em>, Judah Levine, la fuerte demanda y las altas tarifas spot han hecho que algunas l\u00edneas navieras agreguen servicios en la ruta Transpac\u00edfico y entre Asia y Europa. En tanto, las l\u00edneas regionales m\u00e1s peque\u00f1os tambi\u00e9n est\u00e1n regresando a las rutas Transpac\u00edfico por primera vez desde la pandemia. \u201cPero con la capacidad ya agotada, el cambio de buques a rutas Este-Oeste puede contribuir, como lo hizo en 2021 y 2022, a tarifas m\u00e1s altas tambi\u00e9n en rutas regionales y de menor volumen\u201d, apunta el analista.<\/p>\n\n\n\n<p>Algunos transitarios estadounidenses informan que la mayor parte del reciente aumento de la demanda se debe a que categor\u00edas de productos espec\u00edficas se adelantaron a la vigencia en EE. UU. de los aumentos arancelarios programados para agosto sobre algunos productos chinos.<\/p>\n\n\n\n<p><strong>Aprontes para julio y agosto<\/strong><\/p>\n\n\n\n<p>El reciente aumento de los retrasos y de tarifas tambi\u00e9n puede estar ejerciendo presi\u00f3n sobre muchos importadores estadounidenses para embarcar productos de temporada antes de que las tarifas suban a\u00fan m\u00e1s o para evitar retrasos m\u00e1s adelante en el a\u00f1o que podr\u00edan amenazar la disponibilidad de inventario en el cuarto trimestre. Aunque tambi\u00e9n comienza a influir la preocupaci\u00f3n por una posible huelga laboral en los puertos de la Costa Este y el Golfo de EE. UU. en octubre. De hecho, algunos servicios en la ruta Transpac\u00edfico ya tienen reservas completas hasta julio.<\/p>\n\n\n\n<p>Para la ruta Asia y Europa, donde las recientes huelgas portuarias en Alemania y Francia son una complicaci\u00f3n adicional, parte del aumento actual del volumen supuestamente incluye productos de temporada alta, aunque los aranceles de julio tambi\u00e9n pueden estar impulsando cierta demanda.<\/p>\n\n\n\n<p>Pero como es probable que los vol\u00famenes impulsados por los aranceles disminuyan en los pr\u00f3ximos meses, y sumado a que un comienzo temprano de la temporada alta puede significar que una proporci\u00f3n importante de los productos de temporada se adelantan por las razones antes mencionadas, la presi\u00f3n de la demanda tambi\u00e9n podr\u00eda disminuir antes de lo habitual.<\/p>\n\n\n\n<p>La Federaci\u00f3n Nacional de Retail de EE. UU. proyecta que las importaciones v\u00eda mar\u00edtima de EE. UU. alcanzar\u00e1n un m\u00e1ximo de 2,17 millones de TEUs en agosto (un nivel alcanzado por \u00faltima vez en 2022) antes de disminuir en septiembre y octubre, lo que sugiere una disminuci\u00f3n algo temprana y la probabilidad de que en julio y agosto los niveles de tarifas alcancen su punto m\u00e1s alto.<\/p>\n\n\n\n<p><strong>Proyecciones<\/strong><\/p>\n\n\n\n<p>Pero los ataques hut\u00edes siguen haciendo que el tr\u00e1nsito por el Mar Rojo sea inseguro, y los aumentos en la actividad de fletamento y en las tarifas apuntan que las l\u00edneas navieras esperan que la congesti\u00f3n siga siendo un factor durante alg\u00fan tiempo. Por lo tanto, una ca\u00edda estacional de las tarifas en el cuarto trimestre probablemente no ser\u00e1 inferior a los valores observados en marzo y abril, que todav\u00eda duplicaban los niveles de 2019.<\/p>\n\n\n\n<p><strong>Flete a\u00e9reo<\/strong><\/p>\n\n\n\n<p>En tanto, los datos del&nbsp;<em>Freightos Air Index&nbsp;<\/em>muestran que las tarifas de carga a\u00e9rea se han mantenido estables en la mayor\u00eda de las rutas a pesar del reciente aumento de los retrasos y los precios mar\u00edtimos.<\/p>\n\n\n\n<p>Sin embargo, las tarifas de China al norte de Europa, que hab\u00edan estado disminuyendo en junio, se recuperaron a niveles de mayo de alrededor de US$4,25\/kg la semana pasada, posiblemente debido a una combinaci\u00f3n de un cambio renovado del oc\u00e9ano al aire y una fortaleza continua del volumen del e-commerce B2C.<\/p>\n\n\n\n<p><\/p>\n\n\n\n<p>Fuente: <a href=\"https:\/\/www.mundomaritimo.cl\/noticias\/alzas-de-tarifas-alcanzarian-su-punto-maximo-en-los-meses-de-julio-y-agosto\" target=\"_blank\" rel=\"noreferrer noopener\">https:\/\/www.mundomaritimo.cl\/noticias\/alzas-de-tarifas-alcanzarian-su-punto-maximo-en-los-meses-de-julio-y-agosto<\/a><\/p>\n","protected":false},"excerpt":{"rendered":"<p>Luego, en septiembre, la demanda bajar\u00eda su intensidad permitiendo cierta descompresi\u00f3n del panorama Las tarifas de flete spot desde Asia se mantuvieron estables la semana pasada, pero ya han comenzado&hellip; <\/p>\n","protected":false},"author":4,"featured_media":10025,"comment_status":"closed","ping_status":"open","sticky":false,"template":"","format":"standard","meta":{"_monsterinsights_skip_tracking":false,"_monsterinsights_sitenote_active":false,"_monsterinsights_sitenote_note":"","_monsterinsights_sitenote_category":0,"footnotes":""},"categories":[18],"tags":[],"class_list":["post-10019","post","type-post","status-publish","format-standard","has-post-thumbnail","hentry","category-pricing"],"yoast_head":"<!-- This site is optimized with the Yoast SEO plugin v16.1.1 - https:\/\/yoast.com\/wordpress\/plugins\/seo\/ -->\n<title>Alzas de tarifas alcanzar\u00edan su punto m\u00e1ximo en los meses de julio y agosto - Noticias Sunrise Cargo<\/title>\n<link rel=\"canonical\" href=\"https:\/\/noticias.sunrisecargo.com\/?p=10019\" \/>\n<meta property=\"og:locale\" content=\"es_ES\" \/>\n<meta property=\"og:type\" content=\"article\" \/>\n<meta property=\"og:title\" content=\"Alzas de tarifas alcanzar\u00edan su punto m\u00e1ximo en los meses de julio y agosto - Noticias Sunrise Cargo\" \/>\n<meta property=\"og:description\" content=\"Luego, en septiembre, la demanda bajar\u00eda su intensidad permitiendo cierta descompresi\u00f3n del panorama Las tarifas de flete spot desde Asia se mantuvieron estables la semana pasada, pero ya han comenzado&hellip;\" \/>\n<meta property=\"og:url\" content=\"https:\/\/noticias.sunrisecargo.com\/?p=10019\" \/>\n<meta property=\"og:site_name\" content=\"Noticias Sunrise Cargo\" \/>\n<meta property=\"article:published_time\" content=\"2024-06-24T06:18:00+00:00\" \/>\n<meta property=\"article:modified_time\" content=\"2024-06-23T16:27:51+00:00\" \/>\n<meta property=\"og:image\" content=\"https:\/\/noticias.sunrisecargo.com\/wp-content\/uploads\/2024\/06\/05-6.png\" \/>\n\t<meta property=\"og:image:width\" content=\"800\" \/>\n\t<meta property=\"og:image:height\" content=\"480\" \/>\n<meta name=\"twitter:card\" content=\"summary_large_image\" \/>\n<meta name=\"twitter:label1\" content=\"Est. reading time\">\n\t<meta name=\"twitter:data1\" content=\"4 minutos\">\n<script type=\"application\/ld+json\" class=\"yoast-schema-graph\">{\"@context\":\"https:\/\/schema.org\",\"@graph\":[{\"@type\":\"Organization\",\"@id\":\"https:\/\/noticias.sunrisecargo.com\/#organization\",\"name\":\"Sunrise Cargo SAS\",\"url\":\"https:\/\/noticias.sunrisecargo.com\/\",\"sameAs\":[],\"logo\":{\"@type\":\"ImageObject\",\"@id\":\"https:\/\/noticias.sunrisecargo.com\/#logo\",\"inLanguage\":\"es-CO\",\"url\":\"https:\/\/noticias.sunrisecargo.com\/wp-content\/uploads\/2021\/04\/ICONO-NOTI-SUNRISE.png\",\"contentUrl\":\"https:\/\/noticias.sunrisecargo.com\/wp-content\/uploads\/2021\/04\/ICONO-NOTI-SUNRISE.png\",\"width\":37,\"height\":37,\"caption\":\"Sunrise Cargo SAS\"},\"image\":{\"@id\":\"https:\/\/noticias.sunrisecargo.com\/#logo\"}},{\"@type\":\"WebSite\",\"@id\":\"https:\/\/noticias.sunrisecargo.com\/#website\",\"url\":\"https:\/\/noticias.sunrisecargo.com\/\",\"name\":\"Noticias Sunrise Cargo\",\"description\":\"Noticias de Inter\\u00e9s\",\"publisher\":{\"@id\":\"https:\/\/noticias.sunrisecargo.com\/#organization\"},\"potentialAction\":[{\"@type\":\"SearchAction\",\"target\":\"https:\/\/noticias.sunrisecargo.com\/?s={search_term_string}\",\"query-input\":\"required name=search_term_string\"}],\"inLanguage\":\"es-CO\"},{\"@type\":\"ImageObject\",\"@id\":\"https:\/\/noticias.sunrisecargo.com\/?p=10019#primaryimage\",\"inLanguage\":\"es-CO\",\"url\":\"https:\/\/noticias.sunrisecargo.com\/wp-content\/uploads\/2024\/06\/05-6.png\",\"contentUrl\":\"https:\/\/noticias.sunrisecargo.com\/wp-content\/uploads\/2024\/06\/05-6.png\",\"width\":800,\"height\":480},{\"@type\":\"WebPage\",\"@id\":\"https:\/\/noticias.sunrisecargo.com\/?p=10019#webpage\",\"url\":\"https:\/\/noticias.sunrisecargo.com\/?p=10019\",\"name\":\"Alzas de tarifas alcanzar\\u00edan su punto m\\u00e1ximo en los meses de julio y agosto - Noticias Sunrise Cargo\",\"isPartOf\":{\"@id\":\"https:\/\/noticias.sunrisecargo.com\/#website\"},\"primaryImageOfPage\":{\"@id\":\"https:\/\/noticias.sunrisecargo.com\/?p=10019#primaryimage\"},\"datePublished\":\"2024-06-24T06:18:00+00:00\",\"dateModified\":\"2024-06-23T16:27:51+00:00\",\"breadcrumb\":{\"@id\":\"https:\/\/noticias.sunrisecargo.com\/?p=10019#breadcrumb\"},\"inLanguage\":\"es-CO\",\"potentialAction\":[{\"@type\":\"ReadAction\",\"target\":[\"https:\/\/noticias.sunrisecargo.com\/?p=10019\"]}]},{\"@type\":\"BreadcrumbList\",\"@id\":\"https:\/\/noticias.sunrisecargo.com\/?p=10019#breadcrumb\",\"itemListElement\":[{\"@type\":\"ListItem\",\"position\":1,\"item\":{\"@type\":\"WebPage\",\"@id\":\"https:\/\/noticias.sunrisecargo.com\/\",\"url\":\"https:\/\/noticias.sunrisecargo.com\/\",\"name\":\"Home\"}},{\"@type\":\"ListItem\",\"position\":2,\"item\":{\"@type\":\"WebPage\",\"@id\":\"https:\/\/noticias.sunrisecargo.com\/?p=10019\",\"url\":\"https:\/\/noticias.sunrisecargo.com\/?p=10019\",\"name\":\"Alzas de tarifas alcanzar\\u00edan su punto m\\u00e1ximo en los meses de julio y agosto\"}}]},{\"@type\":\"Article\",\"@id\":\"https:\/\/noticias.sunrisecargo.com\/?p=10019#article\",\"isPartOf\":{\"@id\":\"https:\/\/noticias.sunrisecargo.com\/?p=10019#webpage\"},\"author\":{\"@id\":\"https:\/\/noticias.sunrisecargo.com\/#\/schema\/person\/6dc68534970689383af81dce59c92bbc\"},\"headline\":\"Alzas de tarifas alcanzar\\u00edan su punto m\\u00e1ximo en los meses de julio y agosto\",\"datePublished\":\"2024-06-24T06:18:00+00:00\",\"dateModified\":\"2024-06-23T16:27:51+00:00\",\"mainEntityOfPage\":{\"@id\":\"https:\/\/noticias.sunrisecargo.com\/?p=10019#webpage\"},\"publisher\":{\"@id\":\"https:\/\/noticias.sunrisecargo.com\/#organization\"},\"image\":{\"@id\":\"https:\/\/noticias.sunrisecargo.com\/?p=10019#primaryimage\"},\"articleSection\":\"Pricing\",\"inLanguage\":\"es-CO\"},{\"@type\":\"Person\",\"@id\":\"https:\/\/noticias.sunrisecargo.com\/#\/schema\/person\/6dc68534970689383af81dce59c92bbc\",\"name\":\"Sunrise Cargo\",\"image\":{\"@type\":\"ImageObject\",\"@id\":\"https:\/\/noticias.sunrisecargo.com\/#personlogo\",\"inLanguage\":\"es-CO\",\"url\":\"https:\/\/secure.gravatar.com\/avatar\/064fc68894aee252e3d51c81d7d0798bc56bf526018995fa222e730d9052fdd8?s=96&d=mm&r=g\",\"contentUrl\":\"https:\/\/secure.gravatar.com\/avatar\/064fc68894aee252e3d51c81d7d0798bc56bf526018995fa222e730d9052fdd8?s=96&d=mm&r=g\",\"caption\":\"Sunrise Cargo\"},\"sameAs\":[\"http:\/\/noticias.sunrisecargo.com\"]}]}<\/script>\n<!-- \/ Yoast SEO plugin. -->","_links":{"self":[{"href":"https:\/\/noticias.sunrisecargo.com\/index.php?rest_route=\/wp\/v2\/posts\/10019","targetHints":{"allow":["GET"]}}],"collection":[{"href":"https:\/\/noticias.sunrisecargo.com\/index.php?rest_route=\/wp\/v2\/posts"}],"about":[{"href":"https:\/\/noticias.sunrisecargo.com\/index.php?rest_route=\/wp\/v2\/types\/post"}],"author":[{"embeddable":true,"href":"https:\/\/noticias.sunrisecargo.com\/index.php?rest_route=\/wp\/v2\/users\/4"}],"replies":[{"embeddable":true,"href":"https:\/\/noticias.sunrisecargo.com\/index.php?rest_route=%2Fwp%2Fv2%2Fcomments&post=10019"}],"version-history":[{"count":1,"href":"https:\/\/noticias.sunrisecargo.com\/index.php?rest_route=\/wp\/v2\/posts\/10019\/revisions"}],"predecessor-version":[{"id":10026,"href":"https:\/\/noticias.sunrisecargo.com\/index.php?rest_route=\/wp\/v2\/posts\/10019\/revisions\/10026"}],"wp:featuredmedia":[{"embeddable":true,"href":"https:\/\/noticias.sunrisecargo.com\/index.php?rest_route=\/wp\/v2\/media\/10025"}],"wp:attachment":[{"href":"https:\/\/noticias.sunrisecargo.com\/index.php?rest_route=%2Fwp%2Fv2%2Fmedia&parent=10019"}],"wp:term":[{"taxonomy":"category","embeddable":true,"href":"https:\/\/noticias.sunrisecargo.com\/index.php?rest_route=%2Fwp%2Fv2%2Fcategories&post=10019"},{"taxonomy":"post_tag","embeddable":true,"href":"https:\/\/noticias.sunrisecargo.com\/index.php?rest_route=%2Fwp%2Fv2%2Ftags&post=10019"}],"curies":[{"name":"wp","href":"https:\/\/api.w.org\/{rel}","templated":true}]}}